{"id":41626,"date":"2026-08-31T17:04:32","date_gmt":"2026-08-31T17:04:32","guid":{"rendered":"https:\/\/netbakis.net\/?p=41626"},"modified":"2026-08-31T17:04:34","modified_gmt":"2026-08-31T17:04:34","slug":"arikli-kaptanlik-ve-klas-belgelerini-paylasti-sorumluluk-varsa-ben-dahil-gerekirse-istifa-ederim","status":"publish","type":"post","link":"https:\/\/netbakis.net\/tr\/41626\/","title":{"rendered":"Ar\u0131kl\u0131, kaptanl\u0131k ve klas belgelerini payla\u015ft\u0131: sorumluluk varsa ben dahil gerekirse istifa ederim"},"content":{"rendered":"<p class=\"wp-block-paragraph\">Bay\u0131nd\u0131rl\u0131k ve Ula\u015ft\u0131rma Bakan\u0131 Erhan Ar\u0131kl\u0131, Girne a\u00e7\u0131klar\u0131ndaki Filo Jet facias\u0131na ili\u015fkin siyasi sorumluluk tart\u0131\u015fmalar\u0131nda, kazan\u0131n nedeninin ortaya \u00e7\u0131kmas\u0131n\u0131n ard\u0131ndan sorumluluk \u00fcstlenmeye haz\u0131r oldu\u011funu s\u00f6yledi. Ar\u0131kl\u0131, \u201cSorumlular varsa ben dahil gerekirse istifa ederim\u201d derken, geminin denize elveri\u015flilik, klas, kaptanl\u0131k ve uygunluk belgeleri ile Y\u00fcksek H\u0131zl\u0131 Tekne \u0130\u015fletme \u0130zni ve di\u011fer ilgili belgeleri kamuoyuyla payla\u015ft\u0131.<br><br>Bay\u0131nd\u0131rl\u0131k ve Ula\u015ft\u0131rma Bakan\u0131&nbsp;<a href=\"https:\/\/www.kibrispostasi.com\/keyword\/43\" target=\"_blank\" rel=\"noopener\"><\/a><a href=\"https:\/\/www.kibrispostasi.com\/keyword\/43\" target=\"_blank\" rel=\"noopener\"><\/a><a href=\"https:\/\/www.kibrispostasi.com\/keyword\/43\" target=\"_blank\" rel=\"noopener\">Erhan Ar\u0131kl\u0131<\/a>, Girne-Ta\u015fucu seferini ger\u00e7ekle\u015ftirmek \u00fczere Girne Liman\u0131\u2019ndan ayr\u0131lan Filo Jet\u2019in Girne a\u00e7\u0131klar\u0131nda alabora olmas\u0131yla ilgili kazan\u0131n t\u00fcm y\u00f6nleriyle ara\u015ft\u0131r\u0131ld\u0131\u011f\u0131n\u0131 belirterek, soru\u015fturma tamamlanmadan kazan\u0131n nedeni konusunda kesin bir h\u00fck\u00fcm verilmeyece\u011fini s\u00f6yledi.<\/p>\n\n\n\n<p class=\"wp-block-paragraph\">Ar\u0131kl\u0131, hayat\u0131n\u0131 kaybedenlere Allah\u2019tan rahmet, ailelerine ve yak\u0131nlar\u0131na sab\u0131r dileyerek, kay\u0131p ki\u015filerin bir an \u00f6nce bulunmas\u0131, yaral\u0131lar\u0131n tedavilerinin tamamlanmas\u0131 ve kazazedelerin ailelerine ula\u015ft\u0131r\u0131lmas\u0131n\u0131n devletin \u00f6nceli\u011fi oldu\u011funu ifade etti.<\/p>\n\n\n\n<p class=\"wp-block-paragraph\"><strong>&#8220;ARAMA-KURTARMA \u00c7ALI\u015eMALARI T\u00dcM \u0130MK\u00c2NLARLA S\u00dcRD\u00dcR\u00dcL\u00dcYOR&#8221;<\/strong><\/p>\n\n\n\n<p class=\"wp-block-paragraph\">Kaza ihbar\u0131n\u0131n al\u0131nmas\u0131n\u0131n ard\u0131ndan KKTC Sahil G\u00fcvenlik unsurlar\u0131n\u0131n b\u00f6lgeye sevk edildi\u011fini belirten Ar\u0131kl\u0131, helikopterlerin ve b\u00f6lgede bulunan sivil gemilerin de arama-kurtarma \u00e7al\u0131\u015fmalar\u0131na dahil edildi\u011fini kaydetti.<\/p>\n\n\n\n<p class=\"wp-block-paragraph\">T\u00fcrkiye Cumhuriyeti makamlar\u0131n\u0131n da olay\u0131n ilk an\u0131ndan itibaren t\u00fcm imk\u00e2nlar\u0131yla KKTC&#8217;nin yan\u0131nda oldu\u011funu belirten Ar\u0131kl\u0131, T\u00fcrk Sahil G\u00fcvenlik ve Deniz Kuvvetleri unsurlar\u0131n\u0131n \u00e7al\u0131\u015fmalara kat\u0131ld\u0131\u011f\u0131n\u0131 s\u00f6yledi.<\/p>\n\n\n\n<p class=\"wp-block-paragraph\">Ar\u0131kl\u0131, arama-kurtarma \u00e7al\u0131\u015fmalar\u0131na kat\u0131lan kurumlara ve sivil denizcilere te\u015fekk\u00fcr etti.<\/p>\n\n\n\n<p class=\"wp-block-paragraph\"><strong>\u201cKAZANIN NEDEN\u0130 KONUSUNDA KES\u0130N H\u00dcK\u00dcM VERMEYECE\u011e\u0130Z\u201d<\/strong><\/p>\n\n\n\n<p class=\"wp-block-paragraph\">Kazan\u0131n nedenine ili\u015fkin kamuoyunda \u00e7e\u015fitli iddialar\u0131n bulundu\u011funu belirten Ar\u0131kl\u0131, geminin ba\u015f b\u00f6l\u00fcm\u00fcnden su ald\u0131\u011f\u0131, k\u0131sa s\u00fcre i\u00e7erisinde ciddi \u015fekilde su almaya ba\u015flad\u0131\u011f\u0131 ve ard\u0131ndan alabora oldu\u011fu y\u00f6n\u00fcndeki bilgilerin bulundu\u011funu s\u00f6yledi.<\/p>\n\n\n\n<p class=\"wp-block-paragraph\">Ancak soru\u015fturma tamamlanmadan kazan\u0131n nedeni konusunda kesin bir h\u00fck\u00fcm verilmeyece\u011fini vurgulayan Ar\u0131kl\u0131; teknik ar\u0131za, yap\u0131sal problem, stabilite sorunu, y\u00fck veya balast kaynakl\u0131 problem, insan hatas\u0131, deniz ko\u015fullar\u0131 ya da ba\u015fka bir gemi veya cisimle temas gibi ihtimallerin bilimsel ve teknik olarak ara\u015ft\u0131r\u0131ld\u0131\u011f\u0131n\u0131 ifade etti.<\/p>\n\n\n\n<p class=\"wp-block-paragraph\">Ar\u0131kl\u0131, devletin g\u00f6revinin herhangi bir ki\u015fiyi korumak veya pe\u015finen su\u00e7lamak de\u011fil, ger\u00e7e\u011fi ortaya \u00e7\u0131karmak oldu\u011funu kaydetti.<\/p>\n\n\n\n<p class=\"wp-block-paragraph\"><strong>&#8220;DENET\u0130M S\u00dcREC\u0130 DE ARA\u015eTIRILACAK&#8221;<\/strong><\/p>\n\n\n\n<p class=\"wp-block-paragraph\">Geminin denetim ve sefer izinlerine ili\u015fkin belgelerin de incelendi\u011fini belirten Ar\u0131kl\u0131, Filo Jet\u2019in denize elveri\u015flilik belgesi, klas kay\u0131tlar\u0131 ve kaptan\u0131n ehliyetinin bulundu\u011funu s\u00f6yledi.<\/p>\n\n\n\n<p class=\"wp-block-paragraph\">Geminin y\u00fczde 60 kapasiteyle sefere \u00e7\u0131kt\u0131\u011f\u0131n\u0131 ve t\u00fcm yolculara yetecek say\u0131da can yele\u011finin bulundu\u011funu belirten Ar\u0131kl\u0131, geminin g\u00fczerg\u00e2h\u0131ndaki deniz durumuna ili\u015fkin Meteoroloji Dairesi raporunun yan\u0131 s\u0131ra Y\u00fcksek H\u0131zl\u0131 Tekne \u0130\u015fletme \u0130zni, Klas Sertifikas\u0131, Uluslararas\u0131 Denizcilik \u00d6rg\u00fct\u00fc (IMO) taraf\u0131ndan yap\u0131lan kontroller sonras\u0131nda verilen belgeler ile kaptan\u0131n Uygunluk Sertifikas\u0131 gibi belgelerin de mevcut oldu\u011funu ifade etti.<\/p>\n\n\n\n<p class=\"wp-block-paragraph\">Ar\u0131kl\u0131, geminin son teknik muayeneleri, y\u00fckleme ve a\u011f\u0131rl\u0131k da\u011f\u0131l\u0131m\u0131, stabilite hesaplar\u0131, balast durumu, limandan \u00e7\u0131k\u0131\u015f i\u015flemleri ve ilgili kurumlar taraf\u0131ndan yap\u0131lan denetimlerin tek tek incelendi\u011fini kaydetti.<\/p>\n\n\n\n<p class=\"wp-block-paragraph\">Herhangi bir kamu g\u00f6revlisinin, kurumun veya \u00f6zel \u015firketin g\u00f6revini ihmal etti\u011finin ortaya \u00e7\u0131kmas\u0131 halinde gere\u011finin yap\u0131laca\u011f\u0131n\u0131 belirten Ar\u0131kl\u0131, hi\u00e7 kimsenin makam\u0131na, g\u00f6revine veya konumuna bak\u0131lmaks\u0131z\u0131n soru\u015fturman\u0131n d\u0131\u015f\u0131nda tutulmayaca\u011f\u0131n\u0131 s\u00f6yledi.<\/p>\n\n\n\n<p class=\"wp-block-paragraph\"><strong>AIS, GPS VE RADAR KAYITLARI \u0130NCELEN\u0130YOR<\/strong><\/p>\n\n\n\n<p class=\"wp-block-paragraph\">Ar\u0131kl\u0131, olay\u0131n yaln\u0131zca adli soru\u015fturma kapsam\u0131nda de\u011ferlendirilmemesi, kazan\u0131n teknik ve idari boyutunun da ba\u011f\u0131ms\u0131z bi\u00e7imde ara\u015ft\u0131r\u0131lmas\u0131 gerekti\u011fini belirtti.<\/p>\n\n\n\n<p class=\"wp-block-paragraph\">Bu kapsamda AIS ve GPS kay\u0131tlar\u0131, radar kay\u0131tlar\u0131, VHF telsiz g\u00f6r\u00fc\u015fmeleri, gemi i\u00e7i kamera kay\u0131tlar\u0131, makine ve alarm kay\u0131tlar\u0131, bak\u0131m ve klas belgeleri, y\u00fckleme ve yolcu kay\u0131tlar\u0131 ile meteorolojik verilerin incelendi\u011fini ifade etti.<\/p>\n\n\n\n<p class=\"wp-block-paragraph\">Gerekmesi halinde T\u00fcrkiye\u2019den ve uluslararas\u0131 denizcilik kurulu\u015flar\u0131ndan ba\u011f\u0131ms\u0131z uzmanlar\u0131n da \u00e7al\u0131\u015fmalara dahil edilece\u011fini belirten Ar\u0131kl\u0131, incelemelerde uluslararas\u0131 kabul g\u00f6ren bilimsel y\u00f6ntemlerin esas al\u0131naca\u011f\u0131n\u0131 kaydetti.<\/p>\n\n\n\n<p class=\"wp-block-paragraph\"><strong>BATIK DA \u0130NCELENECEK<\/strong><\/p>\n\n\n\n<p class=\"wp-block-paragraph\">Geminin 500 metrenin \u00fczerindeki derinlikte bulundu\u011funun de\u011ferlendirildi\u011fini belirten Ar\u0131kl\u0131, bat\u0131\u011f\u0131n incelenmesinin teknik a\u00e7\u0131dan zor olaca\u011f\u0131n\u0131 ancak bunun soru\u015fturman\u0131n \u00f6n\u00fcnde engel olu\u015fturmayaca\u011f\u0131n\u0131 s\u00f6yledi.<\/p>\n\n\n\n<p class=\"wp-block-paragraph\">Ar\u0131kl\u0131, gelecek gemiyle birlikte uzaktan kumandal\u0131 sualt\u0131 ara\u00e7lar\u0131, sonar sistemleri ve di\u011fer teknolojiler kullan\u0131larak geminin \u00f6zellikle su alma ihtimali bulunan b\u00f6l\u00fcmlerinin incelenece\u011fini ifade etti.<\/p>\n\n\n\n<p class=\"wp-block-paragraph\">Kazan\u0131n nedeninin ortaya \u00e7\u0131kar\u0131lmas\u0131 a\u00e7\u0131s\u0131ndan \u201cGemi tam olarak nereden ve nas\u0131l su ald\u0131?\u201d sorusunun \u00f6nem ta\u015f\u0131d\u0131\u011f\u0131n\u0131 belirten Ar\u0131kl\u0131, bu sorunun yan\u0131t\u0131n\u0131n teknik incelemeler sonucunda ortaya \u00e7\u0131kaca\u011f\u0131n\u0131 kaydetti.<\/p>\n\n\n\n<p class=\"wp-block-paragraph\"><strong>CAN KAYIPLARININ NEDEN\u0130 DE ARA\u015eTIRILACAK<\/strong><\/p>\n\n\n\n<p class=\"wp-block-paragraph\">Ar\u0131kl\u0131, soru\u015fturman\u0131n yaln\u0131zca geminin neden alabora oldu\u011fuyla s\u0131n\u0131rl\u0131 kalmayaca\u011f\u0131n\u0131 belirterek, gemi su almaya ba\u015flad\u0131\u011f\u0131nda alarm sisteminin \u00e7al\u0131\u015f\u0131p \u00e7al\u0131\u015fmad\u0131\u011f\u0131, yolcular\u0131n zaman\u0131nda bilgilendirilip bilgilendirilmedi\u011fi, can yeleklerinin yeterli olup olmad\u0131\u011f\u0131 ve tahliye prosed\u00fcr\u00fcn\u00fcn do\u011fru uygulan\u0131p uygulanmad\u0131\u011f\u0131 gibi sorular\u0131n da ara\u015ft\u0131r\u0131laca\u011f\u0131n\u0131 s\u00f6yledi.<\/p>\n\n\n\n<p class=\"wp-block-paragraph\">M\u00fcrettebat\u0131n g\u00f6revlerini gere\u011fi gibi yerine getirip getirmedi\u011fi, yolcular\u0131n gemiden nas\u0131l tahliye edildi\u011fi, ilk ihbar\u0131n ne zaman yap\u0131ld\u0131\u011f\u0131 ve kurtarma ekiplerinin b\u00f6lgeye ne kadar s\u00fcrede ula\u015ft\u0131\u011f\u0131 gibi hususlar\u0131n da incelenece\u011fini belirten Ar\u0131kl\u0131, kaybedilen canlar\u0131n bir k\u0131sm\u0131n\u0131n kurtar\u0131lmas\u0131n\u0131n m\u00fcmk\u00fcn olup olmad\u0131\u011f\u0131n\u0131n da ara\u015ft\u0131r\u0131laca\u011f\u0131n\u0131 ifade etti.<\/p>\n\n\n\n<p class=\"wp-block-paragraph\"><strong>\u201cS\u0130YAS\u0130 SORUMLULU\u011eUMUN FARKINDAYIM\u201d<\/strong><\/p>\n\n\n\n<p class=\"wp-block-paragraph\">Siyasi sorumluluk konusuna da de\u011finen Ar\u0131kl\u0131, Ula\u015ft\u0131rma Bakan\u0131 olarak denizcilik ve ula\u015ft\u0131rma sisteminin g\u00fcvenli\u011finin sa\u011flanmas\u0131 konusunda siyasi sorumlulu\u011funun fark\u0131nda oldu\u011funu s\u00f6yledi.<\/p>\n\n\n\n<p class=\"wp-block-paragraph\">Ancak siyasi sorumluluk ile hen\u00fcz nedeni belirlenmemi\u015f bir kazan\u0131n failini ilan etmenin ayn\u0131 \u015fey olmad\u0131\u011f\u0131n\u0131 belirten Ar\u0131kl\u0131, soru\u015fturma tamamlanmadan herhangi bir ki\u015fi veya kurum hakk\u0131nda h\u00fck\u00fcm vermeyece\u011fini kaydetti.<\/p>\n\n\n\n<p class=\"wp-block-paragraph\">Bakanl\u0131\u011f\u0131n\u0131n veya Bakanl\u0131\u011f\u0131na ba\u011fl\u0131 herhangi bir kurumun a\u00e7\u0131k bir ihmali, kusuru veya g\u00f6revini yerine getirmemesi tespit edilirse bunun gere\u011fini yapmak konusunda teredd\u00fct etmeyece\u011fini belirten Ar\u0131kl\u0131, \u201cKamu g\u00f6revi makam\u0131 koruma makam\u0131 de\u011fildir; hesap verme makam\u0131d\u0131r\u201d dedi.<\/p>\n\n\n\n<p class=\"wp-block-paragraph\">Ar\u0131kl\u0131, soru\u015fturma tamamland\u0131\u011f\u0131nda herkesin sorumlulu\u011funun herhangi bir makam g\u00f6zetilmeksizin ortaya konulaca\u011f\u0131n\u0131 ifade etti.<\/p>\n\n\n\n<p class=\"wp-block-paragraph\"><strong>\u201cBUG\u00dcN \u00d6NCEL\u0130\u011e\u0130M\u0130Z \u0130ST\u0130FA TARTI\u015eMASI DE\u011e\u0130L\u201d<\/strong><\/p>\n\n\n\n<p class=\"wp-block-paragraph\">Kay\u0131p ki\u015filerin arand\u0131\u011f\u0131, yaral\u0131lar\u0131n hastanelerde tedavi edildi\u011fi ve ailelerin yak\u0131nlar\u0131ndan haber bekledi\u011fi bir s\u00fcre\u00e7te siyasi tart\u0131\u015fmalara odaklanman\u0131n do\u011fru olmad\u0131\u011f\u0131n\u0131 belirten Ar\u0131kl\u0131, \u00f6nceli\u011fin can kurtarmak, kay\u0131plar\u0131 bulmak, kazan\u0131n nedenini ortaya \u00e7\u0131karmak ve sorumlular varsa tespit etmek oldu\u011funu s\u00f6yledi.<\/p>\n\n\n\n<p class=\"wp-block-paragraph\">Ar\u0131kl\u0131, ayn\u0131 t\u00fcr bir facian\u0131n tekrar ya\u015fanmamas\u0131 i\u00e7in gerekli t\u00fcm tedbirlerin al\u0131naca\u011f\u0131n\u0131 kaydetti.<\/p>\n\n\n\n<p class=\"wp-block-paragraph\"><strong>ARIKLI, BRT&#8217;DE DE KONU\u015eTU: GEREK\u0130RSE \u0130ST\u0130FA EDER\u0130M<\/strong><\/p>\n\n\n\n<p class=\"wp-block-paragraph\">\u00d6te yandan Ar\u0131kl\u0131, BRT canl\u0131 yay\u0131n\u0131nda sorular\u0131 da yan\u0131tlad\u0131. Girne-Ta\u015fucu seferlerinin ne zaman ba\u015flayaca\u011f\u0131na y\u00f6nelik soruya kar\u015f\u0131l\u0131k Ar\u0131kl\u0131, hassas bir s\u00fcre\u00e7ten ge\u00e7ildi\u011fini, herkesin anlay\u0131\u015fl\u0131 olmas\u0131 gerekti\u011fini belirterek,<\/p>\n\n\n\n<p class=\"wp-block-paragraph\">Gazima\u011fusa-Mersin seferlerinin d\u00fcn itibar\u0131 ile ba\u015flad\u0131\u011f\u0131n\u0131 ancak Girne-Ta\u015fucu\u2019na \u015fu anda izin vermelerinin m\u00fcmk\u00fcn olmad\u0131\u011f\u0131n\u0131 kaydetti.<\/p>\n\n\n\n<p class=\"wp-block-paragraph\">Geminin VDR denilen kara kutusunu da arad\u0131klar\u0131na dikkat \u00e7eken Ar\u0131kl\u0131, bu hassas aramalar yap\u0131l\u0131rken, b\u00f6lgede normal hayat\u0131n devam etmesine izin veremeyeceklerini vurgulad\u0131, \u201cBirazc\u0131k daha sab\u0131rl\u0131 olunmas\u0131 laz\u0131m.\u201d dedi.<\/p>\n\n\n\n<p class=\"wp-block-paragraph\">Geminin neden batt\u0131\u011f\u0131n\u0131n teknik olarak a\u00e7\u0131klanmas\u0131n\u0131n sonras\u0131nda sa\u011fduyulu tart\u0131\u015fmaya ge\u00e7ilmesi gerekti\u011fini de ifade eden Ar\u0131kl\u0131, \u201cSorumlular varsa ben dahil gerekirse istifa ederim. Ancak \u015fu anda s\u0131ca\u011f\u0131 s\u0131ca\u011f\u0131na birilerine d\u00f6vmeye \u00e7al\u0131\u015fmak etik \u00f6l\u00e7\u00fclere s\u0131\u011fmayan bir davran\u0131\u015f.\u201d dedi. Sa\u011fduyu \u00e7a\u011fr\u0131s\u0131 yapan Ar\u0131kl\u0131, \u201cOrtada bir ihmal varsa bunun siyasi sorumlulu\u011funu ben dahil herkes \u00fcstlenir ama bunun ortaya \u00e7\u0131kmas\u0131 gerekiyor.\u201d diye konu\u015ftu.<\/p>\n\n\n\n<p class=\"wp-block-paragraph\">Geminin neden batt\u0131\u011f\u0131na dair birtak\u0131m tezlerin ortaya at\u0131ld\u0131\u011f\u0131na i\u015faret eden Ar\u0131kl\u0131, hem mahkeme s\u00fcrecinin hem de teknik incelemelerin devam etti\u011fini dile getirerek, \u201cAs\u0131l sorulara cevab\u0131, VDR cihaz\u0131n\u0131 bulduktan sonra verebilece\u011fiz. Ondan sonra gereken neyse siyasi sorumluluk da gerekiyorsa onu da yerine getiririz.\u201d dedi.<\/p>\n\n\n\n<p class=\"wp-block-paragraph\"><strong>&#8220;GEM\u0130 YARIN SABAH BURADA OLACAK&#8221;<\/strong><\/p>\n\n\n\n<p class=\"wp-block-paragraph\">T\u00fcrk Deniz Kuvvetleri envanterinde yer alan I\u015f\u0131n s\u0131n\u0131f\u0131 bir kurtarma ve yedekleme gemisi olan TCG I\u015f\u0131n adl\u0131 geminin Girne\u2019ye do\u011fru seyir halinde oldu\u011funun hat\u0131rlat\u0131lmas\u0131 \u00fczerine Bakan Ar\u0131kl\u0131, geminin yar\u0131n sabah itibar\u0131 ile Girne\u2019de olaca\u011f\u0131n\u0131 kaydetti. Geminin 1400 metreye kadar tetkik yapabilen bir gemi oldu\u011funu ifade eden Ar\u0131kl\u0131, 514 metrede olan bat\u0131\u011fa ula\u015fabilecek kapasiteye, teknik donan\u0131ma sahip oldu\u011funu s\u00f6yledi.<\/p>\n\n\n\n<p class=\"wp-block-paragraph\">Ar\u0131kl\u0131, \u201cHem kay\u0131p yolcular\u0131m\u0131za bakabilece\u011fiz hem de VDR cihaz\u0131na ula\u015fmaya \u00e7al\u0131\u015f\u0131p, ayn\u0131 zamanda da geminin ilgili b\u00f6l\u00fcmlerindeki hasarlar\u0131 tespit etmeye \u00e7al\u0131\u015faca\u011f\u0131z. Ondan sonra da bat\u0131\u011f\u0131 yukar\u0131ya \u00e7\u0131kartabilme imkan\u0131m\u0131z var m\u0131 onlara bakaca\u011f\u0131z. Bunlar\u0131n hepsi bir s\u00fcre\u00e7 istiyor.\u201d dedi.<\/p>\n\n\n\n<p class=\"wp-block-paragraph\">Hava ula\u015f\u0131m\u0131nda y\u00fckseli\u015fte olan bilet fiyatlar\u0131yla ilgili ise Pegasus, T\u00fcrk Hava Yollar\u0131 ve Anadolu Jet\u2019ten ek sefer talep ettiklerini belirterek,bunun de\u011ferlendirildi\u011fini s\u00f6yledi.<\/p>\n\n\n\n<div data-wp-interactive=\"core\/file\" class=\"wp-block-file\"><object data-wp-bind--hidden=\"!state.hasPdfPreview\" hidden class=\"wp-block-file__embed\" data=\"https:\/\/netbakis.net\/wp-content\/uploads\/2026\/08\/Bayindirlik-ve-Ulastirma-Bakanligi-tarafindan-paylasilan-KLAS-SERTIFIKASI.pdf\" type=\"application\/pdf\" style=\"width:100%;height:600px\" aria-label=\"Bay\u0131nd\u0131rl\u0131k ve Ula\u015ft\u0131rma Bakanl\u0131\u011f\u0131 taraf\u0131ndan payla\u015f\u0131lan KLAS SERT\u0130F\u0130KASI g\u00f6m\u00fcs\u00fc.\"><\/object><a id=\"wp-block-file--media-20ddcfd5-5858-4814-ac4c-77e89e8cd1de\" href=\"https:\/\/netbakis.net\/wp-content\/uploads\/2026\/08\/Bayindirlik-ve-Ulastirma-Bakanligi-tarafindan-paylasilan-KLAS-SERTIFIKASI.pdf\">Bay\u0131nd\u0131rl\u0131k ve Ula\u015ft\u0131rma Bakanl\u0131\u011f\u0131 taraf\u0131ndan payla\u015f\u0131lan KLAS SERT\u0130F\u0130KASI<\/a><a href=\"https:\/\/netbakis.net\/wp-content\/uploads\/2026\/08\/Bayindirlik-ve-Ulastirma-Bakanligi-tarafindan-paylasilan-KLAS-SERTIFIKASI.pdf\" class=\"wp-block-file__button wp-element-button\" download aria-describedby=\"wp-block-file--media-20ddcfd5-5858-4814-ac4c-77e89e8cd1de\">Download<\/a><\/div>\n\n\n\n<div data-wp-interactive=\"core\/file\" class=\"wp-block-file\"><object data-wp-bind--hidden=\"!state.hasPdfPreview\" hidden class=\"wp-block-file__embed\" data=\"https:\/\/netbakis.net\/wp-content\/uploads\/2026\/08\/Bayindirlik-ve-Ulastirma-Bakanligi-tarafindan-paylasilan-KAPTAN-UYGUNLUK-SERTIFIKASI.pdf\" type=\"application\/pdf\" style=\"width:100%;height:600px\" aria-label=\"Bay\u0131nd\u0131rl\u0131k ve Ula\u015ft\u0131rma Bakanl\u0131\u011f\u0131 taraf\u0131ndan payla\u015f\u0131lan KAPTAN UYGUNLUK SERT\u0130F\u0130KASI g\u00f6m\u00fcs\u00fc.\"><\/object><a id=\"wp-block-file--media-a6695f9a-e8c5-451a-a888-30f30c847a68\" href=\"https:\/\/netbakis.net\/wp-content\/uploads\/2026\/08\/Bayindirlik-ve-Ulastirma-Bakanligi-tarafindan-paylasilan-KAPTAN-UYGUNLUK-SERTIFIKASI.pdf\">Bay\u0131nd\u0131rl\u0131k ve Ula\u015ft\u0131rma Bakanl\u0131\u011f\u0131 taraf\u0131ndan payla\u015f\u0131lan KAPTAN UYGUNLUK SERT\u0130F\u0130KASI<\/a><a href=\"https:\/\/netbakis.net\/wp-content\/uploads\/2026\/08\/Bayindirlik-ve-Ulastirma-Bakanligi-tarafindan-paylasilan-KAPTAN-UYGUNLUK-SERTIFIKASI.pdf\" class=\"wp-block-file__button wp-element-button\" download aria-describedby=\"wp-block-file--media-a6695f9a-e8c5-451a-a888-30f30c847a68\">Download<\/a><\/div>\n\n\n\n<div data-wp-interactive=\"core\/file\" class=\"wp-block-file\"><object data-wp-bind--hidden=\"!state.hasPdfPreview\" hidden class=\"wp-block-file__embed\" data=\"https:\/\/netbakis.net\/wp-content\/uploads\/2026\/08\/Bayindirlik-ve-Ulastirma-Bakanligi-tarafindan-paylasilan-KAPTAN-SERTIFIKASI.pdf\" type=\"application\/pdf\" style=\"width:100%;height:600px\" aria-label=\"Bay\u0131nd\u0131rl\u0131k ve Ula\u015ft\u0131rma Bakanl\u0131\u011f\u0131 taraf\u0131ndan payla\u015f\u0131lan KAPTAN SERT\u0130F\u0130KASI g\u00f6m\u00fcs\u00fc.\"><\/object><a id=\"wp-block-file--media-a9ce6e5c-d96d-43fc-9d8c-5d1b03ae9a13\" href=\"https:\/\/netbakis.net\/wp-content\/uploads\/2026\/08\/Bayindirlik-ve-Ulastirma-Bakanligi-tarafindan-paylasilan-KAPTAN-SERTIFIKASI.pdf\">Bay\u0131nd\u0131rl\u0131k ve Ula\u015ft\u0131rma Bakanl\u0131\u011f\u0131 taraf\u0131ndan payla\u015f\u0131lan KAPTAN SERT\u0130F\u0130KASI<\/a><a href=\"https:\/\/netbakis.net\/wp-content\/uploads\/2026\/08\/Bayindirlik-ve-Ulastirma-Bakanligi-tarafindan-paylasilan-KAPTAN-SERTIFIKASI.pdf\" class=\"wp-block-file__button wp-element-button\" download aria-describedby=\"wp-block-file--media-a9ce6e5c-d96d-43fc-9d8c-5d1b03ae9a13\">Download<\/a><\/div>","protected":false},"excerpt":{"rendered":"<p>Bay\u0131nd\u0131rl\u0131k ve Ula\u015ft\u0131rma Bakan\u0131 Erhan Ar\u0131kl\u0131, Girne a\u00e7\u0131klar\u0131ndaki Filo Jet facias\u0131na ili\u015fkin siyasi sorumluluk tart\u0131\u015fmalar\u0131nda, kazan\u0131n nedeninin ortaya \u00e7\u0131kmas\u0131n\u0131n ard\u0131ndan sorumluluk \u00fcstlenmeye haz\u0131r oldu\u011funu s\u00f6yledi. Ar\u0131kl\u0131, \u201cSorumlular varsa ben dahil gerekirse istifa ederim\u201d derken, geminin denize elveri\u015flilik, klas, kaptanl\u0131k ve uygunluk belgeleri ile Y\u00fcksek H\u0131zl\u0131 Tekne \u0130\u015fletme \u0130zni ve di\u011fer ilgili belgeleri kamuoyuyla payla\u015ft\u0131. Bay\u0131nd\u0131rl\u0131k [&hellip;]<\/p>","protected":false},"author":1,"featured_media":41627,"comment_status":"open","ping_status":"open","sticky":false,"template":"","format":"standard","meta":{"om_disable_all_campaigns":false,"_monsterinsights_skip_tracking":false,"_monsterinsights_sitenote_active":false,"_monsterinsights_sitenote_note":"","_monsterinsights_sitenote_category":0,"_uf_show_specific_survey":0,"_uf_disable_surveys":false,"footnotes":"","jetpack_publicize_message":"","jetpack_publicize_feature_enabled":true,"jetpack_social_post_already_shared":true,"jetpack_social_options":{"image_generator_settings":{"template":"highway","default_image_id":0,"font":"","enabled":false},"version":2}},"categories":[81],"tags":[],"class_list":["post-41626","post","type-post","status-publish","format-standard","has-post-thumbnail","category-gundem"],"yoast_head":"<!-- This site is optimized with the Yoast SEO plugin v23.8 - https:\/\/yoast.com\/wordpress\/plugins\/seo\/ -->\n<title>Ar\u0131kl\u0131, kaptanl\u0131k ve klas belgelerini payla\u015ft\u0131: sorumluluk varsa ben dahil gerekirse istifa ederim - NETBAKIS<\/title>\n<meta name=\"robots\" content=\"index, follow, max-snippet:-1, max-image-preview:large, max-video-preview:-1\" \/>\n<link rel=\"canonical\" href=\"https:\/\/netbakis.net\/tr\/41626\/\" \/>\n<meta property=\"og:locale\" content=\"tr_TR\" \/>\n<meta property=\"og:type\" content=\"article\" \/>\n<meta property=\"og:title\" content=\"Ar\u0131kl\u0131, kaptanl\u0131k ve klas belgelerini payla\u015ft\u0131: sorumluluk varsa ben dahil gerekirse istifa ederim - NETBAKIS\" \/>\n<meta property=\"og:description\" content=\"Bay\u0131nd\u0131rl\u0131k ve Ula\u015ft\u0131rma Bakan\u0131 Erhan Ar\u0131kl\u0131, Girne a\u00e7\u0131klar\u0131ndaki Filo Jet facias\u0131na ili\u015fkin siyasi sorumluluk tart\u0131\u015fmalar\u0131nda, kazan\u0131n nedeninin ortaya \u00e7\u0131kmas\u0131n\u0131n ard\u0131ndan sorumluluk \u00fcstlenmeye haz\u0131r oldu\u011funu s\u00f6yledi. Ar\u0131kl\u0131, \u201cSorumlular varsa ben dahil gerekirse istifa ederim\u201d derken, geminin denize elveri\u015flilik, klas, kaptanl\u0131k ve uygunluk belgeleri ile Y\u00fcksek H\u0131zl\u0131 Tekne \u0130\u015fletme \u0130zni ve di\u011fer ilgili belgeleri kamuoyuyla payla\u015ft\u0131. Bay\u0131nd\u0131rl\u0131k [&hellip;]\" \/>\n<meta property=\"og:url\" content=\"https:\/\/netbakis.net\/tr\/41626\/\" \/>\n<meta property=\"og:site_name\" content=\"NETBAKIS\" \/>\n<meta property=\"article:published_time\" content=\"2026-08-31T17:04:32+00:00\" \/>\n<meta property=\"article:modified_time\" content=\"2026-08-31T17:04:34+00:00\" \/>\n<meta property=\"og:image\" content=\"https:\/\/netbakis.net\/wp-content\/uploads\/2026\/08\/v2normalhaberboyutuablonsuzkopyaskopyaskopyaskopyaskopyaskopyas-2026-08-31t130141731_1788170582.webp\" \/>\n\t<meta property=\"og:image:width\" content=\"971\" \/>\n\t<meta property=\"og:image:height\" content=\"551\" \/>\n\t<meta property=\"og:image:type\" content=\"image\/webp\" \/>\n<meta name=\"author\" content=\"netbakis.net\" \/>\n<meta name=\"twitter:card\" content=\"summary_large_image\" \/>\n<meta name=\"twitter:label1\" content=\"Yazan:\" \/>\n\t<meta name=\"twitter:data1\" content=\"netbakis.net\" \/>\n\t<meta name=\"twitter:label2\" content=\"Tahmini okuma s\u00fcresi\" \/>\n\t<meta name=\"twitter:data2\" content=\"6 dakika\" \/>\n<script type=\"application\/ld+json\" class=\"yoast-schema-graph\">{\"@context\":\"https:\/\/schema.org\",\"@graph\":[{\"@type\":\"WebPage\",\"@id\":\"https:\/\/netbakis.net\/41626\/\",\"url\":\"https:\/\/netbakis.net\/41626\/\",\"name\":\"Ar\u0131kl\u0131, kaptanl\u0131k ve klas belgelerini payla\u015ft\u0131: sorumluluk varsa ben dahil gerekirse istifa ederim - NETBAKIS\",\"isPartOf\":{\"@id\":\"https:\/\/netbakis.net\/#website\"},\"primaryImageOfPage\":{\"@id\":\"https:\/\/netbakis.net\/41626\/#primaryimage\"},\"image\":{\"@id\":\"https:\/\/netbakis.net\/41626\/#primaryimage\"},\"thumbnailUrl\":\"https:\/\/netbakis.net\/wp-content\/uploads\/2026\/08\/v2normalhaberboyutuablonsuzkopyaskopyaskopyaskopyaskopyaskopyas-2026-08-31t130141731_1788170582.webp\",\"datePublished\":\"2026-08-31T17:04:32+00:00\",\"dateModified\":\"2026-08-31T17:04:34+00:00\",\"author\":{\"@id\":\"https:\/\/netbakis.net\/#\/schema\/person\/5d9b5c3f48ca4a3c69967d619fc8c7f4\"},\"breadcrumb\":{\"@id\":\"https:\/\/netbakis.net\/41626\/#breadcrumb\"},\"inLanguage\":\"tr\",\"potentialAction\":[{\"@type\":\"ReadAction\",\"target\":[\"https:\/\/netbakis.net\/41626\/\"]}]},{\"@type\":\"ImageObject\",\"inLanguage\":\"tr\",\"@id\":\"https:\/\/netbakis.net\/41626\/#primaryimage\",\"url\":\"https:\/\/netbakis.net\/wp-content\/uploads\/2026\/08\/v2normalhaberboyutuablonsuzkopyaskopyaskopyaskopyaskopyaskopyas-2026-08-31t130141731_1788170582.webp\",\"contentUrl\":\"https:\/\/netbakis.net\/wp-content\/uploads\/2026\/08\/v2normalhaberboyutuablonsuzkopyaskopyaskopyaskopyaskopyaskopyas-2026-08-31t130141731_1788170582.webp\",\"width\":971,\"height\":551},{\"@type\":\"BreadcrumbList\",\"@id\":\"https:\/\/netbakis.net\/41626\/#breadcrumb\",\"itemListElement\":[{\"@type\":\"ListItem\",\"position\":1,\"name\":\"Home\",\"item\":\"https:\/\/netbakis.net\/\"},{\"@type\":\"ListItem\",\"position\":2,\"name\":\"Ar\u0131kl\u0131, kaptanl\u0131k ve klas belgelerini payla\u015ft\u0131: sorumluluk varsa ben dahil gerekirse istifa ederim\"}]},{\"@type\":\"WebSite\",\"@id\":\"https:\/\/netbakis.net\/#website\",\"url\":\"https:\/\/netbakis.net\/\",\"name\":\"NETBAKIS\",\"description\":\"SON DAKIKA\",\"potentialAction\":[{\"@type\":\"SearchAction\",\"target\":{\"@type\":\"EntryPoint\",\"urlTemplate\":\"https:\/\/netbakis.net\/?s={search_term_string}\"},\"query-input\":{\"@type\":\"PropertyValueSpecification\",\"valueRequired\":true,\"valueName\":\"search_term_string\"}}],\"inLanguage\":\"tr\"},{\"@type\":\"Person\",\"@id\":\"https:\/\/netbakis.net\/#\/schema\/person\/5d9b5c3f48ca4a3c69967d619fc8c7f4\",\"name\":\"netbakis.net\",\"image\":{\"@type\":\"ImageObject\",\"inLanguage\":\"tr\",\"@id\":\"https:\/\/netbakis.net\/#\/schema\/person\/image\/\",\"url\":\"https:\/\/secure.gravatar.com\/avatar\/4ddeae49d2d3e3568a8d5b0937642efdf0b72468dbe3f213bc1978faa47af0d1?s=96&d=wp_user_avatar&r=g\",\"contentUrl\":\"https:\/\/secure.gravatar.com\/avatar\/4ddeae49d2d3e3568a8d5b0937642efdf0b72468dbe3f213bc1978faa47af0d1?s=96&d=wp_user_avatar&r=g\",\"caption\":\"netbakis.net\"},\"sameAs\":[\"https:\/\/netbakis.net\"],\"url\":\"https:\/\/netbakis.net\/tr\/author\/netbakis-net\/\"}]}<\/script>\n<!-- \/ Yoast SEO plugin. -->","yoast_head_json":{"title":"Ar\u0131kl\u0131, kaptanl\u0131k ve klas belgelerini payla\u015ft\u0131: sorumluluk varsa ben dahil gerekirse istifa ederim - NETBAKIS","robots":{"index":"index","follow":"follow","max-snippet":"max-snippet:-1","max-image-preview":"max-image-preview:large","max-video-preview":"max-video-preview:-1"},"canonical":"https:\/\/netbakis.net\/tr\/41626\/","og_locale":"tr_TR","og_type":"article","og_title":"Ar\u0131kl\u0131, kaptanl\u0131k ve klas belgelerini payla\u015ft\u0131: sorumluluk varsa ben dahil gerekirse istifa ederim - NETBAKIS","og_description":"Bay\u0131nd\u0131rl\u0131k ve Ula\u015ft\u0131rma Bakan\u0131 Erhan Ar\u0131kl\u0131, Girne a\u00e7\u0131klar\u0131ndaki Filo Jet facias\u0131na ili\u015fkin siyasi sorumluluk tart\u0131\u015fmalar\u0131nda, kazan\u0131n nedeninin ortaya \u00e7\u0131kmas\u0131n\u0131n ard\u0131ndan sorumluluk \u00fcstlenmeye haz\u0131r oldu\u011funu s\u00f6yledi. Ar\u0131kl\u0131, \u201cSorumlular varsa ben dahil gerekirse istifa ederim\u201d derken, geminin denize elveri\u015flilik, klas, kaptanl\u0131k ve uygunluk belgeleri ile Y\u00fcksek H\u0131zl\u0131 Tekne \u0130\u015fletme \u0130zni ve di\u011fer ilgili belgeleri kamuoyuyla payla\u015ft\u0131. Bay\u0131nd\u0131rl\u0131k [&hellip;]","og_url":"https:\/\/netbakis.net\/tr\/41626\/","og_site_name":"NETBAKIS","article_published_time":"2026-08-31T17:04:32+00:00","article_modified_time":"2026-08-31T17:04:34+00:00","og_image":[{"width":971,"height":551,"url":"https:\/\/netbakis.net\/wp-content\/uploads\/2026\/08\/v2normalhaberboyutuablonsuzkopyaskopyaskopyaskopyaskopyaskopyas-2026-08-31t130141731_1788170582.webp","type":"image\/webp"}],"author":"netbakis.net","twitter_card":"summary_large_image","twitter_misc":{"Yazan:":"netbakis.net","Tahmini okuma s\u00fcresi":"6 dakika"},"schema":{"@context":"https:\/\/schema.org","@graph":[{"@type":"WebPage","@id":"https:\/\/netbakis.net\/41626\/","url":"https:\/\/netbakis.net\/41626\/","name":"Ar\u0131kl\u0131, kaptanl\u0131k ve klas belgelerini payla\u015ft\u0131: sorumluluk varsa ben dahil gerekirse istifa ederim - NETBAKIS","isPartOf":{"@id":"https:\/\/netbakis.net\/#website"},"primaryImageOfPage":{"@id":"https:\/\/netbakis.net\/41626\/#primaryimage"},"image":{"@id":"https:\/\/netbakis.net\/41626\/#primaryimage"},"thumbnailUrl":"https:\/\/netbakis.net\/wp-content\/uploads\/2026\/08\/v2normalhaberboyutuablonsuzkopyaskopyaskopyaskopyaskopyaskopyas-2026-08-31t130141731_1788170582.webp","datePublished":"2026-08-31T17:04:32+00:00","dateModified":"2026-08-31T17:04:34+00:00","author":{"@id":"https:\/\/netbakis.net\/#\/schema\/person\/5d9b5c3f48ca4a3c69967d619fc8c7f4"},"breadcrumb":{"@id":"https:\/\/netbakis.net\/41626\/#breadcrumb"},"inLanguage":"tr","potentialAction":[{"@type":"ReadAction","target":["https:\/\/netbakis.net\/41626\/"]}]},{"@type":"ImageObject","inLanguage":"tr","@id":"https:\/\/netbakis.net\/41626\/#primaryimage","url":"https:\/\/netbakis.net\/wp-content\/uploads\/2026\/08\/v2normalhaberboyutuablonsuzkopyaskopyaskopyaskopyaskopyaskopyas-2026-08-31t130141731_1788170582.webp","contentUrl":"https:\/\/netbakis.net\/wp-content\/uploads\/2026\/08\/v2normalhaberboyutuablonsuzkopyaskopyaskopyaskopyaskopyaskopyas-2026-08-31t130141731_1788170582.webp","width":971,"height":551},{"@type":"BreadcrumbList","@id":"https:\/\/netbakis.net\/41626\/#breadcrumb","itemListElement":[{"@type":"ListItem","position":1,"name":"Home","item":"https:\/\/netbakis.net\/"},{"@type":"ListItem","position":2,"name":"Ar\u0131kl\u0131, kaptanl\u0131k ve klas belgelerini payla\u015ft\u0131: sorumluluk varsa ben dahil gerekirse istifa ederim"}]},{"@type":"WebSite","@id":"https:\/\/netbakis.net\/#website","url":"https:\/\/netbakis.net\/","name":"NETBAKIS","description":"SON DAKIKA","potentialAction":[{"@type":"SearchAction","target":{"@type":"EntryPoint","urlTemplate":"https:\/\/netbakis.net\/?s={search_term_string}"},"query-input":{"@type":"PropertyValueSpecification","valueRequired":true,"valueName":"search_term_string"}}],"inLanguage":"tr"},{"@type":"Person","@id":"https:\/\/netbakis.net\/#\/schema\/person\/5d9b5c3f48ca4a3c69967d619fc8c7f4","name":"netbakis.net","image":{"@type":"ImageObject","inLanguage":"tr","@id":"https:\/\/netbakis.net\/#\/schema\/person\/image\/","url":"https:\/\/secure.gravatar.com\/avatar\/4ddeae49d2d3e3568a8d5b0937642efdf0b72468dbe3f213bc1978faa47af0d1?s=96&d=wp_user_avatar&r=g","contentUrl":"https:\/\/secure.gravatar.com\/avatar\/4ddeae49d2d3e3568a8d5b0937642efdf0b72468dbe3f213bc1978faa47af0d1?s=96&d=wp_user_avatar&r=g","caption":"netbakis.net"},"sameAs":["https:\/\/netbakis.net"],"url":"https:\/\/netbakis.net\/tr\/author\/netbakis-net\/"}]}},"jetpack_publicize_connections":[],"_links":{"self":[{"href":"https:\/\/netbakis.net\/tr\/wp-json\/wp\/v2\/posts\/41626","targetHints":{"allow":["GET"]}}],"collection":[{"href":"https:\/\/netbakis.net\/tr\/wp-json\/wp\/v2\/posts"}],"about":[{"href":"https:\/\/netbakis.net\/tr\/wp-json\/wp\/v2\/types\/post"}],"author":[{"embeddable":true,"href":"https:\/\/netbakis.net\/tr\/wp-json\/wp\/v2\/users\/1"}],"replies":[{"embeddable":true,"href":"https:\/\/netbakis.net\/tr\/wp-json\/wp\/v2\/comments?post=41626"}],"version-history":[{"count":1,"href":"https:\/\/netbakis.net\/tr\/wp-json\/wp\/v2\/posts\/41626\/revisions"}],"predecessor-version":[{"id":41631,"href":"https:\/\/netbakis.net\/tr\/wp-json\/wp\/v2\/posts\/41626\/revisions\/41631"}],"wp:featuredmedia":[{"embeddable":true,"href":"https:\/\/netbakis.net\/tr\/wp-json\/wp\/v2\/media\/41627"}],"wp:attachment":[{"href":"https:\/\/netbakis.net\/tr\/wp-json\/wp\/v2\/media?parent=41626"}],"wp:term":[{"taxonomy":"category","embeddable":true,"href":"https:\/\/netbakis.net\/tr\/wp-json\/wp\/v2\/categories?post=41626"},{"taxonomy":"post_tag","embeddable":true,"href":"https:\/\/netbakis.net\/tr\/wp-json\/wp\/v2\/tags?post=41626"}],"curies":[{"name":"wp","href":"https:\/\/api.w.org\/{rel}","templated":true}]}}