{"id":41624,"date":"2026-08-31T16:58:42","date_gmt":"2026-08-31T16:58:42","guid":{"rendered":"https:\/\/netbakis.net\/?p=41624"},"modified":"2026-08-31T16:58:45","modified_gmt":"2026-08-31T16:58:45","slug":"ustel-geminin-sefere-cikisina-izin-veren-liman-yetkilileri-gorevden-uzaklastirildi","status":"publish","type":"post","link":"https:\/\/netbakis.net\/tr\/41624\/","title":{"rendered":"\u00dcstel: Geminin sefere \u00e7\u0131k\u0131\u015f\u0131na izin veren liman yetkilileri g\u00f6revden uzakla\u015ft\u0131r\u0131ld\u0131"},"content":{"rendered":"<p class=\"wp-block-paragraph\">Ba\u015fbakan \u00dcnal \u00dcstel, Girne a\u00e7\u0131klar\u0131nda ya\u015fanan gemi facias\u0131n\u0131n ard\u0131ndan geminin sefere \u00e7\u0131k\u0131\u015f\u0131na izin veren ilgili liman yetkililerinin g\u00f6revden uzakla\u015ft\u0131r\u0131ld\u0131\u011f\u0131n\u0131 ve haklar\u0131nda soru\u015fturma ba\u015flat\u0131ld\u0131\u011f\u0131n\u0131 a\u00e7\u0131klad\u0131. \u00dcstel, yetkililerin yerine yeni sorumlular\u0131n g\u00f6revlendirildi\u011fini belirtti.<br><br><\/p>\n\n\n\n<p class=\"wp-block-paragraph\">Ba\u015fbakan \u00dcnal \u00dcstel, Girne a\u00e7\u0131klar\u0131nda ya\u015fanan gemi facias\u0131n\u0131n ard\u0131ndan kazan\u0131n nas\u0131l ve neden meydana geldi\u011finin ortaya \u00e7\u0131kar\u0131lmas\u0131 amac\u0131yla adli ve idari s\u00fcre\u00e7lerin titizlikle y\u00fcr\u00fct\u00fcld\u00fc\u011f\u00fcn\u00fc belirtti.<\/p>\n\n\n\n<p class=\"wp-block-paragraph\">\u00dcstel, gemi kaptan\u0131 ve aralar\u0131nda \u015firket yetkilisinin de bulundu\u011fu toplam 9 ki\u015finin g\u00f6zalt\u0131na al\u0131narak mahkemeye \u00e7\u0131kar\u0131ld\u0131\u011f\u0131n\u0131 ve adli s\u00fcrecin devam etti\u011fini s\u00f6yledi.<\/p>\n\n\n\n<p class=\"wp-block-paragraph\">L\u0130MAN YETK\u0130L\u0130LER\u0130 G\u00d6REVDEN UZAKLA\u015eTIRILDI<\/p>\n\n\n\n<p class=\"wp-block-paragraph\">\u00dcstel, kazayla ilgili idari s\u00fcre\u00e7 kapsam\u0131nda, geminin sefere \u00e7\u0131k\u0131\u015f\u0131na izin veren ilgili liman yetkililerinin g\u00f6revden uzakla\u015ft\u0131r\u0131ld\u0131\u011f\u0131n\u0131 a\u00e7\u0131klad\u0131.<\/p>\n\n\n\n<p class=\"wp-block-paragraph\">Hakk\u0131nda soru\u015fturma ba\u015flat\u0131lan liman yetkililerinin yerine yeni sorumlular\u0131n g\u00f6revlendirildi\u011fini belirten \u00dcstel, facian\u0131n t\u00fcm y\u00f6nleriyle ara\u015ft\u0131r\u0131ld\u0131\u011f\u0131n\u0131 ifade etti.<\/p>\n\n\n\n<p class=\"wp-block-paragraph\">\u00dcstel, \u201cBu faciada kimin ihmali, kusuru veya sorumlulu\u011fu varsa ortaya \u00e7\u0131kar\u0131lacakt\u0131r\u201d diyerek, soru\u015fturma sonucunda sorumlulu\u011fu tespit edilenlerin, kim olursa olsun adalet \u00f6n\u00fcnde hesap verece\u011fini s\u00f6yledi.<\/p>","protected":false},"excerpt":{"rendered":"<p>Ba\u015fbakan \u00dcnal \u00dcstel, Girne a\u00e7\u0131klar\u0131nda ya\u015fanan gemi facias\u0131n\u0131n ard\u0131ndan geminin sefere \u00e7\u0131k\u0131\u015f\u0131na izin veren ilgili liman yetkililerinin g\u00f6revden uzakla\u015ft\u0131r\u0131ld\u0131\u011f\u0131n\u0131 ve haklar\u0131nda soru\u015fturma ba\u015flat\u0131ld\u0131\u011f\u0131n\u0131 a\u00e7\u0131klad\u0131. \u00dcstel, yetkililerin yerine yeni sorumlular\u0131n g\u00f6revlendirildi\u011fini belirtti. Ba\u015fbakan \u00dcnal \u00dcstel, Girne a\u00e7\u0131klar\u0131nda ya\u015fanan gemi facias\u0131n\u0131n ard\u0131ndan kazan\u0131n nas\u0131l ve neden meydana geldi\u011finin ortaya \u00e7\u0131kar\u0131lmas\u0131 amac\u0131yla adli ve idari s\u00fcre\u00e7lerin titizlikle y\u00fcr\u00fct\u00fcld\u00fc\u011f\u00fcn\u00fc [&hellip;]<\/p>","protected":false},"author":1,"featured_media":30767,"comment_status":"open","ping_status":"open","sticky":false,"template":"","format":"standard","meta":{"om_disable_all_campaigns":false,"_monsterinsights_skip_tracking":false,"_monsterinsights_sitenote_active":false,"_monsterinsights_sitenote_note":"","_monsterinsights_sitenote_category":0,"_uf_show_specific_survey":0,"_uf_disable_surveys":false,"footnotes":"","jetpack_publicize_message":"","jetpack_publicize_feature_enabled":true,"jetpack_social_post_already_shared":true,"jetpack_social_options":{"image_generator_settings":{"template":"highway","default_image_id":0,"font":"","enabled":false},"version":2}},"categories":[81],"tags":[],"class_list":["post-41624","post","type-post","status-publish","format-standard","has-post-thumbnail","category-gundem"],"yoast_head":"<!-- This site is optimized with the Yoast SEO plugin v23.8 - https:\/\/yoast.com\/wordpress\/plugins\/seo\/ -->\n<title>\u00dcstel: Geminin sefere \u00e7\u0131k\u0131\u015f\u0131na izin veren liman yetkilileri g\u00f6revden uzakla\u015ft\u0131r\u0131ld\u0131 - NETBAKIS<\/title>\n<meta name=\"robots\" content=\"index, follow, max-snippet:-1, max-image-preview:large, max-video-preview:-1\" \/>\n<link rel=\"canonical\" href=\"https:\/\/netbakis.net\/tr\/41624\/\" \/>\n<meta property=\"og:locale\" content=\"tr_TR\" \/>\n<meta property=\"og:type\" content=\"article\" \/>\n<meta property=\"og:title\" content=\"\u00dcstel: Geminin sefere \u00e7\u0131k\u0131\u015f\u0131na izin veren liman yetkilileri g\u00f6revden uzakla\u015ft\u0131r\u0131ld\u0131 - NETBAKIS\" \/>\n<meta property=\"og:description\" content=\"Ba\u015fbakan \u00dcnal \u00dcstel, Girne a\u00e7\u0131klar\u0131nda ya\u015fanan gemi facias\u0131n\u0131n ard\u0131ndan geminin sefere \u00e7\u0131k\u0131\u015f\u0131na izin veren ilgili liman yetkililerinin g\u00f6revden uzakla\u015ft\u0131r\u0131ld\u0131\u011f\u0131n\u0131 ve haklar\u0131nda soru\u015fturma ba\u015flat\u0131ld\u0131\u011f\u0131n\u0131 a\u00e7\u0131klad\u0131. \u00dcstel, yetkililerin yerine yeni sorumlular\u0131n g\u00f6revlendirildi\u011fini belirtti. Ba\u015fbakan \u00dcnal \u00dcstel, Girne a\u00e7\u0131klar\u0131nda ya\u015fanan gemi facias\u0131n\u0131n ard\u0131ndan kazan\u0131n nas\u0131l ve neden meydana geldi\u011finin ortaya \u00e7\u0131kar\u0131lmas\u0131 amac\u0131yla adli ve idari s\u00fcre\u00e7lerin titizlikle y\u00fcr\u00fct\u00fcld\u00fc\u011f\u00fcn\u00fc [&hellip;]\" \/>\n<meta property=\"og:url\" content=\"https:\/\/netbakis.net\/tr\/41624\/\" \/>\n<meta property=\"og:site_name\" content=\"NETBAKIS\" \/>\n<meta property=\"article:published_time\" content=\"2026-08-31T16:58:42+00:00\" \/>\n<meta property=\"article:modified_time\" content=\"2026-08-31T16:58:45+00:00\" \/>\n<meta property=\"og:image\" content=\"https:\/\/netbakis.net\/wp-content\/uploads\/2025\/08\/v2normalhaberboyutuablonsuzkopyaskopyas-2025-08-16t172649484_1755354419.webp\" \/>\n\t<meta property=\"og:image:width\" content=\"971\" \/>\n\t<meta property=\"og:image:height\" content=\"551\" \/>\n\t<meta property=\"og:image:type\" content=\"image\/webp\" \/>\n<meta name=\"author\" content=\"netbakis.net\" \/>\n<meta name=\"twitter:card\" content=\"summary_large_image\" \/>\n<meta name=\"twitter:label1\" content=\"Yazan:\" \/>\n\t<meta name=\"twitter:data1\" content=\"netbakis.net\" \/>\n\t<meta name=\"twitter:label2\" content=\"Tahmini okuma s\u00fcresi\" \/>\n\t<meta name=\"twitter:data2\" content=\"1 dakika\" \/>\n<script type=\"application\/ld+json\" class=\"yoast-schema-graph\">{\"@context\":\"https:\/\/schema.org\",\"@graph\":[{\"@type\":\"WebPage\",\"@id\":\"https:\/\/netbakis.net\/41624\/\",\"url\":\"https:\/\/netbakis.net\/41624\/\",\"name\":\"\u00dcstel: Geminin sefere \u00e7\u0131k\u0131\u015f\u0131na izin veren liman yetkilileri g\u00f6revden uzakla\u015ft\u0131r\u0131ld\u0131 - NETBAKIS\",\"isPartOf\":{\"@id\":\"https:\/\/netbakis.net\/#website\"},\"primaryImageOfPage\":{\"@id\":\"https:\/\/netbakis.net\/41624\/#primaryimage\"},\"image\":{\"@id\":\"https:\/\/netbakis.net\/41624\/#primaryimage\"},\"thumbnailUrl\":\"https:\/\/netbakis.net\/wp-content\/uploads\/2025\/08\/v2normalhaberboyutuablonsuzkopyaskopyas-2025-08-16t172649484_1755354419.webp\",\"datePublished\":\"2026-08-31T16:58:42+00:00\",\"dateModified\":\"2026-08-31T16:58:45+00:00\",\"author\":{\"@id\":\"https:\/\/netbakis.net\/#\/schema\/person\/5d9b5c3f48ca4a3c69967d619fc8c7f4\"},\"breadcrumb\":{\"@id\":\"https:\/\/netbakis.net\/41624\/#breadcrumb\"},\"inLanguage\":\"tr\",\"potentialAction\":[{\"@type\":\"ReadAction\",\"target\":[\"https:\/\/netbakis.net\/41624\/\"]}]},{\"@type\":\"ImageObject\",\"inLanguage\":\"tr\",\"@id\":\"https:\/\/netbakis.net\/41624\/#primaryimage\",\"url\":\"https:\/\/netbakis.net\/wp-content\/uploads\/2025\/08\/v2normalhaberboyutuablonsuzkopyaskopyas-2025-08-16t172649484_1755354419.webp\",\"contentUrl\":\"https:\/\/netbakis.net\/wp-content\/uploads\/2025\/08\/v2normalhaberboyutuablonsuzkopyaskopyas-2025-08-16t172649484_1755354419.webp\",\"width\":971,\"height\":551},{\"@type\":\"BreadcrumbList\",\"@id\":\"https:\/\/netbakis.net\/41624\/#breadcrumb\",\"itemListElement\":[{\"@type\":\"ListItem\",\"position\":1,\"name\":\"Home\",\"item\":\"https:\/\/netbakis.net\/\"},{\"@type\":\"ListItem\",\"position\":2,\"name\":\"\u00dcstel: Geminin sefere \u00e7\u0131k\u0131\u015f\u0131na izin veren liman yetkilileri g\u00f6revden uzakla\u015ft\u0131r\u0131ld\u0131\"}]},{\"@type\":\"WebSite\",\"@id\":\"https:\/\/netbakis.net\/#website\",\"url\":\"https:\/\/netbakis.net\/\",\"name\":\"NETBAKIS\",\"description\":\"SON DAKIKA\",\"potentialAction\":[{\"@type\":\"SearchAction\",\"target\":{\"@type\":\"EntryPoint\",\"urlTemplate\":\"https:\/\/netbakis.net\/?s={search_term_string}\"},\"query-input\":{\"@type\":\"PropertyValueSpecification\",\"valueRequired\":true,\"valueName\":\"search_term_string\"}}],\"inLanguage\":\"tr\"},{\"@type\":\"Person\",\"@id\":\"https:\/\/netbakis.net\/#\/schema\/person\/5d9b5c3f48ca4a3c69967d619fc8c7f4\",\"name\":\"netbakis.net\",\"image\":{\"@type\":\"ImageObject\",\"inLanguage\":\"tr\",\"@id\":\"https:\/\/netbakis.net\/#\/schema\/person\/image\/\",\"url\":\"https:\/\/secure.gravatar.com\/avatar\/4ddeae49d2d3e3568a8d5b0937642efdf0b72468dbe3f213bc1978faa47af0d1?s=96&d=wp_user_avatar&r=g\",\"contentUrl\":\"https:\/\/secure.gravatar.com\/avatar\/4ddeae49d2d3e3568a8d5b0937642efdf0b72468dbe3f213bc1978faa47af0d1?s=96&d=wp_user_avatar&r=g\",\"caption\":\"netbakis.net\"},\"sameAs\":[\"https:\/\/netbakis.net\"],\"url\":\"https:\/\/netbakis.net\/tr\/author\/netbakis-net\/\"}]}<\/script>\n<!-- \/ Yoast SEO plugin. -->","yoast_head_json":{"title":"\u00dcstel: Geminin sefere \u00e7\u0131k\u0131\u015f\u0131na izin veren liman yetkilileri g\u00f6revden uzakla\u015ft\u0131r\u0131ld\u0131 - NETBAKIS","robots":{"index":"index","follow":"follow","max-snippet":"max-snippet:-1","max-image-preview":"max-image-preview:large","max-video-preview":"max-video-preview:-1"},"canonical":"https:\/\/netbakis.net\/tr\/41624\/","og_locale":"tr_TR","og_type":"article","og_title":"\u00dcstel: Geminin sefere \u00e7\u0131k\u0131\u015f\u0131na izin veren liman yetkilileri g\u00f6revden uzakla\u015ft\u0131r\u0131ld\u0131 - NETBAKIS","og_description":"Ba\u015fbakan \u00dcnal \u00dcstel, Girne a\u00e7\u0131klar\u0131nda ya\u015fanan gemi facias\u0131n\u0131n ard\u0131ndan geminin sefere \u00e7\u0131k\u0131\u015f\u0131na izin veren ilgili liman yetkililerinin g\u00f6revden uzakla\u015ft\u0131r\u0131ld\u0131\u011f\u0131n\u0131 ve haklar\u0131nda soru\u015fturma ba\u015flat\u0131ld\u0131\u011f\u0131n\u0131 a\u00e7\u0131klad\u0131. \u00dcstel, yetkililerin yerine yeni sorumlular\u0131n g\u00f6revlendirildi\u011fini belirtti. Ba\u015fbakan \u00dcnal \u00dcstel, Girne a\u00e7\u0131klar\u0131nda ya\u015fanan gemi facias\u0131n\u0131n ard\u0131ndan kazan\u0131n nas\u0131l ve neden meydana geldi\u011finin ortaya \u00e7\u0131kar\u0131lmas\u0131 amac\u0131yla adli ve idari s\u00fcre\u00e7lerin titizlikle y\u00fcr\u00fct\u00fcld\u00fc\u011f\u00fcn\u00fc [&hellip;]","og_url":"https:\/\/netbakis.net\/tr\/41624\/","og_site_name":"NETBAKIS","article_published_time":"2026-08-31T16:58:42+00:00","article_modified_time":"2026-08-31T16:58:45+00:00","og_image":[{"width":971,"height":551,"url":"https:\/\/netbakis.net\/wp-content\/uploads\/2025\/08\/v2normalhaberboyutuablonsuzkopyaskopyas-2025-08-16t172649484_1755354419.webp","type":"image\/webp"}],"author":"netbakis.net","twitter_card":"summary_large_image","twitter_misc":{"Yazan:":"netbakis.net","Tahmini okuma s\u00fcresi":"1 dakika"},"schema":{"@context":"https:\/\/schema.org","@graph":[{"@type":"WebPage","@id":"https:\/\/netbakis.net\/41624\/","url":"https:\/\/netbakis.net\/41624\/","name":"\u00dcstel: Geminin sefere \u00e7\u0131k\u0131\u015f\u0131na izin veren liman yetkilileri g\u00f6revden uzakla\u015ft\u0131r\u0131ld\u0131 - NETBAKIS","isPartOf":{"@id":"https:\/\/netbakis.net\/#website"},"primaryImageOfPage":{"@id":"https:\/\/netbakis.net\/41624\/#primaryimage"},"image":{"@id":"https:\/\/netbakis.net\/41624\/#primaryimage"},"thumbnailUrl":"https:\/\/netbakis.net\/wp-content\/uploads\/2025\/08\/v2normalhaberboyutuablonsuzkopyaskopyas-2025-08-16t172649484_1755354419.webp","datePublished":"2026-08-31T16:58:42+00:00","dateModified":"2026-08-31T16:58:45+00:00","author":{"@id":"https:\/\/netbakis.net\/#\/schema\/person\/5d9b5c3f48ca4a3c69967d619fc8c7f4"},"breadcrumb":{"@id":"https:\/\/netbakis.net\/41624\/#breadcrumb"},"inLanguage":"tr","potentialAction":[{"@type":"ReadAction","target":["https:\/\/netbakis.net\/41624\/"]}]},{"@type":"ImageObject","inLanguage":"tr","@id":"https:\/\/netbakis.net\/41624\/#primaryimage","url":"https:\/\/netbakis.net\/wp-content\/uploads\/2025\/08\/v2normalhaberboyutuablonsuzkopyaskopyas-2025-08-16t172649484_1755354419.webp","contentUrl":"https:\/\/netbakis.net\/wp-content\/uploads\/2025\/08\/v2normalhaberboyutuablonsuzkopyaskopyas-2025-08-16t172649484_1755354419.webp","width":971,"height":551},{"@type":"BreadcrumbList","@id":"https:\/\/netbakis.net\/41624\/#breadcrumb","itemListElement":[{"@type":"ListItem","position":1,"name":"Home","item":"https:\/\/netbakis.net\/"},{"@type":"ListItem","position":2,"name":"\u00dcstel: Geminin sefere \u00e7\u0131k\u0131\u015f\u0131na izin veren liman yetkilileri g\u00f6revden uzakla\u015ft\u0131r\u0131ld\u0131"}]},{"@type":"WebSite","@id":"https:\/\/netbakis.net\/#website","url":"https:\/\/netbakis.net\/","name":"NETBAKIS","description":"SON DAKIKA","potentialAction":[{"@type":"SearchAction","target":{"@type":"EntryPoint","urlTemplate":"https:\/\/netbakis.net\/?s={search_term_string}"},"query-input":{"@type":"PropertyValueSpecification","valueRequired":true,"valueName":"search_term_string"}}],"inLanguage":"tr"},{"@type":"Person","@id":"https:\/\/netbakis.net\/#\/schema\/person\/5d9b5c3f48ca4a3c69967d619fc8c7f4","name":"netbakis.net","image":{"@type":"ImageObject","inLanguage":"tr","@id":"https:\/\/netbakis.net\/#\/schema\/person\/image\/","url":"https:\/\/secure.gravatar.com\/avatar\/4ddeae49d2d3e3568a8d5b0937642efdf0b72468dbe3f213bc1978faa47af0d1?s=96&d=wp_user_avatar&r=g","contentUrl":"https:\/\/secure.gravatar.com\/avatar\/4ddeae49d2d3e3568a8d5b0937642efdf0b72468dbe3f213bc1978faa47af0d1?s=96&d=wp_user_avatar&r=g","caption":"netbakis.net"},"sameAs":["https:\/\/netbakis.net"],"url":"https:\/\/netbakis.net\/tr\/author\/netbakis-net\/"}]}},"jetpack_publicize_connections":[],"_links":{"self":[{"href":"https:\/\/netbakis.net\/tr\/wp-json\/wp\/v2\/posts\/41624","targetHints":{"allow":["GET"]}}],"collection":[{"href":"https:\/\/netbakis.net\/tr\/wp-json\/wp\/v2\/posts"}],"about":[{"href":"https:\/\/netbakis.net\/tr\/wp-json\/wp\/v2\/types\/post"}],"author":[{"embeddable":true,"href":"https:\/\/netbakis.net\/tr\/wp-json\/wp\/v2\/users\/1"}],"replies":[{"embeddable":true,"href":"https:\/\/netbakis.net\/tr\/wp-json\/wp\/v2\/comments?post=41624"}],"version-history":[{"count":1,"href":"https:\/\/netbakis.net\/tr\/wp-json\/wp\/v2\/posts\/41624\/revisions"}],"predecessor-version":[{"id":41625,"href":"https:\/\/netbakis.net\/tr\/wp-json\/wp\/v2\/posts\/41624\/revisions\/41625"}],"wp:featuredmedia":[{"embeddable":true,"href":"https:\/\/netbakis.net\/tr\/wp-json\/wp\/v2\/media\/30767"}],"wp:attachment":[{"href":"https:\/\/netbakis.net\/tr\/wp-json\/wp\/v2\/media?parent=41624"}],"wp:term":[{"taxonomy":"category","embeddable":true,"href":"https:\/\/netbakis.net\/tr\/wp-json\/wp\/v2\/categories?post=41624"},{"taxonomy":"post_tag","embeddable":true,"href":"https:\/\/netbakis.net\/tr\/wp-json\/wp\/v2\/tags?post=41624"}],"curies":[{"name":"wp","href":"https:\/\/api.w.org\/{rel}","templated":true}]}}