{"id":41618,"date":"2026-08-31T16:55:02","date_gmt":"2026-08-31T16:55:02","guid":{"rendered":"https:\/\/netbakis.net\/?p=41618"},"modified":"2026-08-31T16:55:03","modified_gmt":"2026-08-31T16:55:03","slug":"erhurman-turkiyeden-gelecek-gemi-ile-batiga-ulasilmasi-hedefleniyor","status":"publish","type":"post","link":"https:\/\/netbakis.net\/tr\/41618\/","title":{"rendered":"Erh\u00fcrman: T\u00fcrkiye&#8217;den gelecek gemi ile bat\u0131\u011fa ula\u015f\u0131lmas\u0131 hedefleniyor"},"content":{"rendered":"<p class=\"wp-block-paragraph\">Cumhurba\u015fkan\u0131 Tufan Erh\u00fcrman, Girne a\u00e7\u0131klar\u0131nda meydana gelen gemi facias\u0131n\u0131n ard\u0131ndan Girne Turizm Liman\u0131\u2019nda bekleyen kay\u0131p yak\u0131nlar\u0131n\u0131 ziyaret etti. Erh\u00fcrman, T\u00fcrkiye\u2019den b\u00f6lgeye gelecek geminin ula\u015fmas\u0131n\u0131n ard\u0131ndan bat\u0131\u011fa eri\u015filmesinin hedeflendi\u011fini belirterek, arama-kurtarma \u00e7al\u0131\u015fmalar\u0131n\u0131n s\u00fcrd\u00fc\u011f\u00fcn\u00fc s\u00f6yledi.<br><br>Cumhurba\u015fkan\u0131\u00a0<a href=\"https:\/\/www.kibrispostasi.com\/keyword\/3\" target=\"_blank\" rel=\"noopener\"><\/a><a href=\"https:\/\/www.kibrispostasi.com\/keyword\/3\" target=\"_blank\" rel=\"noopener\"><\/a>Tufan Erh\u00fcrman, Girne a\u00e7\u0131klar\u0131nda meydana gelen gemi facias\u0131n\u0131n ard\u0131ndan Girne Turizm Liman\u0131\u2019nda bekleyen kay\u0131p yak\u0131nlar\u0131yla bir araya gelerek arama-kurtarma \u00e7al\u0131\u015fmalar\u0131 ve soru\u015fturma s\u00fcreci hakk\u0131nda a\u00e7\u0131klamalarda bulundu.<\/p>\n\n\n\n<p class=\"wp-block-paragraph\">Erh\u00fcrman, arama-kurtarma \u00e7al\u0131\u015fmalar\u0131n\u0131n gece g\u00fcnd\u00fcz kesintisiz s\u00fcrd\u00fc\u011f\u00fcn\u00fc belirterek, T\u00fcrkiye\u2019den yar\u0131n iki geminin b\u00f6lgeye gelece\u011fini ve gemilerden birinin yakla\u015f\u0131k 1000 metre derinli\u011fe kadar m\u00fcdahale edebilen robotik teknolojiye sahip oldu\u011funu s\u00f6yledi. Geminin 514 metre derinlikte bulundu\u011funun de\u011ferlendirildi\u011fini ifade eden Erh\u00fcrman, mevcut imkanlarla bat\u0131\u011fa dalg\u0131\u00e7larla m\u00fcdahale edilmesinin m\u00fcmk\u00fcn olmad\u0131\u011f\u0131n\u0131 kaydetti.<\/p>\n\n\n\n<p class=\"wp-block-paragraph\"><strong>ARAMA-KURTARMA \u00c7ALI\u015eMALARI KES\u0130NT\u0130S\u0130Z S\u00dcR\u00dcYOR<\/strong><\/p>\n\n\n\n<p class=\"wp-block-paragraph\">Erh\u00fcrman, denizden ve havadan y\u00fcr\u00fct\u00fclen arama-kurtarma \u00e7al\u0131\u015fmalar\u0131n\u0131n d\u00fcn oldu\u011fu gibi bug\u00fcn de ayn\u0131 yo\u011funlukta devam etti\u011fini belirtti.<\/p>\n\n\n\n<p class=\"wp-block-paragraph\">Gece saatlerinde de \u00e7al\u0131\u015fmalar\u0131n s\u00fcrd\u00fc\u011f\u00fcn\u00fc ve herhangi bir kesinti yap\u0131lmayaca\u011f\u0131n\u0131 vurgulayan Erh\u00fcrman, T\u00fcrkiye\u2019den yar\u0131n iki geminin arama-kurtarma \u00e7al\u0131\u015fmalar\u0131na kat\u0131laca\u011f\u0131n\u0131 a\u00e7\u0131klad\u0131.<\/p>\n\n\n\n<p class=\"wp-block-paragraph\">Erh\u00fcrman, s\u00f6z konusu gemilerden birinin yakla\u015f\u0131k 1000 metre derinli\u011fe kadar m\u00fcdahale kapasitesine sahip oldu\u011funu ve robotik teknolojiyle \u00e7al\u0131\u015fabildi\u011fini belirterek, bunun 514 metre derinlikte oldu\u011fu de\u011ferlendirilen bat\u0131\u011fa ula\u015f\u0131lmas\u0131 a\u00e7\u0131s\u0131ndan \u00f6nemli oldu\u011funu s\u00f6yledi.<\/p>\n\n\n\n<p class=\"wp-block-paragraph\">\u201cBuraya dalg\u0131\u00e7larla inmek m\u00fcmk\u00fcn de\u011fil. Dolay\u0131s\u0131yla T\u00fcrkiye\u2019den iki gemi bekliyoruz. Geminin \u00f6nemi \u015fu; bin metreye kadar inebiliyor. Bin metre a\u015fa\u011f\u0131ya inebilecek robotik teknolojisi olan bir gemi.\u201d diyen Erh\u00fcrman, \u00e7al\u0131\u015fmalar\u0131n kesintisiz s\u00fcrd\u00fcr\u00fclece\u011fini kaydetti.<\/p>\n\n\n\n<p class=\"wp-block-paragraph\">Erh\u00fcrman, geminin kara kutusuna ise hen\u00fcz ula\u015f\u0131lamad\u0131\u011f\u0131n\u0131 belirtti.<\/p>\n\n\n\n<p class=\"wp-block-paragraph\"><strong>\u201cB\u00dcT\u00dcN \u0130DD\u0130ALAR ARA\u015eTIRILACAK\u201d<\/strong><\/p>\n\n\n\n<p class=\"wp-block-paragraph\">Gemi facias\u0131na ili\u015fkin adli soru\u015fturman\u0131n devam etti\u011fini belirten Erh\u00fcrman, olay\u0131n idari boyutuyla ilgili de soru\u015fturma ba\u015flat\u0131ld\u0131\u011f\u0131n\u0131 s\u00f6yledi.<\/p>\n\n\n\n<p class=\"wp-block-paragraph\">Ortaya at\u0131lan \u00e7e\u015fitli iddialar\u0131n bulundu\u011funu ifade eden Erh\u00fcrman, bunlar\u0131n \u015fu a\u015famada yaln\u0131zca iddia niteli\u011finde oldu\u011funu vurgulad\u0131.<\/p>\n\n\n\n<p class=\"wp-block-paragraph\">\u201c\u0130ddialar var. Hepsi \u015fu an iddia a\u015famas\u0131nda. Spek\u00fclasyon do\u011fru de\u011fil. T\u00fcm iddialar ara\u015ft\u0131r\u0131lacak. Bas\u0131n bilgilendirilecek.\u201d diyen Erh\u00fcrman, soru\u015fturman\u0131n sonu\u00e7lar\u0131n\u0131n ortaya \u00e7\u0131kmas\u0131n\u0131n ard\u0131ndan kamuoyuna gerekli bilgilendirmenin yap\u0131laca\u011f\u0131n\u0131 belirtti.<\/p>\n\n\n\n<p class=\"wp-block-paragraph\">Erh\u00fcrman, kaptan ve gemiyle ilgili ortaya at\u0131lan iddialar\u0131n da soru\u015fturma kapsam\u0131nda dosyalanarak ara\u015ft\u0131r\u0131ld\u0131\u011f\u0131n\u0131 ifade ederek, spek\u00fclasyonlar \u00fczerinden hareket edilmemesi gerekti\u011fini s\u00f6yledi.<\/p>\n\n\n\n<p class=\"wp-block-paragraph\">\u201cSpek\u00fclasyonlar \u00fczerinden konu\u015fmak ciddiyetle ba\u011fda\u015fmaz ama bunlar\u0131n hepsi dikkate al\u0131n\u0131yor. Bunlarla ilgili sonuca ula\u015f\u0131ld\u0131ktan sonra bas\u0131n bilgilendirilecek.\u201d ifadelerini kulland\u0131.<\/p>\n\n\n\n<p class=\"wp-block-paragraph\"><strong>\u201cSON ANA KADAR T\u00dcM \u0130NSANLARIMIZA ULA\u015eMAYA \u00c7ALI\u015eACA\u011eIZ\u201d<\/strong><\/p>\n\n\n\n<p class=\"wp-block-paragraph\">Erh\u00fcrman, kay\u0131p ki\u015filere ula\u015f\u0131lmas\u0131 i\u00e7in \u00e7al\u0131\u015fmalar\u0131n son ana kadar s\u00fcrd\u00fcr\u00fclece\u011fini belirtti.<\/p>\n\n\n\n<p class=\"wp-block-paragraph\">\u201cUmudumuzu yitirmek istemiyoruz. B\u00fct\u00fcn \u00e7abam\u0131z, m\u00fcmk\u00fcn olan son ana kadar t\u00fcm insanlar\u0131m\u0131za ula\u015fmaya \u00e7al\u0131\u015fmak.\u201d diyen Erh\u00fcrman, devlet olarak kay\u0131p ki\u015filere ula\u015fmay\u0131 sorumluluk olarak g\u00f6rd\u00fcklerini kaydetti.<\/p>\n\n\n\n<p class=\"wp-block-paragraph\">Kay\u0131p say\u0131s\u0131n\u0131n 18 oldu\u011funu belirten Erh\u00fcrman, say\u0131 ve durumla ilgili daha net bilgilerin yar\u0131n payla\u015f\u0131laca\u011f\u0131n\u0131 s\u00f6yledi.<\/p>\n\n\n\n<p class=\"wp-block-paragraph\"><strong>A\u0130LELER B\u0130LG\u0130LEND\u0130R\u0130L\u0130YOR<\/strong><\/p>\n\n\n\n<p class=\"wp-block-paragraph\">Girne Turizm Liman\u0131\u2019nda bekleyen kay\u0131p yak\u0131nlar\u0131yla bir araya gelen Erh\u00fcrman, ailelerin bilgi alma talebinin hakl\u0131 oldu\u011funu belirtti.<\/p>\n\n\n\n<p class=\"wp-block-paragraph\">Baz\u0131 ailelerin bilgi alma s\u00fcrecinde T\u00fcrkiye Cumhuriyeti\u2019nin Lefko\u015fa B\u00fcy\u00fckel\u00e7ili\u011fi ile Polis Genel M\u00fcd\u00fcrl\u00fc\u011f\u00fc\u2019n\u00fcn devreye girdi\u011fini aktaran Erh\u00fcrman, \u201c\u0130nsanlar\u0131m\u0131z hakl\u0131 olarak daha s\u0131k bilgi istiyorlar. Ben de bu ama\u00e7la gelip aileleri g\u00f6rmek istedim.\u201d dedi.<\/p>\n\n\n\n<p class=\"wp-block-paragraph\">Erh\u00fcrman, kay\u0131p ki\u015filerin isimlerinin kamuoyuna toplu \u015fekilde a\u00e7\u0131klanmas\u0131 yerine kriz masas\u0131n\u0131n ailelere tek tek bilgi verme y\u00f6ntemini tercih etti\u011fini ifade etti.<\/p>\n\n\n\n<p class=\"wp-block-paragraph\"><strong>HAYATINI KAYBEDEN 8 K\u0130\u015e\u0130N\u0130N K\u0130ML\u0130\u011e\u0130 BEL\u0130RLEND\u0130<\/strong><\/p>\n\n\n\n<p class=\"wp-block-paragraph\">Erh\u00fcrman, hayat\u0131n\u0131 kaybeden 8 ki\u015finin ailelerine ula\u015f\u0131larak gerekli bilginin verildi\u011fini a\u00e7\u0131klad\u0131.<\/p>\n\n\n\n<p class=\"wp-block-paragraph\">Daha \u00f6nce 4 ki\u015finin kimli\u011finin belirlendi\u011finin a\u00e7\u0131klanmas\u0131n\u0131n ard\u0131ndan, yap\u0131lan \u00e7al\u0131\u015fmalar sonucunda faciada hayat\u0131n\u0131 kaybeden 8 ki\u015finin tamam\u0131n\u0131n kimliklerinin tespit edildi\u011fini bildiren Erh\u00fcrman, ailelerin tamam\u0131na ula\u015f\u0131ld\u0131\u011f\u0131n\u0131 kaydetti.<\/p>\n\n\n\n<p class=\"wp-block-paragraph\">Erh\u00fcrman, hayat\u0131n\u0131 kaybedenlerin ailelerine bilgi verildi\u011fini belirterek, arama-kurtarma \u00e7al\u0131\u015fmalar\u0131n\u0131n ise kay\u0131p ki\u015filere ula\u015f\u0131l\u0131ncaya kadar devam edece\u011fini s\u00f6yledi.<\/p>","protected":false},"excerpt":{"rendered":"<p>Cumhurba\u015fkan\u0131 Tufan Erh\u00fcrman, Girne a\u00e7\u0131klar\u0131nda meydana gelen gemi facias\u0131n\u0131n ard\u0131ndan Girne Turizm Liman\u0131\u2019nda bekleyen kay\u0131p yak\u0131nlar\u0131n\u0131 ziyaret etti. Erh\u00fcrman, T\u00fcrkiye\u2019den b\u00f6lgeye gelecek geminin ula\u015fmas\u0131n\u0131n ard\u0131ndan bat\u0131\u011fa eri\u015filmesinin hedeflendi\u011fini belirterek, arama-kurtarma \u00e7al\u0131\u015fmalar\u0131n\u0131n s\u00fcrd\u00fc\u011f\u00fcn\u00fc s\u00f6yledi. Cumhurba\u015fkan\u0131\u00a0Tufan Erh\u00fcrman, Girne a\u00e7\u0131klar\u0131nda meydana gelen gemi facias\u0131n\u0131n ard\u0131ndan Girne Turizm Liman\u0131\u2019nda bekleyen kay\u0131p yak\u0131nlar\u0131yla bir araya gelerek arama-kurtarma \u00e7al\u0131\u015fmalar\u0131 ve soru\u015fturma [&hellip;]<\/p>","protected":false},"author":1,"featured_media":41619,"comment_status":"open","ping_status":"open","sticky":false,"template":"","format":"standard","meta":{"om_disable_all_campaigns":false,"_monsterinsights_skip_tracking":false,"_monsterinsights_sitenote_active":false,"_monsterinsights_sitenote_note":"","_monsterinsights_sitenote_category":0,"_uf_show_specific_survey":0,"_uf_disable_surveys":false,"footnotes":"","jetpack_publicize_message":"","jetpack_publicize_feature_enabled":true,"jetpack_social_post_already_shared":true,"jetpack_social_options":{"image_generator_settings":{"template":"highway","default_image_id":0,"font":"","enabled":false},"version":2}},"categories":[81],"tags":[],"class_list":["post-41618","post","type-post","status-publish","format-standard","has-post-thumbnail","category-gundem"],"yoast_head":"<!-- This site is optimized with the Yoast SEO plugin v23.8 - https:\/\/yoast.com\/wordpress\/plugins\/seo\/ -->\n<title>Erh\u00fcrman: T\u00fcrkiye&#039;den gelecek gemi ile bat\u0131\u011fa ula\u015f\u0131lmas\u0131 hedefleniyor - NETBAKIS<\/title>\n<meta name=\"robots\" content=\"index, follow, max-snippet:-1, max-image-preview:large, max-video-preview:-1\" \/>\n<link rel=\"canonical\" href=\"https:\/\/netbakis.net\/tr\/41618\/\" \/>\n<meta property=\"og:locale\" content=\"tr_TR\" \/>\n<meta property=\"og:type\" content=\"article\" \/>\n<meta property=\"og:title\" content=\"Erh\u00fcrman: T\u00fcrkiye&#039;den gelecek gemi ile bat\u0131\u011fa ula\u015f\u0131lmas\u0131 hedefleniyor - NETBAKIS\" \/>\n<meta property=\"og:description\" content=\"Cumhurba\u015fkan\u0131 Tufan Erh\u00fcrman, Girne a\u00e7\u0131klar\u0131nda meydana gelen gemi facias\u0131n\u0131n ard\u0131ndan Girne Turizm Liman\u0131\u2019nda bekleyen kay\u0131p yak\u0131nlar\u0131n\u0131 ziyaret etti. Erh\u00fcrman, T\u00fcrkiye\u2019den b\u00f6lgeye gelecek geminin ula\u015fmas\u0131n\u0131n ard\u0131ndan bat\u0131\u011fa eri\u015filmesinin hedeflendi\u011fini belirterek, arama-kurtarma \u00e7al\u0131\u015fmalar\u0131n\u0131n s\u00fcrd\u00fc\u011f\u00fcn\u00fc s\u00f6yledi. Cumhurba\u015fkan\u0131\u00a0Tufan Erh\u00fcrman, Girne a\u00e7\u0131klar\u0131nda meydana gelen gemi facias\u0131n\u0131n ard\u0131ndan Girne Turizm Liman\u0131\u2019nda bekleyen kay\u0131p yak\u0131nlar\u0131yla bir araya gelerek arama-kurtarma \u00e7al\u0131\u015fmalar\u0131 ve soru\u015fturma [&hellip;]\" \/>\n<meta property=\"og:url\" content=\"https:\/\/netbakis.net\/tr\/41618\/\" \/>\n<meta property=\"og:site_name\" content=\"NETBAKIS\" \/>\n<meta property=\"article:published_time\" content=\"2026-08-31T16:55:02+00:00\" \/>\n<meta property=\"article:modified_time\" content=\"2026-08-31T16:55:03+00:00\" \/>\n<meta property=\"og:image\" content=\"https:\/\/netbakis.net\/wp-content\/uploads\/2026\/08\/v2normalhaberboyutuablonsuzkopyaskopyaskopyaskopyaskopyaskopyas-2026-08-31t161657808_1788182239.webp\" \/>\n\t<meta property=\"og:image:width\" content=\"971\" \/>\n\t<meta property=\"og:image:height\" content=\"551\" \/>\n\t<meta property=\"og:image:type\" content=\"image\/webp\" \/>\n<meta name=\"author\" content=\"netbakis.net\" \/>\n<meta name=\"twitter:card\" content=\"summary_large_image\" \/>\n<meta name=\"twitter:label1\" content=\"Yazan:\" \/>\n\t<meta name=\"twitter:data1\" content=\"netbakis.net\" \/>\n\t<meta name=\"twitter:label2\" content=\"Tahmini okuma s\u00fcresi\" \/>\n\t<meta name=\"twitter:data2\" content=\"3 dakika\" \/>\n<script type=\"application\/ld+json\" class=\"yoast-schema-graph\">{\"@context\":\"https:\/\/schema.org\",\"@graph\":[{\"@type\":\"WebPage\",\"@id\":\"https:\/\/netbakis.net\/41618\/\",\"url\":\"https:\/\/netbakis.net\/41618\/\",\"name\":\"Erh\u00fcrman: T\u00fcrkiye'den gelecek gemi ile bat\u0131\u011fa ula\u015f\u0131lmas\u0131 hedefleniyor - NETBAKIS\",\"isPartOf\":{\"@id\":\"https:\/\/netbakis.net\/#website\"},\"primaryImageOfPage\":{\"@id\":\"https:\/\/netbakis.net\/41618\/#primaryimage\"},\"image\":{\"@id\":\"https:\/\/netbakis.net\/41618\/#primaryimage\"},\"thumbnailUrl\":\"https:\/\/netbakis.net\/wp-content\/uploads\/2026\/08\/v2normalhaberboyutuablonsuzkopyaskopyaskopyaskopyaskopyaskopyas-2026-08-31t161657808_1788182239.webp\",\"datePublished\":\"2026-08-31T16:55:02+00:00\",\"dateModified\":\"2026-08-31T16:55:03+00:00\",\"author\":{\"@id\":\"https:\/\/netbakis.net\/#\/schema\/person\/5d9b5c3f48ca4a3c69967d619fc8c7f4\"},\"breadcrumb\":{\"@id\":\"https:\/\/netbakis.net\/41618\/#breadcrumb\"},\"inLanguage\":\"tr\",\"potentialAction\":[{\"@type\":\"ReadAction\",\"target\":[\"https:\/\/netbakis.net\/41618\/\"]}]},{\"@type\":\"ImageObject\",\"inLanguage\":\"tr\",\"@id\":\"https:\/\/netbakis.net\/41618\/#primaryimage\",\"url\":\"https:\/\/netbakis.net\/wp-content\/uploads\/2026\/08\/v2normalhaberboyutuablonsuzkopyaskopyaskopyaskopyaskopyaskopyas-2026-08-31t161657808_1788182239.webp\",\"contentUrl\":\"https:\/\/netbakis.net\/wp-content\/uploads\/2026\/08\/v2normalhaberboyutuablonsuzkopyaskopyaskopyaskopyaskopyaskopyas-2026-08-31t161657808_1788182239.webp\",\"width\":971,\"height\":551},{\"@type\":\"BreadcrumbList\",\"@id\":\"https:\/\/netbakis.net\/41618\/#breadcrumb\",\"itemListElement\":[{\"@type\":\"ListItem\",\"position\":1,\"name\":\"Home\",\"item\":\"https:\/\/netbakis.net\/\"},{\"@type\":\"ListItem\",\"position\":2,\"name\":\"Erh\u00fcrman: T\u00fcrkiye&#8217;den gelecek gemi ile bat\u0131\u011fa ula\u015f\u0131lmas\u0131 hedefleniyor\"}]},{\"@type\":\"WebSite\",\"@id\":\"https:\/\/netbakis.net\/#website\",\"url\":\"https:\/\/netbakis.net\/\",\"name\":\"NETBAKIS\",\"description\":\"SON DAKIKA\",\"potentialAction\":[{\"@type\":\"SearchAction\",\"target\":{\"@type\":\"EntryPoint\",\"urlTemplate\":\"https:\/\/netbakis.net\/?s={search_term_string}\"},\"query-input\":{\"@type\":\"PropertyValueSpecification\",\"valueRequired\":true,\"valueName\":\"search_term_string\"}}],\"inLanguage\":\"tr\"},{\"@type\":\"Person\",\"@id\":\"https:\/\/netbakis.net\/#\/schema\/person\/5d9b5c3f48ca4a3c69967d619fc8c7f4\",\"name\":\"netbakis.net\",\"image\":{\"@type\":\"ImageObject\",\"inLanguage\":\"tr\",\"@id\":\"https:\/\/netbakis.net\/#\/schema\/person\/image\/\",\"url\":\"https:\/\/secure.gravatar.com\/avatar\/4ddeae49d2d3e3568a8d5b0937642efdf0b72468dbe3f213bc1978faa47af0d1?s=96&d=wp_user_avatar&r=g\",\"contentUrl\":\"https:\/\/secure.gravatar.com\/avatar\/4ddeae49d2d3e3568a8d5b0937642efdf0b72468dbe3f213bc1978faa47af0d1?s=96&d=wp_user_avatar&r=g\",\"caption\":\"netbakis.net\"},\"sameAs\":[\"https:\/\/netbakis.net\"],\"url\":\"https:\/\/netbakis.net\/tr\/author\/netbakis-net\/\"}]}<\/script>\n<!-- \/ Yoast SEO plugin. -->","yoast_head_json":{"title":"Erh\u00fcrman: T\u00fcrkiye'den gelecek gemi ile bat\u0131\u011fa ula\u015f\u0131lmas\u0131 hedefleniyor - NETBAKIS","robots":{"index":"index","follow":"follow","max-snippet":"max-snippet:-1","max-image-preview":"max-image-preview:large","max-video-preview":"max-video-preview:-1"},"canonical":"https:\/\/netbakis.net\/tr\/41618\/","og_locale":"tr_TR","og_type":"article","og_title":"Erh\u00fcrman: T\u00fcrkiye'den gelecek gemi ile bat\u0131\u011fa ula\u015f\u0131lmas\u0131 hedefleniyor - NETBAKIS","og_description":"Cumhurba\u015fkan\u0131 Tufan Erh\u00fcrman, Girne a\u00e7\u0131klar\u0131nda meydana gelen gemi facias\u0131n\u0131n ard\u0131ndan Girne Turizm Liman\u0131\u2019nda bekleyen kay\u0131p yak\u0131nlar\u0131n\u0131 ziyaret etti. Erh\u00fcrman, T\u00fcrkiye\u2019den b\u00f6lgeye gelecek geminin ula\u015fmas\u0131n\u0131n ard\u0131ndan bat\u0131\u011fa eri\u015filmesinin hedeflendi\u011fini belirterek, arama-kurtarma \u00e7al\u0131\u015fmalar\u0131n\u0131n s\u00fcrd\u00fc\u011f\u00fcn\u00fc s\u00f6yledi. Cumhurba\u015fkan\u0131\u00a0Tufan Erh\u00fcrman, Girne a\u00e7\u0131klar\u0131nda meydana gelen gemi facias\u0131n\u0131n ard\u0131ndan Girne Turizm Liman\u0131\u2019nda bekleyen kay\u0131p yak\u0131nlar\u0131yla bir araya gelerek arama-kurtarma \u00e7al\u0131\u015fmalar\u0131 ve soru\u015fturma [&hellip;]","og_url":"https:\/\/netbakis.net\/tr\/41618\/","og_site_name":"NETBAKIS","article_published_time":"2026-08-31T16:55:02+00:00","article_modified_time":"2026-08-31T16:55:03+00:00","og_image":[{"width":971,"height":551,"url":"https:\/\/netbakis.net\/wp-content\/uploads\/2026\/08\/v2normalhaberboyutuablonsuzkopyaskopyaskopyaskopyaskopyaskopyas-2026-08-31t161657808_1788182239.webp","type":"image\/webp"}],"author":"netbakis.net","twitter_card":"summary_large_image","twitter_misc":{"Yazan:":"netbakis.net","Tahmini okuma s\u00fcresi":"3 dakika"},"schema":{"@context":"https:\/\/schema.org","@graph":[{"@type":"WebPage","@id":"https:\/\/netbakis.net\/41618\/","url":"https:\/\/netbakis.net\/41618\/","name":"Erh\u00fcrman: T\u00fcrkiye'den gelecek gemi ile bat\u0131\u011fa ula\u015f\u0131lmas\u0131 hedefleniyor - NETBAKIS","isPartOf":{"@id":"https:\/\/netbakis.net\/#website"},"primaryImageOfPage":{"@id":"https:\/\/netbakis.net\/41618\/#primaryimage"},"image":{"@id":"https:\/\/netbakis.net\/41618\/#primaryimage"},"thumbnailUrl":"https:\/\/netbakis.net\/wp-content\/uploads\/2026\/08\/v2normalhaberboyutuablonsuzkopyaskopyaskopyaskopyaskopyaskopyas-2026-08-31t161657808_1788182239.webp","datePublished":"2026-08-31T16:55:02+00:00","dateModified":"2026-08-31T16:55:03+00:00","author":{"@id":"https:\/\/netbakis.net\/#\/schema\/person\/5d9b5c3f48ca4a3c69967d619fc8c7f4"},"breadcrumb":{"@id":"https:\/\/netbakis.net\/41618\/#breadcrumb"},"inLanguage":"tr","potentialAction":[{"@type":"ReadAction","target":["https:\/\/netbakis.net\/41618\/"]}]},{"@type":"ImageObject","inLanguage":"tr","@id":"https:\/\/netbakis.net\/41618\/#primaryimage","url":"https:\/\/netbakis.net\/wp-content\/uploads\/2026\/08\/v2normalhaberboyutuablonsuzkopyaskopyaskopyaskopyaskopyaskopyas-2026-08-31t161657808_1788182239.webp","contentUrl":"https:\/\/netbakis.net\/wp-content\/uploads\/2026\/08\/v2normalhaberboyutuablonsuzkopyaskopyaskopyaskopyaskopyaskopyas-2026-08-31t161657808_1788182239.webp","width":971,"height":551},{"@type":"BreadcrumbList","@id":"https:\/\/netbakis.net\/41618\/#breadcrumb","itemListElement":[{"@type":"ListItem","position":1,"name":"Home","item":"https:\/\/netbakis.net\/"},{"@type":"ListItem","position":2,"name":"Erh\u00fcrman: T\u00fcrkiye&#8217;den gelecek gemi ile bat\u0131\u011fa ula\u015f\u0131lmas\u0131 hedefleniyor"}]},{"@type":"WebSite","@id":"https:\/\/netbakis.net\/#website","url":"https:\/\/netbakis.net\/","name":"NETBAKIS","description":"SON DAKIKA","potentialAction":[{"@type":"SearchAction","target":{"@type":"EntryPoint","urlTemplate":"https:\/\/netbakis.net\/?s={search_term_string}"},"query-input":{"@type":"PropertyValueSpecification","valueRequired":true,"valueName":"search_term_string"}}],"inLanguage":"tr"},{"@type":"Person","@id":"https:\/\/netbakis.net\/#\/schema\/person\/5d9b5c3f48ca4a3c69967d619fc8c7f4","name":"netbakis.net","image":{"@type":"ImageObject","inLanguage":"tr","@id":"https:\/\/netbakis.net\/#\/schema\/person\/image\/","url":"https:\/\/secure.gravatar.com\/avatar\/4ddeae49d2d3e3568a8d5b0937642efdf0b72468dbe3f213bc1978faa47af0d1?s=96&d=wp_user_avatar&r=g","contentUrl":"https:\/\/secure.gravatar.com\/avatar\/4ddeae49d2d3e3568a8d5b0937642efdf0b72468dbe3f213bc1978faa47af0d1?s=96&d=wp_user_avatar&r=g","caption":"netbakis.net"},"sameAs":["https:\/\/netbakis.net"],"url":"https:\/\/netbakis.net\/tr\/author\/netbakis-net\/"}]}},"jetpack_publicize_connections":[],"_links":{"self":[{"href":"https:\/\/netbakis.net\/tr\/wp-json\/wp\/v2\/posts\/41618","targetHints":{"allow":["GET"]}}],"collection":[{"href":"https:\/\/netbakis.net\/tr\/wp-json\/wp\/v2\/posts"}],"about":[{"href":"https:\/\/netbakis.net\/tr\/wp-json\/wp\/v2\/types\/post"}],"author":[{"embeddable":true,"href":"https:\/\/netbakis.net\/tr\/wp-json\/wp\/v2\/users\/1"}],"replies":[{"embeddable":true,"href":"https:\/\/netbakis.net\/tr\/wp-json\/wp\/v2\/comments?post=41618"}],"version-history":[{"count":1,"href":"https:\/\/netbakis.net\/tr\/wp-json\/wp\/v2\/posts\/41618\/revisions"}],"predecessor-version":[{"id":41620,"href":"https:\/\/netbakis.net\/tr\/wp-json\/wp\/v2\/posts\/41618\/revisions\/41620"}],"wp:featuredmedia":[{"embeddable":true,"href":"https:\/\/netbakis.net\/tr\/wp-json\/wp\/v2\/media\/41619"}],"wp:attachment":[{"href":"https:\/\/netbakis.net\/tr\/wp-json\/wp\/v2\/media?parent=41618"}],"wp:term":[{"taxonomy":"category","embeddable":true,"href":"https:\/\/netbakis.net\/tr\/wp-json\/wp\/v2\/categories?post=41618"},{"taxonomy":"post_tag","embeddable":true,"href":"https:\/\/netbakis.net\/tr\/wp-json\/wp\/v2\/tags?post=41618"}],"curies":[{"name":"wp","href":"https:\/\/api.w.org\/{rel}","templated":true}]}}