{"id":41615,"date":"2026-08-31T16:54:08","date_gmt":"2026-08-31T16:54:08","guid":{"rendered":"https:\/\/netbakis.net\/?p=41615"},"modified":"2026-08-31T16:54:10","modified_gmt":"2026-08-31T16:54:10","slug":"girne-aciklarindaki-faciada-hayatini-kaybeden-8-kisinin-ve-denizde-kaybolan-20-kisinin-isimleri-aciklandi","status":"publish","type":"post","link":"https:\/\/netbakis.net\/tr\/41615\/","title":{"rendered":"Girne a\u00e7\u0131klar\u0131ndaki faciada hayat\u0131n\u0131 kaybeden 8 ki\u015finin ve denizde kaybolan 20 ki\u015finin isimleri a\u00e7\u0131kland\u0131!"},"content":{"rendered":"<p class=\"wp-block-paragraph\">Ba\u015fbakan \u00dcnal \u00dcstel, Girne a\u00e7\u0131klar\u0131nda ya\u015fanan deniz felaketinin ard\u0131ndan y\u00fcr\u00fct\u00fclen arama kurtarma \u00e7al\u0131\u015fmalar\u0131n\u0131n T\u00fcrkiye Cumhuriyeti\u2019nin deste\u011fi ve ilgili t\u00fcm birimlerin kat\u0131l\u0131m\u0131yla 7 g\u00fcn 24 saat esas\u0131na g\u00f6re s\u00fcrd\u00fc\u011f\u00fcn\u00fc a\u00e7\u0131klad\u0131. \u00dcstel, gemide bulunan 239 ki\u015fiye sa\u011f olarak ula\u015f\u0131ld\u0131\u011f\u0131n\u0131, 8 ki\u015finin hayat\u0131n\u0131 kaybetti\u011finin kesinle\u015fti\u011fini, 20 ki\u015finin ise halen kay\u0131p oldu\u011funu bildirdi.<br><br>Ba\u015fbakan\u00a0<a href=\"https:\/\/www.kibrispostasi.com\/keyword\/34\" target=\"_blank\" rel=\"noopener\"><\/a><a href=\"https:\/\/www.kibrispostasi.com\/keyword\/34\" target=\"_blank\" rel=\"noopener\"><\/a>\u00dcnal \u00dcstel, Girne a\u00e7\u0131klar\u0131nda ya\u015fanan deniz felaketinin ard\u0131ndan y\u00fcr\u00fct\u00fclen arama kurtarma \u00e7al\u0131\u015fmalar\u0131na ili\u015fkin g\u00fcncel bilgileri kamuoyuyla payla\u015ft\u0131.<\/p>\n\n\n\n<p class=\"wp-block-paragraph\">\u00dcstel, arama kurtarma \u00e7al\u0131\u015fmalar\u0131n\u0131n T\u00fcrkiye Cumhuriyeti\u2019nin g\u00fc\u00e7l\u00fc deste\u011fi ve ilgili t\u00fcm birimlerin yo\u011fun gayretiyle 7 g\u00fcn 24 saat esas\u0131na g\u00f6re aral\u0131ks\u0131z s\u00fcrd\u00fc\u011f\u00fcn\u00fc belirtti.<\/p>\n\n\n\n<p class=\"wp-block-paragraph\">Denizden ve havadan arama kurtarma faaliyetlerinin devam etti\u011fini ifade eden \u00dcstel, bir yandan da Polis Te\u015fkilat\u0131 ve ilgili kurumlar taraf\u0131ndan olay\u0131n t\u00fcm y\u00f6nleriyle ayd\u0131nlat\u0131lmas\u0131 amac\u0131yla kapsaml\u0131 ve titiz \u00e7al\u0131\u015fmalar y\u00fcr\u00fct\u00fcld\u00fc\u011f\u00fcn\u00fc kaydetti.<\/p>\n\n\n\n<p class=\"wp-block-paragraph\"><strong>2 K\u0130\u015e\u0130 DAHA KAYIP L\u0130STES\u0130NE EKLEND\u0130<\/strong><\/p>\n\n\n\n<p class=\"wp-block-paragraph\">Polisin yapt\u0131\u011f\u0131 incelemeler, al\u0131nan ifadeler, yolcu bilgilerinin kar\u015f\u0131la\u015ft\u0131r\u0131lmas\u0131 ve ki\u015filere tek tek ula\u015f\u0131larak yap\u0131lan teyitler sonucunda, olay\u0131n ilk an\u0131ndan itibaren farkl\u0131 kaynaklardan elde edilen bilgilerin yeniden de\u011ferlendirildi\u011fini belirten \u00dcstel, en g\u00fcncel verilerin ortaya \u00e7\u0131kar\u0131ld\u0131\u011f\u0131n\u0131 s\u00f6yledi.<\/p>\n\n\n\n<p class=\"wp-block-paragraph\">\u00dcstel, bu \u00e7al\u0131\u015fmalar sonucunda daha \u00f6nce kurtar\u0131lan ki\u015filer aras\u0131nda de\u011ferlendirilen&nbsp;<strong>2 ki\u015finin, ayr\u0131nt\u0131l\u0131 inceleme ve teyitlerin ard\u0131ndan kay\u0131p ki\u015filer aras\u0131nda bulundu\u011funun tespit edildi\u011fini<\/strong>&nbsp;a\u00e7\u0131klad\u0131.<\/p>\n\n\n\n<p class=\"wp-block-paragraph\">G\u00fcncellenen verilere g\u00f6re gemide bulunan&nbsp;<strong>239 ki\u015fiye sa\u011f olarak ula\u015f\u0131ld\u0131. 8 ki\u015finin hayat\u0131n\u0131 kaybetti\u011fi kesinle\u015firken, kay\u0131p 20 ki\u015fi i\u00e7in arama kurtarma \u00e7al\u0131\u015fmalar\u0131 s\u00fcr\u00fcyor.<\/strong><\/p>\n\n\n\n<p class=\"wp-block-paragraph\"><strong>HAYATINI KAYBEDEN 8 K\u0130\u015e\u0130:<\/strong><\/p>\n\n\n\n<p class=\"wp-block-paragraph\">\u00dcstel\u2019in a\u00e7\u0131klad\u0131\u011f\u0131 listede hayat\u0131n\u0131 kaybeden 8 ki\u015finin tamam\u0131n\u0131n T\u00fcrkiye Cumhuriyeti vatanda\u015f\u0131 oldu\u011fu belirtildi.<\/p>\n\n\n\n<ol class=\"wp-block-list\">\n<li>Nihat Balyemez \u2013 T\u00fcrkiye Cumhuriyeti<\/li>\n\n\n\n<li>H\u00fcseyin \u00d6zdemir \u2013 T\u00fcrkiye Cumhuriyeti<\/li>\n\n\n\n<li>Nuray Zeytun \u2013 T\u00fcrkiye Cumhuriyeti<\/li>\n\n\n\n<li>Fahri Ate\u015f \u2013 T\u00fcrkiye Cumhuriyeti<\/li>\n\n\n\n<li>G\u00fclcan G\u00fcrel \u2013 T\u00fcrkiye Cumhuriyeti<\/li>\n\n\n\n<li>Reyhan Verim \u2013 T\u00fcrkiye Cumhuriyeti<\/li>\n\n\n\n<li>Nisa Torer \u2013 T\u00fcrkiye Cumhuriyeti<\/li>\n\n\n\n<li>Nurcan Hilalo\u011flu \u2013 T\u00fcrkiye Cumhuriyeti<\/li>\n<\/ol>\n\n\n\n<p class=\"wp-block-paragraph\"><strong>KAYIP 20 K\u0130\u015e\u0130:<\/strong><\/p>\n\n\n\n<p class=\"wp-block-paragraph\">Arama kurtarma ekiplerinin ula\u015fmaya \u00e7al\u0131\u015ft\u0131\u011f\u0131 20 ki\u015finin isimleri ve vatanda\u015fl\u0131klar\u0131 ise \u015f\u00f6yle:<\/p>\n\n\n\n<ol class=\"wp-block-list\">\n<li>Ferdi T\u00f6rer \u2013 T\u00fcrkiye Cumhuriyeti<\/li>\n\n\n\n<li>Mustafa Demir \u2013 T\u00fcrkiye Cumhuriyeti<\/li>\n\n\n\n<li>Mahmut Demir \u2013 T\u00fcrkiye Cumhuriyeti<\/li>\n\n\n\n<li>\u00d6zg\u00fcr G\u00f6n\u00fcl \u2013 T\u00fcrkiye Cumhuriyeti<\/li>\n\n\n\n<li>Anni Azel Hilalo\u011flu \u2013 T\u00fcrkiye Cumhuriyeti<\/li>\n\n\n\n<li>\u015eerif \u00d6zdemir \u2013 T\u00fcrkiye Cumhuriyeti<\/li>\n\n\n\n<li>S\u00fcleyman Erdo\u011fan \u2013 KKTC<\/li>\n\n\n\n<li>Saliha Miray Bi\u00e7er \u2013 T\u00fcrkiye Cumhuriyeti<\/li>\n\n\n\n<li>Mehmet Asaf Bi\u00e7er \u2013 T\u00fcrkiye Cumhuriyeti<\/li>\n\n\n\n<li>Orhan Bekret \u2013 T\u00fcrkiye Cumhuriyeti<\/li>\n\n\n\n<li>Nazmiye \u00d6zbolat \u2013 T\u00fcrkiye Cumhuriyeti<\/li>\n\n\n\n<li>Elmas Demir \u2013 T\u00fcrkiye Cumhuriyeti<\/li>\n\n\n\n<li>\u0130smail Kurt \u2013 KKTC<\/li>\n\n\n\n<li>Yulia \u00d6zcan \u2013 T\u00fcrkiye Cumhuriyeti<\/li>\n\n\n\n<li>Ayhan \u00d6zcan \u2013 T\u00fcrkiye Cumhuriyeti<\/li>\n\n\n\n<li>Elife Bay\u0131r \u2013 T\u00fcrkiye Cumhuriyeti<\/li>\n\n\n\n<li>Nihat Pancar \u2013 T\u00fcrkiye Cumhuriyeti<\/li>\n\n\n\n<li>Mustafa Kemal Yaral\u0131 \u2013 T\u00fcrkiye Cumhuriyeti<\/li>\n\n\n\n<li>Mehmet Bayhan \u2013 T\u00fcrkiye Cumhuriyeti<\/li>\n\n\n\n<li>Mehmet Nuri Ayran \u2013 T\u00fcrkiye Cumhuriyeti<\/li>\n<\/ol>\n\n\n\n<p class=\"wp-block-paragraph\">\u00dcstel, \u015fu anda b\u00fct\u00fcn \u00f6nceli\u011fin kay\u0131p 20 ki\u015fiye ula\u015fmak oldu\u011funu vurgulad\u0131.<\/p>\n\n\n\n<p class=\"wp-block-paragraph\">Arama kurtarma ekiplerinin denizden ve havadan \u00e7al\u0131\u015fmalar\u0131n\u0131 7\/24 s\u00fcrd\u00fcrd\u00fc\u011f\u00fcn\u00fc belirten \u00dcstel, kay\u0131plara ula\u015fabilmek i\u00e7in devletin t\u00fcm imkanlar\u0131n\u0131n seferber edildi\u011fini ifade etti.<\/p>\n\n\n\n<p class=\"wp-block-paragraph\">\u00dcstel, a\u00e7\u0131klamas\u0131nda umudun korundu\u011funu belirterek, ekiplerin yo\u011fun \u00e7al\u0131\u015fmalar\u0131ndan gelecek g\u00fczel haberlerin beklendi\u011fini s\u00f6yledi.<\/p>\n\n\n\n<p class=\"wp-block-paragraph\">\u00dcstel, \u201cDualar\u0131m\u0131z kay\u0131plar\u0131m\u0131zla, hayat\u0131n\u0131 kaybeden vatanda\u015flar\u0131m\u0131zla ve umutla g\u00fczel haber bekleyen aileleriyle birliktedir\u201d ifadelerini kulland\u0131.<\/p>","protected":false},"excerpt":{"rendered":"<p>Ba\u015fbakan \u00dcnal \u00dcstel, Girne a\u00e7\u0131klar\u0131nda ya\u015fanan deniz felaketinin ard\u0131ndan y\u00fcr\u00fct\u00fclen arama kurtarma \u00e7al\u0131\u015fmalar\u0131n\u0131n T\u00fcrkiye Cumhuriyeti\u2019nin deste\u011fi ve ilgili t\u00fcm birimlerin kat\u0131l\u0131m\u0131yla 7 g\u00fcn 24 saat esas\u0131na g\u00f6re s\u00fcrd\u00fc\u011f\u00fcn\u00fc a\u00e7\u0131klad\u0131. \u00dcstel, gemide bulunan 239 ki\u015fiye sa\u011f olarak ula\u015f\u0131ld\u0131\u011f\u0131n\u0131, 8 ki\u015finin hayat\u0131n\u0131 kaybetti\u011finin kesinle\u015fti\u011fini, 20 ki\u015finin ise halen kay\u0131p oldu\u011funu bildirdi. Ba\u015fbakan\u00a0\u00dcnal \u00dcstel, Girne a\u00e7\u0131klar\u0131nda ya\u015fanan deniz [&hellip;]<\/p>","protected":false},"author":1,"featured_media":41616,"comment_status":"open","ping_status":"open","sticky":false,"template":"","format":"standard","meta":{"om_disable_all_campaigns":false,"_monsterinsights_skip_tracking":false,"_monsterinsights_sitenote_active":false,"_monsterinsights_sitenote_note":"","_monsterinsights_sitenote_category":0,"_uf_show_specific_survey":0,"_uf_disable_surveys":false,"footnotes":"","jetpack_publicize_message":"","jetpack_publicize_feature_enabled":true,"jetpack_social_post_already_shared":true,"jetpack_social_options":{"image_generator_settings":{"template":"highway","default_image_id":0,"font":"","enabled":false},"version":2}},"categories":[81],"tags":[],"class_list":["post-41615","post","type-post","status-publish","format-standard","has-post-thumbnail","category-gundem"],"yoast_head":"<!-- This site is optimized with the Yoast SEO plugin v23.8 - https:\/\/yoast.com\/wordpress\/plugins\/seo\/ -->\n<title>Girne a\u00e7\u0131klar\u0131ndaki faciada hayat\u0131n\u0131 kaybeden 8 ki\u015finin ve denizde kaybolan 20 ki\u015finin isimleri a\u00e7\u0131kland\u0131! - NETBAKIS<\/title>\n<meta name=\"robots\" content=\"index, follow, max-snippet:-1, max-image-preview:large, max-video-preview:-1\" \/>\n<link rel=\"canonical\" href=\"https:\/\/netbakis.net\/tr\/41615\/\" \/>\n<meta property=\"og:locale\" content=\"tr_TR\" \/>\n<meta property=\"og:type\" content=\"article\" \/>\n<meta property=\"og:title\" content=\"Girne a\u00e7\u0131klar\u0131ndaki faciada hayat\u0131n\u0131 kaybeden 8 ki\u015finin ve denizde kaybolan 20 ki\u015finin isimleri a\u00e7\u0131kland\u0131! - NETBAKIS\" \/>\n<meta property=\"og:description\" content=\"Ba\u015fbakan \u00dcnal \u00dcstel, Girne a\u00e7\u0131klar\u0131nda ya\u015fanan deniz felaketinin ard\u0131ndan y\u00fcr\u00fct\u00fclen arama kurtarma \u00e7al\u0131\u015fmalar\u0131n\u0131n T\u00fcrkiye Cumhuriyeti\u2019nin deste\u011fi ve ilgili t\u00fcm birimlerin kat\u0131l\u0131m\u0131yla 7 g\u00fcn 24 saat esas\u0131na g\u00f6re s\u00fcrd\u00fc\u011f\u00fcn\u00fc a\u00e7\u0131klad\u0131. \u00dcstel, gemide bulunan 239 ki\u015fiye sa\u011f olarak ula\u015f\u0131ld\u0131\u011f\u0131n\u0131, 8 ki\u015finin hayat\u0131n\u0131 kaybetti\u011finin kesinle\u015fti\u011fini, 20 ki\u015finin ise halen kay\u0131p oldu\u011funu bildirdi. Ba\u015fbakan\u00a0\u00dcnal \u00dcstel, Girne a\u00e7\u0131klar\u0131nda ya\u015fanan deniz [&hellip;]\" \/>\n<meta property=\"og:url\" content=\"https:\/\/netbakis.net\/tr\/41615\/\" \/>\n<meta property=\"og:site_name\" content=\"NETBAKIS\" \/>\n<meta property=\"article:published_time\" content=\"2026-08-31T16:54:08+00:00\" \/>\n<meta property=\"article:modified_time\" content=\"2026-08-31T16:54:10+00:00\" \/>\n<meta property=\"og:image\" content=\"https:\/\/netbakis.net\/wp-content\/uploads\/2026\/08\/v2evde16gramuyuturucubulundu3zanltutuklu89_1788179146.webp\" \/>\n\t<meta property=\"og:image:width\" content=\"971\" \/>\n\t<meta property=\"og:image:height\" content=\"551\" \/>\n\t<meta property=\"og:image:type\" content=\"image\/webp\" \/>\n<meta name=\"author\" content=\"netbakis.net\" \/>\n<meta name=\"twitter:card\" content=\"summary_large_image\" \/>\n<meta name=\"twitter:label1\" content=\"Yazan:\" \/>\n\t<meta name=\"twitter:data1\" content=\"netbakis.net\" \/>\n\t<meta name=\"twitter:label2\" content=\"Tahmini okuma s\u00fcresi\" \/>\n\t<meta name=\"twitter:data2\" content=\"3 dakika\" \/>\n<script type=\"application\/ld+json\" class=\"yoast-schema-graph\">{\"@context\":\"https:\/\/schema.org\",\"@graph\":[{\"@type\":\"WebPage\",\"@id\":\"https:\/\/netbakis.net\/41615\/\",\"url\":\"https:\/\/netbakis.net\/41615\/\",\"name\":\"Girne a\u00e7\u0131klar\u0131ndaki faciada hayat\u0131n\u0131 kaybeden 8 ki\u015finin ve denizde kaybolan 20 ki\u015finin isimleri a\u00e7\u0131kland\u0131! - NETBAKIS\",\"isPartOf\":{\"@id\":\"https:\/\/netbakis.net\/#website\"},\"primaryImageOfPage\":{\"@id\":\"https:\/\/netbakis.net\/41615\/#primaryimage\"},\"image\":{\"@id\":\"https:\/\/netbakis.net\/41615\/#primaryimage\"},\"thumbnailUrl\":\"https:\/\/netbakis.net\/wp-content\/uploads\/2026\/08\/v2evde16gramuyuturucubulundu3zanltutuklu89_1788179146.webp\",\"datePublished\":\"2026-08-31T16:54:08+00:00\",\"dateModified\":\"2026-08-31T16:54:10+00:00\",\"author\":{\"@id\":\"https:\/\/netbakis.net\/#\/schema\/person\/5d9b5c3f48ca4a3c69967d619fc8c7f4\"},\"breadcrumb\":{\"@id\":\"https:\/\/netbakis.net\/41615\/#breadcrumb\"},\"inLanguage\":\"tr\",\"potentialAction\":[{\"@type\":\"ReadAction\",\"target\":[\"https:\/\/netbakis.net\/41615\/\"]}]},{\"@type\":\"ImageObject\",\"inLanguage\":\"tr\",\"@id\":\"https:\/\/netbakis.net\/41615\/#primaryimage\",\"url\":\"https:\/\/netbakis.net\/wp-content\/uploads\/2026\/08\/v2evde16gramuyuturucubulundu3zanltutuklu89_1788179146.webp\",\"contentUrl\":\"https:\/\/netbakis.net\/wp-content\/uploads\/2026\/08\/v2evde16gramuyuturucubulundu3zanltutuklu89_1788179146.webp\",\"width\":971,\"height\":551},{\"@type\":\"BreadcrumbList\",\"@id\":\"https:\/\/netbakis.net\/41615\/#breadcrumb\",\"itemListElement\":[{\"@type\":\"ListItem\",\"position\":1,\"name\":\"Home\",\"item\":\"https:\/\/netbakis.net\/\"},{\"@type\":\"ListItem\",\"position\":2,\"name\":\"Girne a\u00e7\u0131klar\u0131ndaki faciada hayat\u0131n\u0131 kaybeden 8 ki\u015finin ve denizde kaybolan 20 ki\u015finin isimleri a\u00e7\u0131kland\u0131!\"}]},{\"@type\":\"WebSite\",\"@id\":\"https:\/\/netbakis.net\/#website\",\"url\":\"https:\/\/netbakis.net\/\",\"name\":\"NETBAKIS\",\"description\":\"SON DAKIKA\",\"potentialAction\":[{\"@type\":\"SearchAction\",\"target\":{\"@type\":\"EntryPoint\",\"urlTemplate\":\"https:\/\/netbakis.net\/?s={search_term_string}\"},\"query-input\":{\"@type\":\"PropertyValueSpecification\",\"valueRequired\":true,\"valueName\":\"search_term_string\"}}],\"inLanguage\":\"tr\"},{\"@type\":\"Person\",\"@id\":\"https:\/\/netbakis.net\/#\/schema\/person\/5d9b5c3f48ca4a3c69967d619fc8c7f4\",\"name\":\"netbakis.net\",\"image\":{\"@type\":\"ImageObject\",\"inLanguage\":\"tr\",\"@id\":\"https:\/\/netbakis.net\/#\/schema\/person\/image\/\",\"url\":\"https:\/\/secure.gravatar.com\/avatar\/4ddeae49d2d3e3568a8d5b0937642efdf0b72468dbe3f213bc1978faa47af0d1?s=96&d=wp_user_avatar&r=g\",\"contentUrl\":\"https:\/\/secure.gravatar.com\/avatar\/4ddeae49d2d3e3568a8d5b0937642efdf0b72468dbe3f213bc1978faa47af0d1?s=96&d=wp_user_avatar&r=g\",\"caption\":\"netbakis.net\"},\"sameAs\":[\"https:\/\/netbakis.net\"],\"url\":\"https:\/\/netbakis.net\/tr\/author\/netbakis-net\/\"}]}<\/script>\n<!-- \/ Yoast SEO plugin. -->","yoast_head_json":{"title":"Girne a\u00e7\u0131klar\u0131ndaki faciada hayat\u0131n\u0131 kaybeden 8 ki\u015finin ve denizde kaybolan 20 ki\u015finin isimleri a\u00e7\u0131kland\u0131! - NETBAKIS","robots":{"index":"index","follow":"follow","max-snippet":"max-snippet:-1","max-image-preview":"max-image-preview:large","max-video-preview":"max-video-preview:-1"},"canonical":"https:\/\/netbakis.net\/tr\/41615\/","og_locale":"tr_TR","og_type":"article","og_title":"Girne a\u00e7\u0131klar\u0131ndaki faciada hayat\u0131n\u0131 kaybeden 8 ki\u015finin ve denizde kaybolan 20 ki\u015finin isimleri a\u00e7\u0131kland\u0131! - NETBAKIS","og_description":"Ba\u015fbakan \u00dcnal \u00dcstel, Girne a\u00e7\u0131klar\u0131nda ya\u015fanan deniz felaketinin ard\u0131ndan y\u00fcr\u00fct\u00fclen arama kurtarma \u00e7al\u0131\u015fmalar\u0131n\u0131n T\u00fcrkiye Cumhuriyeti\u2019nin deste\u011fi ve ilgili t\u00fcm birimlerin kat\u0131l\u0131m\u0131yla 7 g\u00fcn 24 saat esas\u0131na g\u00f6re s\u00fcrd\u00fc\u011f\u00fcn\u00fc a\u00e7\u0131klad\u0131. \u00dcstel, gemide bulunan 239 ki\u015fiye sa\u011f olarak ula\u015f\u0131ld\u0131\u011f\u0131n\u0131, 8 ki\u015finin hayat\u0131n\u0131 kaybetti\u011finin kesinle\u015fti\u011fini, 20 ki\u015finin ise halen kay\u0131p oldu\u011funu bildirdi. Ba\u015fbakan\u00a0\u00dcnal \u00dcstel, Girne a\u00e7\u0131klar\u0131nda ya\u015fanan deniz [&hellip;]","og_url":"https:\/\/netbakis.net\/tr\/41615\/","og_site_name":"NETBAKIS","article_published_time":"2026-08-31T16:54:08+00:00","article_modified_time":"2026-08-31T16:54:10+00:00","og_image":[{"width":971,"height":551,"url":"https:\/\/netbakis.net\/wp-content\/uploads\/2026\/08\/v2evde16gramuyuturucubulundu3zanltutuklu89_1788179146.webp","type":"image\/webp"}],"author":"netbakis.net","twitter_card":"summary_large_image","twitter_misc":{"Yazan:":"netbakis.net","Tahmini okuma s\u00fcresi":"3 dakika"},"schema":{"@context":"https:\/\/schema.org","@graph":[{"@type":"WebPage","@id":"https:\/\/netbakis.net\/41615\/","url":"https:\/\/netbakis.net\/41615\/","name":"Girne a\u00e7\u0131klar\u0131ndaki faciada hayat\u0131n\u0131 kaybeden 8 ki\u015finin ve denizde kaybolan 20 ki\u015finin isimleri a\u00e7\u0131kland\u0131! - NETBAKIS","isPartOf":{"@id":"https:\/\/netbakis.net\/#website"},"primaryImageOfPage":{"@id":"https:\/\/netbakis.net\/41615\/#primaryimage"},"image":{"@id":"https:\/\/netbakis.net\/41615\/#primaryimage"},"thumbnailUrl":"https:\/\/netbakis.net\/wp-content\/uploads\/2026\/08\/v2evde16gramuyuturucubulundu3zanltutuklu89_1788179146.webp","datePublished":"2026-08-31T16:54:08+00:00","dateModified":"2026-08-31T16:54:10+00:00","author":{"@id":"https:\/\/netbakis.net\/#\/schema\/person\/5d9b5c3f48ca4a3c69967d619fc8c7f4"},"breadcrumb":{"@id":"https:\/\/netbakis.net\/41615\/#breadcrumb"},"inLanguage":"tr","potentialAction":[{"@type":"ReadAction","target":["https:\/\/netbakis.net\/41615\/"]}]},{"@type":"ImageObject","inLanguage":"tr","@id":"https:\/\/netbakis.net\/41615\/#primaryimage","url":"https:\/\/netbakis.net\/wp-content\/uploads\/2026\/08\/v2evde16gramuyuturucubulundu3zanltutuklu89_1788179146.webp","contentUrl":"https:\/\/netbakis.net\/wp-content\/uploads\/2026\/08\/v2evde16gramuyuturucubulundu3zanltutuklu89_1788179146.webp","width":971,"height":551},{"@type":"BreadcrumbList","@id":"https:\/\/netbakis.net\/41615\/#breadcrumb","itemListElement":[{"@type":"ListItem","position":1,"name":"Home","item":"https:\/\/netbakis.net\/"},{"@type":"ListItem","position":2,"name":"Girne a\u00e7\u0131klar\u0131ndaki faciada hayat\u0131n\u0131 kaybeden 8 ki\u015finin ve denizde kaybolan 20 ki\u015finin isimleri a\u00e7\u0131kland\u0131!"}]},{"@type":"WebSite","@id":"https:\/\/netbakis.net\/#website","url":"https:\/\/netbakis.net\/","name":"NETBAKIS","description":"SON DAKIKA","potentialAction":[{"@type":"SearchAction","target":{"@type":"EntryPoint","urlTemplate":"https:\/\/netbakis.net\/?s={search_term_string}"},"query-input":{"@type":"PropertyValueSpecification","valueRequired":true,"valueName":"search_term_string"}}],"inLanguage":"tr"},{"@type":"Person","@id":"https:\/\/netbakis.net\/#\/schema\/person\/5d9b5c3f48ca4a3c69967d619fc8c7f4","name":"netbakis.net","image":{"@type":"ImageObject","inLanguage":"tr","@id":"https:\/\/netbakis.net\/#\/schema\/person\/image\/","url":"https:\/\/secure.gravatar.com\/avatar\/4ddeae49d2d3e3568a8d5b0937642efdf0b72468dbe3f213bc1978faa47af0d1?s=96&d=wp_user_avatar&r=g","contentUrl":"https:\/\/secure.gravatar.com\/avatar\/4ddeae49d2d3e3568a8d5b0937642efdf0b72468dbe3f213bc1978faa47af0d1?s=96&d=wp_user_avatar&r=g","caption":"netbakis.net"},"sameAs":["https:\/\/netbakis.net"],"url":"https:\/\/netbakis.net\/tr\/author\/netbakis-net\/"}]}},"jetpack_publicize_connections":[],"_links":{"self":[{"href":"https:\/\/netbakis.net\/tr\/wp-json\/wp\/v2\/posts\/41615","targetHints":{"allow":["GET"]}}],"collection":[{"href":"https:\/\/netbakis.net\/tr\/wp-json\/wp\/v2\/posts"}],"about":[{"href":"https:\/\/netbakis.net\/tr\/wp-json\/wp\/v2\/types\/post"}],"author":[{"embeddable":true,"href":"https:\/\/netbakis.net\/tr\/wp-json\/wp\/v2\/users\/1"}],"replies":[{"embeddable":true,"href":"https:\/\/netbakis.net\/tr\/wp-json\/wp\/v2\/comments?post=41615"}],"version-history":[{"count":1,"href":"https:\/\/netbakis.net\/tr\/wp-json\/wp\/v2\/posts\/41615\/revisions"}],"predecessor-version":[{"id":41617,"href":"https:\/\/netbakis.net\/tr\/wp-json\/wp\/v2\/posts\/41615\/revisions\/41617"}],"wp:featuredmedia":[{"embeddable":true,"href":"https:\/\/netbakis.net\/tr\/wp-json\/wp\/v2\/media\/41616"}],"wp:attachment":[{"href":"https:\/\/netbakis.net\/tr\/wp-json\/wp\/v2\/media?parent=41615"}],"wp:term":[{"taxonomy":"category","embeddable":true,"href":"https:\/\/netbakis.net\/tr\/wp-json\/wp\/v2\/categories?post=41615"},{"taxonomy":"post_tag","embeddable":true,"href":"https:\/\/netbakis.net\/tr\/wp-json\/wp\/v2\/tags?post=41615"}],"curies":[{"name":"wp","href":"https:\/\/api.w.org\/{rel}","templated":true}]}}