{"id":41606,"date":"2026-08-31T16:51:00","date_gmt":"2026-08-31T16:51:00","guid":{"rendered":"https:\/\/netbakis.net\/?p=41606"},"modified":"2026-08-31T16:51:02","modified_gmt":"2026-08-31T16:51:02","slug":"gemi-kazasi-zanlilarina-tedbirsizlik-ve-dikkatsizlik-sonucu-olume-sebebiyet-verme-suclamasi-9-zanli-3-gun-tutuklu-kalacak","status":"publish","type":"post","link":"https:\/\/netbakis.net\/tr\/41606\/","title":{"rendered":"Gemi kazas\u0131 zanl\u0131lar\u0131na \u201ctedbirsizlik ve dikkatsizlik sonucu \u00f6l\u00fcme sebebiyet verme\u201d su\u00e7lamas\u0131: 9 zanl\u0131 3 g\u00fcn tutuklu kalacak"},"content":{"rendered":"<p class=\"wp-block-paragraph\">Girne a\u00e7\u0131klar\u0131nda alabora olan Filo Jet\u2019e ili\u015fkin soru\u015fturmada mahkeme, \u015firket direkt\u00f6r\u00fc, kaptan, ikinci kaptan, ba\u015f ve ikinci makinist ile 4 m\u00fcrettebattan olu\u015fan 9 zanl\u0131 hakk\u0131nda 3 g\u00fcn tutukluluk karar\u0131 verdi. Duru\u015fmada geminin yakla\u015f\u0131k 12 y\u0131l \u00f6nce T\u00fcrkiye\u2019de kaza ge\u00e7irerek hasar g\u00f6rd\u00fc\u011f\u00fc, 2024\u2019te Filo Denizcilik taraf\u0131ndan sat\u0131n al\u0131nd\u0131\u011f\u0131 ve Haziran 2026\u2019da T\u00fcrk Loydu taraf\u0131ndan onayland\u0131\u011f\u0131 bilgileri payla\u015f\u0131l\u0131rken, \u015firket hissedarlar\u0131 ve Liman Ba\u015fkanl\u0131\u011f\u0131 g\u00f6revlilerinin sorumlulu\u011funun da ara\u015ft\u0131r\u0131lmas\u0131na karar verildi.<br><br>Girne a\u00e7\u0131klar\u0131nda alabora olan Filo Jet isimli yolcu gemisiyle ilgili soru\u015fturma s\u00fcrerken, mahkemede kazan\u0131n olu\u015f \u015fekli, geminin ge\u00e7mi\u015fi, denetimleri, sefer izinleri ve m\u00fcrettebat\u0131n olay s\u0131ras\u0131ndaki m\u00fcdahalesine ili\u015fkin yeni ayr\u0131nt\u0131lar ortaya \u00e7\u0131kt\u0131. \u015eirket direkt\u00f6r\u00fc, kaptan, ikinci kaptan, ba\u015f makinist, ikinci makinist ve d\u00f6rt m\u00fcrettebat olmak \u00fczere 9 zanl\u0131, \u201ctedbirsizlik ve dikkatsizlik sonucu \u00f6l\u00fcme sebebiyet verme\u201d su\u00e7lamas\u0131yla mahkemeye \u00e7\u0131kar\u0131larak \u00fc\u00e7 g\u00fcn tutuklu kalmalar\u0131na karar verildi.<\/p>\n\n\n\n<p class=\"wp-block-paragraph\">Girne Kaza Mahkemesi\u2019nde Yarg\u0131\u00e7 Hazal Hac\u0131mulla huzurunda g\u00f6r\u00fclen duru\u015fmada, d\u00fcn mahkeme taraf\u0131ndan haklar\u0131nda derdest emri \u00e7\u0131kar\u0131lan 16 ki\u015fiden 14\u2019\u00fcn\u00fcn bug\u00fcn mahkemeye getirildi\u011fi belirtildi. Mahkemeye \u00e7\u0131kar\u0131lanlar aras\u0131nda 9 zanl\u0131n\u0131n yan\u0131 s\u0131ra \u015firket hissedarlar\u0131 ve Liman Ba\u015fkanl\u0131\u011f\u0131 g\u00f6revlilerinin de bulundu\u011fu 5 ki\u015fi yer ald\u0131.<\/p>\n\n\n\n<p class=\"wp-block-paragraph\">Yarg\u0131\u00e7 Hac\u0131mulla, \u015firket yetkilisi, kaptan ve 7 m\u00fcrettebattan olu\u015fan 9 zanl\u0131 hakk\u0131nda \u00fc\u00e7er g\u00fcn tutukluluk karar\u0131 verirken, di\u011fer 5 ki\u015fi hakk\u0131nda da derhal tahkikat ba\u015flat\u0131lmas\u0131 emrini verdi.<\/p>\n\n\n\n<p class=\"wp-block-paragraph\"><strong>GEM\u0130 YAKLA\u015eIK 4 M\u0130L A\u00c7IKTA ALABORA OLDU<\/strong><\/p>\n\n\n\n<p class=\"wp-block-paragraph\">Polis m\u00fcfetti\u015f muavini Mehmet Manna\u015f, mahkemede verdi\u011fi \u015fahadette, Filo Denizcilik\u2019e ait Filo Jet\u2019in d\u00fcn Girne Liman\u0131\u2019ndan Girne-Ta\u015fucu seferini ger\u00e7ekle\u015ftirmek \u00fczere ayr\u0131ld\u0131\u011f\u0131n\u0131 ve limandan yakla\u015f\u0131k 4 mil a\u00e7\u0131kta ilerledi\u011fi s\u0131rada sol \u00f6n k\u0131zak u\u00e7 k\u0131sm\u0131n\u0131n k\u0131r\u0131lmas\u0131 sonucu su alarak alabora oldu\u011funu aktard\u0131.<\/p>\n\n\n\n<p class=\"wp-block-paragraph\">Manna\u015f, gemide 259 yolcu ve 8 m\u00fcrettebat olmak \u00fczere toplam 267 ki\u015finin bulundu\u011funu belirterek, arama-kurtarma \u00e7al\u0131\u015fmalar\u0131 sonucunda 239 ki\u015finin sa\u011f olarak kurtar\u0131ld\u0131\u011f\u0131n\u0131, 8 ki\u015finin hayat\u0131n\u0131 kaybetti\u011fini ve di\u011fer ki\u015filer i\u00e7in arama-kurtarma \u00e7al\u0131\u015fmalar\u0131n\u0131n s\u00fcrd\u00fc\u011f\u00fcn\u00fc s\u00f6yledi.<\/p>\n\n\n\n<p class=\"wp-block-paragraph\">Manna\u015f, \u015firket direkt\u00f6r\u00fc A.\u00d6., gemi kaptan\u0131 M.\u00d6., ikinci kaptan M.S., ba\u015f makinist Z.\u00d6., ikinci makinist M.G. ile m\u00fcrettebat S.E., K.K., V.H. ve R.\u0130. hakk\u0131nda \u201ctedbirsizlik ve dikkatsizlik sonucu \u00f6l\u00fcme sebebiyet verme\u201d su\u00e7lamas\u0131 getirildi\u011fini belirtti.<\/p>\n\n\n\n<p class=\"wp-block-paragraph\"><strong>GEM\u0130N\u0130N GE\u00c7M\u0130\u015eTE KAZA YAPTI\u011eI ORTAYA \u00c7IKTI<\/strong><\/p>\n\n\n\n<p class=\"wp-block-paragraph\">Mahkemede geminin ge\u00e7mi\u015fine ili\u015fkin de \u00f6nemli bilgiler payla\u015f\u0131ld\u0131.<\/p>\n\n\n\n<p class=\"wp-block-paragraph\">Yarg\u0131c\u0131n geminin daha \u00f6nce hasar al\u0131p almad\u0131\u011f\u0131n\u0131 sormas\u0131 \u00fczerine Manna\u015f, Filo Jet\u2019in yakla\u015f\u0131k 12 y\u0131l \u00f6nce T\u00fcrkiye\u2019de bir kaza ge\u00e7irerek hasar g\u00f6rd\u00fc\u011f\u00fcn\u00fc, daha sonra tamir edildi\u011fini ve 2024 y\u0131l\u0131nda Filo Denizcilik taraf\u0131ndan sat\u0131n al\u0131narak yeniden sefer izni \u00e7\u0131kar\u0131ld\u0131\u011f\u0131n\u0131 s\u00f6yledi.<\/p>\n\n\n\n<p class=\"wp-block-paragraph\">Manna\u015f, geminin ge\u00e7mi\u015fteki kazas\u0131 ve onar\u0131m s\u00fcrecine ili\u015fkin konunun T\u00fcrkiye\u2019de de ara\u015ft\u0131r\u0131laca\u011f\u0131n\u0131 belirtti.<\/p>\n\n\n\n<p class=\"wp-block-paragraph\">Geminin Haziran 2026\u2019da T\u00fcrk Loydu taraf\u0131ndan onayland\u0131\u011f\u0131n\u0131 ifade eden Manna\u015f, geminin bu onay\u0131n ard\u0131ndan KKTC\u2019deki seferlerini s\u00fcrd\u00fcrd\u00fc\u011f\u00fcn\u00fc kaydetti.<\/p>\n\n\n\n<p class=\"wp-block-paragraph\"><strong>\u201cT\u00dcRK LOYDU ONAYI VE L\u0130MAN BA\u015eKANLI\u011eI \u0130ZN\u0130 VAR\u201d<\/strong><\/p>\n\n\n\n<p class=\"wp-block-paragraph\">Mahkemede geminin uluslararas\u0131 sularda seyretmek i\u00e7in gerekli teknik kapasite ve izinlere sahip olup olmad\u0131\u011f\u0131 da soruldu.<\/p>\n\n\n\n<p class=\"wp-block-paragraph\">Manna\u015f, geminin T\u00fcrk Loydu taraf\u0131ndan onay\u0131n\u0131n ve Liman Ba\u015fkanl\u0131\u011f\u0131 taraf\u0131ndan verilen izinlerinin bulundu\u011funu belirtti.<\/p>\n\n\n\n<p class=\"wp-block-paragraph\">Gemide bulunan yolcu say\u0131s\u0131 ile y\u00fck\u00fcn geminin kapasitesini a\u015fmad\u0131\u011f\u0131n\u0131 aktaran Manna\u015f, geminin sefere \u00e7\u0131kmas\u0131ndan \u00f6nce Meteoroloji Dairesi\u2019nden de hava ko\u015fullar\u0131n\u0131n uygun oldu\u011funa ili\u015fkin rapor al\u0131nd\u0131\u011f\u0131n\u0131 ifade etti.<\/p>\n\n\n\n<p class=\"wp-block-paragraph\">Manna\u015f ayr\u0131ca gemide yeterli say\u0131da can yele\u011fi ve filika bulundu\u011funa ili\u015fkin KKTC\u2019deki yetkili kurumlar\u0131n onay\u0131n\u0131n bulundu\u011funu s\u00f6yledi.<\/p>\n\n\n\n<p class=\"wp-block-paragraph\"><strong>M\u00dcRETTEBATIN M\u00dcDAHALES\u0130 SORU\u015eTURULUYOR<\/strong><\/p>\n\n\n\n<p class=\"wp-block-paragraph\">Soru\u015fturma kapsam\u0131nda geminin olay s\u0131ras\u0131nda nas\u0131l y\u00f6netildi\u011fi ve m\u00fcrettebat\u0131n yolculara m\u00fcdahale edip etmedi\u011fi de ara\u015ft\u0131r\u0131l\u0131yor.<\/p>\n\n\n\n<p class=\"wp-block-paragraph\">Manna\u015f, ilk d\u00f6rt zanl\u0131n\u0131n geminin sevk ve idaresinden sorumlu oldu\u011funu belirterek, al\u0131nan ifadelerde geminin alt\u0131ndan su geldi\u011fi ve bu konuda m\u00fcrettebata bilgi verildi\u011fi halde t\u00fcm uyar\u0131lara ra\u011fmen sefere devam edildi\u011fi y\u00f6n\u00fcnde beyanlar bulundu\u011funu aktard\u0131.<\/p>\n\n\n\n<p class=\"wp-block-paragraph\">Manna\u015f ayr\u0131ca, gemi su almaya ba\u015flad\u0131\u011f\u0131nda panik ya\u015fand\u0131\u011f\u0131 ve m\u00fcrettebat\u0131n yolculara can yeleklerini g\u00f6stermedi\u011fi ve geminin tahliyesi konusunda yard\u0131mc\u0131 olmad\u0131\u011f\u0131 y\u00f6n\u00fcnde ifadeler al\u0131nd\u0131\u011f\u0131n\u0131 s\u00f6yledi.<\/p>\n\n\n\n<p class=\"wp-block-paragraph\">Polisin soru\u015fturma kapsam\u0131nda \u015fu ana kadar 100\u2019\u00fcn \u00fczerinde ifade ald\u0131\u011f\u0131 da mahkemede belirtildi.<\/p>\n\n\n\n<p class=\"wp-block-paragraph\">\u00d6te yandan m\u00fcrettebat aras\u0131nda bulunan S.E.\u2019nin kaptana geminin u\u00e7 k\u0131sm\u0131n\u0131n k\u0131r\u0131ld\u0131\u011f\u0131n\u0131 s\u00f6yledi\u011fi y\u00f6n\u00fcnde de bilgi aktar\u0131ld\u0131. S.E.\u2019nin avukat\u0131 ise m\u00fcvekkilinin basit bir i\u015f\u00e7i oldu\u011funu, geminin teknik yap\u0131s\u0131 konusunda bilgi sahibi bulunmad\u0131\u011f\u0131n\u0131 ve s\u00f6z konusu hasar\u0131 g\u00f6rmesinin m\u00fcmk\u00fcn olmad\u0131\u011f\u0131n\u0131 savundu.<\/p>\n\n\n\n<p class=\"wp-block-paragraph\"><strong>ZANLILARIN AVUKATI: M\u00dcRETTEBAT YOLCULARA YARDIM ETT\u0130<\/strong><\/p>\n\n\n\n<p class=\"wp-block-paragraph\">Tutuklanan zanl\u0131lar\u0131n avukat\u0131, mahkemede \u00fc\u00e7 g\u00fcnl\u00fck tutukluluk talebine itiraz etmedi.<\/p>\n\n\n\n<p class=\"wp-block-paragraph\">Avukat, gemide her biri 100 ki\u015fi ta\u015f\u0131ma kapasitesine sahip 4 can sal\u0131 bulundu\u011funu ve bu sallarla 400 ki\u015finin kurtar\u0131labilece\u011fini ileri s\u00fcrd\u00fc.<\/p>\n\n\n\n<p class=\"wp-block-paragraph\">Zanl\u0131lar\u0131n \u00fczerlerine d\u00fc\u015fen sorumluluklar\u0131 yerine getirdi\u011fini, geminin t\u00fcm izinlerinin bulundu\u011funu savunan avukat, m\u00fcrettebat\u0131n da yolculara yard\u0131m etti\u011fini g\u00f6steren g\u00f6r\u00fcnt\u00fclerin bulundu\u011funu iddia etti.<\/p>\n\n\n\n<p class=\"wp-block-paragraph\">Avukat ayr\u0131ca geminin sol \u00f6n k\u0131za\u011f\u0131n\u0131n k\u0131r\u0131ld\u0131\u011f\u0131 y\u00f6n\u00fcnde polise bilgi veren ki\u015finin, b\u00f6yle bir tespitte bulunabilecek yeterli teknik bilgiye sahip olmad\u0131\u011f\u0131n\u0131 savundu.<\/p>\n\n\n\n<p class=\"wp-block-paragraph\"><strong>GEM\u0130N\u0130N 3 METRE DALGADA SEFER\u0130NE ENGEL YOKTU<\/strong><\/p>\n\n\n\n<p class=\"wp-block-paragraph\">Mahkemede geminin teknik durumu ve denize elveri\u015flili\u011fiyle ilgili de bilgi verildi.<\/p>\n\n\n\n<p class=\"wp-block-paragraph\">Geminin 3 metreye kadar dalga y\u00fcksekli\u011finde denize a\u00e7\u0131lmas\u0131na engel bulunmad\u0131\u011f\u0131n\u0131n tespit edildi\u011fi aktar\u0131ld\u0131.<\/p>\n\n\n\n<p class=\"wp-block-paragraph\">Meteoroloji Dairesi\u2019nden al\u0131nan belgeler, T\u00fcrk Loydu onaylar\u0131 ve gemiye ait evraklar\u0131n tam oldu\u011fu belirtilirken, denetim belgelerinde E.\u00dc.\u2019n\u00fcn imzas\u0131n\u0131n bulundu\u011fu ifade edildi.<\/p>\n\n\n\n<p class=\"wp-block-paragraph\">Savc\u0131n\u0131n sorusu \u00fczerine geminin son denetiminin 2 Haziran 2026 tarihinde ger\u00e7ekle\u015ftirildi\u011fi ve uluslararas\u0131 sularda sefere uygun oldu\u011funun belirtildi\u011fi \u00f6\u011frenildi.<\/p>\n\n\n\n<p class=\"wp-block-paragraph\"><strong>\u015e\u0130RKET H\u0130SSEDARLARI VE L\u0130MAN G\u00d6REVL\u0130LER\u0130 DE ARA\u015eTIRILIYOR<\/strong><\/p>\n\n\n\n<p class=\"wp-block-paragraph\">Soru\u015fturman\u0131n yaln\u0131zca gemi kaptan\u0131 ve m\u00fcrettebatla s\u0131n\u0131rl\u0131 olmad\u0131\u011f\u0131 da mahkemede ortaya \u00e7\u0131kt\u0131.<\/p>\n\n\n\n<p class=\"wp-block-paragraph\">\u015eirket hissedarlar\u0131 ile Liman Ba\u015fkanl\u0131\u011f\u0131 g\u00f6revlilerinin olayda sorumlulu\u011funun bulunup bulunmad\u0131\u011f\u0131n\u0131n ara\u015ft\u0131r\u0131ld\u0131\u011f\u0131 belirtildi.<\/p>\n\n\n\n<p class=\"wp-block-paragraph\">Mahkemeye getirilen ve haklar\u0131nda tutukluluk talep edilmeyen isimler aras\u0131nda Liman Ba\u015fkanl\u0131\u011f\u0131 g\u00f6revlileri S.A., R.A., H.E., B.H., M.O. ve M.B.\u2019nin bulundu\u011fu aktar\u0131ld\u0131.<\/p>\n\n\n\n<p class=\"wp-block-paragraph\">Duru\u015fmada, \u015firket hissedarlar\u0131 ve Liman Ba\u015fkanl\u0131\u011f\u0131 g\u00f6revlilerinin de aralar\u0131nda bulundu\u011fu di\u011fer ki\u015filer hakk\u0131nda derhal tahkikat ba\u015flat\u0131lmas\u0131 emredildi.<\/p>\n\n\n\n<p class=\"wp-block-paragraph\"><strong>YOLCU SAYISI KAPAS\u0130TEY\u0130 A\u015eMADI<\/strong><\/p>\n\n\n\n<p class=\"wp-block-paragraph\">Muhaceret kay\u0131tlar\u0131 ve yolcu listelerinin incelenmesi sonucunda gemide kapasite a\u015f\u0131m\u0131 olmad\u0131\u011f\u0131 bilgisi de mahkemeye aktar\u0131ld\u0131.<\/p>\n\n\n\n<p class=\"wp-block-paragraph\">Geminin limandan ayr\u0131ld\u0131\u011f\u0131 s\u0131rada denizde elveri\u015fsiz hava ko\u015fullar\u0131n\u0131n bulunmad\u0131\u011f\u0131 y\u00f6n\u00fcnde tespit yap\u0131ld\u0131\u011f\u0131 belirtildi.<\/p>\n\n\n\n<p class=\"wp-block-paragraph\">Yedek filikalar ve can yeleklerinin onaylar\u0131n\u0131n KKTC makamlar\u0131nca verildi\u011fi ifade edilirken, ilgili d\u00f6nemde m\u00fcd\u00fcrl\u00fck g\u00f6revinde bulunan bir ki\u015finin de ifadesinde, izin belgeleri tam oldu\u011fu s\u00fcrece geminin sefere \u00e7\u0131kmas\u0131nda sak\u0131nca bulunmad\u0131\u011f\u0131n\u0131 s\u00f6yledi\u011fi \u00f6\u011frenildi.<\/p>\n\n\n\n<p class=\"wp-block-paragraph\"><strong>KAZAZEDELER\u0130N \u00c7EKT\u0130\u011e\u0130 G\u00d6R\u00dcNT\u00dcLER \u0130NCELENECEK<\/strong><\/p>\n\n\n\n<p class=\"wp-block-paragraph\">Soru\u015fturman\u0131n \u00f6nemli delilleri aras\u0131nda kazazedelerin olay s\u0131ras\u0131nda \u00e7ekti\u011fi g\u00f6r\u00fcnt\u00fcler de bulunuyor.<\/p>\n\n\n\n<p class=\"wp-block-paragraph\">Polis, s\u00f6z konusu g\u00f6r\u00fcnt\u00fclerin incelenece\u011fini belirtirken, yolcular\u0131n ifadeleri ve geminin olay s\u0131ras\u0131nda ya\u015fad\u0131\u011f\u0131 s\u00fcrece ili\u015fkin di\u011fer delillerin de soru\u015fturma kapsam\u0131nda de\u011ferlendirildi\u011fi kaydedildi.<\/p>\n\n\n\n<p class=\"wp-block-paragraph\"><strong>HASARLI B\u00d6LGE T\u00dcRK\u0130YE\u2019DEN GELECEK EK\u0130PLE \u0130NCELENECEK<\/strong><\/p>\n\n\n\n<p class=\"wp-block-paragraph\">Geminin hasar almas\u0131na ra\u011fmen seyrine devam etti\u011fi y\u00f6n\u00fcndeki iddialar da soru\u015fturma kapsam\u0131nda inceleniyor.<\/p>\n\n\n\n<p class=\"wp-block-paragraph\">Geminin k\u0131r\u0131ld\u0131\u011f\u0131 iddia edilen b\u00f6l\u00fcm\u00fcnde, T\u00fcrkiye\u2019den gelecek ekibin kat\u0131l\u0131m\u0131yla teknik inceleme yap\u0131laca\u011f\u0131 belirtildi.<\/p>\n\n\n\n<p class=\"wp-block-paragraph\">Polis, geminin ge\u00e7mi\u015fteki kazas\u0131, onar\u0131m s\u00fcreci, teknik durumu, kaptanl\u0131k belgeleri, denetim ve sefer izinleri, m\u00fcrettebat\u0131n olay s\u0131ras\u0131ndaki m\u00fcdahalesi, yolcu ifadeleri ve kazazedelerin \u00e7ekti\u011fi g\u00f6r\u00fcnt\u00fcler \u00fczerinden soru\u015fturmay\u0131 \u00e7ok y\u00f6nl\u00fc s\u00fcrd\u00fcr\u00fcyor.<\/p>\n\n\n\n<p class=\"wp-block-paragraph\">Mahkeme, \u015firket yetkilisi, kaptan ve 7 m\u00fcrettebattan olu\u015fan 9 zanl\u0131n\u0131n \u00fc\u00e7 g\u00fcn tutuklu kalmas\u0131na karar verirken, \u015firket hissedarlar\u0131 ve Liman Ba\u015fkanl\u0131\u011f\u0131 g\u00f6revlilerinin de aralar\u0131nda bulundu\u011fu di\u011fer ki\u015filer hakk\u0131ndaki ara\u015ft\u0131rman\u0131n s\u00fcrd\u00fcr\u00fclmesine h\u00fckmetti.<\/p>","protected":false},"excerpt":{"rendered":"<p>Girne a\u00e7\u0131klar\u0131nda alabora olan Filo Jet\u2019e ili\u015fkin soru\u015fturmada mahkeme, \u015firket direkt\u00f6r\u00fc, kaptan, ikinci kaptan, ba\u015f ve ikinci makinist ile 4 m\u00fcrettebattan olu\u015fan 9 zanl\u0131 hakk\u0131nda 3 g\u00fcn tutukluluk karar\u0131 verdi. Duru\u015fmada geminin yakla\u015f\u0131k 12 y\u0131l \u00f6nce T\u00fcrkiye\u2019de kaza ge\u00e7irerek hasar g\u00f6rd\u00fc\u011f\u00fc, 2024\u2019te Filo Denizcilik taraf\u0131ndan sat\u0131n al\u0131nd\u0131\u011f\u0131 ve Haziran 2026\u2019da T\u00fcrk Loydu taraf\u0131ndan onayland\u0131\u011f\u0131 bilgileri [&hellip;]<\/p>","protected":false},"author":1,"featured_media":41607,"comment_status":"open","ping_status":"open","sticky":false,"template":"","format":"standard","meta":{"om_disable_all_campaigns":false,"_monsterinsights_skip_tracking":false,"_monsterinsights_sitenote_active":false,"_monsterinsights_sitenote_note":"","_monsterinsights_sitenote_category":0,"_uf_show_specific_survey":0,"_uf_disable_surveys":false,"footnotes":"","jetpack_publicize_message":"","jetpack_publicize_feature_enabled":true,"jetpack_social_post_already_shared":true,"jetpack_social_options":{"image_generator_settings":{"template":"highway","default_image_id":0,"font":"","enabled":false},"version":2}},"categories":[81],"tags":[],"class_list":["post-41606","post","type-post","status-publish","format-standard","has-post-thumbnail","category-gundem"],"yoast_head":"<!-- This site is optimized with the Yoast SEO plugin v23.8 - https:\/\/yoast.com\/wordpress\/plugins\/seo\/ -->\n<title>Gemi kazas\u0131 zanl\u0131lar\u0131na \u201ctedbirsizlik ve dikkatsizlik sonucu \u00f6l\u00fcme sebebiyet verme\u201d su\u00e7lamas\u0131: 9 zanl\u0131 3 g\u00fcn tutuklu kalacak - NETBAKIS<\/title>\n<meta name=\"robots\" content=\"index, follow, max-snippet:-1, max-image-preview:large, max-video-preview:-1\" \/>\n<link rel=\"canonical\" href=\"https:\/\/netbakis.net\/tr\/41606\/\" \/>\n<meta property=\"og:locale\" content=\"tr_TR\" \/>\n<meta property=\"og:type\" content=\"article\" \/>\n<meta property=\"og:title\" content=\"Gemi kazas\u0131 zanl\u0131lar\u0131na \u201ctedbirsizlik ve dikkatsizlik sonucu \u00f6l\u00fcme sebebiyet verme\u201d su\u00e7lamas\u0131: 9 zanl\u0131 3 g\u00fcn tutuklu kalacak - NETBAKIS\" \/>\n<meta property=\"og:description\" content=\"Girne a\u00e7\u0131klar\u0131nda alabora olan Filo Jet\u2019e ili\u015fkin soru\u015fturmada mahkeme, \u015firket direkt\u00f6r\u00fc, kaptan, ikinci kaptan, ba\u015f ve ikinci makinist ile 4 m\u00fcrettebattan olu\u015fan 9 zanl\u0131 hakk\u0131nda 3 g\u00fcn tutukluluk karar\u0131 verdi. Duru\u015fmada geminin yakla\u015f\u0131k 12 y\u0131l \u00f6nce T\u00fcrkiye\u2019de kaza ge\u00e7irerek hasar g\u00f6rd\u00fc\u011f\u00fc, 2024\u2019te Filo Denizcilik taraf\u0131ndan sat\u0131n al\u0131nd\u0131\u011f\u0131 ve Haziran 2026\u2019da T\u00fcrk Loydu taraf\u0131ndan onayland\u0131\u011f\u0131 bilgileri [&hellip;]\" \/>\n<meta property=\"og:url\" content=\"https:\/\/netbakis.net\/tr\/41606\/\" \/>\n<meta property=\"og:site_name\" content=\"NETBAKIS\" \/>\n<meta property=\"article:published_time\" content=\"2026-08-31T16:51:00+00:00\" \/>\n<meta property=\"article:modified_time\" content=\"2026-08-31T16:51:02+00:00\" \/>\n<meta property=\"og:image\" content=\"https:\/\/netbakis.net\/wp-content\/uploads\/2026\/08\/v2evde16gramuyuturucubulundu3zanltutuklu87_1788160652.webp\" \/>\n\t<meta property=\"og:image:width\" content=\"971\" \/>\n\t<meta property=\"og:image:height\" content=\"551\" \/>\n\t<meta property=\"og:image:type\" content=\"image\/webp\" \/>\n<meta name=\"author\" content=\"netbakis.net\" \/>\n<meta name=\"twitter:card\" content=\"summary_large_image\" \/>\n<meta name=\"twitter:label1\" content=\"Yazan:\" \/>\n\t<meta name=\"twitter:data1\" content=\"netbakis.net\" \/>\n\t<meta name=\"twitter:label2\" content=\"Tahmini okuma s\u00fcresi\" \/>\n\t<meta name=\"twitter:data2\" content=\"5 dakika\" \/>\n<script type=\"application\/ld+json\" class=\"yoast-schema-graph\">{\"@context\":\"https:\/\/schema.org\",\"@graph\":[{\"@type\":\"WebPage\",\"@id\":\"https:\/\/netbakis.net\/41606\/\",\"url\":\"https:\/\/netbakis.net\/41606\/\",\"name\":\"Gemi kazas\u0131 zanl\u0131lar\u0131na \u201ctedbirsizlik ve dikkatsizlik sonucu \u00f6l\u00fcme sebebiyet verme\u201d su\u00e7lamas\u0131: 9 zanl\u0131 3 g\u00fcn tutuklu kalacak - NETBAKIS\",\"isPartOf\":{\"@id\":\"https:\/\/netbakis.net\/#website\"},\"primaryImageOfPage\":{\"@id\":\"https:\/\/netbakis.net\/41606\/#primaryimage\"},\"image\":{\"@id\":\"https:\/\/netbakis.net\/41606\/#primaryimage\"},\"thumbnailUrl\":\"https:\/\/netbakis.net\/wp-content\/uploads\/2026\/08\/v2evde16gramuyuturucubulundu3zanltutuklu87_1788160652.webp\",\"datePublished\":\"2026-08-31T16:51:00+00:00\",\"dateModified\":\"2026-08-31T16:51:02+00:00\",\"author\":{\"@id\":\"https:\/\/netbakis.net\/#\/schema\/person\/5d9b5c3f48ca4a3c69967d619fc8c7f4\"},\"breadcrumb\":{\"@id\":\"https:\/\/netbakis.net\/41606\/#breadcrumb\"},\"inLanguage\":\"tr\",\"potentialAction\":[{\"@type\":\"ReadAction\",\"target\":[\"https:\/\/netbakis.net\/41606\/\"]}]},{\"@type\":\"ImageObject\",\"inLanguage\":\"tr\",\"@id\":\"https:\/\/netbakis.net\/41606\/#primaryimage\",\"url\":\"https:\/\/netbakis.net\/wp-content\/uploads\/2026\/08\/v2evde16gramuyuturucubulundu3zanltutuklu87_1788160652.webp\",\"contentUrl\":\"https:\/\/netbakis.net\/wp-content\/uploads\/2026\/08\/v2evde16gramuyuturucubulundu3zanltutuklu87_1788160652.webp\",\"width\":971,\"height\":551},{\"@type\":\"BreadcrumbList\",\"@id\":\"https:\/\/netbakis.net\/41606\/#breadcrumb\",\"itemListElement\":[{\"@type\":\"ListItem\",\"position\":1,\"name\":\"Home\",\"item\":\"https:\/\/netbakis.net\/\"},{\"@type\":\"ListItem\",\"position\":2,\"name\":\"Gemi kazas\u0131 zanl\u0131lar\u0131na \u201ctedbirsizlik ve dikkatsizlik sonucu \u00f6l\u00fcme sebebiyet verme\u201d su\u00e7lamas\u0131: 9 zanl\u0131 3 g\u00fcn tutuklu kalacak\"}]},{\"@type\":\"WebSite\",\"@id\":\"https:\/\/netbakis.net\/#website\",\"url\":\"https:\/\/netbakis.net\/\",\"name\":\"NETBAKIS\",\"description\":\"SON DAKIKA\",\"potentialAction\":[{\"@type\":\"SearchAction\",\"target\":{\"@type\":\"EntryPoint\",\"urlTemplate\":\"https:\/\/netbakis.net\/?s={search_term_string}\"},\"query-input\":{\"@type\":\"PropertyValueSpecification\",\"valueRequired\":true,\"valueName\":\"search_term_string\"}}],\"inLanguage\":\"tr\"},{\"@type\":\"Person\",\"@id\":\"https:\/\/netbakis.net\/#\/schema\/person\/5d9b5c3f48ca4a3c69967d619fc8c7f4\",\"name\":\"netbakis.net\",\"image\":{\"@type\":\"ImageObject\",\"inLanguage\":\"tr\",\"@id\":\"https:\/\/netbakis.net\/#\/schema\/person\/image\/\",\"url\":\"https:\/\/secure.gravatar.com\/avatar\/4ddeae49d2d3e3568a8d5b0937642efdf0b72468dbe3f213bc1978faa47af0d1?s=96&d=wp_user_avatar&r=g\",\"contentUrl\":\"https:\/\/secure.gravatar.com\/avatar\/4ddeae49d2d3e3568a8d5b0937642efdf0b72468dbe3f213bc1978faa47af0d1?s=96&d=wp_user_avatar&r=g\",\"caption\":\"netbakis.net\"},\"sameAs\":[\"https:\/\/netbakis.net\"],\"url\":\"https:\/\/netbakis.net\/tr\/author\/netbakis-net\/\"}]}<\/script>\n<!-- \/ Yoast SEO plugin. -->","yoast_head_json":{"title":"Gemi kazas\u0131 zanl\u0131lar\u0131na \u201ctedbirsizlik ve dikkatsizlik sonucu \u00f6l\u00fcme sebebiyet verme\u201d su\u00e7lamas\u0131: 9 zanl\u0131 3 g\u00fcn tutuklu kalacak - NETBAKIS","robots":{"index":"index","follow":"follow","max-snippet":"max-snippet:-1","max-image-preview":"max-image-preview:large","max-video-preview":"max-video-preview:-1"},"canonical":"https:\/\/netbakis.net\/tr\/41606\/","og_locale":"tr_TR","og_type":"article","og_title":"Gemi kazas\u0131 zanl\u0131lar\u0131na \u201ctedbirsizlik ve dikkatsizlik sonucu \u00f6l\u00fcme sebebiyet verme\u201d su\u00e7lamas\u0131: 9 zanl\u0131 3 g\u00fcn tutuklu kalacak - NETBAKIS","og_description":"Girne a\u00e7\u0131klar\u0131nda alabora olan Filo Jet\u2019e ili\u015fkin soru\u015fturmada mahkeme, \u015firket direkt\u00f6r\u00fc, kaptan, ikinci kaptan, ba\u015f ve ikinci makinist ile 4 m\u00fcrettebattan olu\u015fan 9 zanl\u0131 hakk\u0131nda 3 g\u00fcn tutukluluk karar\u0131 verdi. Duru\u015fmada geminin yakla\u015f\u0131k 12 y\u0131l \u00f6nce T\u00fcrkiye\u2019de kaza ge\u00e7irerek hasar g\u00f6rd\u00fc\u011f\u00fc, 2024\u2019te Filo Denizcilik taraf\u0131ndan sat\u0131n al\u0131nd\u0131\u011f\u0131 ve Haziran 2026\u2019da T\u00fcrk Loydu taraf\u0131ndan onayland\u0131\u011f\u0131 bilgileri [&hellip;]","og_url":"https:\/\/netbakis.net\/tr\/41606\/","og_site_name":"NETBAKIS","article_published_time":"2026-08-31T16:51:00+00:00","article_modified_time":"2026-08-31T16:51:02+00:00","og_image":[{"width":971,"height":551,"url":"https:\/\/netbakis.net\/wp-content\/uploads\/2026\/08\/v2evde16gramuyuturucubulundu3zanltutuklu87_1788160652.webp","type":"image\/webp"}],"author":"netbakis.net","twitter_card":"summary_large_image","twitter_misc":{"Yazan:":"netbakis.net","Tahmini okuma s\u00fcresi":"5 dakika"},"schema":{"@context":"https:\/\/schema.org","@graph":[{"@type":"WebPage","@id":"https:\/\/netbakis.net\/41606\/","url":"https:\/\/netbakis.net\/41606\/","name":"Gemi kazas\u0131 zanl\u0131lar\u0131na \u201ctedbirsizlik ve dikkatsizlik sonucu \u00f6l\u00fcme sebebiyet verme\u201d su\u00e7lamas\u0131: 9 zanl\u0131 3 g\u00fcn tutuklu kalacak - NETBAKIS","isPartOf":{"@id":"https:\/\/netbakis.net\/#website"},"primaryImageOfPage":{"@id":"https:\/\/netbakis.net\/41606\/#primaryimage"},"image":{"@id":"https:\/\/netbakis.net\/41606\/#primaryimage"},"thumbnailUrl":"https:\/\/netbakis.net\/wp-content\/uploads\/2026\/08\/v2evde16gramuyuturucubulundu3zanltutuklu87_1788160652.webp","datePublished":"2026-08-31T16:51:00+00:00","dateModified":"2026-08-31T16:51:02+00:00","author":{"@id":"https:\/\/netbakis.net\/#\/schema\/person\/5d9b5c3f48ca4a3c69967d619fc8c7f4"},"breadcrumb":{"@id":"https:\/\/netbakis.net\/41606\/#breadcrumb"},"inLanguage":"tr","potentialAction":[{"@type":"ReadAction","target":["https:\/\/netbakis.net\/41606\/"]}]},{"@type":"ImageObject","inLanguage":"tr","@id":"https:\/\/netbakis.net\/41606\/#primaryimage","url":"https:\/\/netbakis.net\/wp-content\/uploads\/2026\/08\/v2evde16gramuyuturucubulundu3zanltutuklu87_1788160652.webp","contentUrl":"https:\/\/netbakis.net\/wp-content\/uploads\/2026\/08\/v2evde16gramuyuturucubulundu3zanltutuklu87_1788160652.webp","width":971,"height":551},{"@type":"BreadcrumbList","@id":"https:\/\/netbakis.net\/41606\/#breadcrumb","itemListElement":[{"@type":"ListItem","position":1,"name":"Home","item":"https:\/\/netbakis.net\/"},{"@type":"ListItem","position":2,"name":"Gemi kazas\u0131 zanl\u0131lar\u0131na \u201ctedbirsizlik ve dikkatsizlik sonucu \u00f6l\u00fcme sebebiyet verme\u201d su\u00e7lamas\u0131: 9 zanl\u0131 3 g\u00fcn tutuklu kalacak"}]},{"@type":"WebSite","@id":"https:\/\/netbakis.net\/#website","url":"https:\/\/netbakis.net\/","name":"NETBAKIS","description":"SON DAKIKA","potentialAction":[{"@type":"SearchAction","target":{"@type":"EntryPoint","urlTemplate":"https:\/\/netbakis.net\/?s={search_term_string}"},"query-input":{"@type":"PropertyValueSpecification","valueRequired":true,"valueName":"search_term_string"}}],"inLanguage":"tr"},{"@type":"Person","@id":"https:\/\/netbakis.net\/#\/schema\/person\/5d9b5c3f48ca4a3c69967d619fc8c7f4","name":"netbakis.net","image":{"@type":"ImageObject","inLanguage":"tr","@id":"https:\/\/netbakis.net\/#\/schema\/person\/image\/","url":"https:\/\/secure.gravatar.com\/avatar\/4ddeae49d2d3e3568a8d5b0937642efdf0b72468dbe3f213bc1978faa47af0d1?s=96&d=wp_user_avatar&r=g","contentUrl":"https:\/\/secure.gravatar.com\/avatar\/4ddeae49d2d3e3568a8d5b0937642efdf0b72468dbe3f213bc1978faa47af0d1?s=96&d=wp_user_avatar&r=g","caption":"netbakis.net"},"sameAs":["https:\/\/netbakis.net"],"url":"https:\/\/netbakis.net\/tr\/author\/netbakis-net\/"}]}},"jetpack_publicize_connections":[],"_links":{"self":[{"href":"https:\/\/netbakis.net\/tr\/wp-json\/wp\/v2\/posts\/41606","targetHints":{"allow":["GET"]}}],"collection":[{"href":"https:\/\/netbakis.net\/tr\/wp-json\/wp\/v2\/posts"}],"about":[{"href":"https:\/\/netbakis.net\/tr\/wp-json\/wp\/v2\/types\/post"}],"author":[{"embeddable":true,"href":"https:\/\/netbakis.net\/tr\/wp-json\/wp\/v2\/users\/1"}],"replies":[{"embeddable":true,"href":"https:\/\/netbakis.net\/tr\/wp-json\/wp\/v2\/comments?post=41606"}],"version-history":[{"count":1,"href":"https:\/\/netbakis.net\/tr\/wp-json\/wp\/v2\/posts\/41606\/revisions"}],"predecessor-version":[{"id":41608,"href":"https:\/\/netbakis.net\/tr\/wp-json\/wp\/v2\/posts\/41606\/revisions\/41608"}],"wp:featuredmedia":[{"embeddable":true,"href":"https:\/\/netbakis.net\/tr\/wp-json\/wp\/v2\/media\/41607"}],"wp:attachment":[{"href":"https:\/\/netbakis.net\/tr\/wp-json\/wp\/v2\/media?parent=41606"}],"wp:term":[{"taxonomy":"category","embeddable":true,"href":"https:\/\/netbakis.net\/tr\/wp-json\/wp\/v2\/categories?post=41606"},{"taxonomy":"post_tag","embeddable":true,"href":"https:\/\/netbakis.net\/tr\/wp-json\/wp\/v2\/tags?post=41606"}],"curies":[{"name":"wp","href":"https:\/\/api.w.org\/{rel}","templated":true}]}}