{"id":41603,"date":"2026-08-31T16:50:21","date_gmt":"2026-08-31T16:50:21","guid":{"rendered":"https:\/\/netbakis.net\/?p=41603"},"modified":"2026-08-31T16:50:24","modified_gmt":"2026-08-31T16:50:24","slug":"ingiltere-milletvekili-nesil-caliskandan-taziye-mesaji-yasanan-facia-derinden-hissediliyor","status":"publish","type":"post","link":"https:\/\/netbakis.net\/tr\/41603\/","title":{"rendered":"\u0130ngiltere Milletvekili Nesil \u00c7al\u0131\u015fkan&#8217;dan taziye mesaj\u0131: Ya\u015fanan facia derinden hissediliyor"},"content":{"rendered":"<p class=\"wp-block-paragraph\">\u0130ngiltere\u2019de \u0130\u015f\u00e7i Partisi Milletvekili K\u0131br\u0131sl\u0131 T\u00fcrk Nesil \u00c7al\u0131\u015fkan, Girne a\u00e7\u0131klar\u0131nda meydana gelen gemi facias\u0131n\u0131n ard\u0131ndan hayat\u0131n\u0131 kaybedenlerin ailelerine ba\u015fsa\u011fl\u0131\u011f\u0131 diledi. \u00c7al\u0131\u015fkan, 259 ki\u015finin bulundu\u011fu feribotun alabora olmas\u0131 sonucu ya\u015fanan facian\u0131n \u0130ngiltere, K\u0131br\u0131s ve T\u00fcrkiye\u2019de derinden hissedilece\u011fini belirterek, hayat\u0131n\u0131 kaybeden, yaralanan, kay\u0131p olan ve olaydan etkilenen herkes i\u00e7in taziyelerini iletti.<br><br>\u0130ngiltere\u2019de \u0130\u015f\u00e7i Partisi Milletvekili K\u0131br\u0131sl\u0131 T\u00fcrk Nesil \u00c7al\u0131\u015fkan, Girne a\u00e7\u0131klar\u0131nda ya\u015fanan ve can kay\u0131plar\u0131na neden olan gemi facias\u0131n\u0131n ard\u0131ndan taziye mesaj\u0131 yay\u0131mlad\u0131.<\/p>\n\n\n\n<p class=\"wp-block-paragraph\">\u00c7al\u0131\u015fkan, sosyal medya hesab\u0131ndan yapt\u0131\u011f\u0131 payla\u015f\u0131mda, T\u00fcrkiye\u2019ye gitmek \u00fczere Kuzey K\u0131br\u0131s a\u00e7\u0131klar\u0131nda seyreden ve 259 ki\u015finin bulundu\u011fu feribotun alabora olmas\u0131 sonucu hayat\u0131n\u0131 kaybedenlerin ailelerine ba\u015fsa\u011fl\u0131\u011f\u0131 diledi.<\/p>\n\n\n\n<p class=\"wp-block-paragraph\">\u00c7al\u0131\u015fkan mesaj\u0131nda, \u201cD\u00fcn Kuzey K\u0131br\u0131s a\u00e7\u0131klar\u0131nda T\u00fcrkiye\u2019ye gitmek \u00fczere seyreden 259 ki\u015fiyi ta\u015f\u0131yan feribotun alabora olmas\u0131 sonucu hayat\u0131n\u0131 kaybedenlerin ailelerine en i\u00e7ten taziyelerimi iletiyorum. En az sekiz ki\u015fi hayat\u0131n\u0131 kaybetti ve 18 ki\u015fi h\u00e2l\u00e2 kay\u0131p. Bu y\u00fcrekleri par\u00e7alayan bir olay.\u201d ifadelerini kulland\u0131.<\/p>\n\n\n\n<p class=\"wp-block-paragraph\">Girne\u2019de \u00fc\u00e7 g\u00fcnl\u00fck yas ilan edildi\u011fine de dikkat \u00e7eken \u00c7al\u0131\u015fkan, bunun facian\u0131n yerel toplum \u00fczerindeki derin etkisini yans\u0131tt\u0131\u011f\u0131n\u0131 belirtti.<\/p>\n\n\n\n<p class=\"wp-block-paragraph\">\u00c7al\u0131\u015fkan, K\u0131br\u0131s ve T\u00fcrkiye ile \u0130ngiltere\u2019deki toplumlar aras\u0131nda g\u00fc\u00e7l\u00fc ailevi ve ki\u015fisel ba\u011flar bulundu\u011funu ifade ederek, ya\u015fanan facian\u0131n hem \u0130ngiltere\u2019deki hem de K\u0131br\u0131s ve T\u00fcrkiye\u2019deki toplumlar taraf\u0131ndan derinden hissedilece\u011fini kaydetti.<\/p>\n\n\n\n<p class=\"wp-block-paragraph\">Mesaj\u0131n\u0131n devam\u0131nda \u00c7al\u0131\u015fkan, \u201cD\u00fc\u015f\u00fcncelerim hayat\u0131n\u0131 kaybeden, yaralanan, h\u00e2l\u00e2 kay\u0131p olan ve bu korkun\u00e7 trajediden etkilenen herkesle birlikte\u201d dedi.<\/p>\n\n\n\n<blockquote class=\"twitter-tweet\"><p lang=\"en\" dir=\"ltr\">I want to extend my heartfelt condolences to the families of those who lost their lives after a ferry carrying 259 people capsized off Northern Cyprus travelling to T\u00fcrkiye yesterday.<br><br>My thoughts are with all those who have lost their lives, those who have been injured, those\u2026 <a href=\"https:\/\/t.co\/3aVDauLhFP\">pic.twitter.com\/3aVDauLhFP<\/a><\/p>&mdash; Nesil Caliskan MP (@Nesil_Caliskan) <a href=\"https:\/\/x.com\/Nesil_Caliskan\/status\/2094368293616324999?ref_src=twsrc%5Etfw\">August 31, 2026<\/a><\/blockquote> <script async src=\"https:\/\/platform.x.com\/widgets.js\" charset=\"utf-8\"><\/script>","protected":false},"excerpt":{"rendered":"<p>\u0130ngiltere\u2019de \u0130\u015f\u00e7i Partisi Milletvekili K\u0131br\u0131sl\u0131 T\u00fcrk Nesil \u00c7al\u0131\u015fkan, Girne a\u00e7\u0131klar\u0131nda meydana gelen gemi facias\u0131n\u0131n ard\u0131ndan hayat\u0131n\u0131 kaybedenlerin ailelerine ba\u015fsa\u011fl\u0131\u011f\u0131 diledi. \u00c7al\u0131\u015fkan, 259 ki\u015finin bulundu\u011fu feribotun alabora olmas\u0131 sonucu ya\u015fanan facian\u0131n \u0130ngiltere, K\u0131br\u0131s ve T\u00fcrkiye\u2019de derinden hissedilece\u011fini belirterek, hayat\u0131n\u0131 kaybeden, yaralanan, kay\u0131p olan ve olaydan etkilenen herkes i\u00e7in taziyelerini iletti. \u0130ngiltere\u2019de \u0130\u015f\u00e7i Partisi Milletvekili K\u0131br\u0131sl\u0131 T\u00fcrk [&hellip;]<\/p>","protected":false},"author":1,"featured_media":41604,"comment_status":"open","ping_status":"open","sticky":false,"template":"","format":"standard","meta":{"om_disable_all_campaigns":false,"_monsterinsights_skip_tracking":false,"_monsterinsights_sitenote_active":false,"_monsterinsights_sitenote_note":"","_monsterinsights_sitenote_category":0,"_uf_show_specific_survey":0,"_uf_disable_surveys":false,"footnotes":"","jetpack_publicize_message":"","jetpack_publicize_feature_enabled":true,"jetpack_social_post_already_shared":true,"jetpack_social_options":{"image_generator_settings":{"template":"highway","default_image_id":0,"font":"","enabled":false},"version":2}},"categories":[81],"tags":[],"class_list":["post-41603","post","type-post","status-publish","format-standard","has-post-thumbnail","category-gundem"],"yoast_head":"<!-- This site is optimized with the Yoast SEO plugin v23.8 - https:\/\/yoast.com\/wordpress\/plugins\/seo\/ -->\n<title>\u0130ngiltere Milletvekili Nesil \u00c7al\u0131\u015fkan&#039;dan taziye mesaj\u0131: Ya\u015fanan facia derinden hissediliyor - NETBAKIS<\/title>\n<meta name=\"robots\" content=\"index, follow, max-snippet:-1, max-image-preview:large, max-video-preview:-1\" \/>\n<link rel=\"canonical\" href=\"https:\/\/netbakis.net\/tr\/41603\/\" \/>\n<meta property=\"og:locale\" content=\"tr_TR\" \/>\n<meta property=\"og:type\" content=\"article\" \/>\n<meta property=\"og:title\" content=\"\u0130ngiltere Milletvekili Nesil \u00c7al\u0131\u015fkan&#039;dan taziye mesaj\u0131: Ya\u015fanan facia derinden hissediliyor - NETBAKIS\" \/>\n<meta property=\"og:description\" content=\"\u0130ngiltere\u2019de \u0130\u015f\u00e7i Partisi Milletvekili K\u0131br\u0131sl\u0131 T\u00fcrk Nesil \u00c7al\u0131\u015fkan, Girne a\u00e7\u0131klar\u0131nda meydana gelen gemi facias\u0131n\u0131n ard\u0131ndan hayat\u0131n\u0131 kaybedenlerin ailelerine ba\u015fsa\u011fl\u0131\u011f\u0131 diledi. \u00c7al\u0131\u015fkan, 259 ki\u015finin bulundu\u011fu feribotun alabora olmas\u0131 sonucu ya\u015fanan facian\u0131n \u0130ngiltere, K\u0131br\u0131s ve T\u00fcrkiye\u2019de derinden hissedilece\u011fini belirterek, hayat\u0131n\u0131 kaybeden, yaralanan, kay\u0131p olan ve olaydan etkilenen herkes i\u00e7in taziyelerini iletti. \u0130ngiltere\u2019de \u0130\u015f\u00e7i Partisi Milletvekili K\u0131br\u0131sl\u0131 T\u00fcrk [&hellip;]\" \/>\n<meta property=\"og:url\" content=\"https:\/\/netbakis.net\/tr\/41603\/\" \/>\n<meta property=\"og:site_name\" content=\"NETBAKIS\" \/>\n<meta property=\"article:published_time\" content=\"2026-08-31T16:50:21+00:00\" \/>\n<meta property=\"article:modified_time\" content=\"2026-08-31T16:50:24+00:00\" \/>\n<meta property=\"og:image\" content=\"https:\/\/netbakis.net\/wp-content\/uploads\/2026\/08\/v2normalhaberboyutuablonsuzkopyaskopyaskopyaskopyaskopyaskopyas-2026-08-31t162558736-1788182784.webp\" \/>\n\t<meta property=\"og:image:width\" content=\"1280\" \/>\n\t<meta property=\"og:image:height\" content=\"720\" \/>\n\t<meta property=\"og:image:type\" content=\"image\/webp\" \/>\n<meta name=\"author\" content=\"netbakis.net\" \/>\n<meta name=\"twitter:card\" content=\"summary_large_image\" \/>\n<meta name=\"twitter:label1\" content=\"Yazan:\" \/>\n\t<meta name=\"twitter:data1\" content=\"netbakis.net\" \/>\n\t<meta name=\"twitter:label2\" content=\"Tahmini okuma s\u00fcresi\" \/>\n\t<meta name=\"twitter:data2\" content=\"2 dakika\" \/>\n<script type=\"application\/ld+json\" class=\"yoast-schema-graph\">{\"@context\":\"https:\/\/schema.org\",\"@graph\":[{\"@type\":\"WebPage\",\"@id\":\"https:\/\/netbakis.net\/41603\/\",\"url\":\"https:\/\/netbakis.net\/41603\/\",\"name\":\"\u0130ngiltere Milletvekili Nesil \u00c7al\u0131\u015fkan'dan taziye mesaj\u0131: Ya\u015fanan facia derinden hissediliyor - NETBAKIS\",\"isPartOf\":{\"@id\":\"https:\/\/netbakis.net\/#website\"},\"primaryImageOfPage\":{\"@id\":\"https:\/\/netbakis.net\/41603\/#primaryimage\"},\"image\":{\"@id\":\"https:\/\/netbakis.net\/41603\/#primaryimage\"},\"thumbnailUrl\":\"https:\/\/netbakis.net\/wp-content\/uploads\/2026\/08\/v2normalhaberboyutuablonsuzkopyaskopyaskopyaskopyaskopyaskopyas-2026-08-31t162558736-1788182784.webp\",\"datePublished\":\"2026-08-31T16:50:21+00:00\",\"dateModified\":\"2026-08-31T16:50:24+00:00\",\"author\":{\"@id\":\"https:\/\/netbakis.net\/#\/schema\/person\/5d9b5c3f48ca4a3c69967d619fc8c7f4\"},\"breadcrumb\":{\"@id\":\"https:\/\/netbakis.net\/41603\/#breadcrumb\"},\"inLanguage\":\"tr\",\"potentialAction\":[{\"@type\":\"ReadAction\",\"target\":[\"https:\/\/netbakis.net\/41603\/\"]}]},{\"@type\":\"ImageObject\",\"inLanguage\":\"tr\",\"@id\":\"https:\/\/netbakis.net\/41603\/#primaryimage\",\"url\":\"https:\/\/netbakis.net\/wp-content\/uploads\/2026\/08\/v2normalhaberboyutuablonsuzkopyaskopyaskopyaskopyaskopyaskopyas-2026-08-31t162558736-1788182784.webp\",\"contentUrl\":\"https:\/\/netbakis.net\/wp-content\/uploads\/2026\/08\/v2normalhaberboyutuablonsuzkopyaskopyaskopyaskopyaskopyaskopyas-2026-08-31t162558736-1788182784.webp\",\"width\":1280,\"height\":720},{\"@type\":\"BreadcrumbList\",\"@id\":\"https:\/\/netbakis.net\/41603\/#breadcrumb\",\"itemListElement\":[{\"@type\":\"ListItem\",\"position\":1,\"name\":\"Home\",\"item\":\"https:\/\/netbakis.net\/\"},{\"@type\":\"ListItem\",\"position\":2,\"name\":\"\u0130ngiltere Milletvekili Nesil \u00c7al\u0131\u015fkan&#8217;dan taziye mesaj\u0131: Ya\u015fanan facia derinden hissediliyor\"}]},{\"@type\":\"WebSite\",\"@id\":\"https:\/\/netbakis.net\/#website\",\"url\":\"https:\/\/netbakis.net\/\",\"name\":\"NETBAKIS\",\"description\":\"SON DAKIKA\",\"potentialAction\":[{\"@type\":\"SearchAction\",\"target\":{\"@type\":\"EntryPoint\",\"urlTemplate\":\"https:\/\/netbakis.net\/?s={search_term_string}\"},\"query-input\":{\"@type\":\"PropertyValueSpecification\",\"valueRequired\":true,\"valueName\":\"search_term_string\"}}],\"inLanguage\":\"tr\"},{\"@type\":\"Person\",\"@id\":\"https:\/\/netbakis.net\/#\/schema\/person\/5d9b5c3f48ca4a3c69967d619fc8c7f4\",\"name\":\"netbakis.net\",\"image\":{\"@type\":\"ImageObject\",\"inLanguage\":\"tr\",\"@id\":\"https:\/\/netbakis.net\/#\/schema\/person\/image\/\",\"url\":\"https:\/\/secure.gravatar.com\/avatar\/4ddeae49d2d3e3568a8d5b0937642efdf0b72468dbe3f213bc1978faa47af0d1?s=96&d=wp_user_avatar&r=g\",\"contentUrl\":\"https:\/\/secure.gravatar.com\/avatar\/4ddeae49d2d3e3568a8d5b0937642efdf0b72468dbe3f213bc1978faa47af0d1?s=96&d=wp_user_avatar&r=g\",\"caption\":\"netbakis.net\"},\"sameAs\":[\"https:\/\/netbakis.net\"],\"url\":\"https:\/\/netbakis.net\/tr\/author\/netbakis-net\/\"}]}<\/script>\n<!-- \/ Yoast SEO plugin. -->","yoast_head_json":{"title":"\u0130ngiltere Milletvekili Nesil \u00c7al\u0131\u015fkan'dan taziye mesaj\u0131: Ya\u015fanan facia derinden hissediliyor - NETBAKIS","robots":{"index":"index","follow":"follow","max-snippet":"max-snippet:-1","max-image-preview":"max-image-preview:large","max-video-preview":"max-video-preview:-1"},"canonical":"https:\/\/netbakis.net\/tr\/41603\/","og_locale":"tr_TR","og_type":"article","og_title":"\u0130ngiltere Milletvekili Nesil \u00c7al\u0131\u015fkan'dan taziye mesaj\u0131: Ya\u015fanan facia derinden hissediliyor - NETBAKIS","og_description":"\u0130ngiltere\u2019de \u0130\u015f\u00e7i Partisi Milletvekili K\u0131br\u0131sl\u0131 T\u00fcrk Nesil \u00c7al\u0131\u015fkan, Girne a\u00e7\u0131klar\u0131nda meydana gelen gemi facias\u0131n\u0131n ard\u0131ndan hayat\u0131n\u0131 kaybedenlerin ailelerine ba\u015fsa\u011fl\u0131\u011f\u0131 diledi. \u00c7al\u0131\u015fkan, 259 ki\u015finin bulundu\u011fu feribotun alabora olmas\u0131 sonucu ya\u015fanan facian\u0131n \u0130ngiltere, K\u0131br\u0131s ve T\u00fcrkiye\u2019de derinden hissedilece\u011fini belirterek, hayat\u0131n\u0131 kaybeden, yaralanan, kay\u0131p olan ve olaydan etkilenen herkes i\u00e7in taziyelerini iletti. \u0130ngiltere\u2019de \u0130\u015f\u00e7i Partisi Milletvekili K\u0131br\u0131sl\u0131 T\u00fcrk [&hellip;]","og_url":"https:\/\/netbakis.net\/tr\/41603\/","og_site_name":"NETBAKIS","article_published_time":"2026-08-31T16:50:21+00:00","article_modified_time":"2026-08-31T16:50:24+00:00","og_image":[{"width":1280,"height":720,"url":"https:\/\/netbakis.net\/wp-content\/uploads\/2026\/08\/v2normalhaberboyutuablonsuzkopyaskopyaskopyaskopyaskopyaskopyas-2026-08-31t162558736-1788182784.webp","type":"image\/webp"}],"author":"netbakis.net","twitter_card":"summary_large_image","twitter_misc":{"Yazan:":"netbakis.net","Tahmini okuma s\u00fcresi":"2 dakika"},"schema":{"@context":"https:\/\/schema.org","@graph":[{"@type":"WebPage","@id":"https:\/\/netbakis.net\/41603\/","url":"https:\/\/netbakis.net\/41603\/","name":"\u0130ngiltere Milletvekili Nesil \u00c7al\u0131\u015fkan'dan taziye mesaj\u0131: Ya\u015fanan facia derinden hissediliyor - NETBAKIS","isPartOf":{"@id":"https:\/\/netbakis.net\/#website"},"primaryImageOfPage":{"@id":"https:\/\/netbakis.net\/41603\/#primaryimage"},"image":{"@id":"https:\/\/netbakis.net\/41603\/#primaryimage"},"thumbnailUrl":"https:\/\/netbakis.net\/wp-content\/uploads\/2026\/08\/v2normalhaberboyutuablonsuzkopyaskopyaskopyaskopyaskopyaskopyas-2026-08-31t162558736-1788182784.webp","datePublished":"2026-08-31T16:50:21+00:00","dateModified":"2026-08-31T16:50:24+00:00","author":{"@id":"https:\/\/netbakis.net\/#\/schema\/person\/5d9b5c3f48ca4a3c69967d619fc8c7f4"},"breadcrumb":{"@id":"https:\/\/netbakis.net\/41603\/#breadcrumb"},"inLanguage":"tr","potentialAction":[{"@type":"ReadAction","target":["https:\/\/netbakis.net\/41603\/"]}]},{"@type":"ImageObject","inLanguage":"tr","@id":"https:\/\/netbakis.net\/41603\/#primaryimage","url":"https:\/\/netbakis.net\/wp-content\/uploads\/2026\/08\/v2normalhaberboyutuablonsuzkopyaskopyaskopyaskopyaskopyaskopyas-2026-08-31t162558736-1788182784.webp","contentUrl":"https:\/\/netbakis.net\/wp-content\/uploads\/2026\/08\/v2normalhaberboyutuablonsuzkopyaskopyaskopyaskopyaskopyaskopyas-2026-08-31t162558736-1788182784.webp","width":1280,"height":720},{"@type":"BreadcrumbList","@id":"https:\/\/netbakis.net\/41603\/#breadcrumb","itemListElement":[{"@type":"ListItem","position":1,"name":"Home","item":"https:\/\/netbakis.net\/"},{"@type":"ListItem","position":2,"name":"\u0130ngiltere Milletvekili Nesil \u00c7al\u0131\u015fkan&#8217;dan taziye mesaj\u0131: Ya\u015fanan facia derinden hissediliyor"}]},{"@type":"WebSite","@id":"https:\/\/netbakis.net\/#website","url":"https:\/\/netbakis.net\/","name":"NETBAKIS","description":"SON DAKIKA","potentialAction":[{"@type":"SearchAction","target":{"@type":"EntryPoint","urlTemplate":"https:\/\/netbakis.net\/?s={search_term_string}"},"query-input":{"@type":"PropertyValueSpecification","valueRequired":true,"valueName":"search_term_string"}}],"inLanguage":"tr"},{"@type":"Person","@id":"https:\/\/netbakis.net\/#\/schema\/person\/5d9b5c3f48ca4a3c69967d619fc8c7f4","name":"netbakis.net","image":{"@type":"ImageObject","inLanguage":"tr","@id":"https:\/\/netbakis.net\/#\/schema\/person\/image\/","url":"https:\/\/secure.gravatar.com\/avatar\/4ddeae49d2d3e3568a8d5b0937642efdf0b72468dbe3f213bc1978faa47af0d1?s=96&d=wp_user_avatar&r=g","contentUrl":"https:\/\/secure.gravatar.com\/avatar\/4ddeae49d2d3e3568a8d5b0937642efdf0b72468dbe3f213bc1978faa47af0d1?s=96&d=wp_user_avatar&r=g","caption":"netbakis.net"},"sameAs":["https:\/\/netbakis.net"],"url":"https:\/\/netbakis.net\/tr\/author\/netbakis-net\/"}]}},"jetpack_publicize_connections":[],"_links":{"self":[{"href":"https:\/\/netbakis.net\/tr\/wp-json\/wp\/v2\/posts\/41603","targetHints":{"allow":["GET"]}}],"collection":[{"href":"https:\/\/netbakis.net\/tr\/wp-json\/wp\/v2\/posts"}],"about":[{"href":"https:\/\/netbakis.net\/tr\/wp-json\/wp\/v2\/types\/post"}],"author":[{"embeddable":true,"href":"https:\/\/netbakis.net\/tr\/wp-json\/wp\/v2\/users\/1"}],"replies":[{"embeddable":true,"href":"https:\/\/netbakis.net\/tr\/wp-json\/wp\/v2\/comments?post=41603"}],"version-history":[{"count":1,"href":"https:\/\/netbakis.net\/tr\/wp-json\/wp\/v2\/posts\/41603\/revisions"}],"predecessor-version":[{"id":41605,"href":"https:\/\/netbakis.net\/tr\/wp-json\/wp\/v2\/posts\/41603\/revisions\/41605"}],"wp:featuredmedia":[{"embeddable":true,"href":"https:\/\/netbakis.net\/tr\/wp-json\/wp\/v2\/media\/41604"}],"wp:attachment":[{"href":"https:\/\/netbakis.net\/tr\/wp-json\/wp\/v2\/media?parent=41603"}],"wp:term":[{"taxonomy":"category","embeddable":true,"href":"https:\/\/netbakis.net\/tr\/wp-json\/wp\/v2\/categories?post=41603"},{"taxonomy":"post_tag","embeddable":true,"href":"https:\/\/netbakis.net\/tr\/wp-json\/wp\/v2\/tags?post=41603"}],"curies":[{"name":"wp","href":"https:\/\/api.w.org\/{rel}","templated":true}]}}