{"id":41600,"date":"2026-08-31T16:47:14","date_gmt":"2026-08-31T16:47:14","guid":{"rendered":"https:\/\/netbakis.net\/?p=41600"},"modified":"2026-08-31T16:47:16","modified_gmt":"2026-08-31T16:47:16","slug":"sila-usar-incirli-facianin-siyasi-sorumlulugu-da-var-herkes-hesap-vermeli","status":"publish","type":"post","link":"https:\/\/netbakis.net\/tr\/41600\/","title":{"rendered":"S\u0131la Usar \u0130ncirli: Facian\u0131n siyasi sorumlulu\u011fu da var, herkes hesap vermeli"},"content":{"rendered":"<p class=\"wp-block-paragraph\">CTP Genel Ba\u015fkan\u0131 S\u0131la Usar \u0130ncirli, Girne a\u00e7\u0131klar\u0131nda ya\u015fanan gemi facias\u0131n\u0131n ard\u0131ndan arama-kurtarma \u00e7al\u0131\u015fmalar\u0131n\u0131n kesintisiz s\u00fcrd\u00fcr\u00fclmesi gerekti\u011fini belirtti. Kamuoyunun zaman\u0131nda ve yeterli bilgilendirilmedi\u011fini savunan \u0130ncirli, olay\u0131n siyasi sorumlulu\u011funun da bulundu\u011funu ifade ederek t\u00fcm sorumlular\u0131n h\u0131zl\u0131, \u015feffaf ve g\u00fcvenilir \u015fekilde soru\u015fturulmas\u0131 ve hukuk \u00f6n\u00fcnde hesap vermesi \u00e7a\u011fr\u0131s\u0131nda bulundu.<br><br>Cumhuriyet\u00e7i T\u00fcrk Partisi (CTP) Genel Ba\u015fkan\u0131 S\u0131la Usar \u0130ncirli, d\u00fcn Girne a\u00e7\u0131klar\u0131nda meydana gelen gemi facias\u0131yla ilgili sosyal medya hesab\u0131ndan a\u00e7\u0131klama yapt\u0131. Faciayla beraber \u00e7ok boyutlu bir krizin i\u00e7ine girildi\u011fini belirten \u0130ncirli, olay\u0131n en sars\u0131c\u0131 ve en \u00f6nemli boyutunun insani y\u00f6n\u00fc oldu\u011funu s\u00f6yledi. \u0130ncirli, a\u00e7\u0131klamas\u0131nda \u201cHer bir sorumlunun h\u0131zl\u0131, \u015feffaf ve g\u00fcvenilir bir \u015fekilde soru\u015fturulmas\u0131, hukuk \u00f6n\u00fcnde hesap vermesi bundan sonras\u0131 i\u00e7in kritik \u00f6neme sahiptir\u201d dedi.<\/p>\n\n\n\n<p class=\"wp-block-paragraph\">A\u00e7\u0131klamas\u0131nda, d\u00fcn ya\u015fanan gemi facias\u0131 sonras\u0131nda \u00e7ok boyutlu bir krizin i\u00e7ine girildi\u011fini ve olay\u0131n en sars\u0131c\u0131 ve en \u00f6nemli boyutu insani y\u00f6n\u00fc oldu\u011funa dikkat \u00e7eken S\u0131la Usar \u0130ncirli, \u201cCan kay\u0131plar\u0131, kurtulanlar\u0131n ya\u015fad\u0131\u011f\u0131 travmalar ve ailelerin ac\u0131lar\u0131, telafisi m\u00fcmk\u00fcn olmayan a\u011f\u0131r sonu\u00e7lard\u0131r. Hen\u00fcz konu\u015fmaya ba\u015flamam\u0131\u015f bebekler, k\u00fc\u00e7\u00fck \u00e7ocuklar, ya\u015fl\u0131lar, yak\u0131nlar\u0131n\u0131 kaybedenler ve umutla kay\u0131plar\u0131n\u0131 bekleyenlerin y\u00fcre\u011finde onulmaz yaralar a\u00e7\u0131lm\u0131\u015ft\u0131r. Hayatlar\u0131n\u0131 kaybedenler i\u00e7in \u00e7ok \u00fczg\u00fcn\u00fcm. En i\u00e7ten ba\u015fsa\u011fl\u0131\u011f\u0131 ve ge\u00e7mi\u015f olsun dileklerimi sunuyorum\u201d dedi.<br>\u0130ncirli, bu s\u00fcre\u00e7te arama-kurtarma \u00e7al\u0131\u015fmalar\u0131n\u0131n kurumlar\u0131m\u0131z, askerimiz ve T\u00fcrkiye Cumhuriyeti\u2019nin deste\u011fi ile kesintisiz s\u00fcrmesi hayati \u00f6nem ta\u015f\u0131d\u0131\u011f\u0131n\u0131 ifade ederek \u00f6zel teknelerin katk\u0131s\u0131 da \u00e7ok b\u00fcy\u00fck oldu\u011funu, g\u00f6sterilen insan \u00fcst\u00fc gayreti takdirle kar\u015f\u0131lad\u0131klar\u0131n\u0131 belirtti.<\/p>\n\n\n\n<p class=\"wp-block-paragraph\">&#8220;KAMUOYU ZAMANINDA VE YERERL\u0130 DERECEDE B\u0130LG\u0130LEND\u0130R\u0130LEMED\u0130&#8221;<\/p>\n\n\n\n<p class=\"wp-block-paragraph\">Kriz durumlar\u0131nda devletin t\u00fcm kurumlar\u0131 ile insanlar\u0131n yan\u0131nda olmas\u0131n\u0131n, ihtiya\u00e7lar\u0131 kar\u015f\u0131lamas\u0131n\u0131n ve kamuoyuna do\u011fru bilgiler vermesinin b\u00fcy\u00fck \u00f6nem ta\u015f\u0131d\u0131\u011f\u0131n\u0131 belirten \u0130ncirli, belediyeler arac\u0131l\u0131yla insani yard\u0131mlar, psikologlar ve psikiyatristler taraf\u0131ndan \u00e7al\u0131\u015fmalar yap\u0131lmas\u0131na ra\u011fmen psiko-sosyal deste\u011fin a\u011f\u0131 arzu edilen h\u0131zda, kapsamda ve koordinasyon i\u00e7inde olu\u015fturulamad\u0131\u011f\u0131n\u0131 ifade etti. \u0130ncirli, \u201cKamuoyu zaman\u0131nda ve yeterli derecede bilgilendirilmedi. Sorulan sorular cevaps\u0131z kald\u0131. Sonu\u00e7ta insanlar isyan etti. Bir yanda kay\u0131plar\u0131n\u0131 endi\u015fe i\u00e7inde bekleyen, di\u011fer yanda evlerine nas\u0131l d\u00f6nece\u011fini bilmeyen insanlar var\u201d dedi.<\/p>\n\n\n\n<p class=\"wp-block-paragraph\">&#8220;OLAYIN S\u0130YAS\u0130 SORUMLULU\u011eU DA VARDIR; H\u00dcK\u00dcMET\u0130N C\u0130DD\u0130YETLE HAREKET ETMES\u0130 GEREK&#8221;<\/p>\n\n\n\n<p class=\"wp-block-paragraph\">S\u0131la Usar \u0130ncirli, ya\u015fad\u0131\u011f\u0131m\u0131z bu felaketin ve benzeri olaylar\u0131n kendili\u011finden meydana gelmedi\u011fine de dikkat \u00e7ekerek s\u00fcrecin arkas\u0131nda mutlaka buna neden olan ki\u015filer ve kurumlar oldu\u011funu s\u00f6yledi. \u0130ncirli, \u201cOlay\u0131n siyasi bir sorumlulu\u011fu da bulunmaktad\u0131r. Her bir sorumlunun h\u0131zl\u0131, \u015feffaf ve g\u00fcvenilir bir \u015fekilde soru\u015fturulmas\u0131, hukuk \u00f6n\u00fcnde hesap vermesi bundan sonras\u0131 i\u00e7in kritik \u00f6neme sahiptir\u201d ifadelerini kulland\u0131.<\/p>\n\n\n\n<p class=\"wp-block-paragraph\">Olay\u0131n ayn\u0131 zamanda t\u00fcm d\u00fcnyan\u0131n yak\u0131ndan takip etti\u011fi uluslararas\u0131 bir g\u00fcvenlik boyutu da oldu\u011funu unutmamak gerekti\u011fini belirten \u0130ncirli, devlet ciddiyeti i\u00e7inde davran\u0131lmas\u0131n\u0131n bu a\u00e7\u0131dan da \u00e7ok \u00f6nemli oldu\u011funu vurgulad\u0131. \u0130ncirli, h\u00fck\u00fcmetin, d\u00fcnyan\u0131n g\u00f6z\u00fcn\u00fcn \u00fczerimizde oldu\u011fu bilinciyle ve ciddiyetiyle hareket etmesi gerekti\u011finin, bir an \u00f6nce da\u011f\u0131n\u0131k, \u00e7eli\u015fkili, eksik bilgilendirme halinden \u00e7\u0131kmas\u0131n\u0131n \u00f6neminin alt\u0131n\u0131 \u00e7izdi.<\/p>\n\n\n\n<p class=\"wp-block-paragraph\">&#8220;\u00d6NCEL\u0130KLER\u0130M\u0130ZDEN B\u0130R TANES\u0130 DE L\u0130MANLAR VE DEN\u0130ZC\u0130L\u0130K ALTYAPILARININ D\u00d6N\u00dc\u015eT\u00dcR\u00dcLMES\u0130 OLACAKTIR&#8221;<\/p>\n\n\n\n<p class=\"wp-block-paragraph\">\u0130ncirli a\u00e7\u0131klamas\u0131n\u0131, \u201cBu ac\u0131 olay, denizcilik politikalar\u0131n\u0131 y\u00f6netecek, t\u00fcm faaliyetleri s\u0131k\u0131 bir \u015fekilde denetleyecek g\u00fc\u00e7l\u00fc bir kurumsal yap\u0131ya ve \u00fcst otoriteye olan ihtiyac\u0131m\u0131z\u0131 bir kez daha g\u00f6zler \u00f6n\u00fcne sermi\u015ftir. \u00d6n\u00fcm\u00fczdeki d\u00f6nemde \u00f6nceliklerimizden bir tanesi de limanlar ve denizcilik altyap\u0131lar\u0131n\u0131n d\u00f6n\u00fc\u015ft\u00fcr\u00fclmesi olacakt\u0131r\u201d ifadeleriyle tamamlad\u0131.Cumhuriyet\u00e7i T\u00fcrk Partisi (CTP) Genel Ba\u015fkan\u0131 S\u0131la Usar \u0130ncirli, d\u00fcn Girne a\u00e7\u0131klar\u0131nda meydana gelen gemi facias\u0131yla ilgili sosyal medya hesab\u0131ndan a\u00e7\u0131klama yapt\u0131. Faciayla beraber \u00e7ok boyutlu bir krizin i\u00e7ine girildi\u011fini belirten \u0130ncirli, olay\u0131n en sars\u0131c\u0131 ve en \u00f6nemli boyutunun insani y\u00f6n\u00fc oldu\u011funu s\u00f6yledi. \u0130ncirli, a\u00e7\u0131klamas\u0131nda \u201cHer bir sorumlunun h\u0131zl\u0131, \u015feffaf ve g\u00fcvenilir bir \u015fekilde soru\u015fturulmas\u0131, hukuk \u00f6n\u00fcnde hesap vermesi bundan sonras\u0131 i\u00e7in kritik \u00f6neme sahiptir\u201d dedi.<\/p>\n\n\n\n<p class=\"wp-block-paragraph\">A\u00e7\u0131klamas\u0131nda, d\u00fcn ya\u015fanan gemi facias\u0131 sonras\u0131nda \u00e7ok boyutlu bir krizin i\u00e7ine girildi\u011fini ve olay\u0131n en sars\u0131c\u0131 ve en \u00f6nemli boyutu insani y\u00f6n\u00fc oldu\u011funa dikkat \u00e7eken S\u0131la Usar \u0130ncirli, \u201cCan kay\u0131plar\u0131, kurtulanlar\u0131n ya\u015fad\u0131\u011f\u0131 travmalar ve ailelerin ac\u0131lar\u0131, telafisi m\u00fcmk\u00fcn olmayan a\u011f\u0131r sonu\u00e7lard\u0131r. Hen\u00fcz konu\u015fmaya ba\u015flamam\u0131\u015f bebekler, k\u00fc\u00e7\u00fck \u00e7ocuklar, ya\u015fl\u0131lar, yak\u0131nlar\u0131n\u0131 kaybedenler ve umutla kay\u0131plar\u0131n\u0131 bekleyenlerin y\u00fcre\u011finde onulmaz yaralar a\u00e7\u0131lm\u0131\u015ft\u0131r. Hayatlar\u0131n\u0131 kaybedenler i\u00e7in \u00e7ok \u00fczg\u00fcn\u00fcm. En i\u00e7ten ba\u015fsa\u011fl\u0131\u011f\u0131 ve ge\u00e7mi\u015f olsun dileklerimi sunuyorum\u201d dedi.<br>\u0130ncirli, bu s\u00fcre\u00e7te arama-kurtarma \u00e7al\u0131\u015fmalar\u0131n\u0131n kurumlar\u0131m\u0131z, askerimiz ve T\u00fcrkiye Cumhuriyeti\u2019nin deste\u011fi ile kesintisiz s\u00fcrmesi hayati \u00f6nem ta\u015f\u0131d\u0131\u011f\u0131n\u0131 ifade ederek \u00f6zel teknelerin katk\u0131s\u0131 da \u00e7ok b\u00fcy\u00fck oldu\u011funu, g\u00f6sterilen insan \u00fcst\u00fc gayreti takdirle kar\u015f\u0131lad\u0131klar\u0131n\u0131 belirtti.<\/p>\n\n\n\n<p class=\"wp-block-paragraph\">&#8220;KAMUOYU ZAMANINDA VE YERERL\u0130 DERECEDE B\u0130LG\u0130LEND\u0130R\u0130LEMED\u0130&#8221;<\/p>\n\n\n\n<p class=\"wp-block-paragraph\">Kriz durumlar\u0131nda devletin t\u00fcm kurumlar\u0131 ile insanlar\u0131n yan\u0131nda olmas\u0131n\u0131n, ihtiya\u00e7lar\u0131 kar\u015f\u0131lamas\u0131n\u0131n ve kamuoyuna do\u011fru bilgiler vermesinin b\u00fcy\u00fck \u00f6nem ta\u015f\u0131d\u0131\u011f\u0131n\u0131 belirten \u0130ncirli, belediyeler arac\u0131l\u0131yla insani yard\u0131mlar, psikologlar ve psikiyatristler taraf\u0131ndan \u00e7al\u0131\u015fmalar yap\u0131lmas\u0131na ra\u011fmen psiko-sosyal deste\u011fin a\u011f\u0131 arzu edilen h\u0131zda, kapsamda ve koordinasyon i\u00e7inde olu\u015fturulamad\u0131\u011f\u0131n\u0131 ifade etti. \u0130ncirli, \u201cKamuoyu zaman\u0131nda ve yeterli derecede bilgilendirilmedi. Sorulan sorular cevaps\u0131z kald\u0131. Sonu\u00e7ta insanlar isyan etti. Bir yanda kay\u0131plar\u0131n\u0131 endi\u015fe i\u00e7inde bekleyen, di\u011fer yanda evlerine nas\u0131l d\u00f6nece\u011fini bilmeyen insanlar var\u201d dedi.<\/p>\n\n\n\n<p class=\"wp-block-paragraph\">&#8220;OLAYIN S\u0130YAS\u0130 SORUMLULU\u011eU DA VARDIR; H\u00dcK\u00dcMET\u0130N C\u0130DD\u0130YETLE HAREKET ETMES\u0130 GEREK&#8221;<\/p>\n\n\n\n<p class=\"wp-block-paragraph\">S\u0131la Usar \u0130ncirli, ya\u015fad\u0131\u011f\u0131m\u0131z bu felaketin ve benzeri olaylar\u0131n kendili\u011finden meydana gelmedi\u011fine de dikkat \u00e7ekerek s\u00fcrecin arkas\u0131nda mutlaka buna neden olan ki\u015filer ve kurumlar oldu\u011funu s\u00f6yledi. \u0130ncirli, \u201cOlay\u0131n siyasi bir sorumlulu\u011fu da bulunmaktad\u0131r. Her bir sorumlunun h\u0131zl\u0131, \u015feffaf ve g\u00fcvenilir bir \u015fekilde soru\u015fturulmas\u0131, hukuk \u00f6n\u00fcnde hesap vermesi bundan sonras\u0131 i\u00e7in kritik \u00f6neme sahiptir\u201d ifadelerini kulland\u0131.<\/p>\n\n\n\n<p class=\"wp-block-paragraph\">Olay\u0131n ayn\u0131 zamanda t\u00fcm d\u00fcnyan\u0131n yak\u0131ndan takip etti\u011fi uluslararas\u0131 bir g\u00fcvenlik boyutu da oldu\u011funu unutmamak gerekti\u011fini belirten \u0130ncirli, devlet ciddiyeti i\u00e7inde davran\u0131lmas\u0131n\u0131n bu a\u00e7\u0131dan da \u00e7ok \u00f6nemli oldu\u011funu vurgulad\u0131. \u0130ncirli, h\u00fck\u00fcmetin, d\u00fcnyan\u0131n g\u00f6z\u00fcn\u00fcn \u00fczerimizde oldu\u011fu bilinciyle ve ciddiyetiyle hareket etmesi gerekti\u011finin, bir an \u00f6nce da\u011f\u0131n\u0131k, \u00e7eli\u015fkili, eksik bilgilendirme halinden \u00e7\u0131kmas\u0131n\u0131n \u00f6neminin alt\u0131n\u0131 \u00e7izdi.<\/p>\n\n\n\n<p class=\"wp-block-paragraph\">&#8220;\u00d6NCEL\u0130KLER\u0130M\u0130ZDEN B\u0130R TANES\u0130 DE L\u0130MANLAR VE DEN\u0130ZC\u0130L\u0130K ALTYAPILARININ D\u00d6N\u00dc\u015eT\u00dcR\u00dcLMES\u0130 OLACAKTIR&#8221;<\/p>\n\n\n\n<p class=\"wp-block-paragraph\">\u0130ncirli a\u00e7\u0131klamas\u0131n\u0131, \u201cBu ac\u0131 olay, denizcilik politikalar\u0131n\u0131 y\u00f6netecek, t\u00fcm faaliyetleri s\u0131k\u0131 bir \u015fekilde denetleyecek g\u00fc\u00e7l\u00fc bir kurumsal yap\u0131ya ve \u00fcst otoriteye olan ihtiyac\u0131m\u0131z\u0131 bir kez daha g\u00f6zler \u00f6n\u00fcne sermi\u015ftir. \u00d6n\u00fcm\u00fczdeki d\u00f6nemde \u00f6nceliklerimizden bir tanesi de limanlar ve denizcilik altyap\u0131lar\u0131n\u0131n d\u00f6n\u00fc\u015ft\u00fcr\u00fclmesi olacakt\u0131r\u201d ifadeleriyle tamamlad\u0131.<\/p>","protected":false},"excerpt":{"rendered":"<p>CTP Genel Ba\u015fkan\u0131 S\u0131la Usar \u0130ncirli, Girne a\u00e7\u0131klar\u0131nda ya\u015fanan gemi facias\u0131n\u0131n ard\u0131ndan arama-kurtarma \u00e7al\u0131\u015fmalar\u0131n\u0131n kesintisiz s\u00fcrd\u00fcr\u00fclmesi gerekti\u011fini belirtti. Kamuoyunun zaman\u0131nda ve yeterli bilgilendirilmedi\u011fini savunan \u0130ncirli, olay\u0131n siyasi sorumlulu\u011funun da bulundu\u011funu ifade ederek t\u00fcm sorumlular\u0131n h\u0131zl\u0131, \u015feffaf ve g\u00fcvenilir \u015fekilde soru\u015fturulmas\u0131 ve hukuk \u00f6n\u00fcnde hesap vermesi \u00e7a\u011fr\u0131s\u0131nda bulundu. Cumhuriyet\u00e7i T\u00fcrk Partisi (CTP) Genel Ba\u015fkan\u0131 S\u0131la Usar [&hellip;]<\/p>","protected":false},"author":1,"featured_media":41601,"comment_status":"open","ping_status":"open","sticky":false,"template":"","format":"standard","meta":{"om_disable_all_campaigns":false,"_monsterinsights_skip_tracking":false,"_monsterinsights_sitenote_active":false,"_monsterinsights_sitenote_note":"","_monsterinsights_sitenote_category":0,"_uf_show_specific_survey":0,"_uf_disable_surveys":false,"footnotes":"","jetpack_publicize_message":"","jetpack_publicize_feature_enabled":true,"jetpack_social_post_already_shared":true,"jetpack_social_options":{"image_generator_settings":{"template":"highway","default_image_id":0,"font":"","enabled":false},"version":2}},"categories":[81],"tags":[],"class_list":["post-41600","post","type-post","status-publish","format-standard","has-post-thumbnail","category-gundem"],"yoast_head":"<!-- This site is optimized with the Yoast SEO plugin v23.8 - https:\/\/yoast.com\/wordpress\/plugins\/seo\/ -->\n<title>S\u0131la Usar \u0130ncirli: Facian\u0131n siyasi sorumlulu\u011fu da var, herkes hesap vermeli - NETBAKIS<\/title>\n<meta name=\"robots\" content=\"index, follow, max-snippet:-1, max-image-preview:large, max-video-preview:-1\" \/>\n<link rel=\"canonical\" href=\"https:\/\/netbakis.net\/tr\/41600\/\" \/>\n<meta property=\"og:locale\" content=\"tr_TR\" \/>\n<meta property=\"og:type\" content=\"article\" \/>\n<meta property=\"og:title\" content=\"S\u0131la Usar \u0130ncirli: Facian\u0131n siyasi sorumlulu\u011fu da var, herkes hesap vermeli - NETBAKIS\" \/>\n<meta property=\"og:description\" content=\"CTP Genel Ba\u015fkan\u0131 S\u0131la Usar \u0130ncirli, Girne a\u00e7\u0131klar\u0131nda ya\u015fanan gemi facias\u0131n\u0131n ard\u0131ndan arama-kurtarma \u00e7al\u0131\u015fmalar\u0131n\u0131n kesintisiz s\u00fcrd\u00fcr\u00fclmesi gerekti\u011fini belirtti. Kamuoyunun zaman\u0131nda ve yeterli bilgilendirilmedi\u011fini savunan \u0130ncirli, olay\u0131n siyasi sorumlulu\u011funun da bulundu\u011funu ifade ederek t\u00fcm sorumlular\u0131n h\u0131zl\u0131, \u015feffaf ve g\u00fcvenilir \u015fekilde soru\u015fturulmas\u0131 ve hukuk \u00f6n\u00fcnde hesap vermesi \u00e7a\u011fr\u0131s\u0131nda bulundu. Cumhuriyet\u00e7i T\u00fcrk Partisi (CTP) Genel Ba\u015fkan\u0131 S\u0131la Usar [&hellip;]\" \/>\n<meta property=\"og:url\" content=\"https:\/\/netbakis.net\/tr\/41600\/\" \/>\n<meta property=\"og:site_name\" content=\"NETBAKIS\" \/>\n<meta property=\"article:published_time\" content=\"2026-08-31T16:47:14+00:00\" \/>\n<meta property=\"article:modified_time\" content=\"2026-08-31T16:47:16+00:00\" \/>\n<meta property=\"og:image\" content=\"https:\/\/netbakis.net\/wp-content\/uploads\/2026\/08\/v2normalhaberboyutuablonsuzkopyaskopyaskopyaskopyaskopyaskopyas-2026-08-31t170416741_1788185073.webp\" \/>\n\t<meta property=\"og:image:width\" content=\"971\" \/>\n\t<meta property=\"og:image:height\" content=\"551\" \/>\n\t<meta property=\"og:image:type\" content=\"image\/webp\" \/>\n<meta name=\"author\" content=\"netbakis.net\" \/>\n<meta name=\"twitter:card\" content=\"summary_large_image\" \/>\n<meta name=\"twitter:label1\" content=\"Yazan:\" \/>\n\t<meta name=\"twitter:data1\" content=\"netbakis.net\" \/>\n\t<meta name=\"twitter:label2\" content=\"Tahmini okuma s\u00fcresi\" \/>\n\t<meta name=\"twitter:data2\" content=\"5 dakika\" \/>\n<script type=\"application\/ld+json\" class=\"yoast-schema-graph\">{\"@context\":\"https:\/\/schema.org\",\"@graph\":[{\"@type\":\"WebPage\",\"@id\":\"https:\/\/netbakis.net\/41600\/\",\"url\":\"https:\/\/netbakis.net\/41600\/\",\"name\":\"S\u0131la Usar \u0130ncirli: Facian\u0131n siyasi sorumlulu\u011fu da var, herkes hesap vermeli - NETBAKIS\",\"isPartOf\":{\"@id\":\"https:\/\/netbakis.net\/#website\"},\"primaryImageOfPage\":{\"@id\":\"https:\/\/netbakis.net\/41600\/#primaryimage\"},\"image\":{\"@id\":\"https:\/\/netbakis.net\/41600\/#primaryimage\"},\"thumbnailUrl\":\"https:\/\/netbakis.net\/wp-content\/uploads\/2026\/08\/v2normalhaberboyutuablonsuzkopyaskopyaskopyaskopyaskopyaskopyas-2026-08-31t170416741_1788185073.webp\",\"datePublished\":\"2026-08-31T16:47:14+00:00\",\"dateModified\":\"2026-08-31T16:47:16+00:00\",\"author\":{\"@id\":\"https:\/\/netbakis.net\/#\/schema\/person\/5d9b5c3f48ca4a3c69967d619fc8c7f4\"},\"breadcrumb\":{\"@id\":\"https:\/\/netbakis.net\/41600\/#breadcrumb\"},\"inLanguage\":\"tr\",\"potentialAction\":[{\"@type\":\"ReadAction\",\"target\":[\"https:\/\/netbakis.net\/41600\/\"]}]},{\"@type\":\"ImageObject\",\"inLanguage\":\"tr\",\"@id\":\"https:\/\/netbakis.net\/41600\/#primaryimage\",\"url\":\"https:\/\/netbakis.net\/wp-content\/uploads\/2026\/08\/v2normalhaberboyutuablonsuzkopyaskopyaskopyaskopyaskopyaskopyas-2026-08-31t170416741_1788185073.webp\",\"contentUrl\":\"https:\/\/netbakis.net\/wp-content\/uploads\/2026\/08\/v2normalhaberboyutuablonsuzkopyaskopyaskopyaskopyaskopyaskopyas-2026-08-31t170416741_1788185073.webp\",\"width\":971,\"height\":551},{\"@type\":\"BreadcrumbList\",\"@id\":\"https:\/\/netbakis.net\/41600\/#breadcrumb\",\"itemListElement\":[{\"@type\":\"ListItem\",\"position\":1,\"name\":\"Home\",\"item\":\"https:\/\/netbakis.net\/\"},{\"@type\":\"ListItem\",\"position\":2,\"name\":\"S\u0131la Usar \u0130ncirli: Facian\u0131n siyasi sorumlulu\u011fu da var, herkes hesap vermeli\"}]},{\"@type\":\"WebSite\",\"@id\":\"https:\/\/netbakis.net\/#website\",\"url\":\"https:\/\/netbakis.net\/\",\"name\":\"NETBAKIS\",\"description\":\"SON DAKIKA\",\"potentialAction\":[{\"@type\":\"SearchAction\",\"target\":{\"@type\":\"EntryPoint\",\"urlTemplate\":\"https:\/\/netbakis.net\/?s={search_term_string}\"},\"query-input\":{\"@type\":\"PropertyValueSpecification\",\"valueRequired\":true,\"valueName\":\"search_term_string\"}}],\"inLanguage\":\"tr\"},{\"@type\":\"Person\",\"@id\":\"https:\/\/netbakis.net\/#\/schema\/person\/5d9b5c3f48ca4a3c69967d619fc8c7f4\",\"name\":\"netbakis.net\",\"image\":{\"@type\":\"ImageObject\",\"inLanguage\":\"tr\",\"@id\":\"https:\/\/netbakis.net\/#\/schema\/person\/image\/\",\"url\":\"https:\/\/secure.gravatar.com\/avatar\/4ddeae49d2d3e3568a8d5b0937642efdf0b72468dbe3f213bc1978faa47af0d1?s=96&d=wp_user_avatar&r=g\",\"contentUrl\":\"https:\/\/secure.gravatar.com\/avatar\/4ddeae49d2d3e3568a8d5b0937642efdf0b72468dbe3f213bc1978faa47af0d1?s=96&d=wp_user_avatar&r=g\",\"caption\":\"netbakis.net\"},\"sameAs\":[\"https:\/\/netbakis.net\"],\"url\":\"https:\/\/netbakis.net\/tr\/author\/netbakis-net\/\"}]}<\/script>\n<!-- \/ Yoast SEO plugin. -->","yoast_head_json":{"title":"S\u0131la Usar \u0130ncirli: Facian\u0131n siyasi sorumlulu\u011fu da var, herkes hesap vermeli - NETBAKIS","robots":{"index":"index","follow":"follow","max-snippet":"max-snippet:-1","max-image-preview":"max-image-preview:large","max-video-preview":"max-video-preview:-1"},"canonical":"https:\/\/netbakis.net\/tr\/41600\/","og_locale":"tr_TR","og_type":"article","og_title":"S\u0131la Usar \u0130ncirli: Facian\u0131n siyasi sorumlulu\u011fu da var, herkes hesap vermeli - NETBAKIS","og_description":"CTP Genel Ba\u015fkan\u0131 S\u0131la Usar \u0130ncirli, Girne a\u00e7\u0131klar\u0131nda ya\u015fanan gemi facias\u0131n\u0131n ard\u0131ndan arama-kurtarma \u00e7al\u0131\u015fmalar\u0131n\u0131n kesintisiz s\u00fcrd\u00fcr\u00fclmesi gerekti\u011fini belirtti. Kamuoyunun zaman\u0131nda ve yeterli bilgilendirilmedi\u011fini savunan \u0130ncirli, olay\u0131n siyasi sorumlulu\u011funun da bulundu\u011funu ifade ederek t\u00fcm sorumlular\u0131n h\u0131zl\u0131, \u015feffaf ve g\u00fcvenilir \u015fekilde soru\u015fturulmas\u0131 ve hukuk \u00f6n\u00fcnde hesap vermesi \u00e7a\u011fr\u0131s\u0131nda bulundu. Cumhuriyet\u00e7i T\u00fcrk Partisi (CTP) Genel Ba\u015fkan\u0131 S\u0131la Usar [&hellip;]","og_url":"https:\/\/netbakis.net\/tr\/41600\/","og_site_name":"NETBAKIS","article_published_time":"2026-08-31T16:47:14+00:00","article_modified_time":"2026-08-31T16:47:16+00:00","og_image":[{"width":971,"height":551,"url":"https:\/\/netbakis.net\/wp-content\/uploads\/2026\/08\/v2normalhaberboyutuablonsuzkopyaskopyaskopyaskopyaskopyaskopyas-2026-08-31t170416741_1788185073.webp","type":"image\/webp"}],"author":"netbakis.net","twitter_card":"summary_large_image","twitter_misc":{"Yazan:":"netbakis.net","Tahmini okuma s\u00fcresi":"5 dakika"},"schema":{"@context":"https:\/\/schema.org","@graph":[{"@type":"WebPage","@id":"https:\/\/netbakis.net\/41600\/","url":"https:\/\/netbakis.net\/41600\/","name":"S\u0131la Usar \u0130ncirli: Facian\u0131n siyasi sorumlulu\u011fu da var, herkes hesap vermeli - NETBAKIS","isPartOf":{"@id":"https:\/\/netbakis.net\/#website"},"primaryImageOfPage":{"@id":"https:\/\/netbakis.net\/41600\/#primaryimage"},"image":{"@id":"https:\/\/netbakis.net\/41600\/#primaryimage"},"thumbnailUrl":"https:\/\/netbakis.net\/wp-content\/uploads\/2026\/08\/v2normalhaberboyutuablonsuzkopyaskopyaskopyaskopyaskopyaskopyas-2026-08-31t170416741_1788185073.webp","datePublished":"2026-08-31T16:47:14+00:00","dateModified":"2026-08-31T16:47:16+00:00","author":{"@id":"https:\/\/netbakis.net\/#\/schema\/person\/5d9b5c3f48ca4a3c69967d619fc8c7f4"},"breadcrumb":{"@id":"https:\/\/netbakis.net\/41600\/#breadcrumb"},"inLanguage":"tr","potentialAction":[{"@type":"ReadAction","target":["https:\/\/netbakis.net\/41600\/"]}]},{"@type":"ImageObject","inLanguage":"tr","@id":"https:\/\/netbakis.net\/41600\/#primaryimage","url":"https:\/\/netbakis.net\/wp-content\/uploads\/2026\/08\/v2normalhaberboyutuablonsuzkopyaskopyaskopyaskopyaskopyaskopyas-2026-08-31t170416741_1788185073.webp","contentUrl":"https:\/\/netbakis.net\/wp-content\/uploads\/2026\/08\/v2normalhaberboyutuablonsuzkopyaskopyaskopyaskopyaskopyaskopyas-2026-08-31t170416741_1788185073.webp","width":971,"height":551},{"@type":"BreadcrumbList","@id":"https:\/\/netbakis.net\/41600\/#breadcrumb","itemListElement":[{"@type":"ListItem","position":1,"name":"Home","item":"https:\/\/netbakis.net\/"},{"@type":"ListItem","position":2,"name":"S\u0131la Usar \u0130ncirli: Facian\u0131n siyasi sorumlulu\u011fu da var, herkes hesap vermeli"}]},{"@type":"WebSite","@id":"https:\/\/netbakis.net\/#website","url":"https:\/\/netbakis.net\/","name":"NETBAKIS","description":"SON DAKIKA","potentialAction":[{"@type":"SearchAction","target":{"@type":"EntryPoint","urlTemplate":"https:\/\/netbakis.net\/?s={search_term_string}"},"query-input":{"@type":"PropertyValueSpecification","valueRequired":true,"valueName":"search_term_string"}}],"inLanguage":"tr"},{"@type":"Person","@id":"https:\/\/netbakis.net\/#\/schema\/person\/5d9b5c3f48ca4a3c69967d619fc8c7f4","name":"netbakis.net","image":{"@type":"ImageObject","inLanguage":"tr","@id":"https:\/\/netbakis.net\/#\/schema\/person\/image\/","url":"https:\/\/secure.gravatar.com\/avatar\/4ddeae49d2d3e3568a8d5b0937642efdf0b72468dbe3f213bc1978faa47af0d1?s=96&d=wp_user_avatar&r=g","contentUrl":"https:\/\/secure.gravatar.com\/avatar\/4ddeae49d2d3e3568a8d5b0937642efdf0b72468dbe3f213bc1978faa47af0d1?s=96&d=wp_user_avatar&r=g","caption":"netbakis.net"},"sameAs":["https:\/\/netbakis.net"],"url":"https:\/\/netbakis.net\/tr\/author\/netbakis-net\/"}]}},"jetpack_publicize_connections":[],"_links":{"self":[{"href":"https:\/\/netbakis.net\/tr\/wp-json\/wp\/v2\/posts\/41600","targetHints":{"allow":["GET"]}}],"collection":[{"href":"https:\/\/netbakis.net\/tr\/wp-json\/wp\/v2\/posts"}],"about":[{"href":"https:\/\/netbakis.net\/tr\/wp-json\/wp\/v2\/types\/post"}],"author":[{"embeddable":true,"href":"https:\/\/netbakis.net\/tr\/wp-json\/wp\/v2\/users\/1"}],"replies":[{"embeddable":true,"href":"https:\/\/netbakis.net\/tr\/wp-json\/wp\/v2\/comments?post=41600"}],"version-history":[{"count":1,"href":"https:\/\/netbakis.net\/tr\/wp-json\/wp\/v2\/posts\/41600\/revisions"}],"predecessor-version":[{"id":41602,"href":"https:\/\/netbakis.net\/tr\/wp-json\/wp\/v2\/posts\/41600\/revisions\/41602"}],"wp:featuredmedia":[{"embeddable":true,"href":"https:\/\/netbakis.net\/tr\/wp-json\/wp\/v2\/media\/41601"}],"wp:attachment":[{"href":"https:\/\/netbakis.net\/tr\/wp-json\/wp\/v2\/media?parent=41600"}],"wp:term":[{"taxonomy":"category","embeddable":true,"href":"https:\/\/netbakis.net\/tr\/wp-json\/wp\/v2\/categories?post=41600"},{"taxonomy":"post_tag","embeddable":true,"href":"https:\/\/netbakis.net\/tr\/wp-json\/wp\/v2\/tags?post=41600"}],"curies":[{"name":"wp","href":"https:\/\/api.w.org\/{rel}","templated":true}]}}