{"id":41591,"date":"2026-08-31T16:43:40","date_gmt":"2026-08-31T16:43:40","guid":{"rendered":"https:\/\/netbakis.net\/?p=41591"},"modified":"2026-08-31T16:43:43","modified_gmt":"2026-08-31T16:43:43","slug":"alabora-olan-gemide-hayatini-kaybeden-nihat-balyemezin-cenazesi-memleketi-gaziantepe-goturuldu","status":"publish","type":"post","link":"https:\/\/netbakis.net\/tr\/41591\/","title":{"rendered":"Alabora olan gemide hayat\u0131n\u0131 kaybeden Nihat Balyemez&#8217;in cenazesi memleketi Gaziantep&#8217;e g\u00f6t\u00fcr\u00fcld\u00fc"},"content":{"rendered":"<p class=\"wp-block-paragraph\">Girne a\u00e7\u0131klar\u0131nda alabora olan gemide ya\u015fam\u0131n\u0131 yitiren Nihat Balyemez&#8217;in cenazesi memleketi Gaziantep&#8217;e g\u00f6t\u00fcr\u00fcld\u00fc.<br><br>Girne a\u00e7\u0131klar\u0131nda alabora olan gemide hayat\u0131n\u0131 kaybeden Nihat Balyemez&#8217;in cenazesi memleketi Gaziantep&#8217;e g\u00f6t\u00fcr\u00fcld\u00fc.<\/p>\n\n\n\n<p class=\"wp-block-paragraph\">\u0130\u015f insan\u0131 Balyemez&#8217;in cenazesi, yap\u0131lan otopsi i\u015flemlerinin ard\u0131ndan u\u00e7akla Gaziantep Havaliman\u0131&#8217;nda yak\u0131nlar\u0131na teslim edildi.<\/p>\n\n\n\n<p class=\"wp-block-paragraph\">Yak\u0131nlar\u0131n\u0131n omzunda cenaze arac\u0131na ta\u015f\u0131nan Balyemez&#8217;in naa\u015f\u0131, Asri Mezarl\u0131k morguna kald\u0131r\u0131ld\u0131.<\/p>\n\n\n\n<p class=\"wp-block-paragraph\">Cenazenin yar\u0131n \u00f6\u011fle namaz\u0131n\u0131 m\u00fcteakip k\u0131l\u0131nacak cenaze namaz\u0131n\u0131n ard\u0131ndan topra\u011fa verilmesi bekleniyor.<\/p>","protected":false},"excerpt":{"rendered":"<p>Girne a\u00e7\u0131klar\u0131nda alabora olan gemide ya\u015fam\u0131n\u0131 yitiren Nihat Balyemez&#8217;in cenazesi memleketi Gaziantep&#8217;e g\u00f6t\u00fcr\u00fcld\u00fc. Girne a\u00e7\u0131klar\u0131nda alabora olan gemide hayat\u0131n\u0131 kaybeden Nihat Balyemez&#8217;in cenazesi memleketi Gaziantep&#8217;e g\u00f6t\u00fcr\u00fcld\u00fc. \u0130\u015f insan\u0131 Balyemez&#8217;in cenazesi, yap\u0131lan otopsi i\u015flemlerinin ard\u0131ndan u\u00e7akla Gaziantep Havaliman\u0131&#8217;nda yak\u0131nlar\u0131na teslim edildi. Yak\u0131nlar\u0131n\u0131n omzunda cenaze arac\u0131na ta\u015f\u0131nan Balyemez&#8217;in naa\u015f\u0131, Asri Mezarl\u0131k morguna kald\u0131r\u0131ld\u0131. Cenazenin yar\u0131n \u00f6\u011fle namaz\u0131n\u0131 [&hellip;]<\/p>","protected":false},"author":1,"featured_media":41592,"comment_status":"open","ping_status":"open","sticky":false,"template":"","format":"standard","meta":{"om_disable_all_campaigns":false,"_monsterinsights_skip_tracking":false,"_monsterinsights_sitenote_active":false,"_monsterinsights_sitenote_note":"","_monsterinsights_sitenote_category":0,"_uf_show_specific_survey":0,"_uf_disable_surveys":false,"footnotes":"","jetpack_publicize_message":"","jetpack_publicize_feature_enabled":true,"jetpack_social_post_already_shared":true,"jetpack_social_options":{"image_generator_settings":{"template":"highway","default_image_id":0,"font":"","enabled":false},"version":2}},"categories":[81],"tags":[],"class_list":["post-41591","post","type-post","status-publish","format-standard","has-post-thumbnail","category-gundem"],"yoast_head":"<!-- This site is optimized with the Yoast SEO plugin v23.8 - https:\/\/yoast.com\/wordpress\/plugins\/seo\/ -->\n<title>Alabora olan gemide hayat\u0131n\u0131 kaybeden Nihat Balyemez&#039;in cenazesi memleketi Gaziantep&#039;e g\u00f6t\u00fcr\u00fcld\u00fc - NETBAKIS<\/title>\n<meta name=\"robots\" content=\"index, follow, max-snippet:-1, max-image-preview:large, max-video-preview:-1\" \/>\n<link rel=\"canonical\" href=\"https:\/\/netbakis.net\/tr\/41591\/\" \/>\n<meta property=\"og:locale\" content=\"tr_TR\" \/>\n<meta property=\"og:type\" content=\"article\" \/>\n<meta property=\"og:title\" content=\"Alabora olan gemide hayat\u0131n\u0131 kaybeden Nihat Balyemez&#039;in cenazesi memleketi Gaziantep&#039;e g\u00f6t\u00fcr\u00fcld\u00fc - NETBAKIS\" \/>\n<meta property=\"og:description\" content=\"Girne a\u00e7\u0131klar\u0131nda alabora olan gemide ya\u015fam\u0131n\u0131 yitiren Nihat Balyemez&#8217;in cenazesi memleketi Gaziantep&#8217;e g\u00f6t\u00fcr\u00fcld\u00fc. Girne a\u00e7\u0131klar\u0131nda alabora olan gemide hayat\u0131n\u0131 kaybeden Nihat Balyemez&#8217;in cenazesi memleketi Gaziantep&#8217;e g\u00f6t\u00fcr\u00fcld\u00fc. \u0130\u015f insan\u0131 Balyemez&#8217;in cenazesi, yap\u0131lan otopsi i\u015flemlerinin ard\u0131ndan u\u00e7akla Gaziantep Havaliman\u0131&#8217;nda yak\u0131nlar\u0131na teslim edildi. Yak\u0131nlar\u0131n\u0131n omzunda cenaze arac\u0131na ta\u015f\u0131nan Balyemez&#8217;in naa\u015f\u0131, Asri Mezarl\u0131k morguna kald\u0131r\u0131ld\u0131. Cenazenin yar\u0131n \u00f6\u011fle namaz\u0131n\u0131 [&hellip;]\" \/>\n<meta property=\"og:url\" content=\"https:\/\/netbakis.net\/tr\/41591\/\" \/>\n<meta property=\"og:site_name\" content=\"NETBAKIS\" \/>\n<meta property=\"article:published_time\" content=\"2026-08-31T16:43:40+00:00\" \/>\n<meta property=\"article:modified_time\" content=\"2026-08-31T16:43:43+00:00\" \/>\n<meta property=\"og:image\" content=\"https:\/\/netbakis.net\/wp-content\/uploads\/2026\/08\/v2adsz971x551piksel_1788190272.webp\" \/>\n\t<meta property=\"og:image:width\" content=\"971\" \/>\n\t<meta property=\"og:image:height\" content=\"551\" \/>\n\t<meta property=\"og:image:type\" content=\"image\/webp\" \/>\n<meta name=\"author\" content=\"netbakis.net\" \/>\n<meta name=\"twitter:card\" content=\"summary_large_image\" \/>\n<meta name=\"twitter:label1\" content=\"Yazan:\" \/>\n\t<meta name=\"twitter:data1\" content=\"netbakis.net\" \/>\n\t<meta name=\"twitter:label2\" content=\"Tahmini okuma s\u00fcresi\" \/>\n\t<meta name=\"twitter:data2\" content=\"1 dakika\" \/>\n<script type=\"application\/ld+json\" class=\"yoast-schema-graph\">{\"@context\":\"https:\/\/schema.org\",\"@graph\":[{\"@type\":\"WebPage\",\"@id\":\"https:\/\/netbakis.net\/41591\/\",\"url\":\"https:\/\/netbakis.net\/41591\/\",\"name\":\"Alabora olan gemide hayat\u0131n\u0131 kaybeden Nihat Balyemez'in cenazesi memleketi Gaziantep'e g\u00f6t\u00fcr\u00fcld\u00fc - NETBAKIS\",\"isPartOf\":{\"@id\":\"https:\/\/netbakis.net\/#website\"},\"primaryImageOfPage\":{\"@id\":\"https:\/\/netbakis.net\/41591\/#primaryimage\"},\"image\":{\"@id\":\"https:\/\/netbakis.net\/41591\/#primaryimage\"},\"thumbnailUrl\":\"https:\/\/netbakis.net\/wp-content\/uploads\/2026\/08\/v2adsz971x551piksel_1788190272.webp\",\"datePublished\":\"2026-08-31T16:43:40+00:00\",\"dateModified\":\"2026-08-31T16:43:43+00:00\",\"author\":{\"@id\":\"https:\/\/netbakis.net\/#\/schema\/person\/5d9b5c3f48ca4a3c69967d619fc8c7f4\"},\"breadcrumb\":{\"@id\":\"https:\/\/netbakis.net\/41591\/#breadcrumb\"},\"inLanguage\":\"tr\",\"potentialAction\":[{\"@type\":\"ReadAction\",\"target\":[\"https:\/\/netbakis.net\/41591\/\"]}]},{\"@type\":\"ImageObject\",\"inLanguage\":\"tr\",\"@id\":\"https:\/\/netbakis.net\/41591\/#primaryimage\",\"url\":\"https:\/\/netbakis.net\/wp-content\/uploads\/2026\/08\/v2adsz971x551piksel_1788190272.webp\",\"contentUrl\":\"https:\/\/netbakis.net\/wp-content\/uploads\/2026\/08\/v2adsz971x551piksel_1788190272.webp\",\"width\":971,\"height\":551},{\"@type\":\"BreadcrumbList\",\"@id\":\"https:\/\/netbakis.net\/41591\/#breadcrumb\",\"itemListElement\":[{\"@type\":\"ListItem\",\"position\":1,\"name\":\"Home\",\"item\":\"https:\/\/netbakis.net\/\"},{\"@type\":\"ListItem\",\"position\":2,\"name\":\"Alabora olan gemide hayat\u0131n\u0131 kaybeden Nihat Balyemez&#8217;in cenazesi memleketi Gaziantep&#8217;e g\u00f6t\u00fcr\u00fcld\u00fc\"}]},{\"@type\":\"WebSite\",\"@id\":\"https:\/\/netbakis.net\/#website\",\"url\":\"https:\/\/netbakis.net\/\",\"name\":\"NETBAKIS\",\"description\":\"SON DAKIKA\",\"potentialAction\":[{\"@type\":\"SearchAction\",\"target\":{\"@type\":\"EntryPoint\",\"urlTemplate\":\"https:\/\/netbakis.net\/?s={search_term_string}\"},\"query-input\":{\"@type\":\"PropertyValueSpecification\",\"valueRequired\":true,\"valueName\":\"search_term_string\"}}],\"inLanguage\":\"tr\"},{\"@type\":\"Person\",\"@id\":\"https:\/\/netbakis.net\/#\/schema\/person\/5d9b5c3f48ca4a3c69967d619fc8c7f4\",\"name\":\"netbakis.net\",\"image\":{\"@type\":\"ImageObject\",\"inLanguage\":\"tr\",\"@id\":\"https:\/\/netbakis.net\/#\/schema\/person\/image\/\",\"url\":\"https:\/\/secure.gravatar.com\/avatar\/4ddeae49d2d3e3568a8d5b0937642efdf0b72468dbe3f213bc1978faa47af0d1?s=96&d=wp_user_avatar&r=g\",\"contentUrl\":\"https:\/\/secure.gravatar.com\/avatar\/4ddeae49d2d3e3568a8d5b0937642efdf0b72468dbe3f213bc1978faa47af0d1?s=96&d=wp_user_avatar&r=g\",\"caption\":\"netbakis.net\"},\"sameAs\":[\"https:\/\/netbakis.net\"],\"url\":\"https:\/\/netbakis.net\/tr\/author\/netbakis-net\/\"}]}<\/script>\n<!-- \/ Yoast SEO plugin. -->","yoast_head_json":{"title":"Alabora olan gemide hayat\u0131n\u0131 kaybeden Nihat Balyemez'in cenazesi memleketi Gaziantep'e g\u00f6t\u00fcr\u00fcld\u00fc - NETBAKIS","robots":{"index":"index","follow":"follow","max-snippet":"max-snippet:-1","max-image-preview":"max-image-preview:large","max-video-preview":"max-video-preview:-1"},"canonical":"https:\/\/netbakis.net\/tr\/41591\/","og_locale":"tr_TR","og_type":"article","og_title":"Alabora olan gemide hayat\u0131n\u0131 kaybeden Nihat Balyemez'in cenazesi memleketi Gaziantep'e g\u00f6t\u00fcr\u00fcld\u00fc - NETBAKIS","og_description":"Girne a\u00e7\u0131klar\u0131nda alabora olan gemide ya\u015fam\u0131n\u0131 yitiren Nihat Balyemez&#8217;in cenazesi memleketi Gaziantep&#8217;e g\u00f6t\u00fcr\u00fcld\u00fc. Girne a\u00e7\u0131klar\u0131nda alabora olan gemide hayat\u0131n\u0131 kaybeden Nihat Balyemez&#8217;in cenazesi memleketi Gaziantep&#8217;e g\u00f6t\u00fcr\u00fcld\u00fc. \u0130\u015f insan\u0131 Balyemez&#8217;in cenazesi, yap\u0131lan otopsi i\u015flemlerinin ard\u0131ndan u\u00e7akla Gaziantep Havaliman\u0131&#8217;nda yak\u0131nlar\u0131na teslim edildi. Yak\u0131nlar\u0131n\u0131n omzunda cenaze arac\u0131na ta\u015f\u0131nan Balyemez&#8217;in naa\u015f\u0131, Asri Mezarl\u0131k morguna kald\u0131r\u0131ld\u0131. Cenazenin yar\u0131n \u00f6\u011fle namaz\u0131n\u0131 [&hellip;]","og_url":"https:\/\/netbakis.net\/tr\/41591\/","og_site_name":"NETBAKIS","article_published_time":"2026-08-31T16:43:40+00:00","article_modified_time":"2026-08-31T16:43:43+00:00","og_image":[{"width":971,"height":551,"url":"https:\/\/netbakis.net\/wp-content\/uploads\/2026\/08\/v2adsz971x551piksel_1788190272.webp","type":"image\/webp"}],"author":"netbakis.net","twitter_card":"summary_large_image","twitter_misc":{"Yazan:":"netbakis.net","Tahmini okuma s\u00fcresi":"1 dakika"},"schema":{"@context":"https:\/\/schema.org","@graph":[{"@type":"WebPage","@id":"https:\/\/netbakis.net\/41591\/","url":"https:\/\/netbakis.net\/41591\/","name":"Alabora olan gemide hayat\u0131n\u0131 kaybeden Nihat Balyemez'in cenazesi memleketi Gaziantep'e g\u00f6t\u00fcr\u00fcld\u00fc - NETBAKIS","isPartOf":{"@id":"https:\/\/netbakis.net\/#website"},"primaryImageOfPage":{"@id":"https:\/\/netbakis.net\/41591\/#primaryimage"},"image":{"@id":"https:\/\/netbakis.net\/41591\/#primaryimage"},"thumbnailUrl":"https:\/\/netbakis.net\/wp-content\/uploads\/2026\/08\/v2adsz971x551piksel_1788190272.webp","datePublished":"2026-08-31T16:43:40+00:00","dateModified":"2026-08-31T16:43:43+00:00","author":{"@id":"https:\/\/netbakis.net\/#\/schema\/person\/5d9b5c3f48ca4a3c69967d619fc8c7f4"},"breadcrumb":{"@id":"https:\/\/netbakis.net\/41591\/#breadcrumb"},"inLanguage":"tr","potentialAction":[{"@type":"ReadAction","target":["https:\/\/netbakis.net\/41591\/"]}]},{"@type":"ImageObject","inLanguage":"tr","@id":"https:\/\/netbakis.net\/41591\/#primaryimage","url":"https:\/\/netbakis.net\/wp-content\/uploads\/2026\/08\/v2adsz971x551piksel_1788190272.webp","contentUrl":"https:\/\/netbakis.net\/wp-content\/uploads\/2026\/08\/v2adsz971x551piksel_1788190272.webp","width":971,"height":551},{"@type":"BreadcrumbList","@id":"https:\/\/netbakis.net\/41591\/#breadcrumb","itemListElement":[{"@type":"ListItem","position":1,"name":"Home","item":"https:\/\/netbakis.net\/"},{"@type":"ListItem","position":2,"name":"Alabora olan gemide hayat\u0131n\u0131 kaybeden Nihat Balyemez&#8217;in cenazesi memleketi Gaziantep&#8217;e g\u00f6t\u00fcr\u00fcld\u00fc"}]},{"@type":"WebSite","@id":"https:\/\/netbakis.net\/#website","url":"https:\/\/netbakis.net\/","name":"NETBAKIS","description":"SON DAKIKA","potentialAction":[{"@type":"SearchAction","target":{"@type":"EntryPoint","urlTemplate":"https:\/\/netbakis.net\/?s={search_term_string}"},"query-input":{"@type":"PropertyValueSpecification","valueRequired":true,"valueName":"search_term_string"}}],"inLanguage":"tr"},{"@type":"Person","@id":"https:\/\/netbakis.net\/#\/schema\/person\/5d9b5c3f48ca4a3c69967d619fc8c7f4","name":"netbakis.net","image":{"@type":"ImageObject","inLanguage":"tr","@id":"https:\/\/netbakis.net\/#\/schema\/person\/image\/","url":"https:\/\/secure.gravatar.com\/avatar\/4ddeae49d2d3e3568a8d5b0937642efdf0b72468dbe3f213bc1978faa47af0d1?s=96&d=wp_user_avatar&r=g","contentUrl":"https:\/\/secure.gravatar.com\/avatar\/4ddeae49d2d3e3568a8d5b0937642efdf0b72468dbe3f213bc1978faa47af0d1?s=96&d=wp_user_avatar&r=g","caption":"netbakis.net"},"sameAs":["https:\/\/netbakis.net"],"url":"https:\/\/netbakis.net\/tr\/author\/netbakis-net\/"}]}},"jetpack_publicize_connections":[],"_links":{"self":[{"href":"https:\/\/netbakis.net\/tr\/wp-json\/wp\/v2\/posts\/41591","targetHints":{"allow":["GET"]}}],"collection":[{"href":"https:\/\/netbakis.net\/tr\/wp-json\/wp\/v2\/posts"}],"about":[{"href":"https:\/\/netbakis.net\/tr\/wp-json\/wp\/v2\/types\/post"}],"author":[{"embeddable":true,"href":"https:\/\/netbakis.net\/tr\/wp-json\/wp\/v2\/users\/1"}],"replies":[{"embeddable":true,"href":"https:\/\/netbakis.net\/tr\/wp-json\/wp\/v2\/comments?post=41591"}],"version-history":[{"count":1,"href":"https:\/\/netbakis.net\/tr\/wp-json\/wp\/v2\/posts\/41591\/revisions"}],"predecessor-version":[{"id":41593,"href":"https:\/\/netbakis.net\/tr\/wp-json\/wp\/v2\/posts\/41591\/revisions\/41593"}],"wp:featuredmedia":[{"embeddable":true,"href":"https:\/\/netbakis.net\/tr\/wp-json\/wp\/v2\/media\/41592"}],"wp:attachment":[{"href":"https:\/\/netbakis.net\/tr\/wp-json\/wp\/v2\/media?parent=41591"}],"wp:term":[{"taxonomy":"category","embeddable":true,"href":"https:\/\/netbakis.net\/tr\/wp-json\/wp\/v2\/categories?post=41591"},{"taxonomy":"post_tag","embeddable":true,"href":"https:\/\/netbakis.net\/tr\/wp-json\/wp\/v2\/tags?post=41591"}],"curies":[{"name":"wp","href":"https:\/\/api.w.org\/{rel}","templated":true}]}}