{"id":41558,"date":"2026-08-30T17:57:33","date_gmt":"2026-08-30T17:57:33","guid":{"rendered":"https:\/\/netbakis.net\/?p=41558"},"modified":"2026-08-30T17:57:35","modified_gmt":"2026-08-30T17:57:35","slug":"canli-girne-aciklarinda-yolcu-gemisi-alabora-oldu-kaptan-ve-7-kisi-tutuklanirken-8-kisi-hayatini-kaybetti-17-kisi-araniyor","status":"publish","type":"post","link":"https:\/\/netbakis.net\/tr\/41558\/","title":{"rendered":"CANLI- Girne a\u00e7\u0131klar\u0131nda yolcu gemisi alabora oldu: Kaptan ve 7 ki\u015fi tutuklan\u0131rken, 8 ki\u015fi hayat\u0131n\u0131 kaybetti, 17 ki\u015fi aran\u0131yor"},"content":{"rendered":"<p class=\"wp-block-paragraph\">Girne a\u00e7\u0131klar\u0131nda alabora olan Filo Denizcili\u011fe ait katamaran tipi yolcu gemisindeki yolcular\u0131n tahliyesi tekne ve helikopterlerle s\u00fcrerken, olayda can kay\u0131plar\u0131 ve yaral\u0131lar\u0131n bulundu\u011fu bildirildi. K\u0131y\u0131ya ula\u015ft\u0131r\u0131lan yolcular ambulanslarla hastanelere sevk edilirken, b\u00f6lgede olu\u015fturulan Kriz Masas\u0131 koordinesinde t\u00fcm ambulanslar, sa\u011fl\u0131k ekipleri ve hastaneler seferber edildi. \u00dcnal \u00dcstel, kaptan ve 7 ki\u015finin tutukland\u0131\u011f\u0131n\u0131 ifade ederken, Erhan Ar\u0131kl\u0131 yapt\u0131\u011f\u0131 son a\u00e7\u0131klamada can kayb\u0131n\u0131n 8 oldu\u011funu ve 17 ki\u015finin arand\u0131\u011f\u0131n\u0131 belirtti.<br><br>Girne a\u00e7\u0131klar\u0131nda seyreden Filo Denizcilik \u015eti. Ltd.\u2019ye ait Filo Jet isimli katamaran tipi yolcu gemisi, hen\u00fcz belirlenemeyen bir nedenle su alarak alabora oldu. Gemide 259 yolcu ve 8 m\u00fcrettebat olmak \u00fczere toplam 267 ki\u015finin bulundu\u011fu a\u00e7\u0131klan\u0131rken, \u015fu ana kadar 242 ki\u015fi sa\u011f olarak kurtar\u0131ld\u0131, 8 ki\u015fi hayat\u0131n\u0131 kaybetti. Ula\u015f\u0131lamayan 17 ki\u015fi i\u00e7in arama-kurtarma \u00e7al\u0131\u015fmalar\u0131 s\u00fcr\u00fcyor. \u00d6te yandan kaptan ve 7 ki\u015fi ise g\u00f6zalt\u0131na al\u0131nd\u0131.<\/p>\n\n\n\n<p class=\"wp-block-paragraph\">K\u0131y\u0131ya ula\u015ft\u0131r\u0131lan yolcular ambulanslarla hastanelere sevk edilirken, b\u00f6lgede olu\u015fturulan Kriz Masas\u0131 koordinasyonunda t\u00fcm ambulanslar, sa\u011fl\u0131k ekipleri ve hastaneler seferber edildi. Arama-kurtarma \u00e7al\u0131\u015fmalar\u0131na sahil g\u00fcvenlik ve yard\u0131m botlar\u0131n\u0131n yan\u0131 s\u0131ra helikopterler de destek veriyor.<\/p>\n\n\n\n<p class=\"wp-block-paragraph\"><strong>F\u0130LO JET SU ALARAK ALABORA OLDU:&nbsp;267 K\u0130\u015e\u0130 BULUNUYORDU<\/strong><\/p>\n\n\n\n<p class=\"wp-block-paragraph\">Girne a\u00e7\u0131klar\u0131nda seyreden Filo Denizcilik \u015eti. Ltd.\u2019ye ait Filo Jet\u2019in su almas\u0131n\u0131n ard\u0131ndan alabora oldu\u011fu bildirildi.<\/p>\n\n\n\n<p class=\"wp-block-paragraph\">Olay\u0131n ard\u0131ndan gemide bulunan yolcular\u0131n tahliyesi i\u00e7in b\u00f6lgede geni\u015f kapsaml\u0131 arama-kurtarma operasyonu ba\u015flat\u0131ld\u0131. \u00c7ok say\u0131da tekne olay yerine y\u00f6nlendirilirken, b\u00f6lgeye helikopter de sevk edildi.<\/p>\n\n\n\n<p class=\"wp-block-paragraph\">K\u0131y\u0131ya ula\u015ft\u0131r\u0131lan yolcular Girne Liman\u0131\u2019nda haz\u0131r bekletilen ambulanslarla hastanelere sevk edilirken, yolcu yak\u0131nlar\u0131n\u0131n limandaki endi\u015feli bekleyi\u015fi de s\u00fcrd\u00fc.<\/p>\n\n\n\n<p class=\"wp-block-paragraph\">Bay\u0131nd\u0131rl\u0131k ve Ula\u015ft\u0131rma Bakan\u0131\u00a0<a href=\"https:\/\/www.kibrispostasi.com\/keyword\/43\" target=\"_blank\" rel=\"noopener\"><\/a><a href=\"https:\/\/www.kibrispostasi.com\/keyword\/43\" target=\"_blank\" rel=\"noopener\"><\/a>Erhan Ar\u0131kl\u0131&#8217;n\u0131n a\u00e7\u0131klad\u0131\u011f\u0131 son rakamlara g\u00f6re can kayb\u0131 8, 17 ki\u015fiye ise hala ula\u015f\u0131lam\u0131yor.<\/p>\n\n\n\n<p class=\"wp-block-paragraph\">Ar\u0131kl\u0131&#8217;n\u0131n a\u00e7\u0131klamas\u0131n\u0131n ard\u0131ndan olu\u015fan son bilan\u00e7oya g\u00f6re 242 ki\u015fi sa\u011f olarak kurtar\u0131l\u0131rken, 8 ki\u015fi hayat\u0131n\u0131 kaybetti. Hen\u00fcz ula\u015f\u0131lamayan 17 ki\u015fi i\u00e7in ise arama-kurtarma \u00e7al\u0131\u015fmalar\u0131na devam ediliyor.<\/p>\n\n\n\n<p class=\"wp-block-paragraph\"><strong>18.35-\u00a0<a href=\"https:\/\/www.kibrispostasi.com\/keyword\/34\" target=\"_blank\" rel=\"noopener\"><\/a><a href=\"https:\/\/www.kibrispostasi.com\/keyword\/34\" target=\"_blank\" rel=\"noopener\"><\/a>\u00dcnal \u00dcstel: KAPTAN VE 7 K\u0130\u015e\u0130 TUTUKLANDI\u00a0<\/strong><\/p>\n\n\n\n<p class=\"wp-block-paragraph\">Ba\u015fbakan\u00a0<a href=\"https:\/\/www.kibrispostasi.com\/keyword\/34\" target=\"_blank\" rel=\"noopener\"><\/a><a href=\"https:\/\/www.kibrispostasi.com\/keyword\/34\" target=\"_blank\" rel=\"noopener\"><\/a>\u00dcnal \u00dcstel, Girne a\u00e7\u0131klar\u0131nda alabora olan Filo Jet\u2019in kaptan\u0131 ve 7 g\u00f6revlinin tutukland\u0131\u011f\u0131n\u0131 a\u00e7\u0131klad\u0131. Kazan\u0131n nas\u0131l meydana geldi\u011finin t\u00fcm y\u00f6nleriyle ara\u015ft\u0131r\u0131laca\u011f\u0131n\u0131 belirten \u00dcstel, en k\u00fc\u00e7\u00fck bir ihmalin dahi ortaya \u00e7\u0131kar\u0131laca\u011f\u0131n\u0131 ve kusuru bulunanlar\u0131n g\u00f6z\u00fcn\u00fcn ya\u015f\u0131na bak\u0131lmayaca\u011f\u0131n\u0131 s\u00f6yledi.<\/p>\n\n\n\n<p class=\"wp-block-paragraph\"><strong>18.25-\u00a0<a href=\"https:\/\/www.kibrispostasi.com\/keyword\/43\" target=\"_blank\" rel=\"noopener\"><\/a>Erhan Ar\u0131kl\u0131: CAN KAYBI 8&#8217;E Y\u00dcKSELD\u0130 17 K\u0130\u015e\u0130 ARANIYOR<\/strong><\/p>\n\n\n\n<p class=\"wp-block-paragraph\">Bay\u0131nd\u0131rl\u0131k ve Ula\u015ft\u0131rma Bakan\u0131\u00a0<a href=\"https:\/\/www.kibrispostasi.com\/keyword\/43\" target=\"_blank\" rel=\"noopener\"><\/a><a href=\"https:\/\/www.kibrispostasi.com\/keyword\/43\" target=\"_blank\" rel=\"noopener\"><\/a>Erhan Ar\u0131kl\u0131, Girne a\u00e7\u0131klar\u0131nda alabora olan Filo Jet\u2019te can kayb\u0131n\u0131n 8\u2019e y\u00fckseldi\u011fini, 17 ki\u015fiye ise hen\u00fcz ula\u015f\u0131lamad\u0131\u011f\u0131n\u0131 a\u00e7\u0131klad\u0131.<\/p>\n\n\n\n<p class=\"wp-block-paragraph\">Arama-kurtarma \u00e7al\u0131\u015fmalar\u0131n\u0131n yo\u011fun \u015fekilde s\u00fcrd\u00fc\u011f\u00fcn\u00fc belirten Ar\u0131kl\u0131, Filo Jet\u2019in 514 metre derinlikte deniz taban\u0131na oturdu\u011funu ifade etti. Ar\u0131kl\u0131, T\u00fcrkiye\u2019den bu derinlikte arama yapabilecek tam donan\u0131ml\u0131 bir gemi ile dalg\u0131\u00e7lar\u0131n birka\u00e7 saat i\u00e7erisinde b\u00f6lgeye ula\u015fmas\u0131n\u0131n beklendi\u011fini s\u00f6yledi.<\/p>\n\n\n\n<p class=\"wp-block-paragraph\">BRT\u2019ye konu\u015fan Ar\u0131kl\u0131, sosyal medyada yay\u0131lan dezenformasyon kaynakl\u0131 bilgilere itibar edilmemesi \u00e7a\u011fr\u0131s\u0131nda bulundu.<\/p>\n\n\n\n<p class=\"wp-block-paragraph\">Ar\u0131kl\u0131 ayr\u0131ca, Filo Jet\u2019in kazadan yakla\u015f\u0131k iki ay \u00f6nce Akdeniz Tersanesi\u2019nde T\u00fcrk Loydu taraf\u0131ndan denetlendi\u011fini belirtti. Geminin \u00e7ok k\u0131sa s\u00fcrede su almaya ba\u015flad\u0131\u011f\u0131n\u0131 ifade eden Ar\u0131kl\u0131, kazan\u0131n nedeninin ortaya \u00e7\u0131kar\u0131lmas\u0131 i\u00e7in karakutuya ula\u015f\u0131lmas\u0131 gerekti\u011fini kaydetti.<\/p>\n\n\n\n<p class=\"wp-block-paragraph\"><strong>RECEP TAYY\u0130P ERDO\u011eAN: ARAMA KURTARMA \u0130\u00c7\u0130N \u0130\u015e B\u0130RL\u0130\u011e\u0130 S\u00dcR\u00dcYOR<\/strong><\/p>\n\n\n\n<p class=\"wp-block-paragraph\">T\u00fcrkiye Cumhuriyeti Cumhurba\u015fkan\u0131 Recep Tayyip Erdo\u011fan, Girne a\u00e7\u0131klar\u0131nda alabora olan gemiyle ilgili arama-kurtarma \u00e7al\u0131\u015fmalar\u0131n\u0131n KKTC ile i\u015f birli\u011fi i\u00e7inde s\u00fcrd\u00fc\u011f\u00fcn\u00fc belirterek, 7 ki\u015finin hayat\u0131n\u0131 kaybetmesinden duydu\u011fu \u00fcz\u00fcnt\u00fcy\u00fc ifade etti.<\/p>\n\n\n\n<p class=\"wp-block-paragraph\">Erdo\u011fan, T\u00fcrkiye\u2019nin t\u00fcm imkanlar\u0131n\u0131n seferber edildi\u011fini ve \u00e7al\u0131\u015fmalar\u0131 yak\u0131ndan takip ettiklerini kaydetti.<\/p>\n\n\n\n<p class=\"wp-block-paragraph\"><strong><a href=\"https:\/\/www.kibrispostasi.com\/keyword\/3\" target=\"_blank\" rel=\"noopener\"><\/a>Tufan Erh\u00fcrman: ULA\u015eAMADI\u011eIMIZ 23 \u0130NSANIMIZ VAR;\u00a0KAZANIN NEDEN\u0130 HEN\u00dcZ BEL\u0130RLENMED\u0130<\/strong><\/p>\n\n\n\n<p class=\"wp-block-paragraph\">Cumhurba\u015fkan\u0131\u00a0<a href=\"https:\/\/www.kibrispostasi.com\/keyword\/3\" target=\"_blank\" rel=\"noopener\"><\/a><a href=\"https:\/\/www.kibrispostasi.com\/keyword\/3\" target=\"_blank\" rel=\"noopener\"><\/a>Tufan Erh\u00fcrman, Girne a\u00e7\u0131klar\u0131nda alabora olan gemiye ili\u015fkin yapt\u0131\u011f\u0131 a\u00e7\u0131klamada, kurtar\u0131lan yolcular\u0131n hastanelere h\u0131zl\u0131 \u015fekilde ula\u015ft\u0131r\u0131ld\u0131\u011f\u0131n\u0131 s\u00f6yledi.<\/p>\n\n\n\n<p class=\"wp-block-paragraph\">Erh\u00fcrman, Sa\u011fl\u0131k Bakanl\u0131\u011f\u0131\u2019ndan kendilerine aktar\u0131lan bilgilere g\u00f6re kurtar\u0131lanlar\u0131n sa\u011fl\u0131k durumlar\u0131n\u0131n k\u00f6t\u00fc olmad\u0131\u011f\u0131n\u0131 belirtti.<\/p>\n\n\n\n<p class=\"wp-block-paragraph\">Kriz masas\u0131ndaki mevcut rakamlara g\u00f6re hen\u00fcz 23 ki\u015fiye ula\u015f\u0131lamad\u0131\u011f\u0131n\u0131 a\u00e7\u0131klayan Erh\u00fcrman, arama-kurtarma \u00e7al\u0131\u015fmalar\u0131n\u0131n \u00e7ok yo\u011fun \u015fekilde s\u00fcrd\u00fc\u011f\u00fcn\u00fc kaydetti.<\/p>\n\n\n\n<p class=\"wp-block-paragraph\">Erh\u00fcrman, \u201cUla\u015famad\u0131\u011f\u0131m\u0131z 23 insan\u0131m\u0131z var. \u00c7ok yo\u011fun \u015fekilde \u00e7al\u0131\u015fmalar devam ediyor\u201d dedi.<\/p>\n\n\n\n<p class=\"wp-block-paragraph\">Geminin 500 metrenin \u00fczerinde derinlikte bulundu\u011funu belirten Erh\u00fcrman, arama-kurtarma \u00e7al\u0131\u015fmalar\u0131n\u0131n y\u00fczeye yak\u0131n b\u00f6lgelerde s\u00fcrd\u00fcr\u00fcld\u00fc\u011f\u00fcn\u00fc ifade etti.<\/p>\n\n\n\n<p class=\"wp-block-paragraph\">T\u00fcrkiye\u2019nin de \u00e7al\u0131\u015fmalara destek verdi\u011fini belirten Erh\u00fcrman, T\u00fcrkiye\u2019den ekiplerin b\u00f6lgeye intikal etmeye \u00e7al\u0131\u015ft\u0131\u011f\u0131n\u0131 s\u00f6yledi.<\/p>\n\n\n\n<p class=\"wp-block-paragraph\">Erh\u00fcrman, kazan\u0131n nedenine ili\u015fkin bu a\u015famada spek\u00fclasyon yap\u0131lmas\u0131n\u0131n do\u011fru olmayaca\u011f\u0131n\u0131 vurgulad\u0131.<\/p>\n\n\n\n<p class=\"wp-block-paragraph\">D\u00fcn hava ko\u015fullar\u0131n\u0131n k\u00f6t\u00fc oldu\u011funu ancak bug\u00fcn hava \u015fartlar\u0131n\u0131n k\u00f6t\u00fc olmad\u0131\u011f\u0131n\u0131 belirten Erh\u00fcrman, kazan\u0131n nedeninin belirlenmesine y\u00f6nelik \u00e7al\u0131\u015fmalar\u0131n ba\u015flat\u0131ld\u0131\u011f\u0131n\u0131 kaydetti.<\/p>\n\n\n\n<p class=\"wp-block-paragraph\">Polis Genel M\u00fcd\u00fcrl\u00fc\u011f\u00fcn\u00fcn de olayla ilgili soru\u015fturma y\u00fcr\u00fctt\u00fc\u011f\u00fcn\u00fc ifade eden Erh\u00fcrman, kazan\u0131n nedenine ili\u015fkin net bilgilerin yap\u0131lacak \u00e7al\u0131\u015fmalar\u0131n ard\u0131ndan ortaya \u00e7\u0131kaca\u011f\u0131n\u0131 belirtti.<\/p>\n\n\n\n<p class=\"wp-block-paragraph\">Ula\u015f\u0131lamayan ki\u015filerin geminin i\u00e7erisinde s\u0131k\u0131\u015fm\u0131\u015f olma ihtimaliyle ilgili de de\u011ferlendirmede bulunan Erh\u00fcrman, \u201cUmar\u0131m hepsine ula\u015fabiliriz. \u0130n\u015fallah \u00f6yle de\u011fildir\u201d ifadelerini kulland\u0131.<\/p>\n\n\n\n<p class=\"wp-block-paragraph\"><strong>17.00- F\u0130LO DEN\u0130ZC\u0130L\u0130K: KR\u0130Z MASASI OLU\u015eTURULDU<\/strong><\/p>\n\n\n\n<p class=\"wp-block-paragraph\">Filo Denizcilik \u015eti. Ltd., Filo Jet\u2019in alabora olmas\u0131n\u0131n ard\u0131ndan \u015firket b\u00fcnyesinde kriz masas\u0131 olu\u015fturuldu\u011funu a\u00e7\u0131klad\u0131.<\/p>\n\n\n\n<p class=\"wp-block-paragraph\">\u015eirketten yap\u0131lan a\u00e7\u0131klamada, olay\u0131n meydana geldi\u011fi ilk andan itibaren t\u00fcm yetkili arama-kurtarma ekipleriyle tam koordinasyon halinde hareket edildi\u011fi ve \u015firketin t\u00fcm imkanlar\u0131n\u0131n sahaya seferber edildi\u011fi belirtildi.<\/p>\n\n\n\n<p class=\"wp-block-paragraph\">Arama-kurtarma ve tahliye \u00e7al\u0131\u015fmalar\u0131n\u0131n aral\u0131ks\u0131z s\u00fcrd\u00fcr\u00fcld\u00fc\u011f\u00fc kaydedilen a\u00e7\u0131klamada, \u015firketin \u015fu anki en acil \u00f6nceli\u011finin gemide bulunan yolcular\u0131n ve m\u00fcrettebat\u0131n can g\u00fcvenli\u011fi oldu\u011fu vurguland\u0131.<\/p>\n\n\n\n<p class=\"wp-block-paragraph\">Yolcu yak\u0131nlar\u0131n\u0131n ya\u015fad\u0131\u011f\u0131 endi\u015fenin payla\u015f\u0131ld\u0131\u011f\u0131 belirtilen a\u00e7\u0131klamada, anl\u0131k ve do\u011fru bilgi ak\u0131\u015f\u0131n\u0131n sa\u011flanmas\u0131 amac\u0131yla \u00f6zel kriz ve bilgilendirme hatt\u0131 olu\u015fturuldu\u011fu duyuruldu.<\/p>\n\n\n\n<p class=\"wp-block-paragraph\">Filo Denizcilik, arama-kurtarma operasyonundan elde edilecek net bilgilerin, s\u00fcreci takip eden yetkililer taraf\u0131ndan yolcu yak\u0131nlar\u0131na ve kamuoyuna aktar\u0131laca\u011f\u0131n\u0131 belirtti.<\/p>\n\n\n\n<p class=\"wp-block-paragraph\">\u015eirket ayr\u0131ca bilgi kirlili\u011finin \u00f6n\u00fcne ge\u00e7ilmesi amac\u0131yla yaln\u0131zca \u015firket ve resmi makamlar taraf\u0131ndan yap\u0131lacak a\u00e7\u0131klamalara itibar edilmesini istedi.<\/p>\n\n\n\n<p class=\"wp-block-paragraph\">\u0130leti\u015fim hatlar\u0131:<\/p>\n\n\n\n<p class=\"wp-block-paragraph\">+90 507 462 42 33<\/p>\n\n\n\n<p class=\"wp-block-paragraph\">0507 462 42 11<\/p>\n\n\n\n<p class=\"wp-block-paragraph\"><strong>ARAMA-KURTARMA \u00c7ALI\u015eMALARI S\u00dcR\u00dcYOR<\/strong><\/p>\n\n\n\n<p class=\"wp-block-paragraph\">Girne a\u00e7\u0131klar\u0131nda alabora olan Filo Jet\u2019in ard\u0131ndan ba\u015flat\u0131lan arama-kurtarma ve tahliye \u00e7al\u0131\u015fmalar\u0131, sahil g\u00fcvenlik unsurlar\u0131, tekneler ve helikopterlerin kat\u0131l\u0131m\u0131yla devam ediyor.<\/p>\n\n\n\n<p class=\"wp-block-paragraph\">Son resmi bilgilere g\u00f6re gemide bulunan 267 ki\u015fiden 242\u2019si sa\u011f olarak kurtar\u0131l\u0131rken, 8 ki\u015fi hayat\u0131n\u0131 kaybetti. Ula\u015f\u0131lamayan 17 ki\u015fi i\u00e7in arama-kurtarma \u00e7al\u0131\u015fmalar\u0131 s\u00fcr\u00fcyor.<\/p>\n\n\n\n<p class=\"wp-block-paragraph\">Kazan\u0131n kesin nedeni hen\u00fcz belirlenmezken, olayla ilgili soru\u015fturma ve incelemeler devam ediyor.<\/p>\n\n\n\n<figure class=\"wp-block-image\"><img decoding=\"async\" src=\"https:\/\/www.kibrispostasi.com\/upload\/news\/v\/v2\/v21552df58-f9f3-4dfe-9b03-69d4931cd944_1788096222.jpg\" alt=\"\"\/><\/figure>\n\n\n\n<p class=\"wp-block-paragraph\"><strong>15.45-\u00a0<a href=\"https:\/\/www.kibrispostasi.com\/keyword\/34\" target=\"_blank\" rel=\"noopener\"><\/a><a href=\"https:\/\/www.kibrispostasi.com\/keyword\/34\" target=\"_blank\" rel=\"noopener\"><\/a>\u00dcnal \u00dcstel: 237 K\u0130\u015e\u0130 KURTARILDI, 7 K\u0130\u015e\u0130 HAYATINI KAYBETT\u0130 23 K\u0130\u015e\u0130 ARANIYOR<\/strong><\/p>\n\n\n\n<p class=\"wp-block-paragraph\">TRT\u2019ye konu\u015fan Ba\u015fbakan\u00a0<a href=\"https:\/\/www.kibrispostasi.com\/keyword\/34\" target=\"_blank\" rel=\"noopener\"><\/a><a href=\"https:\/\/www.kibrispostasi.com\/keyword\/34\" target=\"_blank\" rel=\"noopener\"><\/a>\u00dcnal \u00dcstel, Girne a\u00e7\u0131klar\u0131nda alabora olan yolcu gemisine ili\u015fkin a\u00e7\u0131klama yapt\u0131. \u00dcstel, 30 A\u011fustos Milli Bayram\u0131\u2019nda b\u00f6yle bir olay ya\u015fanmas\u0131ndan duydu\u011fu \u00fcz\u00fcnt\u00fcy\u00fc dile getirerek, o saat itibar\u0131yla kazada 7 ki\u015finin hayat\u0131n\u0131 kaybetti\u011fini, 237 ki\u015finin kurtar\u0131ld\u0131\u011f\u0131n\u0131 ve 23 ki\u015finin aranmas\u0131na devam edildi\u011fini a\u00e7\u0131klad\u0131.<\/p>\n\n\n\n<p class=\"wp-block-paragraph\">\u00dcstel, k\u00f6t\u00fc hava \u015fartlar\u0131 nedeniyle geminin limandan hareketine Limanlar Dairesi taraf\u0131ndan izin verilmedi\u011fini, ancak geminin yakla\u015f\u0131k bir saatlik r\u00f6tar\u0131n ard\u0131ndan hareket etti\u011fini belirterek, f\u0131rt\u0131naya yakalanan geminin daha sonra su almaya ba\u015flad\u0131\u011f\u0131n\u0131 s\u00f6yledi.<\/p>\n\n\n\n<p class=\"wp-block-paragraph\">Arama-kurtarma \u00e7al\u0131\u015fmalar\u0131n\u0131n s\u00fcrd\u00fc\u011f\u00fcn\u00fc ifade eden \u00dcstel, askerlerin ve helikopterlerin de operasyonda g\u00f6rev ald\u0131\u011f\u0131n\u0131 kaydetti.<\/p>\n\n\n\n<p class=\"wp-block-paragraph\">\u00dcstel, gemide 259 yolcu ve 8 m\u00fcrettebat olmak \u00fczere toplam 267 ki\u015finin bulundu\u011funu belirterek, kay\u0131p ki\u015filere en k\u0131sa s\u00fcrede ula\u015f\u0131lmas\u0131 temennisinde bulundu.<\/p>\n\n\n\n<p class=\"wp-block-paragraph\"><strong>15.34-&nbsp;SILA USAR \u0130NC\u0130RL\u0130: UMARIM DAHA FAZLA CAN KAYBI OLMAZ<\/strong><\/p>\n\n\n\n<p class=\"wp-block-paragraph\"><\/p>","protected":false},"excerpt":{"rendered":"<p>Girne a\u00e7\u0131klar\u0131nda alabora olan Filo Denizcili\u011fe ait katamaran tipi yolcu gemisindeki yolcular\u0131n tahliyesi tekne ve helikopterlerle s\u00fcrerken, olayda can kay\u0131plar\u0131 ve yaral\u0131lar\u0131n bulundu\u011fu bildirildi. K\u0131y\u0131ya ula\u015ft\u0131r\u0131lan yolcular ambulanslarla hastanelere sevk edilirken, b\u00f6lgede olu\u015fturulan Kriz Masas\u0131 koordinesinde t\u00fcm ambulanslar, sa\u011fl\u0131k ekipleri ve hastaneler seferber edildi. \u00dcnal \u00dcstel, kaptan ve 7 ki\u015finin tutukland\u0131\u011f\u0131n\u0131 ifade ederken, Erhan Ar\u0131kl\u0131 [&hellip;]<\/p>","protected":false},"author":1,"featured_media":41559,"comment_status":"open","ping_status":"open","sticky":false,"template":"","format":"standard","meta":{"om_disable_all_campaigns":false,"_monsterinsights_skip_tracking":false,"_monsterinsights_sitenote_active":false,"_monsterinsights_sitenote_note":"","_monsterinsights_sitenote_category":0,"_uf_show_specific_survey":0,"_uf_disable_surveys":false,"footnotes":"","jetpack_publicize_message":"","jetpack_publicize_feature_enabled":true,"jetpack_social_post_already_shared":true,"jetpack_social_options":{"image_generator_settings":{"template":"highway","default_image_id":0,"font":"","enabled":false},"version":2}},"categories":[81],"tags":[],"class_list":["post-41558","post","type-post","status-publish","format-standard","has-post-thumbnail","category-gundem"],"yoast_head":"<!-- This site is optimized with the Yoast SEO plugin v23.8 - https:\/\/yoast.com\/wordpress\/plugins\/seo\/ -->\n<title>CANLI- Girne a\u00e7\u0131klar\u0131nda yolcu gemisi alabora oldu: Kaptan ve 7 ki\u015fi tutuklan\u0131rken, 8 ki\u015fi hayat\u0131n\u0131 kaybetti, 17 ki\u015fi aran\u0131yor - NETBAKIS<\/title>\n<meta name=\"robots\" content=\"index, follow, max-snippet:-1, max-image-preview:large, max-video-preview:-1\" \/>\n<link rel=\"canonical\" href=\"https:\/\/netbakis.net\/tr\/41558\/\" \/>\n<meta property=\"og:locale\" content=\"tr_TR\" \/>\n<meta property=\"og:type\" content=\"article\" \/>\n<meta property=\"og:title\" content=\"CANLI- Girne a\u00e7\u0131klar\u0131nda yolcu gemisi alabora oldu: Kaptan ve 7 ki\u015fi tutuklan\u0131rken, 8 ki\u015fi hayat\u0131n\u0131 kaybetti, 17 ki\u015fi aran\u0131yor - NETBAKIS\" \/>\n<meta property=\"og:description\" content=\"Girne a\u00e7\u0131klar\u0131nda alabora olan Filo Denizcili\u011fe ait katamaran tipi yolcu gemisindeki yolcular\u0131n tahliyesi tekne ve helikopterlerle s\u00fcrerken, olayda can kay\u0131plar\u0131 ve yaral\u0131lar\u0131n bulundu\u011fu bildirildi. K\u0131y\u0131ya ula\u015ft\u0131r\u0131lan yolcular ambulanslarla hastanelere sevk edilirken, b\u00f6lgede olu\u015fturulan Kriz Masas\u0131 koordinesinde t\u00fcm ambulanslar, sa\u011fl\u0131k ekipleri ve hastaneler seferber edildi. \u00dcnal \u00dcstel, kaptan ve 7 ki\u015finin tutukland\u0131\u011f\u0131n\u0131 ifade ederken, Erhan Ar\u0131kl\u0131 [&hellip;]\" \/>\n<meta property=\"og:url\" content=\"https:\/\/netbakis.net\/tr\/41558\/\" \/>\n<meta property=\"og:site_name\" content=\"NETBAKIS\" \/>\n<meta property=\"article:published_time\" content=\"2026-08-30T17:57:33+00:00\" \/>\n<meta property=\"article:modified_time\" content=\"2026-08-30T17:57:35+00:00\" \/>\n<meta property=\"og:image\" content=\"https:\/\/netbakis.net\/wp-content\/uploads\/2026\/08\/v2yeniproje-2026-08-30t152126971_1788092503.webp\" \/>\n\t<meta property=\"og:image:width\" content=\"971\" \/>\n\t<meta property=\"og:image:height\" content=\"551\" \/>\n\t<meta property=\"og:image:type\" content=\"image\/webp\" \/>\n<meta name=\"author\" content=\"netbakis.net\" \/>\n<meta name=\"twitter:card\" content=\"summary_large_image\" \/>\n<meta name=\"twitter:label1\" content=\"Yazan:\" \/>\n\t<meta name=\"twitter:data1\" content=\"netbakis.net\" \/>\n\t<meta name=\"twitter:label2\" content=\"Tahmini okuma s\u00fcresi\" \/>\n\t<meta name=\"twitter:data2\" content=\"5 dakika\" \/>\n<script type=\"application\/ld+json\" class=\"yoast-schema-graph\">{\"@context\":\"https:\/\/schema.org\",\"@graph\":[{\"@type\":\"WebPage\",\"@id\":\"https:\/\/netbakis.net\/41558\/\",\"url\":\"https:\/\/netbakis.net\/41558\/\",\"name\":\"CANLI- Girne a\u00e7\u0131klar\u0131nda yolcu gemisi alabora oldu: Kaptan ve 7 ki\u015fi tutuklan\u0131rken, 8 ki\u015fi hayat\u0131n\u0131 kaybetti, 17 ki\u015fi aran\u0131yor - NETBAKIS\",\"isPartOf\":{\"@id\":\"https:\/\/netbakis.net\/#website\"},\"primaryImageOfPage\":{\"@id\":\"https:\/\/netbakis.net\/41558\/#primaryimage\"},\"image\":{\"@id\":\"https:\/\/netbakis.net\/41558\/#primaryimage\"},\"thumbnailUrl\":\"https:\/\/netbakis.net\/wp-content\/uploads\/2026\/08\/v2yeniproje-2026-08-30t152126971_1788092503.webp\",\"datePublished\":\"2026-08-30T17:57:33+00:00\",\"dateModified\":\"2026-08-30T17:57:35+00:00\",\"author\":{\"@id\":\"https:\/\/netbakis.net\/#\/schema\/person\/5d9b5c3f48ca4a3c69967d619fc8c7f4\"},\"breadcrumb\":{\"@id\":\"https:\/\/netbakis.net\/41558\/#breadcrumb\"},\"inLanguage\":\"tr\",\"potentialAction\":[{\"@type\":\"ReadAction\",\"target\":[\"https:\/\/netbakis.net\/41558\/\"]}]},{\"@type\":\"ImageObject\",\"inLanguage\":\"tr\",\"@id\":\"https:\/\/netbakis.net\/41558\/#primaryimage\",\"url\":\"https:\/\/netbakis.net\/wp-content\/uploads\/2026\/08\/v2yeniproje-2026-08-30t152126971_1788092503.webp\",\"contentUrl\":\"https:\/\/netbakis.net\/wp-content\/uploads\/2026\/08\/v2yeniproje-2026-08-30t152126971_1788092503.webp\",\"width\":971,\"height\":551},{\"@type\":\"BreadcrumbList\",\"@id\":\"https:\/\/netbakis.net\/41558\/#breadcrumb\",\"itemListElement\":[{\"@type\":\"ListItem\",\"position\":1,\"name\":\"Home\",\"item\":\"https:\/\/netbakis.net\/\"},{\"@type\":\"ListItem\",\"position\":2,\"name\":\"CANLI- Girne a\u00e7\u0131klar\u0131nda yolcu gemisi alabora oldu: Kaptan ve 7 ki\u015fi tutuklan\u0131rken, 8 ki\u015fi hayat\u0131n\u0131 kaybetti, 17 ki\u015fi aran\u0131yor\"}]},{\"@type\":\"WebSite\",\"@id\":\"https:\/\/netbakis.net\/#website\",\"url\":\"https:\/\/netbakis.net\/\",\"name\":\"NETBAKIS\",\"description\":\"SON DAKIKA\",\"potentialAction\":[{\"@type\":\"SearchAction\",\"target\":{\"@type\":\"EntryPoint\",\"urlTemplate\":\"https:\/\/netbakis.net\/?s={search_term_string}\"},\"query-input\":{\"@type\":\"PropertyValueSpecification\",\"valueRequired\":true,\"valueName\":\"search_term_string\"}}],\"inLanguage\":\"tr\"},{\"@type\":\"Person\",\"@id\":\"https:\/\/netbakis.net\/#\/schema\/person\/5d9b5c3f48ca4a3c69967d619fc8c7f4\",\"name\":\"netbakis.net\",\"image\":{\"@type\":\"ImageObject\",\"inLanguage\":\"tr\",\"@id\":\"https:\/\/netbakis.net\/#\/schema\/person\/image\/\",\"url\":\"https:\/\/secure.gravatar.com\/avatar\/4ddeae49d2d3e3568a8d5b0937642efdf0b72468dbe3f213bc1978faa47af0d1?s=96&d=wp_user_avatar&r=g\",\"contentUrl\":\"https:\/\/secure.gravatar.com\/avatar\/4ddeae49d2d3e3568a8d5b0937642efdf0b72468dbe3f213bc1978faa47af0d1?s=96&d=wp_user_avatar&r=g\",\"caption\":\"netbakis.net\"},\"sameAs\":[\"https:\/\/netbakis.net\"],\"url\":\"https:\/\/netbakis.net\/tr\/author\/netbakis-net\/\"}]}<\/script>\n<!-- \/ Yoast SEO plugin. -->","yoast_head_json":{"title":"CANLI- Girne a\u00e7\u0131klar\u0131nda yolcu gemisi alabora oldu: Kaptan ve 7 ki\u015fi tutuklan\u0131rken, 8 ki\u015fi hayat\u0131n\u0131 kaybetti, 17 ki\u015fi aran\u0131yor - NETBAKIS","robots":{"index":"index","follow":"follow","max-snippet":"max-snippet:-1","max-image-preview":"max-image-preview:large","max-video-preview":"max-video-preview:-1"},"canonical":"https:\/\/netbakis.net\/tr\/41558\/","og_locale":"tr_TR","og_type":"article","og_title":"CANLI- Girne a\u00e7\u0131klar\u0131nda yolcu gemisi alabora oldu: Kaptan ve 7 ki\u015fi tutuklan\u0131rken, 8 ki\u015fi hayat\u0131n\u0131 kaybetti, 17 ki\u015fi aran\u0131yor - NETBAKIS","og_description":"Girne a\u00e7\u0131klar\u0131nda alabora olan Filo Denizcili\u011fe ait katamaran tipi yolcu gemisindeki yolcular\u0131n tahliyesi tekne ve helikopterlerle s\u00fcrerken, olayda can kay\u0131plar\u0131 ve yaral\u0131lar\u0131n bulundu\u011fu bildirildi. K\u0131y\u0131ya ula\u015ft\u0131r\u0131lan yolcular ambulanslarla hastanelere sevk edilirken, b\u00f6lgede olu\u015fturulan Kriz Masas\u0131 koordinesinde t\u00fcm ambulanslar, sa\u011fl\u0131k ekipleri ve hastaneler seferber edildi. \u00dcnal \u00dcstel, kaptan ve 7 ki\u015finin tutukland\u0131\u011f\u0131n\u0131 ifade ederken, Erhan Ar\u0131kl\u0131 [&hellip;]","og_url":"https:\/\/netbakis.net\/tr\/41558\/","og_site_name":"NETBAKIS","article_published_time":"2026-08-30T17:57:33+00:00","article_modified_time":"2026-08-30T17:57:35+00:00","og_image":[{"width":971,"height":551,"url":"https:\/\/netbakis.net\/wp-content\/uploads\/2026\/08\/v2yeniproje-2026-08-30t152126971_1788092503.webp","type":"image\/webp"}],"author":"netbakis.net","twitter_card":"summary_large_image","twitter_misc":{"Yazan:":"netbakis.net","Tahmini okuma s\u00fcresi":"5 dakika"},"schema":{"@context":"https:\/\/schema.org","@graph":[{"@type":"WebPage","@id":"https:\/\/netbakis.net\/41558\/","url":"https:\/\/netbakis.net\/41558\/","name":"CANLI- Girne a\u00e7\u0131klar\u0131nda yolcu gemisi alabora oldu: Kaptan ve 7 ki\u015fi tutuklan\u0131rken, 8 ki\u015fi hayat\u0131n\u0131 kaybetti, 17 ki\u015fi aran\u0131yor - NETBAKIS","isPartOf":{"@id":"https:\/\/netbakis.net\/#website"},"primaryImageOfPage":{"@id":"https:\/\/netbakis.net\/41558\/#primaryimage"},"image":{"@id":"https:\/\/netbakis.net\/41558\/#primaryimage"},"thumbnailUrl":"https:\/\/netbakis.net\/wp-content\/uploads\/2026\/08\/v2yeniproje-2026-08-30t152126971_1788092503.webp","datePublished":"2026-08-30T17:57:33+00:00","dateModified":"2026-08-30T17:57:35+00:00","author":{"@id":"https:\/\/netbakis.net\/#\/schema\/person\/5d9b5c3f48ca4a3c69967d619fc8c7f4"},"breadcrumb":{"@id":"https:\/\/netbakis.net\/41558\/#breadcrumb"},"inLanguage":"tr","potentialAction":[{"@type":"ReadAction","target":["https:\/\/netbakis.net\/41558\/"]}]},{"@type":"ImageObject","inLanguage":"tr","@id":"https:\/\/netbakis.net\/41558\/#primaryimage","url":"https:\/\/netbakis.net\/wp-content\/uploads\/2026\/08\/v2yeniproje-2026-08-30t152126971_1788092503.webp","contentUrl":"https:\/\/netbakis.net\/wp-content\/uploads\/2026\/08\/v2yeniproje-2026-08-30t152126971_1788092503.webp","width":971,"height":551},{"@type":"BreadcrumbList","@id":"https:\/\/netbakis.net\/41558\/#breadcrumb","itemListElement":[{"@type":"ListItem","position":1,"name":"Home","item":"https:\/\/netbakis.net\/"},{"@type":"ListItem","position":2,"name":"CANLI- Girne a\u00e7\u0131klar\u0131nda yolcu gemisi alabora oldu: Kaptan ve 7 ki\u015fi tutuklan\u0131rken, 8 ki\u015fi hayat\u0131n\u0131 kaybetti, 17 ki\u015fi aran\u0131yor"}]},{"@type":"WebSite","@id":"https:\/\/netbakis.net\/#website","url":"https:\/\/netbakis.net\/","name":"NETBAKIS","description":"SON DAKIKA","potentialAction":[{"@type":"SearchAction","target":{"@type":"EntryPoint","urlTemplate":"https:\/\/netbakis.net\/?s={search_term_string}"},"query-input":{"@type":"PropertyValueSpecification","valueRequired":true,"valueName":"search_term_string"}}],"inLanguage":"tr"},{"@type":"Person","@id":"https:\/\/netbakis.net\/#\/schema\/person\/5d9b5c3f48ca4a3c69967d619fc8c7f4","name":"netbakis.net","image":{"@type":"ImageObject","inLanguage":"tr","@id":"https:\/\/netbakis.net\/#\/schema\/person\/image\/","url":"https:\/\/secure.gravatar.com\/avatar\/4ddeae49d2d3e3568a8d5b0937642efdf0b72468dbe3f213bc1978faa47af0d1?s=96&d=wp_user_avatar&r=g","contentUrl":"https:\/\/secure.gravatar.com\/avatar\/4ddeae49d2d3e3568a8d5b0937642efdf0b72468dbe3f213bc1978faa47af0d1?s=96&d=wp_user_avatar&r=g","caption":"netbakis.net"},"sameAs":["https:\/\/netbakis.net"],"url":"https:\/\/netbakis.net\/tr\/author\/netbakis-net\/"}]}},"jetpack_publicize_connections":[],"_links":{"self":[{"href":"https:\/\/netbakis.net\/tr\/wp-json\/wp\/v2\/posts\/41558","targetHints":{"allow":["GET"]}}],"collection":[{"href":"https:\/\/netbakis.net\/tr\/wp-json\/wp\/v2\/posts"}],"about":[{"href":"https:\/\/netbakis.net\/tr\/wp-json\/wp\/v2\/types\/post"}],"author":[{"embeddable":true,"href":"https:\/\/netbakis.net\/tr\/wp-json\/wp\/v2\/users\/1"}],"replies":[{"embeddable":true,"href":"https:\/\/netbakis.net\/tr\/wp-json\/wp\/v2\/comments?post=41558"}],"version-history":[{"count":1,"href":"https:\/\/netbakis.net\/tr\/wp-json\/wp\/v2\/posts\/41558\/revisions"}],"predecessor-version":[{"id":41560,"href":"https:\/\/netbakis.net\/tr\/wp-json\/wp\/v2\/posts\/41558\/revisions\/41560"}],"wp:featuredmedia":[{"embeddable":true,"href":"https:\/\/netbakis.net\/tr\/wp-json\/wp\/v2\/media\/41559"}],"wp:attachment":[{"href":"https:\/\/netbakis.net\/tr\/wp-json\/wp\/v2\/media?parent=41558"}],"wp:term":[{"taxonomy":"category","embeddable":true,"href":"https:\/\/netbakis.net\/tr\/wp-json\/wp\/v2\/categories?post=41558"},{"taxonomy":"post_tag","embeddable":true,"href":"https:\/\/netbakis.net\/tr\/wp-json\/wp\/v2\/tags?post=41558"}],"curies":[{"name":"wp","href":"https:\/\/api.w.org\/{rel}","templated":true}]}}