{"id":41552,"date":"2026-08-30T17:54:54","date_gmt":"2026-08-30T17:54:54","guid":{"rendered":"https:\/\/netbakis.net\/?p=41552"},"modified":"2026-08-30T17:54:57","modified_gmt":"2026-08-30T17:54:57","slug":"basbakan-ustel-gemi-kaptani-ve-7-gorevlinin-tutuklandigini-acikladi","status":"publish","type":"post","link":"https:\/\/netbakis.net\/tr\/41552\/","title":{"rendered":"Ba\u015fbakan \u00dcstel, gemi kaptan\u0131 ve 7 g\u00f6revlinin tutukland\u0131\u011f\u0131n\u0131 a\u00e7\u0131klad\u0131"},"content":{"rendered":"<p class=\"wp-block-paragraph\">Ba\u015fbakan \u00dcnal \u00dcstel, Girne a\u00e7\u0131klar\u0131nda alabora olan Filo Jet\u2019le ilgili soru\u015fturman\u0131n ba\u015flat\u0131ld\u0131\u011f\u0131n\u0131 ve gemi kaptan\u0131 ile 7 g\u00f6revlinin tutukland\u0131\u011f\u0131n\u0131 a\u00e7\u0131klad\u0131. \u00dcstel, kazan\u0131n t\u00fcm y\u00f6nleriyle ara\u015ft\u0131r\u0131laca\u011f\u0131n\u0131, herhangi bir ihmal veya sorumluluk tespit edilmesi halinde gere\u011finin yap\u0131laca\u011f\u0131n\u0131 belirtirken, arama-kurtarma \u00e7al\u0131\u015fmalar\u0131n\u0131n kay\u0131plara ula\u015f\u0131lana kadar aral\u0131ks\u0131z s\u00fcrd\u00fcr\u00fclece\u011fini kaydetti.<br><br>\u00dcSTEL: \u201cKIBRIS\u2019IN YA\u015eADI\u011eI EN B\u00dcY\u00dcK DEN\u0130Z FELAKET\u0130YLE KAR\u015eI KAR\u015eIYAYIZ\u201d<br>\u201cARAMA KURTARMA \u00c7ALI\u015eMALARIMIZ T\u00dcM \u0130MKANLARIMIZLA ARALIKSIZ DEVAM ED\u0130YOR\u201d<br>\u201cKAYIPLARIMIZA ULA\u015eANA KADAR ARAMAYA DEVAM EDECE\u011e\u0130Z\u201d<br>\u201cSORU\u015eTURMA BA\u015eLATILDI, KAPTAN DAH\u0130L 8 K\u0130\u015e\u0130 G\u00d6ZALTINA ALINDI\u201d<br>Ba\u015fbakan \u00dcnal \u00dcstel, Girne a\u00e7\u0131klar\u0131nda Filo Denizcilik \u015eti. Ltd.\u2019ye ait Filo Jet isimli yolcu gemisinin su alarak alabora olmas\u0131yla ilgili a\u00e7\u0131klama yapt\u0131.<\/p>\n\n\n\n<p class=\"wp-block-paragraph\">\u00dcstel, ya\u015fanan kazay\u0131 \u201cK\u0131br\u0131s\u2019\u0131n ya\u015fad\u0131\u011f\u0131 en b\u00fcy\u00fck deniz felaketi\u201d olarak nitelendirerek, devletin t\u00fcm imk\u00e2nlar\u0131n\u0131n arama-kurtarma \u00e7al\u0131\u015fmalar\u0131na seferber edildi\u011fini belirtti. \u00dcstel, kay\u0131plara ula\u015fana kadar arama-kurtarma \u00e7al\u0131\u015fmalar\u0131n\u0131n aral\u0131ks\u0131z s\u00fcrd\u00fcr\u00fclece\u011fini ve kazan\u0131n t\u00fcm y\u00f6nleriyle ara\u015ft\u0131r\u0131lmas\u0131 amac\u0131yla soru\u015fturma ba\u015flat\u0131ld\u0131\u011f\u0131n\u0131, kaptan dahil 8 ki\u015finin tutukland\u0131\u011f\u0131n\u0131 al\u0131nd\u0131\u011f\u0131n\u0131 a\u00e7\u0131klad\u0131.<\/p>\n\n\n\n<p class=\"wp-block-paragraph\">Ba\u015fbakan \u00dcstel&#8217;in a\u00e7\u0131klamas\u0131n\u0131n tamam\u0131 \u015fu \u015fekilde:<\/p>\n\n\n\n<p class=\"wp-block-paragraph\">&#8220;K\u0131br\u0131s\u2019\u0131n ya\u015fad\u0131\u011f\u0131 en b\u00fcy\u00fck deniz felaketi olarak tarihe ge\u00e7en elim bir kazayla kar\u015f\u0131 kar\u015f\u0131yay\u0131z. Ac\u0131m\u0131z \u00e7ok b\u00fcy\u00fck. Kaybetti\u011fimiz insanlar\u0131m\u0131za Allah\u2019tan rahmet, ailelerine ve yak\u0131nlar\u0131na sab\u0131r ve ba\u015fsa\u011fl\u0131\u011f\u0131, yaral\u0131lar\u0131m\u0131za acil \u015fifalar diliyorum.<\/p>\n\n\n\n<p class=\"wp-block-paragraph\">Kazan\u0131n meydana geldi\u011fi ilk andan itibaren devletimizin b\u00fct\u00fcn imk\u00e2nlar\u0131 seferber edilmi\u015ftir.<\/p>\n\n\n\n<p class=\"wp-block-paragraph\">\u00dcSTEL SAHADA G\u00d6REV ALAN EK\u0130P HAKKINDA B\u0130LG\u0130 VERD\u0130<\/p>\n\n\n\n<p class=\"wp-block-paragraph\">\u0130lk m\u00fcdahalede 4 Sahil G\u00fcvenlik botu, 2 helikopter, T\u00fcrk Bar\u0131\u015f Kuvvetlerine ait 1 karakol gemisi, 1 h\u00fccum botu ile Sivil Savunma ve Polis Te\u015fkilat\u0131m\u0131za ba\u011fl\u0131 dalg\u0131\u00e7 ekipleri ve beraberindeki 4 arama kurtarma botu \u00e7al\u0131\u015fmalara kat\u0131lm\u0131\u015ft\u0131r. Arama kurtarma kapasitesi s\u00fcre\u00e7 i\u00e7erisinde daha da g\u00fc\u00e7lendirilmi\u015ftir.<\/p>\n\n\n\n<p class=\"wp-block-paragraph\">Halen b\u00f6lgede T\u00fcrk Silahl\u0131 Kuvvetleri taraf\u0131ndan g\u00f6revlendirilen 2 u\u00e7ak, 4 helikopter, 4 \u0130HA ve 4 Sahil G\u00fcvenlik botu arama kurtarma \u00e7al\u0131\u015fmalar\u0131na aktif olarak kat\u0131lmaktad\u0131r. KTBK Komutanl\u0131\u011f\u0131, GKK Komutanl\u0131\u011f\u0131, T\u00fcrk Silahl\u0131 Kuvvetlerinden g\u00f6nderilen unsurlar, T.C. \u0130\u00e7i\u015fleri Bakanl\u0131\u011f\u0131 Sahil G\u00fcvenlik Komutanl\u0131\u011f\u0131, Polis Te\u015fkilat\u0131m\u0131z ve Sivil Savunma Te\u015fkilat Ba\u015fkanl\u0131\u011f\u0131m\u0131z b\u00fcy\u00fck bir koordinasyon i\u00e7erisinde \u00e7al\u0131\u015fmalar\u0131n\u0131 aral\u0131ks\u0131z s\u00fcrd\u00fcrmektedir.<\/p>\n\n\n\n<p class=\"wp-block-paragraph\">K\u0131sa bir s\u00fcre i\u00e7erisinde Deniz Kuvvetlerine ba\u011fl\u0131, 1000 metre derinli\u011fe kadar arama yapabilecek ve gemi bat\u0131\u011f\u0131na ula\u015fabilecek kapasiteye sahip arama kurtarma gemisi de KKTC\u2019ye ula\u015farak \u00e7al\u0131\u015fmalara dahil olacakt\u0131r.Havadan, denizden ve denizin alt\u0131ndan b\u00fct\u00fcn imkanlar\u0131m\u0131zla ar\u0131yoruz.<\/p>\n\n\n\n<p class=\"wp-block-paragraph\">T\u00dcRK\u0130YE&#8217;YE \u0130\u015e B\u0130RL\u0130\u011e\u0130 \u0130\u00c7\u0130N TE\u015eEKK\u00dcR<\/p>\n\n\n\n<p class=\"wp-block-paragraph\">Tek bir imkan\u0131m\u0131z\u0131 dahi kullanmadan b\u0131rakmayaca\u011f\u0131z. Kay\u0131plar\u0131m\u0131za ula\u015fana kadar arama kurtarma \u00e7al\u0131\u015fmalar\u0131m\u0131z aral\u0131ks\u0131z devam edecektir. T\u00fcrkiye Cumhurba\u015fkan\u0131 Say\u0131n Recep Tayyip Erdo\u011fan da \u015fahs\u0131m\u0131 arayarak ya\u015fanan b\u00fcy\u00fck felaket nedeniyle \u00fcz\u00fcnt\u00fclerini dile getirmi\u015f; \u015fahs\u0131ma ve halk\u0131m\u0131za ba\u015fsa\u011fl\u0131\u011f\u0131 dileklerini iletmi\u015f, T\u00fcrkiye Cumhuriyeti\u2019nin ihtiya\u00e7 duyulan her alanda s\u0131n\u0131rs\u0131z destek vermeye haz\u0131r oldu\u011funu ifade etmi\u015ftir. T\u00fcrkiye Cumhurba\u015fkan\u0131 Yard\u0131mc\u0131s\u0131 Say\u0131n Cevdet Y\u0131lmaz ise kazan\u0131n ya\u015fand\u0131\u011f\u0131 ilk andan itibaren bizlerle s\u00fcrekli isti\u015fare i\u00e7erisinde olmu\u015f ve s\u00fcreci yak\u0131ndan takip etmektedir. Milliyet\u00e7i Hareket Partisi Genel Ba\u015fkan\u0131 Say\u0131n Devlet Bah\u00e7eli de \u015fahs\u0131m\u0131 arayarak ya\u015fanan b\u00fcy\u00fck felaket nedeniyle duydu\u011fu derin \u00fcz\u00fcnt\u00fcy\u00fc ve ba\u015fsa\u011fl\u0131\u011f\u0131 dileklerini iletmi\u015f, bu zor g\u00fcnde K\u0131br\u0131s T\u00fcrk halk\u0131n\u0131n yan\u0131nda olduklar\u0131n\u0131 ifade etmi\u015ftir. Bu b\u00fcy\u00fck ac\u0131m\u0131zda ilk andan itibaren yan\u0131m\u0131zda olan T\u00fcrkiye Cumhuriyeti\u2019ne, T\u00fcrkiye Cumhuriyeti H\u00fck\u00fcmeti\u2019ne, Say\u0131n Cumhurba\u015fkan\u0131 Recep Tayyip Erdo\u011fan\u2019a, Say\u0131n Cumhurba\u015fkan\u0131 Yard\u0131mc\u0131s\u0131 Cevdet Y\u0131lmaz\u2019a ve dayan\u0131\u015fmalar\u0131n\u0131 ifade eden MHP Genel Ba\u015fkan\u0131 Say\u0131n Devlet Bah\u00e7eli\u2019ye K\u0131br\u0131s T\u00fcrk halk\u0131 ad\u0131na te\u015fekk\u00fcr ediyorum.<\/p>\n\n\n\n<p class=\"wp-block-paragraph\">GEM\u0130 KAPTANI VE 7 G\u00d6REVL\u0130 TUTUKLANDI<\/p>\n\n\n\n<p class=\"wp-block-paragraph\">Bir yandan arama kurtarma \u00e7al\u0131\u015fmalar\u0131m\u0131z s\u00fcrerken, di\u011fer yandan bu felaketin nas\u0131l meydana geldi\u011finin ortaya \u00e7\u0131kar\u0131lmas\u0131 i\u00e7in soru\u015fturma derhal ba\u015flat\u0131lm\u0131\u015ft\u0131r. Gemi kaptan\u0131 ve 7 g\u00f6revli g\u00f6zalt\u0131na al\u0131nm\u0131\u015ft\u0131r.<\/p>\n\n\n\n<p class=\"wp-block-paragraph\">Buradan \u00e7ok net s\u00f6yl\u00fcyorum: Bu olay\u0131n her y\u00f6n\u00fc ara\u015ft\u0131r\u0131lacak. En k\u00fc\u00e7\u00fck bir ihmal dahi varsa ortaya \u00e7\u0131kar\u0131lacak. Kusuru ve sorumlulu\u011fu bulunan kim olursa olsun g\u00f6z\u00fcn\u00fcn ya\u015f\u0131na bak\u0131lmayacakt\u0131r. Bu b\u00fcy\u00fck felaketin b\u00fct\u00fcn boyutlar\u0131yla ayd\u0131nlat\u0131lmas\u0131, devletimizin hem g\u00f6revi hem de kaybetti\u011fimiz insanlar\u0131m\u0131za ve ailelerine kar\u015f\u0131 sorumlulu\u011fudur.<\/p>\n\n\n\n<p class=\"wp-block-paragraph\">Bug\u00fcn ac\u0131m\u0131z b\u00fcy\u00fckt\u00fcr. Ancak devletimiz b\u00fct\u00fcn kurumlar\u0131yla g\u00f6revinin ba\u015f\u0131ndad\u0131r. \u015eimdi b\u00fct\u00fcn g\u00fcc\u00fcm\u00fczle kay\u0131plar\u0131m\u0131za ula\u015fmaya, yaralar\u0131m\u0131z\u0131 sarmaya ve bu b\u00fcy\u00fck felaketin b\u00fct\u00fcn ger\u00e7eklerini ortaya \u00e7\u0131karmaya odaklanm\u0131\u015f durumday\u0131z. Kaybetti\u011fimiz insanlar\u0131m\u0131za bir kez daha Allah\u2019tan rahmet, ailelerine ve yak\u0131nlar\u0131na sab\u0131r, yaral\u0131lar\u0131m\u0131za acil \u015fifalar diliyorum. Dualar\u0131m\u0131z, arad\u0131\u011f\u0131m\u0131z insanlar\u0131m\u0131za bir an \u00f6nce ula\u015f\u0131lmas\u0131 i\u00e7indir&#8221;<\/p>","protected":false},"excerpt":{"rendered":"<p>Ba\u015fbakan \u00dcnal \u00dcstel, Girne a\u00e7\u0131klar\u0131nda alabora olan Filo Jet\u2019le ilgili soru\u015fturman\u0131n ba\u015flat\u0131ld\u0131\u011f\u0131n\u0131 ve gemi kaptan\u0131 ile 7 g\u00f6revlinin tutukland\u0131\u011f\u0131n\u0131 a\u00e7\u0131klad\u0131. \u00dcstel, kazan\u0131n t\u00fcm y\u00f6nleriyle ara\u015ft\u0131r\u0131laca\u011f\u0131n\u0131, herhangi bir ihmal veya sorumluluk tespit edilmesi halinde gere\u011finin yap\u0131laca\u011f\u0131n\u0131 belirtirken, arama-kurtarma \u00e7al\u0131\u015fmalar\u0131n\u0131n kay\u0131plara ula\u015f\u0131lana kadar aral\u0131ks\u0131z s\u00fcrd\u00fcr\u00fclece\u011fini kaydetti. \u00dcSTEL: \u201cKIBRIS\u2019IN YA\u015eADI\u011eI EN B\u00dcY\u00dcK DEN\u0130Z FELAKET\u0130YLE KAR\u015eI KAR\u015eIYAYIZ\u201d\u201cARAMA KURTARMA \u00c7ALI\u015eMALARIMIZ [&hellip;]<\/p>","protected":false},"author":1,"featured_media":41069,"comment_status":"open","ping_status":"open","sticky":false,"template":"","format":"standard","meta":{"om_disable_all_campaigns":false,"_monsterinsights_skip_tracking":false,"_monsterinsights_sitenote_active":false,"_monsterinsights_sitenote_note":"","_monsterinsights_sitenote_category":0,"_uf_show_specific_survey":0,"_uf_disable_surveys":false,"footnotes":"","jetpack_publicize_message":"","jetpack_publicize_feature_enabled":true,"jetpack_social_post_already_shared":true,"jetpack_social_options":{"image_generator_settings":{"template":"highway","default_image_id":0,"font":"","enabled":false},"version":2}},"categories":[81],"tags":[],"class_list":["post-41552","post","type-post","status-publish","format-standard","has-post-thumbnail","category-gundem"],"yoast_head":"<!-- This site is optimized with the Yoast SEO plugin v23.8 - https:\/\/yoast.com\/wordpress\/plugins\/seo\/ -->\n<title>Ba\u015fbakan \u00dcstel, gemi kaptan\u0131 ve 7 g\u00f6revlinin tutukland\u0131\u011f\u0131n\u0131 a\u00e7\u0131klad\u0131 - NETBAKIS<\/title>\n<meta name=\"robots\" content=\"index, follow, max-snippet:-1, max-image-preview:large, max-video-preview:-1\" \/>\n<link rel=\"canonical\" href=\"https:\/\/netbakis.net\/tr\/41552\/\" \/>\n<meta property=\"og:locale\" content=\"tr_TR\" \/>\n<meta property=\"og:type\" content=\"article\" \/>\n<meta property=\"og:title\" content=\"Ba\u015fbakan \u00dcstel, gemi kaptan\u0131 ve 7 g\u00f6revlinin tutukland\u0131\u011f\u0131n\u0131 a\u00e7\u0131klad\u0131 - NETBAKIS\" \/>\n<meta property=\"og:description\" content=\"Ba\u015fbakan \u00dcnal \u00dcstel, Girne a\u00e7\u0131klar\u0131nda alabora olan Filo Jet\u2019le ilgili soru\u015fturman\u0131n ba\u015flat\u0131ld\u0131\u011f\u0131n\u0131 ve gemi kaptan\u0131 ile 7 g\u00f6revlinin tutukland\u0131\u011f\u0131n\u0131 a\u00e7\u0131klad\u0131. \u00dcstel, kazan\u0131n t\u00fcm y\u00f6nleriyle ara\u015ft\u0131r\u0131laca\u011f\u0131n\u0131, herhangi bir ihmal veya sorumluluk tespit edilmesi halinde gere\u011finin yap\u0131laca\u011f\u0131n\u0131 belirtirken, arama-kurtarma \u00e7al\u0131\u015fmalar\u0131n\u0131n kay\u0131plara ula\u015f\u0131lana kadar aral\u0131ks\u0131z s\u00fcrd\u00fcr\u00fclece\u011fini kaydetti. \u00dcSTEL: \u201cKIBRIS\u2019IN YA\u015eADI\u011eI EN B\u00dcY\u00dcK DEN\u0130Z FELAKET\u0130YLE KAR\u015eI KAR\u015eIYAYIZ\u201d\u201cARAMA KURTARMA \u00c7ALI\u015eMALARIMIZ [&hellip;]\" \/>\n<meta property=\"og:url\" content=\"https:\/\/netbakis.net\/tr\/41552\/\" \/>\n<meta property=\"og:site_name\" content=\"NETBAKIS\" \/>\n<meta property=\"article:published_time\" content=\"2026-08-30T17:54:54+00:00\" \/>\n<meta property=\"article:modified_time\" content=\"2026-08-30T17:54:57+00:00\" \/>\n<meta property=\"og:image\" content=\"https:\/\/netbakis.net\/wp-content\/uploads\/2026\/08\/v2yeniproje-2026-08-14t164419877_1786715142.webp\" \/>\n\t<meta property=\"og:image:width\" content=\"971\" \/>\n\t<meta property=\"og:image:height\" content=\"551\" \/>\n\t<meta property=\"og:image:type\" content=\"image\/webp\" \/>\n<meta name=\"author\" content=\"netbakis.net\" \/>\n<meta name=\"twitter:card\" content=\"summary_large_image\" \/>\n<meta name=\"twitter:label1\" content=\"Yazan:\" \/>\n\t<meta name=\"twitter:data1\" content=\"netbakis.net\" \/>\n\t<meta name=\"twitter:label2\" content=\"Tahmini okuma s\u00fcresi\" \/>\n\t<meta name=\"twitter:data2\" content=\"3 dakika\" \/>\n<script type=\"application\/ld+json\" class=\"yoast-schema-graph\">{\"@context\":\"https:\/\/schema.org\",\"@graph\":[{\"@type\":\"WebPage\",\"@id\":\"https:\/\/netbakis.net\/41552\/\",\"url\":\"https:\/\/netbakis.net\/41552\/\",\"name\":\"Ba\u015fbakan \u00dcstel, gemi kaptan\u0131 ve 7 g\u00f6revlinin tutukland\u0131\u011f\u0131n\u0131 a\u00e7\u0131klad\u0131 - NETBAKIS\",\"isPartOf\":{\"@id\":\"https:\/\/netbakis.net\/#website\"},\"primaryImageOfPage\":{\"@id\":\"https:\/\/netbakis.net\/41552\/#primaryimage\"},\"image\":{\"@id\":\"https:\/\/netbakis.net\/41552\/#primaryimage\"},\"thumbnailUrl\":\"https:\/\/netbakis.net\/wp-content\/uploads\/2026\/08\/v2yeniproje-2026-08-14t164419877_1786715142.webp\",\"datePublished\":\"2026-08-30T17:54:54+00:00\",\"dateModified\":\"2026-08-30T17:54:57+00:00\",\"author\":{\"@id\":\"https:\/\/netbakis.net\/#\/schema\/person\/5d9b5c3f48ca4a3c69967d619fc8c7f4\"},\"breadcrumb\":{\"@id\":\"https:\/\/netbakis.net\/41552\/#breadcrumb\"},\"inLanguage\":\"tr\",\"potentialAction\":[{\"@type\":\"ReadAction\",\"target\":[\"https:\/\/netbakis.net\/41552\/\"]}]},{\"@type\":\"ImageObject\",\"inLanguage\":\"tr\",\"@id\":\"https:\/\/netbakis.net\/41552\/#primaryimage\",\"url\":\"https:\/\/netbakis.net\/wp-content\/uploads\/2026\/08\/v2yeniproje-2026-08-14t164419877_1786715142.webp\",\"contentUrl\":\"https:\/\/netbakis.net\/wp-content\/uploads\/2026\/08\/v2yeniproje-2026-08-14t164419877_1786715142.webp\",\"width\":971,\"height\":551},{\"@type\":\"BreadcrumbList\",\"@id\":\"https:\/\/netbakis.net\/41552\/#breadcrumb\",\"itemListElement\":[{\"@type\":\"ListItem\",\"position\":1,\"name\":\"Home\",\"item\":\"https:\/\/netbakis.net\/\"},{\"@type\":\"ListItem\",\"position\":2,\"name\":\"Ba\u015fbakan \u00dcstel, gemi kaptan\u0131 ve 7 g\u00f6revlinin tutukland\u0131\u011f\u0131n\u0131 a\u00e7\u0131klad\u0131\"}]},{\"@type\":\"WebSite\",\"@id\":\"https:\/\/netbakis.net\/#website\",\"url\":\"https:\/\/netbakis.net\/\",\"name\":\"NETBAKIS\",\"description\":\"SON DAKIKA\",\"potentialAction\":[{\"@type\":\"SearchAction\",\"target\":{\"@type\":\"EntryPoint\",\"urlTemplate\":\"https:\/\/netbakis.net\/?s={search_term_string}\"},\"query-input\":{\"@type\":\"PropertyValueSpecification\",\"valueRequired\":true,\"valueName\":\"search_term_string\"}}],\"inLanguage\":\"tr\"},{\"@type\":\"Person\",\"@id\":\"https:\/\/netbakis.net\/#\/schema\/person\/5d9b5c3f48ca4a3c69967d619fc8c7f4\",\"name\":\"netbakis.net\",\"image\":{\"@type\":\"ImageObject\",\"inLanguage\":\"tr\",\"@id\":\"https:\/\/netbakis.net\/#\/schema\/person\/image\/\",\"url\":\"https:\/\/secure.gravatar.com\/avatar\/4ddeae49d2d3e3568a8d5b0937642efdf0b72468dbe3f213bc1978faa47af0d1?s=96&d=wp_user_avatar&r=g\",\"contentUrl\":\"https:\/\/secure.gravatar.com\/avatar\/4ddeae49d2d3e3568a8d5b0937642efdf0b72468dbe3f213bc1978faa47af0d1?s=96&d=wp_user_avatar&r=g\",\"caption\":\"netbakis.net\"},\"sameAs\":[\"https:\/\/netbakis.net\"],\"url\":\"https:\/\/netbakis.net\/tr\/author\/netbakis-net\/\"}]}<\/script>\n<!-- \/ Yoast SEO plugin. -->","yoast_head_json":{"title":"Ba\u015fbakan \u00dcstel, gemi kaptan\u0131 ve 7 g\u00f6revlinin tutukland\u0131\u011f\u0131n\u0131 a\u00e7\u0131klad\u0131 - NETBAKIS","robots":{"index":"index","follow":"follow","max-snippet":"max-snippet:-1","max-image-preview":"max-image-preview:large","max-video-preview":"max-video-preview:-1"},"canonical":"https:\/\/netbakis.net\/tr\/41552\/","og_locale":"tr_TR","og_type":"article","og_title":"Ba\u015fbakan \u00dcstel, gemi kaptan\u0131 ve 7 g\u00f6revlinin tutukland\u0131\u011f\u0131n\u0131 a\u00e7\u0131klad\u0131 - NETBAKIS","og_description":"Ba\u015fbakan \u00dcnal \u00dcstel, Girne a\u00e7\u0131klar\u0131nda alabora olan Filo Jet\u2019le ilgili soru\u015fturman\u0131n ba\u015flat\u0131ld\u0131\u011f\u0131n\u0131 ve gemi kaptan\u0131 ile 7 g\u00f6revlinin tutukland\u0131\u011f\u0131n\u0131 a\u00e7\u0131klad\u0131. \u00dcstel, kazan\u0131n t\u00fcm y\u00f6nleriyle ara\u015ft\u0131r\u0131laca\u011f\u0131n\u0131, herhangi bir ihmal veya sorumluluk tespit edilmesi halinde gere\u011finin yap\u0131laca\u011f\u0131n\u0131 belirtirken, arama-kurtarma \u00e7al\u0131\u015fmalar\u0131n\u0131n kay\u0131plara ula\u015f\u0131lana kadar aral\u0131ks\u0131z s\u00fcrd\u00fcr\u00fclece\u011fini kaydetti. \u00dcSTEL: \u201cKIBRIS\u2019IN YA\u015eADI\u011eI EN B\u00dcY\u00dcK DEN\u0130Z FELAKET\u0130YLE KAR\u015eI KAR\u015eIYAYIZ\u201d\u201cARAMA KURTARMA \u00c7ALI\u015eMALARIMIZ [&hellip;]","og_url":"https:\/\/netbakis.net\/tr\/41552\/","og_site_name":"NETBAKIS","article_published_time":"2026-08-30T17:54:54+00:00","article_modified_time":"2026-08-30T17:54:57+00:00","og_image":[{"width":971,"height":551,"url":"https:\/\/netbakis.net\/wp-content\/uploads\/2026\/08\/v2yeniproje-2026-08-14t164419877_1786715142.webp","type":"image\/webp"}],"author":"netbakis.net","twitter_card":"summary_large_image","twitter_misc":{"Yazan:":"netbakis.net","Tahmini okuma s\u00fcresi":"3 dakika"},"schema":{"@context":"https:\/\/schema.org","@graph":[{"@type":"WebPage","@id":"https:\/\/netbakis.net\/41552\/","url":"https:\/\/netbakis.net\/41552\/","name":"Ba\u015fbakan \u00dcstel, gemi kaptan\u0131 ve 7 g\u00f6revlinin tutukland\u0131\u011f\u0131n\u0131 a\u00e7\u0131klad\u0131 - NETBAKIS","isPartOf":{"@id":"https:\/\/netbakis.net\/#website"},"primaryImageOfPage":{"@id":"https:\/\/netbakis.net\/41552\/#primaryimage"},"image":{"@id":"https:\/\/netbakis.net\/41552\/#primaryimage"},"thumbnailUrl":"https:\/\/netbakis.net\/wp-content\/uploads\/2026\/08\/v2yeniproje-2026-08-14t164419877_1786715142.webp","datePublished":"2026-08-30T17:54:54+00:00","dateModified":"2026-08-30T17:54:57+00:00","author":{"@id":"https:\/\/netbakis.net\/#\/schema\/person\/5d9b5c3f48ca4a3c69967d619fc8c7f4"},"breadcrumb":{"@id":"https:\/\/netbakis.net\/41552\/#breadcrumb"},"inLanguage":"tr","potentialAction":[{"@type":"ReadAction","target":["https:\/\/netbakis.net\/41552\/"]}]},{"@type":"ImageObject","inLanguage":"tr","@id":"https:\/\/netbakis.net\/41552\/#primaryimage","url":"https:\/\/netbakis.net\/wp-content\/uploads\/2026\/08\/v2yeniproje-2026-08-14t164419877_1786715142.webp","contentUrl":"https:\/\/netbakis.net\/wp-content\/uploads\/2026\/08\/v2yeniproje-2026-08-14t164419877_1786715142.webp","width":971,"height":551},{"@type":"BreadcrumbList","@id":"https:\/\/netbakis.net\/41552\/#breadcrumb","itemListElement":[{"@type":"ListItem","position":1,"name":"Home","item":"https:\/\/netbakis.net\/"},{"@type":"ListItem","position":2,"name":"Ba\u015fbakan \u00dcstel, gemi kaptan\u0131 ve 7 g\u00f6revlinin tutukland\u0131\u011f\u0131n\u0131 a\u00e7\u0131klad\u0131"}]},{"@type":"WebSite","@id":"https:\/\/netbakis.net\/#website","url":"https:\/\/netbakis.net\/","name":"NETBAKIS","description":"SON DAKIKA","potentialAction":[{"@type":"SearchAction","target":{"@type":"EntryPoint","urlTemplate":"https:\/\/netbakis.net\/?s={search_term_string}"},"query-input":{"@type":"PropertyValueSpecification","valueRequired":true,"valueName":"search_term_string"}}],"inLanguage":"tr"},{"@type":"Person","@id":"https:\/\/netbakis.net\/#\/schema\/person\/5d9b5c3f48ca4a3c69967d619fc8c7f4","name":"netbakis.net","image":{"@type":"ImageObject","inLanguage":"tr","@id":"https:\/\/netbakis.net\/#\/schema\/person\/image\/","url":"https:\/\/secure.gravatar.com\/avatar\/4ddeae49d2d3e3568a8d5b0937642efdf0b72468dbe3f213bc1978faa47af0d1?s=96&d=wp_user_avatar&r=g","contentUrl":"https:\/\/secure.gravatar.com\/avatar\/4ddeae49d2d3e3568a8d5b0937642efdf0b72468dbe3f213bc1978faa47af0d1?s=96&d=wp_user_avatar&r=g","caption":"netbakis.net"},"sameAs":["https:\/\/netbakis.net"],"url":"https:\/\/netbakis.net\/tr\/author\/netbakis-net\/"}]}},"jetpack_publicize_connections":[],"_links":{"self":[{"href":"https:\/\/netbakis.net\/tr\/wp-json\/wp\/v2\/posts\/41552","targetHints":{"allow":["GET"]}}],"collection":[{"href":"https:\/\/netbakis.net\/tr\/wp-json\/wp\/v2\/posts"}],"about":[{"href":"https:\/\/netbakis.net\/tr\/wp-json\/wp\/v2\/types\/post"}],"author":[{"embeddable":true,"href":"https:\/\/netbakis.net\/tr\/wp-json\/wp\/v2\/users\/1"}],"replies":[{"embeddable":true,"href":"https:\/\/netbakis.net\/tr\/wp-json\/wp\/v2\/comments?post=41552"}],"version-history":[{"count":1,"href":"https:\/\/netbakis.net\/tr\/wp-json\/wp\/v2\/posts\/41552\/revisions"}],"predecessor-version":[{"id":41553,"href":"https:\/\/netbakis.net\/tr\/wp-json\/wp\/v2\/posts\/41552\/revisions\/41553"}],"wp:featuredmedia":[{"embeddable":true,"href":"https:\/\/netbakis.net\/tr\/wp-json\/wp\/v2\/media\/41069"}],"wp:attachment":[{"href":"https:\/\/netbakis.net\/tr\/wp-json\/wp\/v2\/media?parent=41552"}],"wp:term":[{"taxonomy":"category","embeddable":true,"href":"https:\/\/netbakis.net\/tr\/wp-json\/wp\/v2\/categories?post=41552"},{"taxonomy":"post_tag","embeddable":true,"href":"https:\/\/netbakis.net\/tr\/wp-json\/wp\/v2\/tags?post=41552"}],"curies":[{"name":"wp","href":"https:\/\/api.w.org\/{rel}","templated":true}]}}