{"id":41549,"date":"2026-08-30T17:54:11","date_gmt":"2026-08-30T17:54:11","guid":{"rendered":"https:\/\/netbakis.net\/?p=41549"},"modified":"2026-08-30T17:54:16","modified_gmt":"2026-08-30T17:54:16","slug":"alabora-olan-gemiye-ilk-yardima-gelen-gencer-yaklasik-50-kisiyi-tahliye-etti-denizin-ortasinda-can-pazari","status":"publish","type":"post","link":"https:\/\/netbakis.net\/tr\/41549\/","title":{"rendered":"Alabora olan gemiye ilk yard\u0131ma gelen Gencer, yakla\u015f\u0131k 50 ki\u015fiyi tahliye etti: Denizin ortas\u0131nda can pazar\u0131"},"content":{"rendered":"<p class=\"wp-block-paragraph\">Girne a\u00e7\u0131klar\u0131nda alabora olan Filo Jet\u2019in \u00e7evresinde bulunan yat i\u015fletmecisi F\u0131rat Gencer, olay\u0131n ard\u0131ndan kendi teknesiyle kurtarma \u00e7al\u0131\u015fmalar\u0131na kat\u0131ld\u0131\u011f\u0131n\u0131 ve yakla\u015f\u0131k 50 ki\u015fiyi teknesine alarak tahliye etti\u011fini s\u00f6yledi. Gencer, aralar\u0131nda bebek ve \u00e7ocuklar\u0131n da bulundu\u011fu \u00e7ok say\u0131da ki\u015fiyi kurtard\u0131\u011f\u0131n\u0131 belirterek, ya\u015fananlar\u0131 \u201cDenizin ortas\u0131nda can pazar\u0131\u201d s\u00f6zleriyle anlatt\u0131.<br><br>Girne a\u00e7\u0131klar\u0131nda alabora olan yolcu gemisinin \u00e7evresinde bulunan ve olay\u0131n ard\u0131ndan kendi teknesiyle ilk m\u00fcdahale edenlerden biri olan yat i\u015fletmecisi F\u0131rat Gencer, ya\u015fananlar\u0131 MYK Haber\u2019e anlatt\u0131.<\/p>\n\n\n\n<p class=\"wp-block-paragraph\">Gencer, yakla\u015f\u0131k 50 ki\u015fiyi teknesine alarak tahliye etti\u011fini, aralar\u0131nda bebeklerin ve \u00e7ocuklar\u0131n da bulundu\u011fu \u00e7ok say\u0131da ki\u015fiyi denizden kurtard\u0131\u011f\u0131n\u0131 s\u00f6yledi.<\/p>\n\n\n\n<p class=\"wp-block-paragraph\"><strong>\u201c&#8217;BU HAVADA SEY\u0130R M\u0130 YAPILIR?&#8217; \u015eEKL\u0130NDE KONU\u015eMU\u015eTUK;&nbsp;5 DAK\u0130KA SONRA \u2018TEKNE BATIYOR\u2019 \u0130HBARI GELD\u0130\u201d<\/strong><\/p>\n\n\n\n<p class=\"wp-block-paragraph\">Lords Palace Hotel\u2019de su sporlar\u0131 aktiviteleri yapan Gencer, geminin sabah saatlerinde yola \u00e7\u0131kt\u0131\u011f\u0131n\u0131 belirterek, o s\u0131rada otelin sahilinde bulundu\u011funu s\u00f6yledi.<\/p>\n\n\n\n<p class=\"wp-block-paragraph\">Denizin olduk\u00e7a f\u0131rt\u0131nal\u0131 oldu\u011funu ifade eden Gencer, geminin hareket etti\u011fini g\u00f6rd\u00fcklerinde kendi aralar\u0131nda, \u201cBu havada seyir mi yap\u0131l\u0131r?\u201d \u015feklinde konu\u015ftuklar\u0131n\u0131 aktard\u0131.<\/p>\n\n\n\n<p class=\"wp-block-paragraph\">Bir s\u00fcre sonra denizde turuncu renkte bir \u015feyin patlad\u0131\u011f\u0131n\u0131 g\u00f6rd\u00fc\u011f\u00fcn\u00fc anlatan Gencer, bunun iyiye i\u015faret olmad\u0131\u011f\u0131n\u0131 d\u00fc\u015f\u00fcnd\u00fc\u011f\u00fcn\u00fc s\u00f6yledi.<\/p>\n\n\n\n<p class=\"wp-block-paragraph\">Ard\u0131ndan benzer durumun pe\u015f pe\u015fe ikinci, \u00fc\u00e7\u00fcnc\u00fc ve d\u00f6rd\u00fcnc\u00fc kez ya\u015fand\u0131\u011f\u0131n\u0131 belirten Gencer, durumu Sahil G\u00fcvenlik\u2019e bildirdi\u011fini ve kendisine ilk a\u015famada herhangi bir ihbar ula\u015fmad\u0131\u011f\u0131n\u0131n s\u00f6ylendi\u011fini ifade etti.<\/p>\n\n\n\n<p class=\"wp-block-paragraph\">Gencer, daha sonra Sahil G\u00fcvenlik taraf\u0131ndan kendisinin arand\u0131\u011f\u0131n\u0131 belirterek ya\u015fananlar\u0131 \u015f\u00f6yle anlatt\u0131:<\/p>\n\n\n\n<p class=\"wp-block-paragraph\">\u201cAkabinde 5 dakika sonra arad\u0131 ve \u2018Tekne bat\u0131yor\u2019 ihbar\u0131 verdi. Bizim teknemiz karadayd\u0131. Suya atlay\u0131p ilk gidenlerden biriyim ben. Sahil G\u00fcvenlik de hemen yan\u0131m\u0131zda geldi.\u201d<\/p>\n\n\n\n<p class=\"wp-block-paragraph\"><strong>\u201c35-40 K\u0130\u015e\u0130Y\u0130 TEKNEME ALDIM;&nbsp;DEN\u0130Z\u0130N ORTASINDA CAN PAZARI YA\u015eANDI\u201d<\/strong><\/p>\n\n\n\n<p class=\"wp-block-paragraph\">Kurtarma \u00e7al\u0131\u015fmalar\u0131na Sahil G\u00fcvenlik ekipleriyle birlikte kat\u0131ld\u0131\u011f\u0131n\u0131 belirten Gencer, denizde bulunan ki\u015fileri teknelerine almaya ba\u015flad\u0131klar\u0131n\u0131 s\u00f6yledi.<\/p>\n\n\n\n<p class=\"wp-block-paragraph\">Gencer, 35-40 ki\u015fiyi teknesine ald\u0131\u011f\u0131n\u0131, kapasitenin dolmas\u0131n\u0131n ard\u0131ndan \u00f6zellikle sallar\u0131n i\u00e7erisindeki bebek ve \u00e7ocuklar\u0131 da tahliye etmeye \u00e7al\u0131\u015ft\u0131klar\u0131n\u0131 anlatt\u0131.<\/p>\n\n\n\n<p class=\"wp-block-paragraph\">Yakla\u015f\u0131k 15-20 \u00e7ocu\u011fu kurtararak mendire\u011fe getirdi\u011fini belirten Gencer, daha sonra yeniden b\u00f6lgeye gitmelerine gerek kalmad\u0131\u011f\u0131n\u0131 s\u00f6yledi.<\/p>\n\n\n\n<p class=\"wp-block-paragraph\">Ya\u015fananlar\u0131n boyutunun \u00e7ok b\u00fcy\u00fck oldu\u011funu ifade eden Gencer, kendi kurtard\u0131klar\u0131 ki\u015filer ile gemide bulunan toplam yolcu say\u0131s\u0131n\u0131n birbirini tutmad\u0131\u011f\u0131n\u0131 g\u00f6rd\u00fc\u011f\u00fcn\u00fc ve bu nedenle \u00e7ok daha fazla ki\u015finin hayat\u0131n\u0131 kaybetmi\u015f olabilece\u011fini d\u00fc\u015f\u00fcnd\u00fc\u011f\u00fcn\u00fc s\u00f6yledi.<\/p>\n\n\n\n<p class=\"wp-block-paragraph\">Kurtarma botlar\u0131n\u0131n gemi alabora olurken denize yay\u0131ld\u0131\u011f\u0131n\u0131 belirten Gencer, baz\u0131 botlar\u0131n bo\u015f \u015fekilde denizde s\u00fcr\u00fcklendi\u011fini ve insanlar\u0131n bu botlara binme f\u0131rsat\u0131 bulamad\u0131\u011f\u0131n\u0131 aktard\u0131.<\/p>\n\n\n\n<p class=\"wp-block-paragraph\">Gencer, ya\u015fananlar\u0131, \u201cDenizin ortas\u0131nda can pazar\u0131 ya\u015fand\u0131\u201d s\u00f6zleriyle anlatarak, insanlar\u0131n kendilerine \u201cBeni kurtar\u201d diye yalvard\u0131\u011f\u0131n\u0131 s\u00f6yledi.<\/p>\n\n\n\n<p class=\"wp-block-paragraph\">\u00d6nceli\u011finin suda bulunanlar oldu\u011funu belirten Gencer, \u00f6zellikle k\u00fc\u00e7\u00fck \u00e7ocuklar\u0131 ve aya\u011f\u0131ndan yaralanm\u0131\u015f bir \u00e7ocu\u011fu kurtarmaya \u00e7al\u0131\u015ft\u0131\u011f\u0131n\u0131 ifade etti.<\/p>","protected":false},"excerpt":{"rendered":"<p>Girne a\u00e7\u0131klar\u0131nda alabora olan Filo Jet\u2019in \u00e7evresinde bulunan yat i\u015fletmecisi F\u0131rat Gencer, olay\u0131n ard\u0131ndan kendi teknesiyle kurtarma \u00e7al\u0131\u015fmalar\u0131na kat\u0131ld\u0131\u011f\u0131n\u0131 ve yakla\u015f\u0131k 50 ki\u015fiyi teknesine alarak tahliye etti\u011fini s\u00f6yledi. Gencer, aralar\u0131nda bebek ve \u00e7ocuklar\u0131n da bulundu\u011fu \u00e7ok say\u0131da ki\u015fiyi kurtard\u0131\u011f\u0131n\u0131 belirterek, ya\u015fananlar\u0131 \u201cDenizin ortas\u0131nda can pazar\u0131\u201d s\u00f6zleriyle anlatt\u0131. Girne a\u00e7\u0131klar\u0131nda alabora olan yolcu gemisinin \u00e7evresinde bulunan [&hellip;]<\/p>","protected":false},"author":1,"featured_media":41550,"comment_status":"open","ping_status":"open","sticky":false,"template":"","format":"standard","meta":{"om_disable_all_campaigns":false,"_monsterinsights_skip_tracking":false,"_monsterinsights_sitenote_active":false,"_monsterinsights_sitenote_note":"","_monsterinsights_sitenote_category":0,"_uf_show_specific_survey":0,"_uf_disable_surveys":false,"footnotes":"","jetpack_publicize_message":"","jetpack_publicize_feature_enabled":true,"jetpack_social_post_already_shared":true,"jetpack_social_options":{"image_generator_settings":{"template":"highway","default_image_id":0,"font":"","enabled":false},"version":2}},"categories":[81],"tags":[],"class_list":["post-41549","post","type-post","status-publish","format-standard","has-post-thumbnail","category-gundem"],"yoast_head":"<!-- This site is optimized with the Yoast SEO plugin v23.8 - https:\/\/yoast.com\/wordpress\/plugins\/seo\/ -->\n<title>Alabora olan gemiye ilk yard\u0131ma gelen Gencer, yakla\u015f\u0131k 50 ki\u015fiyi tahliye etti: Denizin ortas\u0131nda can pazar\u0131 - NETBAKIS<\/title>\n<meta name=\"robots\" content=\"index, follow, max-snippet:-1, max-image-preview:large, max-video-preview:-1\" \/>\n<link rel=\"canonical\" href=\"https:\/\/netbakis.net\/tr\/41549\/\" \/>\n<meta property=\"og:locale\" content=\"tr_TR\" \/>\n<meta property=\"og:type\" content=\"article\" \/>\n<meta property=\"og:title\" content=\"Alabora olan gemiye ilk yard\u0131ma gelen Gencer, yakla\u015f\u0131k 50 ki\u015fiyi tahliye etti: Denizin ortas\u0131nda can pazar\u0131 - NETBAKIS\" \/>\n<meta property=\"og:description\" content=\"Girne a\u00e7\u0131klar\u0131nda alabora olan Filo Jet\u2019in \u00e7evresinde bulunan yat i\u015fletmecisi F\u0131rat Gencer, olay\u0131n ard\u0131ndan kendi teknesiyle kurtarma \u00e7al\u0131\u015fmalar\u0131na kat\u0131ld\u0131\u011f\u0131n\u0131 ve yakla\u015f\u0131k 50 ki\u015fiyi teknesine alarak tahliye etti\u011fini s\u00f6yledi. Gencer, aralar\u0131nda bebek ve \u00e7ocuklar\u0131n da bulundu\u011fu \u00e7ok say\u0131da ki\u015fiyi kurtard\u0131\u011f\u0131n\u0131 belirterek, ya\u015fananlar\u0131 \u201cDenizin ortas\u0131nda can pazar\u0131\u201d s\u00f6zleriyle anlatt\u0131. Girne a\u00e7\u0131klar\u0131nda alabora olan yolcu gemisinin \u00e7evresinde bulunan [&hellip;]\" \/>\n<meta property=\"og:url\" content=\"https:\/\/netbakis.net\/tr\/41549\/\" \/>\n<meta property=\"og:site_name\" content=\"NETBAKIS\" \/>\n<meta property=\"article:published_time\" content=\"2026-08-30T17:54:11+00:00\" \/>\n<meta property=\"article:modified_time\" content=\"2026-08-30T17:54:16+00:00\" \/>\n<meta property=\"og:image\" content=\"https:\/\/netbakis.net\/wp-content\/uploads\/2026\/08\/v2normalhaberboyutuablonsuzkopyaskopyaskopyaskopyaskopyaskopyas-2026-08-30t191534456_1788106549.webp\" \/>\n\t<meta property=\"og:image:width\" content=\"971\" \/>\n\t<meta property=\"og:image:height\" content=\"551\" \/>\n\t<meta property=\"og:image:type\" content=\"image\/webp\" \/>\n<meta name=\"author\" content=\"netbakis.net\" \/>\n<meta name=\"twitter:card\" content=\"summary_large_image\" \/>\n<meta name=\"twitter:label1\" content=\"Yazan:\" \/>\n\t<meta name=\"twitter:data1\" content=\"netbakis.net\" \/>\n\t<meta name=\"twitter:label2\" content=\"Tahmini okuma s\u00fcresi\" \/>\n\t<meta name=\"twitter:data2\" content=\"2 dakika\" \/>\n<script type=\"application\/ld+json\" class=\"yoast-schema-graph\">{\"@context\":\"https:\/\/schema.org\",\"@graph\":[{\"@type\":\"WebPage\",\"@id\":\"https:\/\/netbakis.net\/41549\/\",\"url\":\"https:\/\/netbakis.net\/41549\/\",\"name\":\"Alabora olan gemiye ilk yard\u0131ma gelen Gencer, yakla\u015f\u0131k 50 ki\u015fiyi tahliye etti: Denizin ortas\u0131nda can pazar\u0131 - NETBAKIS\",\"isPartOf\":{\"@id\":\"https:\/\/netbakis.net\/#website\"},\"primaryImageOfPage\":{\"@id\":\"https:\/\/netbakis.net\/41549\/#primaryimage\"},\"image\":{\"@id\":\"https:\/\/netbakis.net\/41549\/#primaryimage\"},\"thumbnailUrl\":\"https:\/\/netbakis.net\/wp-content\/uploads\/2026\/08\/v2normalhaberboyutuablonsuzkopyaskopyaskopyaskopyaskopyaskopyas-2026-08-30t191534456_1788106549.webp\",\"datePublished\":\"2026-08-30T17:54:11+00:00\",\"dateModified\":\"2026-08-30T17:54:16+00:00\",\"author\":{\"@id\":\"https:\/\/netbakis.net\/#\/schema\/person\/5d9b5c3f48ca4a3c69967d619fc8c7f4\"},\"breadcrumb\":{\"@id\":\"https:\/\/netbakis.net\/41549\/#breadcrumb\"},\"inLanguage\":\"tr\",\"potentialAction\":[{\"@type\":\"ReadAction\",\"target\":[\"https:\/\/netbakis.net\/41549\/\"]}]},{\"@type\":\"ImageObject\",\"inLanguage\":\"tr\",\"@id\":\"https:\/\/netbakis.net\/41549\/#primaryimage\",\"url\":\"https:\/\/netbakis.net\/wp-content\/uploads\/2026\/08\/v2normalhaberboyutuablonsuzkopyaskopyaskopyaskopyaskopyaskopyas-2026-08-30t191534456_1788106549.webp\",\"contentUrl\":\"https:\/\/netbakis.net\/wp-content\/uploads\/2026\/08\/v2normalhaberboyutuablonsuzkopyaskopyaskopyaskopyaskopyaskopyas-2026-08-30t191534456_1788106549.webp\",\"width\":971,\"height\":551},{\"@type\":\"BreadcrumbList\",\"@id\":\"https:\/\/netbakis.net\/41549\/#breadcrumb\",\"itemListElement\":[{\"@type\":\"ListItem\",\"position\":1,\"name\":\"Home\",\"item\":\"https:\/\/netbakis.net\/\"},{\"@type\":\"ListItem\",\"position\":2,\"name\":\"Alabora olan gemiye ilk yard\u0131ma gelen Gencer, yakla\u015f\u0131k 50 ki\u015fiyi tahliye etti: Denizin ortas\u0131nda can pazar\u0131\"}]},{\"@type\":\"WebSite\",\"@id\":\"https:\/\/netbakis.net\/#website\",\"url\":\"https:\/\/netbakis.net\/\",\"name\":\"NETBAKIS\",\"description\":\"SON DAKIKA\",\"potentialAction\":[{\"@type\":\"SearchAction\",\"target\":{\"@type\":\"EntryPoint\",\"urlTemplate\":\"https:\/\/netbakis.net\/?s={search_term_string}\"},\"query-input\":{\"@type\":\"PropertyValueSpecification\",\"valueRequired\":true,\"valueName\":\"search_term_string\"}}],\"inLanguage\":\"tr\"},{\"@type\":\"Person\",\"@id\":\"https:\/\/netbakis.net\/#\/schema\/person\/5d9b5c3f48ca4a3c69967d619fc8c7f4\",\"name\":\"netbakis.net\",\"image\":{\"@type\":\"ImageObject\",\"inLanguage\":\"tr\",\"@id\":\"https:\/\/netbakis.net\/#\/schema\/person\/image\/\",\"url\":\"https:\/\/secure.gravatar.com\/avatar\/4ddeae49d2d3e3568a8d5b0937642efdf0b72468dbe3f213bc1978faa47af0d1?s=96&d=wp_user_avatar&r=g\",\"contentUrl\":\"https:\/\/secure.gravatar.com\/avatar\/4ddeae49d2d3e3568a8d5b0937642efdf0b72468dbe3f213bc1978faa47af0d1?s=96&d=wp_user_avatar&r=g\",\"caption\":\"netbakis.net\"},\"sameAs\":[\"https:\/\/netbakis.net\"],\"url\":\"https:\/\/netbakis.net\/tr\/author\/netbakis-net\/\"}]}<\/script>\n<!-- \/ Yoast SEO plugin. -->","yoast_head_json":{"title":"Alabora olan gemiye ilk yard\u0131ma gelen Gencer, yakla\u015f\u0131k 50 ki\u015fiyi tahliye etti: Denizin ortas\u0131nda can pazar\u0131 - NETBAKIS","robots":{"index":"index","follow":"follow","max-snippet":"max-snippet:-1","max-image-preview":"max-image-preview:large","max-video-preview":"max-video-preview:-1"},"canonical":"https:\/\/netbakis.net\/tr\/41549\/","og_locale":"tr_TR","og_type":"article","og_title":"Alabora olan gemiye ilk yard\u0131ma gelen Gencer, yakla\u015f\u0131k 50 ki\u015fiyi tahliye etti: Denizin ortas\u0131nda can pazar\u0131 - NETBAKIS","og_description":"Girne a\u00e7\u0131klar\u0131nda alabora olan Filo Jet\u2019in \u00e7evresinde bulunan yat i\u015fletmecisi F\u0131rat Gencer, olay\u0131n ard\u0131ndan kendi teknesiyle kurtarma \u00e7al\u0131\u015fmalar\u0131na kat\u0131ld\u0131\u011f\u0131n\u0131 ve yakla\u015f\u0131k 50 ki\u015fiyi teknesine alarak tahliye etti\u011fini s\u00f6yledi. Gencer, aralar\u0131nda bebek ve \u00e7ocuklar\u0131n da bulundu\u011fu \u00e7ok say\u0131da ki\u015fiyi kurtard\u0131\u011f\u0131n\u0131 belirterek, ya\u015fananlar\u0131 \u201cDenizin ortas\u0131nda can pazar\u0131\u201d s\u00f6zleriyle anlatt\u0131. Girne a\u00e7\u0131klar\u0131nda alabora olan yolcu gemisinin \u00e7evresinde bulunan [&hellip;]","og_url":"https:\/\/netbakis.net\/tr\/41549\/","og_site_name":"NETBAKIS","article_published_time":"2026-08-30T17:54:11+00:00","article_modified_time":"2026-08-30T17:54:16+00:00","og_image":[{"width":971,"height":551,"url":"https:\/\/netbakis.net\/wp-content\/uploads\/2026\/08\/v2normalhaberboyutuablonsuzkopyaskopyaskopyaskopyaskopyaskopyas-2026-08-30t191534456_1788106549.webp","type":"image\/webp"}],"author":"netbakis.net","twitter_card":"summary_large_image","twitter_misc":{"Yazan:":"netbakis.net","Tahmini okuma s\u00fcresi":"2 dakika"},"schema":{"@context":"https:\/\/schema.org","@graph":[{"@type":"WebPage","@id":"https:\/\/netbakis.net\/41549\/","url":"https:\/\/netbakis.net\/41549\/","name":"Alabora olan gemiye ilk yard\u0131ma gelen Gencer, yakla\u015f\u0131k 50 ki\u015fiyi tahliye etti: Denizin ortas\u0131nda can pazar\u0131 - NETBAKIS","isPartOf":{"@id":"https:\/\/netbakis.net\/#website"},"primaryImageOfPage":{"@id":"https:\/\/netbakis.net\/41549\/#primaryimage"},"image":{"@id":"https:\/\/netbakis.net\/41549\/#primaryimage"},"thumbnailUrl":"https:\/\/netbakis.net\/wp-content\/uploads\/2026\/08\/v2normalhaberboyutuablonsuzkopyaskopyaskopyaskopyaskopyaskopyas-2026-08-30t191534456_1788106549.webp","datePublished":"2026-08-30T17:54:11+00:00","dateModified":"2026-08-30T17:54:16+00:00","author":{"@id":"https:\/\/netbakis.net\/#\/schema\/person\/5d9b5c3f48ca4a3c69967d619fc8c7f4"},"breadcrumb":{"@id":"https:\/\/netbakis.net\/41549\/#breadcrumb"},"inLanguage":"tr","potentialAction":[{"@type":"ReadAction","target":["https:\/\/netbakis.net\/41549\/"]}]},{"@type":"ImageObject","inLanguage":"tr","@id":"https:\/\/netbakis.net\/41549\/#primaryimage","url":"https:\/\/netbakis.net\/wp-content\/uploads\/2026\/08\/v2normalhaberboyutuablonsuzkopyaskopyaskopyaskopyaskopyaskopyas-2026-08-30t191534456_1788106549.webp","contentUrl":"https:\/\/netbakis.net\/wp-content\/uploads\/2026\/08\/v2normalhaberboyutuablonsuzkopyaskopyaskopyaskopyaskopyaskopyas-2026-08-30t191534456_1788106549.webp","width":971,"height":551},{"@type":"BreadcrumbList","@id":"https:\/\/netbakis.net\/41549\/#breadcrumb","itemListElement":[{"@type":"ListItem","position":1,"name":"Home","item":"https:\/\/netbakis.net\/"},{"@type":"ListItem","position":2,"name":"Alabora olan gemiye ilk yard\u0131ma gelen Gencer, yakla\u015f\u0131k 50 ki\u015fiyi tahliye etti: Denizin ortas\u0131nda can pazar\u0131"}]},{"@type":"WebSite","@id":"https:\/\/netbakis.net\/#website","url":"https:\/\/netbakis.net\/","name":"NETBAKIS","description":"SON DAKIKA","potentialAction":[{"@type":"SearchAction","target":{"@type":"EntryPoint","urlTemplate":"https:\/\/netbakis.net\/?s={search_term_string}"},"query-input":{"@type":"PropertyValueSpecification","valueRequired":true,"valueName":"search_term_string"}}],"inLanguage":"tr"},{"@type":"Person","@id":"https:\/\/netbakis.net\/#\/schema\/person\/5d9b5c3f48ca4a3c69967d619fc8c7f4","name":"netbakis.net","image":{"@type":"ImageObject","inLanguage":"tr","@id":"https:\/\/netbakis.net\/#\/schema\/person\/image\/","url":"https:\/\/secure.gravatar.com\/avatar\/4ddeae49d2d3e3568a8d5b0937642efdf0b72468dbe3f213bc1978faa47af0d1?s=96&d=wp_user_avatar&r=g","contentUrl":"https:\/\/secure.gravatar.com\/avatar\/4ddeae49d2d3e3568a8d5b0937642efdf0b72468dbe3f213bc1978faa47af0d1?s=96&d=wp_user_avatar&r=g","caption":"netbakis.net"},"sameAs":["https:\/\/netbakis.net"],"url":"https:\/\/netbakis.net\/tr\/author\/netbakis-net\/"}]}},"jetpack_publicize_connections":[],"_links":{"self":[{"href":"https:\/\/netbakis.net\/tr\/wp-json\/wp\/v2\/posts\/41549","targetHints":{"allow":["GET"]}}],"collection":[{"href":"https:\/\/netbakis.net\/tr\/wp-json\/wp\/v2\/posts"}],"about":[{"href":"https:\/\/netbakis.net\/tr\/wp-json\/wp\/v2\/types\/post"}],"author":[{"embeddable":true,"href":"https:\/\/netbakis.net\/tr\/wp-json\/wp\/v2\/users\/1"}],"replies":[{"embeddable":true,"href":"https:\/\/netbakis.net\/tr\/wp-json\/wp\/v2\/comments?post=41549"}],"version-history":[{"count":1,"href":"https:\/\/netbakis.net\/tr\/wp-json\/wp\/v2\/posts\/41549\/revisions"}],"predecessor-version":[{"id":41551,"href":"https:\/\/netbakis.net\/tr\/wp-json\/wp\/v2\/posts\/41549\/revisions\/41551"}],"wp:featuredmedia":[{"embeddable":true,"href":"https:\/\/netbakis.net\/tr\/wp-json\/wp\/v2\/media\/41550"}],"wp:attachment":[{"href":"https:\/\/netbakis.net\/tr\/wp-json\/wp\/v2\/media?parent=41549"}],"wp:term":[{"taxonomy":"category","embeddable":true,"href":"https:\/\/netbakis.net\/tr\/wp-json\/wp\/v2\/categories?post=41549"},{"taxonomy":"post_tag","embeddable":true,"href":"https:\/\/netbakis.net\/tr\/wp-json\/wp\/v2\/tags?post=41549"}],"curies":[{"name":"wp","href":"https:\/\/api.w.org\/{rel}","templated":true}]}}