{"id":39503,"date":"2026-04-30T17:01:54","date_gmt":"2026-04-30T17:01:54","guid":{"rendered":"https:\/\/netbakis.net\/?p=39503"},"modified":"2026-04-30T17:01:56","modified_gmt":"2026-04-30T17:01:56","slug":"kibrisli-turk-voleybolcu-sezgin-serenden-gurur-verici-basari-turkiye-u15-kiz-milli-takimi-gelisim-kampina-davet-edildi","status":"publish","type":"post","link":"https:\/\/netbakis.net\/tr\/39503\/","title":{"rendered":"K\u0131br\u0131sl\u0131 T\u00fcrk Voleybolcu Sezgin \u015eeren\u2019den gurur verici ba\u015far\u0131: T\u00fcrkiye U15 K\u0131z Milli Tak\u0131m\u0131 Geli\u015fim Kamp\u0131\u2019na davet edildi"},"content":{"rendered":"<p>K\u0131br\u0131sl\u0131 T\u00fcrk Voleybolcu Sezgin \u015eeren, 10-13 May\u0131s tarihleri aras\u0131nda Ankara\u2019da d\u00fczenlenecek T\u00fcrkiye U15 K\u0131z Milli Tak\u0131m\u0131 Geli\u015fim Kamp\u0131\u2019na davet edildi. Erenk\u00f6y Karpaz Belediyesi Kul\u00fcb\u00fc sporcusu olan \u015eeren\u2019in milli tak\u0131m se\u00e7melerinde g\u00f6sterdi\u011fi performans sonras\u0131 kampa \u00e7a\u011fr\u0131ld\u0131\u011f\u0131 belirtildi.<br><br>Erenk\u00f6y Karpaz Belediyesi Kul\u00fcb\u00fc sporcusu K\u0131br\u0131sl\u0131 T\u00fcrk Sezgin \u015eeren, T\u00fcrkiye U15 K\u0131z Milli Tak\u0131m\u0131 Geli\u015fim Kamp\u0131\u2019na davet edildi.<\/p>\n\n\n\n<p>10-13 May\u0131s tarihleri aras\u0131nda Ankara\u2019da d\u00fczenlenecek kampa \u00e7a\u011fr\u0131lan \u015eeren\u2019in, daha \u00f6nce kat\u0131ld\u0131\u011f\u0131 milli tak\u0131m se\u00e7melerinde be\u011feni toplad\u0131\u011f\u0131 ve T\u00fcrkiye Voleybol Federasyonu taraf\u0131ndan FIVB ve CEV\u2019e bildirilen geni\u015f kapsaml\u0131 sporcu listelerinde yer ald\u0131\u011f\u0131 ifade edildi.<\/p>\n\n\n\n<p>Federasyon taraf\u0131ndan yap\u0131lan a\u00e7\u0131klamada, sporcunun geldi\u011fi nokta ve g\u00f6sterdi\u011fi ba\u015far\u0131n\u0131n hem kul\u00fcp hem de \u00fclke sporu ad\u0131na b\u00fcy\u00fck bir gurur kayna\u011f\u0131 oldu\u011fu vurguland\u0131.<\/p>\n\n\n\n<p>A\u00e7\u0131klamada ayr\u0131ca Erenk\u00f6y Karpaz Belediyesi Kul\u00fcb\u00fc, kul\u00fcp ba\u015fkan\u0131 ve y\u00f6neticilerine, sporcunun yeti\u015fmesinde eme\u011fi bulunan Erdin\u00e7 Serdaho\u011fullar\u0131\u2019na ve sporcunun voleybola y\u00f6nlendirilmesinde destek veren \u015eeren ailesine te\u015fekk\u00fcr edildi.<\/p>","protected":false},"excerpt":{"rendered":"<p>K\u0131br\u0131sl\u0131 T\u00fcrk Voleybolcu Sezgin \u015eeren, 10-13 May\u0131s tarihleri aras\u0131nda Ankara\u2019da d\u00fczenlenecek T\u00fcrkiye U15 K\u0131z Milli Tak\u0131m\u0131 Geli\u015fim Kamp\u0131\u2019na davet edildi. Erenk\u00f6y Karpaz Belediyesi Kul\u00fcb\u00fc sporcusu olan \u015eeren\u2019in milli tak\u0131m se\u00e7melerinde g\u00f6sterdi\u011fi performans sonras\u0131 kampa \u00e7a\u011fr\u0131ld\u0131\u011f\u0131 belirtildi. Erenk\u00f6y Karpaz Belediyesi Kul\u00fcb\u00fc sporcusu K\u0131br\u0131sl\u0131 T\u00fcrk Sezgin \u015eeren, T\u00fcrkiye U15 K\u0131z Milli Tak\u0131m\u0131 Geli\u015fim Kamp\u0131\u2019na davet edildi. 10-13 [&hellip;]<\/p>","protected":false},"author":1,"featured_media":39504,"comment_status":"open","ping_status":"open","sticky":false,"template":"","format":"standard","meta":{"om_disable_all_campaigns":false,"_monsterinsights_skip_tracking":false,"_monsterinsights_sitenote_active":false,"_monsterinsights_sitenote_note":"","_monsterinsights_sitenote_category":0,"_uf_show_specific_survey":0,"_uf_disable_surveys":false,"footnotes":"","jetpack_publicize_message":"","jetpack_publicize_feature_enabled":true,"jetpack_social_post_already_shared":true,"jetpack_social_options":{"image_generator_settings":{"template":"highway","default_image_id":0,"font":"","enabled":false},"version":2}},"categories":[81],"tags":[],"class_list":{"0":"post-39503","1":"post","2":"type-post","3":"status-publish","4":"format-standard","5":"has-post-thumbnail","7":"category-gundem"},"yoast_head":"<!-- This site is optimized with the Yoast SEO plugin v23.8 - https:\/\/yoast.com\/wordpress\/plugins\/seo\/ -->\n<title>K\u0131br\u0131sl\u0131 T\u00fcrk Voleybolcu Sezgin \u015eeren\u2019den gurur verici ba\u015far\u0131: T\u00fcrkiye U15 K\u0131z Milli Tak\u0131m\u0131 Geli\u015fim Kamp\u0131\u2019na davet edildi - NETBAKIS<\/title>\n<meta name=\"robots\" content=\"index, follow, max-snippet:-1, max-image-preview:large, max-video-preview:-1\" \/>\n<link rel=\"canonical\" href=\"https:\/\/netbakis.net\/tr\/39503\/\" \/>\n<meta property=\"og:locale\" content=\"tr_TR\" \/>\n<meta property=\"og:type\" content=\"article\" \/>\n<meta property=\"og:title\" content=\"K\u0131br\u0131sl\u0131 T\u00fcrk Voleybolcu Sezgin \u015eeren\u2019den gurur verici ba\u015far\u0131: T\u00fcrkiye U15 K\u0131z Milli Tak\u0131m\u0131 Geli\u015fim Kamp\u0131\u2019na davet edildi - NETBAKIS\" \/>\n<meta property=\"og:description\" content=\"K\u0131br\u0131sl\u0131 T\u00fcrk Voleybolcu Sezgin \u015eeren, 10-13 May\u0131s tarihleri aras\u0131nda Ankara\u2019da d\u00fczenlenecek T\u00fcrkiye U15 K\u0131z Milli Tak\u0131m\u0131 Geli\u015fim Kamp\u0131\u2019na davet edildi. Erenk\u00f6y Karpaz Belediyesi Kul\u00fcb\u00fc sporcusu olan \u015eeren\u2019in milli tak\u0131m se\u00e7melerinde g\u00f6sterdi\u011fi performans sonras\u0131 kampa \u00e7a\u011fr\u0131ld\u0131\u011f\u0131 belirtildi. Erenk\u00f6y Karpaz Belediyesi Kul\u00fcb\u00fc sporcusu K\u0131br\u0131sl\u0131 T\u00fcrk Sezgin \u015eeren, T\u00fcrkiye U15 K\u0131z Milli Tak\u0131m\u0131 Geli\u015fim Kamp\u0131\u2019na davet edildi. 10-13 [&hellip;]\" \/>\n<meta property=\"og:url\" content=\"https:\/\/netbakis.net\/tr\/39503\/\" \/>\n<meta property=\"og:site_name\" content=\"NETBAKIS\" \/>\n<meta property=\"article:published_time\" content=\"2026-04-30T17:01:54+00:00\" \/>\n<meta property=\"article:modified_time\" content=\"2026-04-30T17:01:56+00:00\" \/>\n<meta property=\"og:image\" content=\"https:\/\/netbakis.net\/wp-content\/uploads\/2026\/04\/v2adsztasarm3_1777554807.webp\" \/>\n\t<meta property=\"og:image:width\" content=\"971\" \/>\n\t<meta property=\"og:image:height\" content=\"551\" \/>\n\t<meta property=\"og:image:type\" content=\"image\/webp\" \/>\n<meta name=\"author\" content=\"netbakis.net\" \/>\n<meta name=\"twitter:card\" content=\"summary_large_image\" \/>\n<meta name=\"twitter:label1\" content=\"Yazan:\" \/>\n\t<meta name=\"twitter:data1\" content=\"netbakis.net\" \/>\n\t<meta name=\"twitter:label2\" content=\"Tahmini okuma s\u00fcresi\" \/>\n\t<meta name=\"twitter:data2\" content=\"1 dakika\" \/>\n<script type=\"application\/ld+json\" class=\"yoast-schema-graph\">{\"@context\":\"https:\/\/schema.org\",\"@graph\":[{\"@type\":\"WebPage\",\"@id\":\"https:\/\/netbakis.net\/39503\/\",\"url\":\"https:\/\/netbakis.net\/39503\/\",\"name\":\"K\u0131br\u0131sl\u0131 T\u00fcrk Voleybolcu Sezgin \u015eeren\u2019den gurur verici ba\u015far\u0131: T\u00fcrkiye U15 K\u0131z Milli Tak\u0131m\u0131 Geli\u015fim Kamp\u0131\u2019na davet edildi - NETBAKIS\",\"isPartOf\":{\"@id\":\"https:\/\/netbakis.net\/#website\"},\"primaryImageOfPage\":{\"@id\":\"https:\/\/netbakis.net\/39503\/#primaryimage\"},\"image\":{\"@id\":\"https:\/\/netbakis.net\/39503\/#primaryimage\"},\"thumbnailUrl\":\"https:\/\/netbakis.net\/wp-content\/uploads\/2026\/04\/v2adsztasarm3_1777554807.webp\",\"datePublished\":\"2026-04-30T17:01:54+00:00\",\"dateModified\":\"2026-04-30T17:01:56+00:00\",\"author\":{\"@id\":\"https:\/\/netbakis.net\/#\/schema\/person\/5d9b5c3f48ca4a3c69967d619fc8c7f4\"},\"breadcrumb\":{\"@id\":\"https:\/\/netbakis.net\/39503\/#breadcrumb\"},\"inLanguage\":\"tr\",\"potentialAction\":[{\"@type\":\"ReadAction\",\"target\":[\"https:\/\/netbakis.net\/39503\/\"]}]},{\"@type\":\"ImageObject\",\"inLanguage\":\"tr\",\"@id\":\"https:\/\/netbakis.net\/39503\/#primaryimage\",\"url\":\"https:\/\/netbakis.net\/wp-content\/uploads\/2026\/04\/v2adsztasarm3_1777554807.webp\",\"contentUrl\":\"https:\/\/netbakis.net\/wp-content\/uploads\/2026\/04\/v2adsztasarm3_1777554807.webp\",\"width\":971,\"height\":551},{\"@type\":\"BreadcrumbList\",\"@id\":\"https:\/\/netbakis.net\/39503\/#breadcrumb\",\"itemListElement\":[{\"@type\":\"ListItem\",\"position\":1,\"name\":\"Home\",\"item\":\"https:\/\/netbakis.net\/\"},{\"@type\":\"ListItem\",\"position\":2,\"name\":\"K\u0131br\u0131sl\u0131 T\u00fcrk Voleybolcu Sezgin \u015eeren\u2019den gurur verici ba\u015far\u0131: T\u00fcrkiye U15 K\u0131z Milli Tak\u0131m\u0131 Geli\u015fim Kamp\u0131\u2019na davet edildi\"}]},{\"@type\":\"WebSite\",\"@id\":\"https:\/\/netbakis.net\/#website\",\"url\":\"https:\/\/netbakis.net\/\",\"name\":\"NETBAKIS\",\"description\":\"SON DAKIKA\",\"potentialAction\":[{\"@type\":\"SearchAction\",\"target\":{\"@type\":\"EntryPoint\",\"urlTemplate\":\"https:\/\/netbakis.net\/?s={search_term_string}\"},\"query-input\":{\"@type\":\"PropertyValueSpecification\",\"valueRequired\":true,\"valueName\":\"search_term_string\"}}],\"inLanguage\":\"tr\"},{\"@type\":\"Person\",\"@id\":\"https:\/\/netbakis.net\/#\/schema\/person\/5d9b5c3f48ca4a3c69967d619fc8c7f4\",\"name\":\"netbakis.net\",\"image\":{\"@type\":\"ImageObject\",\"inLanguage\":\"tr\",\"@id\":\"https:\/\/netbakis.net\/#\/schema\/person\/image\/\",\"url\":\"https:\/\/secure.gravatar.com\/avatar\/4ddeae49d2d3e3568a8d5b0937642efdf0b72468dbe3f213bc1978faa47af0d1?s=96&d=wp_user_avatar&r=g\",\"contentUrl\":\"https:\/\/secure.gravatar.com\/avatar\/4ddeae49d2d3e3568a8d5b0937642efdf0b72468dbe3f213bc1978faa47af0d1?s=96&d=wp_user_avatar&r=g\",\"caption\":\"netbakis.net\"},\"sameAs\":[\"https:\/\/netbakis.net\"],\"url\":\"https:\/\/netbakis.net\/tr\/author\/netbakis-net\/\"}]}<\/script>\n<!-- \/ Yoast SEO plugin. -->","yoast_head_json":{"title":"K\u0131br\u0131sl\u0131 T\u00fcrk Voleybolcu Sezgin \u015eeren\u2019den gurur verici ba\u015far\u0131: T\u00fcrkiye U15 K\u0131z Milli Tak\u0131m\u0131 Geli\u015fim Kamp\u0131\u2019na davet edildi - NETBAKIS","robots":{"index":"index","follow":"follow","max-snippet":"max-snippet:-1","max-image-preview":"max-image-preview:large","max-video-preview":"max-video-preview:-1"},"canonical":"https:\/\/netbakis.net\/tr\/39503\/","og_locale":"tr_TR","og_type":"article","og_title":"K\u0131br\u0131sl\u0131 T\u00fcrk Voleybolcu Sezgin \u015eeren\u2019den gurur verici ba\u015far\u0131: T\u00fcrkiye U15 K\u0131z Milli Tak\u0131m\u0131 Geli\u015fim Kamp\u0131\u2019na davet edildi - NETBAKIS","og_description":"K\u0131br\u0131sl\u0131 T\u00fcrk Voleybolcu Sezgin \u015eeren, 10-13 May\u0131s tarihleri aras\u0131nda Ankara\u2019da d\u00fczenlenecek T\u00fcrkiye U15 K\u0131z Milli Tak\u0131m\u0131 Geli\u015fim Kamp\u0131\u2019na davet edildi. Erenk\u00f6y Karpaz Belediyesi Kul\u00fcb\u00fc sporcusu olan \u015eeren\u2019in milli tak\u0131m se\u00e7melerinde g\u00f6sterdi\u011fi performans sonras\u0131 kampa \u00e7a\u011fr\u0131ld\u0131\u011f\u0131 belirtildi. Erenk\u00f6y Karpaz Belediyesi Kul\u00fcb\u00fc sporcusu K\u0131br\u0131sl\u0131 T\u00fcrk Sezgin \u015eeren, T\u00fcrkiye U15 K\u0131z Milli Tak\u0131m\u0131 Geli\u015fim Kamp\u0131\u2019na davet edildi. 10-13 [&hellip;]","og_url":"https:\/\/netbakis.net\/tr\/39503\/","og_site_name":"NETBAKIS","article_published_time":"2026-04-30T17:01:54+00:00","article_modified_time":"2026-04-30T17:01:56+00:00","og_image":[{"width":971,"height":551,"url":"https:\/\/netbakis.net\/wp-content\/uploads\/2026\/04\/v2adsztasarm3_1777554807.webp","type":"image\/webp"}],"author":"netbakis.net","twitter_card":"summary_large_image","twitter_misc":{"Yazan:":"netbakis.net","Tahmini okuma s\u00fcresi":"1 dakika"},"schema":{"@context":"https:\/\/schema.org","@graph":[{"@type":"WebPage","@id":"https:\/\/netbakis.net\/39503\/","url":"https:\/\/netbakis.net\/39503\/","name":"K\u0131br\u0131sl\u0131 T\u00fcrk Voleybolcu Sezgin \u015eeren\u2019den gurur verici ba\u015far\u0131: T\u00fcrkiye U15 K\u0131z Milli Tak\u0131m\u0131 Geli\u015fim Kamp\u0131\u2019na davet edildi - NETBAKIS","isPartOf":{"@id":"https:\/\/netbakis.net\/#website"},"primaryImageOfPage":{"@id":"https:\/\/netbakis.net\/39503\/#primaryimage"},"image":{"@id":"https:\/\/netbakis.net\/39503\/#primaryimage"},"thumbnailUrl":"https:\/\/netbakis.net\/wp-content\/uploads\/2026\/04\/v2adsztasarm3_1777554807.webp","datePublished":"2026-04-30T17:01:54+00:00","dateModified":"2026-04-30T17:01:56+00:00","author":{"@id":"https:\/\/netbakis.net\/#\/schema\/person\/5d9b5c3f48ca4a3c69967d619fc8c7f4"},"breadcrumb":{"@id":"https:\/\/netbakis.net\/39503\/#breadcrumb"},"inLanguage":"tr","potentialAction":[{"@type":"ReadAction","target":["https:\/\/netbakis.net\/39503\/"]}]},{"@type":"ImageObject","inLanguage":"tr","@id":"https:\/\/netbakis.net\/39503\/#primaryimage","url":"https:\/\/netbakis.net\/wp-content\/uploads\/2026\/04\/v2adsztasarm3_1777554807.webp","contentUrl":"https:\/\/netbakis.net\/wp-content\/uploads\/2026\/04\/v2adsztasarm3_1777554807.webp","width":971,"height":551},{"@type":"BreadcrumbList","@id":"https:\/\/netbakis.net\/39503\/#breadcrumb","itemListElement":[{"@type":"ListItem","position":1,"name":"Home","item":"https:\/\/netbakis.net\/"},{"@type":"ListItem","position":2,"name":"K\u0131br\u0131sl\u0131 T\u00fcrk Voleybolcu Sezgin \u015eeren\u2019den gurur verici ba\u015far\u0131: T\u00fcrkiye U15 K\u0131z Milli Tak\u0131m\u0131 Geli\u015fim Kamp\u0131\u2019na davet edildi"}]},{"@type":"WebSite","@id":"https:\/\/netbakis.net\/#website","url":"https:\/\/netbakis.net\/","name":"NETBAKIS","description":"SON DAKIKA","potentialAction":[{"@type":"SearchAction","target":{"@type":"EntryPoint","urlTemplate":"https:\/\/netbakis.net\/?s={search_term_string}"},"query-input":{"@type":"PropertyValueSpecification","valueRequired":true,"valueName":"search_term_string"}}],"inLanguage":"tr"},{"@type":"Person","@id":"https:\/\/netbakis.net\/#\/schema\/person\/5d9b5c3f48ca4a3c69967d619fc8c7f4","name":"netbakis.net","image":{"@type":"ImageObject","inLanguage":"tr","@id":"https:\/\/netbakis.net\/#\/schema\/person\/image\/","url":"https:\/\/secure.gravatar.com\/avatar\/4ddeae49d2d3e3568a8d5b0937642efdf0b72468dbe3f213bc1978faa47af0d1?s=96&d=wp_user_avatar&r=g","contentUrl":"https:\/\/secure.gravatar.com\/avatar\/4ddeae49d2d3e3568a8d5b0937642efdf0b72468dbe3f213bc1978faa47af0d1?s=96&d=wp_user_avatar&r=g","caption":"netbakis.net"},"sameAs":["https:\/\/netbakis.net"],"url":"https:\/\/netbakis.net\/tr\/author\/netbakis-net\/"}]}},"jetpack_publicize_connections":[],"_links":{"self":[{"href":"https:\/\/netbakis.net\/tr\/wp-json\/wp\/v2\/posts\/39503","targetHints":{"allow":["GET"]}}],"collection":[{"href":"https:\/\/netbakis.net\/tr\/wp-json\/wp\/v2\/posts"}],"about":[{"href":"https:\/\/netbakis.net\/tr\/wp-json\/wp\/v2\/types\/post"}],"author":[{"embeddable":true,"href":"https:\/\/netbakis.net\/tr\/wp-json\/wp\/v2\/users\/1"}],"replies":[{"embeddable":true,"href":"https:\/\/netbakis.net\/tr\/wp-json\/wp\/v2\/comments?post=39503"}],"version-history":[{"count":1,"href":"https:\/\/netbakis.net\/tr\/wp-json\/wp\/v2\/posts\/39503\/revisions"}],"predecessor-version":[{"id":39505,"href":"https:\/\/netbakis.net\/tr\/wp-json\/wp\/v2\/posts\/39503\/revisions\/39505"}],"wp:featuredmedia":[{"embeddable":true,"href":"https:\/\/netbakis.net\/tr\/wp-json\/wp\/v2\/media\/39504"}],"wp:attachment":[{"href":"https:\/\/netbakis.net\/tr\/wp-json\/wp\/v2\/media?parent=39503"}],"wp:term":[{"taxonomy":"category","embeddable":true,"href":"https:\/\/netbakis.net\/tr\/wp-json\/wp\/v2\/categories?post=39503"},{"taxonomy":"post_tag","embeddable":true,"href":"https:\/\/netbakis.net\/tr\/wp-json\/wp\/v2\/tags?post=39503"}],"curies":[{"name":"wp","href":"https:\/\/api.w.org\/{rel}","templated":true}]}}