{"id":39498,"date":"2026-04-30T17:00:41","date_gmt":"2026-04-30T17:00:41","guid":{"rendered":"https:\/\/netbakis.net\/?p=39498"},"modified":"2026-04-30T17:00:42","modified_gmt":"2026-04-30T17:00:42","slug":"cetereisinden-sut-bedellerinin-odenmemesine-tepki-emege-verdiginiz-deger-bu-mu","status":"publish","type":"post","link":"https:\/\/netbakis.net\/tr\/39498\/","title":{"rendered":"\u00c7etereisi\u2019nden s\u00fct bedellerinin \u00f6denmemesine tepki: Eme\u011fe verdi\u011finiz de\u011fer bu mu?"},"content":{"rendered":"<p>Hayvan \u00dcreticileri ve Yeti\u015ftiricileri Birli\u011fi Y\u00f6netim Kurulu \u00dcyesi Mehmet \u00c7etereisi, s\u00fct bedellerinin \u00f6denmemesi ve yem tedarikindeki s\u0131k\u0131nt\u0131lar nedeniyle h\u00fck\u00fcmeti ele\u015ftirdi. Canl\u0131 yay\u0131nda sert ifadeler kullanan \u00c7etereisi, \u00fcreticinin zor durumda b\u0131rak\u0131ld\u0131\u011f\u0131n\u0131 savunarak &#8220;Eme\u011fe verdi\u011finiz de\u011fer bu mu? &#8220;dedi.<br><br>Hayvan \u00dcreticileri ve Yeti\u015ftiricileri Birli\u011fi Y\u00f6netim Kurulu \u00dcyesi Mehmet \u00c7etereisi, sosyal medyada yapt\u0131\u011f\u0131 canl\u0131 yay\u0131nla h\u00fck\u00fcmete seslendi.<\/p>\n\n\n\n<p>Hen\u00fcz s\u00fct bedellerinin kendilerine \u00f6denmedi\u011fini ifade eden \u00c7etereisi, h\u00fck\u00fcmete y\u00f6nelik &#8220;Eme\u011fe verdi\u011finiz de\u011fer bu mu? &#8221; ifadelerini kulland\u0131. Ambarlarda arpa kalmad\u0131\u011f\u0131n\u0131 ifade eden \u00c7etereisi, h\u00fck\u00fcmetin arpa talep eden hayvanc\u0131lar\u0131 \u00f6zel sekt\u00f6re y\u00f6nlendirdi\u011fini vurgulad\u0131. \u00c7etereisi, h\u00fck\u00fcmete y\u00f6nelik &#8220;Makamlar de\u011ferli, devlet de\u011ferli, h\u00fck\u00fcmetler de\u011ferli ama siz de\u011fersizsiniz&#8221; dedi. Tar\u0131m ve Do\u011fal Kaynaklar Bakan\u0131 H\u00fcseyin \u00c7avu\u015f&#8217;un \u00fcreticilere eziyet etti\u011fini ifade eden \u00c7etereisi, bakanla ilgili \u015fikayetlerini defalarca Ba\u015fbakan \u00dcnal \u00dcstel&#8217;e iletti\u011fini ifade etti.<\/p>\n\n\n\n<p>H\u00fck\u00fcmetin \u00fcretimi tekelle\u015ftirdi\u011fini kaydeden \u00c7etereisi, &#8220;3 tane imalat\u00e7\u0131n\u0131n eline kald\u0131n\u0131z. \u0130malat\u00e7\u0131lar sizi idare ediyor&#8221; dedi. Yar\u0131n\u0131n 1 May\u0131s emek\u00e7i ve direni\u015f anma g\u00fcn\u00fc oldu\u011funu ifade eden \u00c7etereisi, herkesin mangal yakarken emek\u00e7inin yine \u00e7al\u0131\u015f\u0131yor olaca\u011f\u0131na vurgu yapt\u0131. S\u00fctek&#8217;in y\u00f6netim kurulunda hayvanc\u0131lar\u0131 temsilen kendisini bulundu\u011funu ifade eden \u00c7etereisi, imalat\u00e7\u0131lar\u0131n s\u00fct fiyatlar\u0131n\u0131 \u00f6dedi\u011fini fakat Koop-S\u00fct ve Maliye Bakanl\u0131\u011f\u0131&#8217;n\u0131n \u00f6demeleri yapmad\u0131\u011f\u0131n\u0131 kaydetti. Bunun sebebini memurun maa\u015f\u0131 ile \u00f6demelerin \u00e7ak\u0131\u015fmas\u0131 olup olmad\u0131\u011f\u0131n\u0131 soran \u00c7etereisi, hayvan ba\u015f\u0131na vergini de artt\u0131r\u0131ld\u0131\u011f\u0131n\u0131 hat\u0131rlatt\u0131.<\/p>\n\n\n\n<p>\u00c7etereisi, &#8220;Zaman\u0131nda ba\u015fka h\u00fck\u00fcmetler varken de o kap\u0131lar k\u0131r\u0131ld\u0131 ama onlar insand\u0131 en az\u0131ndan \u00e7\u00f6z\u00fcm buldu. Sizde y\u0131k\u0131ld\u0131 da noldu?&#8221; dedi. Bakan \u00c7avu\u015f&#8217;u &#8220;sermayenin adam\u0131&#8221; olmakla su\u00e7layan \u00c7etereisi, emek\u00e7inin g\u00fcn\u00fcn\u00fc kutlamaya &#8220;c\u00fcret etmemeleri&#8221; \u00e7a\u011fr\u0131s\u0131nda bulundu.<\/p>\n\n\n\n<iframe loading=\"lazy\" src=\"https:\/\/www.facebook.com\/plugins\/video.php?height=476&#038;href=https%3A%2F%2Fwww.facebook.com%2Fmehmet.cetereisi%2Fvideos%2F2739669943067425%2F&#038;show_text=true&#038;width=267&#038;t=0\" width=\"267\" height=\"591\" style=\"border:none;overflow:hidden\" scrolling=\"no\" frameborder=\"0\" allowfullscreen=\"true\" allow=\"autoplay; clipboard-write; encrypted-media; picture-in-picture; web-share\"><\/iframe>","protected":false},"excerpt":{"rendered":"<p>Hayvan \u00dcreticileri ve Yeti\u015ftiricileri Birli\u011fi Y\u00f6netim Kurulu \u00dcyesi Mehmet \u00c7etereisi, s\u00fct bedellerinin \u00f6denmemesi ve yem tedarikindeki s\u0131k\u0131nt\u0131lar nedeniyle h\u00fck\u00fcmeti ele\u015ftirdi. Canl\u0131 yay\u0131nda sert ifadeler kullanan \u00c7etereisi, \u00fcreticinin zor durumda b\u0131rak\u0131ld\u0131\u011f\u0131n\u0131 savunarak &#8220;Eme\u011fe verdi\u011finiz de\u011fer bu mu? &#8220;dedi. Hayvan \u00dcreticileri ve Yeti\u015ftiricileri Birli\u011fi Y\u00f6netim Kurulu \u00dcyesi Mehmet \u00c7etereisi, sosyal medyada yapt\u0131\u011f\u0131 canl\u0131 yay\u0131nla h\u00fck\u00fcmete seslendi. Hen\u00fcz [&hellip;]<\/p>","protected":false},"author":1,"featured_media":38083,"comment_status":"open","ping_status":"open","sticky":false,"template":"","format":"standard","meta":{"om_disable_all_campaigns":false,"_monsterinsights_skip_tracking":false,"_monsterinsights_sitenote_active":false,"_monsterinsights_sitenote_note":"","_monsterinsights_sitenote_category":0,"_uf_show_specific_survey":0,"_uf_disable_surveys":false,"footnotes":"","jetpack_publicize_message":"","jetpack_publicize_feature_enabled":true,"jetpack_social_post_already_shared":true,"jetpack_social_options":{"image_generator_settings":{"template":"highway","default_image_id":0,"font":"","enabled":false},"version":2}},"categories":[81],"tags":[],"class_list":{"0":"post-39498","1":"post","2":"type-post","3":"status-publish","4":"format-standard","5":"has-post-thumbnail","7":"category-gundem"},"yoast_head":"<!-- This site is optimized with the Yoast SEO plugin v23.8 - https:\/\/yoast.com\/wordpress\/plugins\/seo\/ -->\n<title>\u00c7etereisi\u2019nden s\u00fct bedellerinin \u00f6denmemesine tepki: Eme\u011fe verdi\u011finiz de\u011fer bu mu? - NETBAKIS<\/title>\n<meta name=\"robots\" content=\"index, follow, max-snippet:-1, max-image-preview:large, max-video-preview:-1\" \/>\n<link rel=\"canonical\" href=\"https:\/\/netbakis.net\/tr\/39498\/\" \/>\n<meta property=\"og:locale\" content=\"tr_TR\" \/>\n<meta property=\"og:type\" content=\"article\" \/>\n<meta property=\"og:title\" content=\"\u00c7etereisi\u2019nden s\u00fct bedellerinin \u00f6denmemesine tepki: Eme\u011fe verdi\u011finiz de\u011fer bu mu? - NETBAKIS\" \/>\n<meta property=\"og:description\" content=\"Hayvan \u00dcreticileri ve Yeti\u015ftiricileri Birli\u011fi Y\u00f6netim Kurulu \u00dcyesi Mehmet \u00c7etereisi, s\u00fct bedellerinin \u00f6denmemesi ve yem tedarikindeki s\u0131k\u0131nt\u0131lar nedeniyle h\u00fck\u00fcmeti ele\u015ftirdi. Canl\u0131 yay\u0131nda sert ifadeler kullanan \u00c7etereisi, \u00fcreticinin zor durumda b\u0131rak\u0131ld\u0131\u011f\u0131n\u0131 savunarak &#8220;Eme\u011fe verdi\u011finiz de\u011fer bu mu? &#8220;dedi. Hayvan \u00dcreticileri ve Yeti\u015ftiricileri Birli\u011fi Y\u00f6netim Kurulu \u00dcyesi Mehmet \u00c7etereisi, sosyal medyada yapt\u0131\u011f\u0131 canl\u0131 yay\u0131nla h\u00fck\u00fcmete seslendi. Hen\u00fcz [&hellip;]\" \/>\n<meta property=\"og:url\" content=\"https:\/\/netbakis.net\/tr\/39498\/\" \/>\n<meta property=\"og:site_name\" content=\"NETBAKIS\" \/>\n<meta property=\"article:published_time\" content=\"2026-04-30T17:00:41+00:00\" \/>\n<meta property=\"article:modified_time\" content=\"2026-04-30T17:00:42+00:00\" \/>\n<meta property=\"og:image\" content=\"https:\/\/netbakis.net\/wp-content\/uploads\/2026\/02\/v2adsztasarm-9_1756366465.webp\" \/>\n\t<meta property=\"og:image:width\" content=\"971\" \/>\n\t<meta property=\"og:image:height\" content=\"551\" \/>\n\t<meta property=\"og:image:type\" content=\"image\/webp\" \/>\n<meta name=\"author\" content=\"netbakis.net\" \/>\n<meta name=\"twitter:card\" content=\"summary_large_image\" \/>\n<meta name=\"twitter:label1\" content=\"Yazan:\" \/>\n\t<meta name=\"twitter:data1\" content=\"netbakis.net\" \/>\n\t<meta name=\"twitter:label2\" content=\"Tahmini okuma s\u00fcresi\" \/>\n\t<meta name=\"twitter:data2\" content=\"2 dakika\" \/>\n<script type=\"application\/ld+json\" class=\"yoast-schema-graph\">{\"@context\":\"https:\/\/schema.org\",\"@graph\":[{\"@type\":\"WebPage\",\"@id\":\"https:\/\/netbakis.net\/39498\/\",\"url\":\"https:\/\/netbakis.net\/39498\/\",\"name\":\"\u00c7etereisi\u2019nden s\u00fct bedellerinin \u00f6denmemesine tepki: Eme\u011fe verdi\u011finiz de\u011fer bu mu? - NETBAKIS\",\"isPartOf\":{\"@id\":\"https:\/\/netbakis.net\/#website\"},\"primaryImageOfPage\":{\"@id\":\"https:\/\/netbakis.net\/39498\/#primaryimage\"},\"image\":{\"@id\":\"https:\/\/netbakis.net\/39498\/#primaryimage\"},\"thumbnailUrl\":\"https:\/\/netbakis.net\/wp-content\/uploads\/2026\/02\/v2adsztasarm-9_1756366465.webp\",\"datePublished\":\"2026-04-30T17:00:41+00:00\",\"dateModified\":\"2026-04-30T17:00:42+00:00\",\"author\":{\"@id\":\"https:\/\/netbakis.net\/#\/schema\/person\/5d9b5c3f48ca4a3c69967d619fc8c7f4\"},\"breadcrumb\":{\"@id\":\"https:\/\/netbakis.net\/39498\/#breadcrumb\"},\"inLanguage\":\"tr\",\"potentialAction\":[{\"@type\":\"ReadAction\",\"target\":[\"https:\/\/netbakis.net\/39498\/\"]}]},{\"@type\":\"ImageObject\",\"inLanguage\":\"tr\",\"@id\":\"https:\/\/netbakis.net\/39498\/#primaryimage\",\"url\":\"https:\/\/netbakis.net\/wp-content\/uploads\/2026\/02\/v2adsztasarm-9_1756366465.webp\",\"contentUrl\":\"https:\/\/netbakis.net\/wp-content\/uploads\/2026\/02\/v2adsztasarm-9_1756366465.webp\",\"width\":971,\"height\":551},{\"@type\":\"BreadcrumbList\",\"@id\":\"https:\/\/netbakis.net\/39498\/#breadcrumb\",\"itemListElement\":[{\"@type\":\"ListItem\",\"position\":1,\"name\":\"Home\",\"item\":\"https:\/\/netbakis.net\/\"},{\"@type\":\"ListItem\",\"position\":2,\"name\":\"\u00c7etereisi\u2019nden s\u00fct bedellerinin \u00f6denmemesine tepki: Eme\u011fe verdi\u011finiz de\u011fer bu mu?\"}]},{\"@type\":\"WebSite\",\"@id\":\"https:\/\/netbakis.net\/#website\",\"url\":\"https:\/\/netbakis.net\/\",\"name\":\"NETBAKIS\",\"description\":\"SON DAKIKA\",\"potentialAction\":[{\"@type\":\"SearchAction\",\"target\":{\"@type\":\"EntryPoint\",\"urlTemplate\":\"https:\/\/netbakis.net\/?s={search_term_string}\"},\"query-input\":{\"@type\":\"PropertyValueSpecification\",\"valueRequired\":true,\"valueName\":\"search_term_string\"}}],\"inLanguage\":\"tr\"},{\"@type\":\"Person\",\"@id\":\"https:\/\/netbakis.net\/#\/schema\/person\/5d9b5c3f48ca4a3c69967d619fc8c7f4\",\"name\":\"netbakis.net\",\"image\":{\"@type\":\"ImageObject\",\"inLanguage\":\"tr\",\"@id\":\"https:\/\/netbakis.net\/#\/schema\/person\/image\/\",\"url\":\"https:\/\/secure.gravatar.com\/avatar\/4ddeae49d2d3e3568a8d5b0937642efdf0b72468dbe3f213bc1978faa47af0d1?s=96&d=wp_user_avatar&r=g\",\"contentUrl\":\"https:\/\/secure.gravatar.com\/avatar\/4ddeae49d2d3e3568a8d5b0937642efdf0b72468dbe3f213bc1978faa47af0d1?s=96&d=wp_user_avatar&r=g\",\"caption\":\"netbakis.net\"},\"sameAs\":[\"https:\/\/netbakis.net\"],\"url\":\"https:\/\/netbakis.net\/tr\/author\/netbakis-net\/\"}]}<\/script>\n<!-- \/ Yoast SEO plugin. -->","yoast_head_json":{"title":"\u00c7etereisi\u2019nden s\u00fct bedellerinin \u00f6denmemesine tepki: Eme\u011fe verdi\u011finiz de\u011fer bu mu? - NETBAKIS","robots":{"index":"index","follow":"follow","max-snippet":"max-snippet:-1","max-image-preview":"max-image-preview:large","max-video-preview":"max-video-preview:-1"},"canonical":"https:\/\/netbakis.net\/tr\/39498\/","og_locale":"tr_TR","og_type":"article","og_title":"\u00c7etereisi\u2019nden s\u00fct bedellerinin \u00f6denmemesine tepki: Eme\u011fe verdi\u011finiz de\u011fer bu mu? - NETBAKIS","og_description":"Hayvan \u00dcreticileri ve Yeti\u015ftiricileri Birli\u011fi Y\u00f6netim Kurulu \u00dcyesi Mehmet \u00c7etereisi, s\u00fct bedellerinin \u00f6denmemesi ve yem tedarikindeki s\u0131k\u0131nt\u0131lar nedeniyle h\u00fck\u00fcmeti ele\u015ftirdi. Canl\u0131 yay\u0131nda sert ifadeler kullanan \u00c7etereisi, \u00fcreticinin zor durumda b\u0131rak\u0131ld\u0131\u011f\u0131n\u0131 savunarak &#8220;Eme\u011fe verdi\u011finiz de\u011fer bu mu? &#8220;dedi. Hayvan \u00dcreticileri ve Yeti\u015ftiricileri Birli\u011fi Y\u00f6netim Kurulu \u00dcyesi Mehmet \u00c7etereisi, sosyal medyada yapt\u0131\u011f\u0131 canl\u0131 yay\u0131nla h\u00fck\u00fcmete seslendi. Hen\u00fcz [&hellip;]","og_url":"https:\/\/netbakis.net\/tr\/39498\/","og_site_name":"NETBAKIS","article_published_time":"2026-04-30T17:00:41+00:00","article_modified_time":"2026-04-30T17:00:42+00:00","og_image":[{"width":971,"height":551,"url":"https:\/\/netbakis.net\/wp-content\/uploads\/2026\/02\/v2adsztasarm-9_1756366465.webp","type":"image\/webp"}],"author":"netbakis.net","twitter_card":"summary_large_image","twitter_misc":{"Yazan:":"netbakis.net","Tahmini okuma s\u00fcresi":"2 dakika"},"schema":{"@context":"https:\/\/schema.org","@graph":[{"@type":"WebPage","@id":"https:\/\/netbakis.net\/39498\/","url":"https:\/\/netbakis.net\/39498\/","name":"\u00c7etereisi\u2019nden s\u00fct bedellerinin \u00f6denmemesine tepki: Eme\u011fe verdi\u011finiz de\u011fer bu mu? - NETBAKIS","isPartOf":{"@id":"https:\/\/netbakis.net\/#website"},"primaryImageOfPage":{"@id":"https:\/\/netbakis.net\/39498\/#primaryimage"},"image":{"@id":"https:\/\/netbakis.net\/39498\/#primaryimage"},"thumbnailUrl":"https:\/\/netbakis.net\/wp-content\/uploads\/2026\/02\/v2adsztasarm-9_1756366465.webp","datePublished":"2026-04-30T17:00:41+00:00","dateModified":"2026-04-30T17:00:42+00:00","author":{"@id":"https:\/\/netbakis.net\/#\/schema\/person\/5d9b5c3f48ca4a3c69967d619fc8c7f4"},"breadcrumb":{"@id":"https:\/\/netbakis.net\/39498\/#breadcrumb"},"inLanguage":"tr","potentialAction":[{"@type":"ReadAction","target":["https:\/\/netbakis.net\/39498\/"]}]},{"@type":"ImageObject","inLanguage":"tr","@id":"https:\/\/netbakis.net\/39498\/#primaryimage","url":"https:\/\/netbakis.net\/wp-content\/uploads\/2026\/02\/v2adsztasarm-9_1756366465.webp","contentUrl":"https:\/\/netbakis.net\/wp-content\/uploads\/2026\/02\/v2adsztasarm-9_1756366465.webp","width":971,"height":551},{"@type":"BreadcrumbList","@id":"https:\/\/netbakis.net\/39498\/#breadcrumb","itemListElement":[{"@type":"ListItem","position":1,"name":"Home","item":"https:\/\/netbakis.net\/"},{"@type":"ListItem","position":2,"name":"\u00c7etereisi\u2019nden s\u00fct bedellerinin \u00f6denmemesine tepki: Eme\u011fe verdi\u011finiz de\u011fer bu mu?"}]},{"@type":"WebSite","@id":"https:\/\/netbakis.net\/#website","url":"https:\/\/netbakis.net\/","name":"NETBAKIS","description":"SON DAKIKA","potentialAction":[{"@type":"SearchAction","target":{"@type":"EntryPoint","urlTemplate":"https:\/\/netbakis.net\/?s={search_term_string}"},"query-input":{"@type":"PropertyValueSpecification","valueRequired":true,"valueName":"search_term_string"}}],"inLanguage":"tr"},{"@type":"Person","@id":"https:\/\/netbakis.net\/#\/schema\/person\/5d9b5c3f48ca4a3c69967d619fc8c7f4","name":"netbakis.net","image":{"@type":"ImageObject","inLanguage":"tr","@id":"https:\/\/netbakis.net\/#\/schema\/person\/image\/","url":"https:\/\/secure.gravatar.com\/avatar\/4ddeae49d2d3e3568a8d5b0937642efdf0b72468dbe3f213bc1978faa47af0d1?s=96&d=wp_user_avatar&r=g","contentUrl":"https:\/\/secure.gravatar.com\/avatar\/4ddeae49d2d3e3568a8d5b0937642efdf0b72468dbe3f213bc1978faa47af0d1?s=96&d=wp_user_avatar&r=g","caption":"netbakis.net"},"sameAs":["https:\/\/netbakis.net"],"url":"https:\/\/netbakis.net\/tr\/author\/netbakis-net\/"}]}},"jetpack_publicize_connections":[],"_links":{"self":[{"href":"https:\/\/netbakis.net\/tr\/wp-json\/wp\/v2\/posts\/39498","targetHints":{"allow":["GET"]}}],"collection":[{"href":"https:\/\/netbakis.net\/tr\/wp-json\/wp\/v2\/posts"}],"about":[{"href":"https:\/\/netbakis.net\/tr\/wp-json\/wp\/v2\/types\/post"}],"author":[{"embeddable":true,"href":"https:\/\/netbakis.net\/tr\/wp-json\/wp\/v2\/users\/1"}],"replies":[{"embeddable":true,"href":"https:\/\/netbakis.net\/tr\/wp-json\/wp\/v2\/comments?post=39498"}],"version-history":[{"count":1,"href":"https:\/\/netbakis.net\/tr\/wp-json\/wp\/v2\/posts\/39498\/revisions"}],"predecessor-version":[{"id":39499,"href":"https:\/\/netbakis.net\/tr\/wp-json\/wp\/v2\/posts\/39498\/revisions\/39499"}],"wp:featuredmedia":[{"embeddable":true,"href":"https:\/\/netbakis.net\/tr\/wp-json\/wp\/v2\/media\/38083"}],"wp:attachment":[{"href":"https:\/\/netbakis.net\/tr\/wp-json\/wp\/v2\/media?parent=39498"}],"wp:term":[{"taxonomy":"category","embeddable":true,"href":"https:\/\/netbakis.net\/tr\/wp-json\/wp\/v2\/categories?post=39498"},{"taxonomy":"post_tag","embeddable":true,"href":"https:\/\/netbakis.net\/tr\/wp-json\/wp\/v2\/tags?post=39498"}],"curies":[{"name":"wp","href":"https:\/\/api.w.org\/{rel}","templated":true}]}}