{"id":39452,"date":"2026-04-29T14:30:35","date_gmt":"2026-04-29T14:30:35","guid":{"rendered":"https:\/\/netbakis.net\/?p=39452"},"modified":"2026-04-29T14:30:38","modified_gmt":"2026-04-29T14:30:38","slug":"oguzhan-hasipoglundan-isverenlere-1-mayis-cagrisi-kepenkler-emege-saygi-icin-kapansin","status":"publish","type":"post","link":"https:\/\/netbakis.net\/tr\/39452\/","title":{"rendered":"O\u011fuzhan Hasipo\u011flu\u2019ndan i\u015fverenlere 1 May\u0131s \u00e7a\u011fr\u0131s\u0131: Kepenkler eme\u011fe sayg\u0131 i\u00e7in kapans\u0131n"},"content":{"rendered":"<p>\u00c7al\u0131\u015fma ve Sosyal G\u00fcvenlik Bakan\u0131 O\u011fuzhan Hasipo\u011flu, 1 May\u0131s mesaj\u0131nda i\u015fverenlere acil hizmetler d\u0131\u015f\u0131nda i\u015f yerlerini g\u00f6n\u00fcll\u00fcl\u00fck esas\u0131yla kapatma \u00e7a\u011fr\u0131s\u0131 yaparak, \u00e7al\u0131\u015fanlar\u0131n bayram\u0131 hissetmesi gerekti\u011fini vurgulad\u0131. Hasipo\u011flu, resmi tatilde \u00e7al\u0131\u015fanlara yasal olarak \u00e7ift \u00fccret \u00f6denmesinin zorunlu oldu\u011funu hat\u0131rlatt\u0131.<br><br>\u00c7al\u0131\u015fma ve Sosyal G\u00fcvenlik Bakan\u0131 O\u011fuzhan Hasipo\u011flu, 1 May\u0131s Emek ve Dayan\u0131\u015fma G\u00fcn\u00fc dolay\u0131s\u0131yla mesaj yay\u0131nlad\u0131.<\/p>\n\n\n\n<p>Hasipo\u011flu, 1 May\u0131s mesaj\u0131nda i\u015fverenlere acil hizmetler d\u0131\u015f\u0131nda i\u015f yerlerini g\u00f6n\u00fcll\u00fcl\u00fck esas\u0131yla kapatma \u00e7a\u011fr\u0131s\u0131 yaparak, \u00e7al\u0131\u015fanlar\u0131n bayram\u0131 hissetmesi gerekti\u011fini vurgulad\u0131. Hasipo\u011flu, resmi tatilde \u00e7al\u0131\u015fanlara yasal olarak \u00e7ift \u00fccret \u00f6denmesinin zorunlu oldu\u011funu hat\u0131rlatt\u0131.<\/p>\n\n\n\n<p>Bakan Hasipo\u011flu&#8217;nun mesaj\u0131n\u0131n tamam\u0131 \u015fu \u015fekilde:<\/p>\n\n\n\n<p>\u2018\u20181 May\u0131s Emek ve Dayan\u0131\u015fma G\u00fcn\u00fc vesilesiyle, t\u00fcm i\u015fverenlerimize ve i\u015f d\u00fcnyam\u0131za samimi bir \u00e7a\u011fr\u0131da bulunmak istiyorum.<\/p>\n\n\n\n<p>1 May\u0131s; yaln\u0131zca takvimde yer alan bir g\u00fcn de\u011fil, eme\u011fin, al\u0131n terinin, \u00fcretimin ve toplumsal dayan\u0131\u015fman\u0131n simgesidir. Bu anlaml\u0131 g\u00fcn, \u00fclkemizin kalk\u0131nmas\u0131na katk\u0131 koyan her emek\u00e7inin onurland\u0131r\u0131ld\u0131\u011f\u0131 \u00f6zel bir g\u00fcnd\u00fcr.<\/p>\n\n\n\n<p>Bu \u00e7er\u00e7evede, acil ve zorunlu hizmetler d\u0131\u015f\u0131nda kalan i\u015fyerlerimizin 1 May\u0131s g\u00fcn\u00fc g\u00f6n\u00fcll\u00fcl\u00fck esas\u0131yla faaliyetlerine ara vermelerini, \u00e7al\u0131\u015fanlar\u0131na bu g\u00fcn\u00fc ger\u00e7ek anlam\u0131yla bayram olarak ya\u015fatmalar\u0131n\u0131 istiyoruz.<\/p>\n\n\n\n<p>\u00c7\u00fcnk\u00fc inan\u0131yoruz ki; y\u0131lda bir g\u00fcn, eme\u011fe sayg\u0131y\u0131 yaln\u0131z s\u00f6zle de\u011fil, uygulamayla da g\u00f6stermek m\u00fcmk\u00fcnd\u00fcr.<\/p>\n\n\n\n<p>Bir g\u00fcnl\u00fc\u011f\u00fcne kepenklerin eme\u011fe sayg\u0131 i\u00e7in kapanmas\u0131; \u00fcretimin de\u011ferini azaltmaz, aksine eme\u011fin de\u011ferini y\u00fcceltir. Bu yakla\u015f\u0131m, \u00e7al\u0131\u015fan ile i\u015fveren aras\u0131ndaki aidiyet duygusunu g\u00fc\u00e7lendirecek sosyal dayan\u0131\u015fmay\u0131 b\u00fcy\u00fctecek ve 1 May\u0131s&#8217;\u0131n ruhuna anlam katacakt\u0131r.<\/p>\n\n\n\n<p>\u0130\u015fverenlerimizin bug\u00fcne kadar \u00e7al\u0131\u015fma hayat\u0131na ve toplumsal sorumlulu\u011fa g\u00f6sterdi\u011fi duyarl\u0131l\u0131\u011f\u0131 biliyoruz. Ayn\u0131 hassasiyetin 1 May\u0131s&#8217;ta da g\u00f6n\u00fcll\u00fc bir destekle ortaya konulaca\u011f\u0131na inan\u0131yorum.<\/p>\n\n\n\n<p>\u00d6te yandan \u0130\u015f Yasas\u0131\u2019n\u0131n 40. maddesine g\u00f6re, resmi tatil ve anma g\u00fcnlerinde \u00e7al\u0131\u015fanlar\u0131n tatil yapma hakk\u0131 vard\u0131r. E\u011fer 1 May\u0131s ve di\u011fer resmi tatil g\u00fcnlerinde \u00e7al\u0131\u015f\u0131l\u0131yorsa, \u00e7al\u0131\u015fanlara yasal olarak \u00fccretlerinin iki kat\u0131 \u00f6denmesi ilgili yasal mevzuat gere\u011fi zorunludur. Bu \u00e7er\u00e7evede, bu uygulamalar\u0131 yerinde g\u00f6rmek ve takip etmek i\u00e7in 1 May\u0131s\u2019ta sahada olaca\u011f\u0131z.<\/p>\n\n\n\n<p>\u0130\u015fverenlerimizin, \u00e7al\u0131\u015fan haklar\u0131na sayg\u0131 g\u00f6stererek ve yasal y\u00fck\u00fcml\u00fcl\u00fcklerini eksiksiz yerine getirerek sorumlu bir yakla\u015f\u0131m sergileyece\u011fine inan\u0131yoruz.<\/p>\n\n\n\n<p>\u0130\u015fverenlerimizin bug\u00fcne kadar \u00e7al\u0131\u015fma hayat\u0131na ve toplumsal sorumlulu\u011fa g\u00f6sterdi\u011fi duyarl\u0131l\u0131\u011f\u0131 biliyoruz. Ayn\u0131 hassasiyetin 1 May\u0131s\u2019ta da g\u00f6n\u00fcll\u00fc bir destekle ortaya konulaca\u011f\u0131na inan\u0131yorum.<\/p>\n\n\n\n<p>Gelin bu y\u0131l 1 May\u0131s&#8217;\u0131 yaln\u0131zca kutlanan de\u011fil, hissedilen bir g\u00fcn yapal\u0131m. Gelin eme\u011fe bir g\u00fcnl\u00fc\u011f\u00fcne birlikte sayg\u0131 duru\u015funda bulunal\u0131m.<\/p>\n\n\n\n<p>Bu \u00e7a\u011fr\u0131; \u00fcretime kar\u015f\u0131 de\u011fil, eme\u011fin k\u0131ymetine verilen de\u011ferin ortak ifadesidir.<\/p>\n\n\n\n<p>T\u00fcm i\u015fverenlerimizi, bu anlaml\u0131 g\u00fcnde bu g\u00f6n\u00fcll\u00fc dayan\u0131\u015fmaya katk\u0131 koymaya davet ediyorum&#8221;<\/p>","protected":false},"excerpt":{"rendered":"<p>\u00c7al\u0131\u015fma ve Sosyal G\u00fcvenlik Bakan\u0131 O\u011fuzhan Hasipo\u011flu, 1 May\u0131s mesaj\u0131nda i\u015fverenlere acil hizmetler d\u0131\u015f\u0131nda i\u015f yerlerini g\u00f6n\u00fcll\u00fcl\u00fck esas\u0131yla kapatma \u00e7a\u011fr\u0131s\u0131 yaparak, \u00e7al\u0131\u015fanlar\u0131n bayram\u0131 hissetmesi gerekti\u011fini vurgulad\u0131. Hasipo\u011flu, resmi tatilde \u00e7al\u0131\u015fanlara yasal olarak \u00e7ift \u00fccret \u00f6denmesinin zorunlu oldu\u011funu hat\u0131rlatt\u0131. \u00c7al\u0131\u015fma ve Sosyal G\u00fcvenlik Bakan\u0131 O\u011fuzhan Hasipo\u011flu, 1 May\u0131s Emek ve Dayan\u0131\u015fma G\u00fcn\u00fc dolay\u0131s\u0131yla mesaj yay\u0131nlad\u0131. Hasipo\u011flu, [&hellip;]<\/p>","protected":false},"author":1,"featured_media":39453,"comment_status":"open","ping_status":"open","sticky":false,"template":"","format":"standard","meta":{"om_disable_all_campaigns":false,"_monsterinsights_skip_tracking":false,"_monsterinsights_sitenote_active":false,"_monsterinsights_sitenote_note":"","_monsterinsights_sitenote_category":0,"_uf_show_specific_survey":0,"_uf_disable_surveys":false,"footnotes":"","jetpack_publicize_message":"","jetpack_publicize_feature_enabled":true,"jetpack_social_post_already_shared":true,"jetpack_social_options":{"image_generator_settings":{"template":"highway","default_image_id":0,"font":"","enabled":false},"version":2}},"categories":[81],"tags":[],"class_list":{"0":"post-39452","1":"post","2":"type-post","3":"status-publish","4":"format-standard","5":"has-post-thumbnail","7":"category-gundem"},"yoast_head":"<!-- This site is optimized with the Yoast SEO plugin v23.8 - https:\/\/yoast.com\/wordpress\/plugins\/seo\/ -->\n<title>O\u011fuzhan Hasipo\u011flu\u2019ndan i\u015fverenlere 1 May\u0131s \u00e7a\u011fr\u0131s\u0131: Kepenkler eme\u011fe sayg\u0131 i\u00e7in kapans\u0131n - NETBAKIS<\/title>\n<meta name=\"robots\" content=\"index, follow, max-snippet:-1, max-image-preview:large, max-video-preview:-1\" \/>\n<link rel=\"canonical\" href=\"https:\/\/netbakis.net\/tr\/39452\/\" \/>\n<meta property=\"og:locale\" content=\"tr_TR\" \/>\n<meta property=\"og:type\" content=\"article\" \/>\n<meta property=\"og:title\" content=\"O\u011fuzhan Hasipo\u011flu\u2019ndan i\u015fverenlere 1 May\u0131s \u00e7a\u011fr\u0131s\u0131: Kepenkler eme\u011fe sayg\u0131 i\u00e7in kapans\u0131n - NETBAKIS\" \/>\n<meta property=\"og:description\" content=\"\u00c7al\u0131\u015fma ve Sosyal G\u00fcvenlik Bakan\u0131 O\u011fuzhan Hasipo\u011flu, 1 May\u0131s mesaj\u0131nda i\u015fverenlere acil hizmetler d\u0131\u015f\u0131nda i\u015f yerlerini g\u00f6n\u00fcll\u00fcl\u00fck esas\u0131yla kapatma \u00e7a\u011fr\u0131s\u0131 yaparak, \u00e7al\u0131\u015fanlar\u0131n bayram\u0131 hissetmesi gerekti\u011fini vurgulad\u0131. Hasipo\u011flu, resmi tatilde \u00e7al\u0131\u015fanlara yasal olarak \u00e7ift \u00fccret \u00f6denmesinin zorunlu oldu\u011funu hat\u0131rlatt\u0131. \u00c7al\u0131\u015fma ve Sosyal G\u00fcvenlik Bakan\u0131 O\u011fuzhan Hasipo\u011flu, 1 May\u0131s Emek ve Dayan\u0131\u015fma G\u00fcn\u00fc dolay\u0131s\u0131yla mesaj yay\u0131nlad\u0131. Hasipo\u011flu, [&hellip;]\" \/>\n<meta property=\"og:url\" content=\"https:\/\/netbakis.net\/tr\/39452\/\" \/>\n<meta property=\"og:site_name\" content=\"NETBAKIS\" \/>\n<meta property=\"article:published_time\" content=\"2026-04-29T14:30:35+00:00\" \/>\n<meta property=\"article:modified_time\" content=\"2026-04-29T14:30:38+00:00\" \/>\n<meta property=\"og:image\" content=\"https:\/\/netbakis.net\/wp-content\/uploads\/2026\/04\/v2yeniproje-2026-03-20t101920987_1773994822.webp\" \/>\n\t<meta property=\"og:image:width\" content=\"971\" \/>\n\t<meta property=\"og:image:height\" content=\"551\" \/>\n\t<meta property=\"og:image:type\" content=\"image\/webp\" \/>\n<meta name=\"author\" content=\"netbakis.net\" \/>\n<meta name=\"twitter:card\" content=\"summary_large_image\" \/>\n<meta name=\"twitter:label1\" content=\"Yazan:\" \/>\n\t<meta name=\"twitter:data1\" content=\"netbakis.net\" \/>\n\t<meta name=\"twitter:label2\" content=\"Tahmini okuma s\u00fcresi\" \/>\n\t<meta name=\"twitter:data2\" content=\"2 dakika\" \/>\n<script type=\"application\/ld+json\" class=\"yoast-schema-graph\">{\"@context\":\"https:\/\/schema.org\",\"@graph\":[{\"@type\":\"WebPage\",\"@id\":\"https:\/\/netbakis.net\/39452\/\",\"url\":\"https:\/\/netbakis.net\/39452\/\",\"name\":\"O\u011fuzhan Hasipo\u011flu\u2019ndan i\u015fverenlere 1 May\u0131s \u00e7a\u011fr\u0131s\u0131: Kepenkler eme\u011fe sayg\u0131 i\u00e7in kapans\u0131n - NETBAKIS\",\"isPartOf\":{\"@id\":\"https:\/\/netbakis.net\/#website\"},\"primaryImageOfPage\":{\"@id\":\"https:\/\/netbakis.net\/39452\/#primaryimage\"},\"image\":{\"@id\":\"https:\/\/netbakis.net\/39452\/#primaryimage\"},\"thumbnailUrl\":\"https:\/\/netbakis.net\/wp-content\/uploads\/2026\/04\/v2yeniproje-2026-03-20t101920987_1773994822.webp\",\"datePublished\":\"2026-04-29T14:30:35+00:00\",\"dateModified\":\"2026-04-29T14:30:38+00:00\",\"author\":{\"@id\":\"https:\/\/netbakis.net\/#\/schema\/person\/5d9b5c3f48ca4a3c69967d619fc8c7f4\"},\"breadcrumb\":{\"@id\":\"https:\/\/netbakis.net\/39452\/#breadcrumb\"},\"inLanguage\":\"tr\",\"potentialAction\":[{\"@type\":\"ReadAction\",\"target\":[\"https:\/\/netbakis.net\/39452\/\"]}]},{\"@type\":\"ImageObject\",\"inLanguage\":\"tr\",\"@id\":\"https:\/\/netbakis.net\/39452\/#primaryimage\",\"url\":\"https:\/\/netbakis.net\/wp-content\/uploads\/2026\/04\/v2yeniproje-2026-03-20t101920987_1773994822.webp\",\"contentUrl\":\"https:\/\/netbakis.net\/wp-content\/uploads\/2026\/04\/v2yeniproje-2026-03-20t101920987_1773994822.webp\",\"width\":971,\"height\":551},{\"@type\":\"BreadcrumbList\",\"@id\":\"https:\/\/netbakis.net\/39452\/#breadcrumb\",\"itemListElement\":[{\"@type\":\"ListItem\",\"position\":1,\"name\":\"Home\",\"item\":\"https:\/\/netbakis.net\/\"},{\"@type\":\"ListItem\",\"position\":2,\"name\":\"O\u011fuzhan Hasipo\u011flu\u2019ndan i\u015fverenlere 1 May\u0131s \u00e7a\u011fr\u0131s\u0131: Kepenkler eme\u011fe sayg\u0131 i\u00e7in kapans\u0131n\"}]},{\"@type\":\"WebSite\",\"@id\":\"https:\/\/netbakis.net\/#website\",\"url\":\"https:\/\/netbakis.net\/\",\"name\":\"NETBAKIS\",\"description\":\"SON DAKIKA\",\"potentialAction\":[{\"@type\":\"SearchAction\",\"target\":{\"@type\":\"EntryPoint\",\"urlTemplate\":\"https:\/\/netbakis.net\/?s={search_term_string}\"},\"query-input\":{\"@type\":\"PropertyValueSpecification\",\"valueRequired\":true,\"valueName\":\"search_term_string\"}}],\"inLanguage\":\"tr\"},{\"@type\":\"Person\",\"@id\":\"https:\/\/netbakis.net\/#\/schema\/person\/5d9b5c3f48ca4a3c69967d619fc8c7f4\",\"name\":\"netbakis.net\",\"image\":{\"@type\":\"ImageObject\",\"inLanguage\":\"tr\",\"@id\":\"https:\/\/netbakis.net\/#\/schema\/person\/image\/\",\"url\":\"https:\/\/secure.gravatar.com\/avatar\/4ddeae49d2d3e3568a8d5b0937642efdf0b72468dbe3f213bc1978faa47af0d1?s=96&d=wp_user_avatar&r=g\",\"contentUrl\":\"https:\/\/secure.gravatar.com\/avatar\/4ddeae49d2d3e3568a8d5b0937642efdf0b72468dbe3f213bc1978faa47af0d1?s=96&d=wp_user_avatar&r=g\",\"caption\":\"netbakis.net\"},\"sameAs\":[\"https:\/\/netbakis.net\"],\"url\":\"https:\/\/netbakis.net\/tr\/author\/netbakis-net\/\"}]}<\/script>\n<!-- \/ Yoast SEO plugin. -->","yoast_head_json":{"title":"O\u011fuzhan Hasipo\u011flu\u2019ndan i\u015fverenlere 1 May\u0131s \u00e7a\u011fr\u0131s\u0131: Kepenkler eme\u011fe sayg\u0131 i\u00e7in kapans\u0131n - NETBAKIS","robots":{"index":"index","follow":"follow","max-snippet":"max-snippet:-1","max-image-preview":"max-image-preview:large","max-video-preview":"max-video-preview:-1"},"canonical":"https:\/\/netbakis.net\/tr\/39452\/","og_locale":"tr_TR","og_type":"article","og_title":"O\u011fuzhan Hasipo\u011flu\u2019ndan i\u015fverenlere 1 May\u0131s \u00e7a\u011fr\u0131s\u0131: Kepenkler eme\u011fe sayg\u0131 i\u00e7in kapans\u0131n - NETBAKIS","og_description":"\u00c7al\u0131\u015fma ve Sosyal G\u00fcvenlik Bakan\u0131 O\u011fuzhan Hasipo\u011flu, 1 May\u0131s mesaj\u0131nda i\u015fverenlere acil hizmetler d\u0131\u015f\u0131nda i\u015f yerlerini g\u00f6n\u00fcll\u00fcl\u00fck esas\u0131yla kapatma \u00e7a\u011fr\u0131s\u0131 yaparak, \u00e7al\u0131\u015fanlar\u0131n bayram\u0131 hissetmesi gerekti\u011fini vurgulad\u0131. Hasipo\u011flu, resmi tatilde \u00e7al\u0131\u015fanlara yasal olarak \u00e7ift \u00fccret \u00f6denmesinin zorunlu oldu\u011funu hat\u0131rlatt\u0131. \u00c7al\u0131\u015fma ve Sosyal G\u00fcvenlik Bakan\u0131 O\u011fuzhan Hasipo\u011flu, 1 May\u0131s Emek ve Dayan\u0131\u015fma G\u00fcn\u00fc dolay\u0131s\u0131yla mesaj yay\u0131nlad\u0131. Hasipo\u011flu, [&hellip;]","og_url":"https:\/\/netbakis.net\/tr\/39452\/","og_site_name":"NETBAKIS","article_published_time":"2026-04-29T14:30:35+00:00","article_modified_time":"2026-04-29T14:30:38+00:00","og_image":[{"width":971,"height":551,"url":"https:\/\/netbakis.net\/wp-content\/uploads\/2026\/04\/v2yeniproje-2026-03-20t101920987_1773994822.webp","type":"image\/webp"}],"author":"netbakis.net","twitter_card":"summary_large_image","twitter_misc":{"Yazan:":"netbakis.net","Tahmini okuma s\u00fcresi":"2 dakika"},"schema":{"@context":"https:\/\/schema.org","@graph":[{"@type":"WebPage","@id":"https:\/\/netbakis.net\/39452\/","url":"https:\/\/netbakis.net\/39452\/","name":"O\u011fuzhan Hasipo\u011flu\u2019ndan i\u015fverenlere 1 May\u0131s \u00e7a\u011fr\u0131s\u0131: Kepenkler eme\u011fe sayg\u0131 i\u00e7in kapans\u0131n - NETBAKIS","isPartOf":{"@id":"https:\/\/netbakis.net\/#website"},"primaryImageOfPage":{"@id":"https:\/\/netbakis.net\/39452\/#primaryimage"},"image":{"@id":"https:\/\/netbakis.net\/39452\/#primaryimage"},"thumbnailUrl":"https:\/\/netbakis.net\/wp-content\/uploads\/2026\/04\/v2yeniproje-2026-03-20t101920987_1773994822.webp","datePublished":"2026-04-29T14:30:35+00:00","dateModified":"2026-04-29T14:30:38+00:00","author":{"@id":"https:\/\/netbakis.net\/#\/schema\/person\/5d9b5c3f48ca4a3c69967d619fc8c7f4"},"breadcrumb":{"@id":"https:\/\/netbakis.net\/39452\/#breadcrumb"},"inLanguage":"tr","potentialAction":[{"@type":"ReadAction","target":["https:\/\/netbakis.net\/39452\/"]}]},{"@type":"ImageObject","inLanguage":"tr","@id":"https:\/\/netbakis.net\/39452\/#primaryimage","url":"https:\/\/netbakis.net\/wp-content\/uploads\/2026\/04\/v2yeniproje-2026-03-20t101920987_1773994822.webp","contentUrl":"https:\/\/netbakis.net\/wp-content\/uploads\/2026\/04\/v2yeniproje-2026-03-20t101920987_1773994822.webp","width":971,"height":551},{"@type":"BreadcrumbList","@id":"https:\/\/netbakis.net\/39452\/#breadcrumb","itemListElement":[{"@type":"ListItem","position":1,"name":"Home","item":"https:\/\/netbakis.net\/"},{"@type":"ListItem","position":2,"name":"O\u011fuzhan Hasipo\u011flu\u2019ndan i\u015fverenlere 1 May\u0131s \u00e7a\u011fr\u0131s\u0131: Kepenkler eme\u011fe sayg\u0131 i\u00e7in kapans\u0131n"}]},{"@type":"WebSite","@id":"https:\/\/netbakis.net\/#website","url":"https:\/\/netbakis.net\/","name":"NETBAKIS","description":"SON DAKIKA","potentialAction":[{"@type":"SearchAction","target":{"@type":"EntryPoint","urlTemplate":"https:\/\/netbakis.net\/?s={search_term_string}"},"query-input":{"@type":"PropertyValueSpecification","valueRequired":true,"valueName":"search_term_string"}}],"inLanguage":"tr"},{"@type":"Person","@id":"https:\/\/netbakis.net\/#\/schema\/person\/5d9b5c3f48ca4a3c69967d619fc8c7f4","name":"netbakis.net","image":{"@type":"ImageObject","inLanguage":"tr","@id":"https:\/\/netbakis.net\/#\/schema\/person\/image\/","url":"https:\/\/secure.gravatar.com\/avatar\/4ddeae49d2d3e3568a8d5b0937642efdf0b72468dbe3f213bc1978faa47af0d1?s=96&d=wp_user_avatar&r=g","contentUrl":"https:\/\/secure.gravatar.com\/avatar\/4ddeae49d2d3e3568a8d5b0937642efdf0b72468dbe3f213bc1978faa47af0d1?s=96&d=wp_user_avatar&r=g","caption":"netbakis.net"},"sameAs":["https:\/\/netbakis.net"],"url":"https:\/\/netbakis.net\/tr\/author\/netbakis-net\/"}]}},"jetpack_publicize_connections":[],"_links":{"self":[{"href":"https:\/\/netbakis.net\/tr\/wp-json\/wp\/v2\/posts\/39452","targetHints":{"allow":["GET"]}}],"collection":[{"href":"https:\/\/netbakis.net\/tr\/wp-json\/wp\/v2\/posts"}],"about":[{"href":"https:\/\/netbakis.net\/tr\/wp-json\/wp\/v2\/types\/post"}],"author":[{"embeddable":true,"href":"https:\/\/netbakis.net\/tr\/wp-json\/wp\/v2\/users\/1"}],"replies":[{"embeddable":true,"href":"https:\/\/netbakis.net\/tr\/wp-json\/wp\/v2\/comments?post=39452"}],"version-history":[{"count":1,"href":"https:\/\/netbakis.net\/tr\/wp-json\/wp\/v2\/posts\/39452\/revisions"}],"predecessor-version":[{"id":39454,"href":"https:\/\/netbakis.net\/tr\/wp-json\/wp\/v2\/posts\/39452\/revisions\/39454"}],"wp:featuredmedia":[{"embeddable":true,"href":"https:\/\/netbakis.net\/tr\/wp-json\/wp\/v2\/media\/39453"}],"wp:attachment":[{"href":"https:\/\/netbakis.net\/tr\/wp-json\/wp\/v2\/media?parent=39452"}],"wp:term":[{"taxonomy":"category","embeddable":true,"href":"https:\/\/netbakis.net\/tr\/wp-json\/wp\/v2\/categories?post=39452"},{"taxonomy":"post_tag","embeddable":true,"href":"https:\/\/netbakis.net\/tr\/wp-json\/wp\/v2\/tags?post=39452"}],"curies":[{"name":"wp","href":"https:\/\/api.w.org\/{rel}","templated":true}]}}