{"id":39438,"date":"2026-04-28T14:53:03","date_gmt":"2026-04-28T14:53:03","guid":{"rendered":"https:\/\/netbakis.net\/?p=39438"},"modified":"2026-04-28T14:53:05","modified_gmt":"2026-04-28T14:53:05","slug":"erhurman-kibrisli-turkler-yok-sayilarak-bu-adada-cozum-olabilecegini-dusunen-var-mi-gercekten","status":"publish","type":"post","link":"https:\/\/netbakis.net\/tr\/39438\/","title":{"rendered":"Erh\u00fcrman: K\u0131br\u0131sl\u0131 T\u00fcrkler yok say\u0131larak bu adada \u00e7\u00f6z\u00fcm olabilece\u011fini d\u00fc\u015f\u00fcnen var m\u0131 ger\u00e7ekten?"},"content":{"rendered":"<p>Cumhurba\u015fkan\u0131 Tufan Erh\u00fcrman, Rum liderli\u011finin son d\u00f6nemde art arda yapt\u0131\u011f\u0131 a\u00e7\u0131klamalar ve anla\u015fmalarla ilgili de\u011ferlendirmesinde, K\u0131br\u0131sl\u0131 T\u00fcrklerin yok say\u0131ld\u0131\u011f\u0131 bir yakla\u015f\u0131m\u0131n \u00e7\u00f6z\u00fcm getirmeyece\u011fini vurgulad\u0131. Erh\u00fcrman, \u00e7\u00f6z\u00fcm isteyen t\u00fcm taraflara \u201cat\u0131lan ad\u0131mlar\u0131n \u00e7\u00f6z\u00fcme katk\u0131s\u0131\u201dn\u0131 yeniden de\u011ferlendirme \u00e7a\u011fr\u0131s\u0131 yapt\u0131.<br><br>Cumhurba\u015fkan\u0131 Tufan Erh\u00fcrman, sosyal medya \u00fczerinden yapt\u0131\u011f\u0131 payla\u015f\u0131mda K\u0131br\u0131s sorunu ve son geli\u015fmelere ili\u015fkin a\u00e7\u0131klamalarda bulundu.<\/p>\n\n\n\n<p>Cumhurba\u015fkan\u0131 Erh\u00fcrman, Rum liderli\u011finin son d\u00f6nemde art arda yapt\u0131\u011f\u0131 a\u00e7\u0131klamalar ve anla\u015fmalarla ilgili de\u011ferlendirmesinde, K\u0131br\u0131sl\u0131 T\u00fcrklerin yok say\u0131ld\u0131\u011f\u0131 bir yakla\u015f\u0131m\u0131n \u00e7\u00f6z\u00fcm getirmeyece\u011fini vurgulad\u0131. Erh\u00fcrman, \u00e7\u00f6z\u00fcm isteyen t\u00fcm taraflara \u201cat\u0131lan ad\u0131mlar\u0131n \u00e7\u00f6z\u00fcme katk\u0131s\u0131\u201dn\u0131 yeniden de\u011ferlendirme \u00e7a\u011fr\u0131s\u0131 yapt\u0131.<\/p>\n\n\n\n<p>&#8220;G\u00dcN GE\u00c7M\u0130YOR K\u0130 KIBRIS RUM L\u0130DERL\u0130\u011e\u0130&#8217;NDEN YEN\u0130 B\u0130R ANLA\u015eMA HABER\u0130 VE KIBRIS SORUNUYLA \u0130LG\u0130L\u0130 YEN\u0130 B\u0130R A\u00c7IKLAMA DUYMAYALIM&#8221;<\/p>\n\n\n\n<p>Cumhurba\u015fkan\u0131 Erh\u00fcrman&#8217;\u0131n ilgili payla\u015f\u0131m\u0131n\u0131n tamam\u0131 \u015fu \u015fekilde:<\/p>\n\n\n\n<p>&#8220;G\u00fcn ge\u00e7miyor ki K\u0131br\u0131s Rum Liderli\u011fi&#8217;nden yeni bir anla\u015fma haberi ve K\u0131br\u0131s sorunu ile ilgili yeni bir a\u00e7\u0131klama duymayal\u0131m.<\/p>\n\n\n\n<p>Bir yandan Fransa ile askeri i\u015fbirli\u011fi konusunda yeni bir anla\u015fma, di\u011fer yandan Sn. Guterres&#8217;in g\u00fcneydeki se\u00e7imlerden ve d\u00f6nem ba\u015fkanl\u0131\u011f\u0131ndan sonra almas\u0131 beklenen yeni inisiyatif konusunda &#8216;s\u00fcre\u00e7 halihaz\u0131rda ba\u015flad\u0131&#8217; a\u00e7\u0131klamas\u0131!<\/p>\n\n\n\n<p>ERH\u00dcRMAN, VON DER LEYEN&#8217;\u0130N, KIBRISLI T\u00dcRKLER\u0130 G\u00d6RMEZDEN GELMES\u0130N\u0130 DE ELE\u015eT\u0130RD\u0130<\/p>\n\n\n\n<p>Sn. Von der Leyen&#8217;in de a\u00e7\u0131klamalar\u0131 oldu ge\u00e7ti\u011fimiz g\u00fcnlerde. K\u0131br\u0131s sorununun b\u00f6lgesel istikrar ve refahla do\u011frudan ba\u011flant\u0131l\u0131 oldu\u011funu s\u00f6yledi ki tamamen kat\u0131l\u0131yorum.<\/p>\n\n\n\n<p>Ama ayn\u0131 Sn. Von der Leyen, &#8216;Avrupa&#8217;n\u0131n, Rus, T\u00fcrk ve \u00c7in&#8217; etkisine b\u0131rak\u0131lmamas\u0131 gerekti\u011finden ve K\u0131br\u0131sl\u0131 T\u00fcrkler hi\u00e7 buralarda yokmu\u015f gibi ele al\u0131nan enerji ile ilgili (Great Sea Interconnector) projeden de s\u00f6z etti. Daha \u00f6nceki &#8216;K\u0131br\u0131s&#8217;ta Bizans kiliseleri g\u00f6lgesinde inovasyon&#8217; a\u00e7\u0131klamalar\u0131na ve &#8216;delikten bakt\u0131rma rit\u00fceli&#8217;ne ek olarak!<\/p>\n\n\n\n<p>&#8216;KIBRISLI T\u00dcRKLER YOK SAYILARAK BU ADADA \u00c7\u00d6Z\u00dcM OLAB\u0130LECE\u011e\u0130N\u0130 D\u00dc\u015e\u00dcNEN VAR MI GER\u00c7EKTEN?&#8217;<\/p>\n\n\n\n<p>Her s\u00f6ylenene, her a\u00e7\u0131klamaya yan\u0131t yeti\u015ftirme y\u00fck\u00fcml\u00fcl\u00fc\u011f\u00fcm\u00fcz yok elbette. Ama a\u00e7\u0131klamalar art arda gelince naif bir soru ve ayn\u0131 naiflikte bir \u00e7a\u011fr\u0131 gerekiyor sanki!<\/p>\n\n\n\n<p>Soru \u015fu: K\u0131br\u0131sl\u0131 T\u00fcrkler yok say\u0131larak bu adada \u00e7\u00f6z\u00fcm olabilece\u011fini d\u00fc\u015f\u00fcnen var m\u0131 ger\u00e7ekten? \u00c7a\u011fr\u0131 da \u015fu: K\u0131br\u0131s&#8217;ta \u00e7\u00f6z\u00fcm\u00fc istedi\u011fini s\u00f6yleyen herkese, b\u00fct\u00fcn bunlar\u0131n \u00e7\u00f6z\u00fcme ger\u00e7ekten yard\u0131mc\u0131 olup olmad\u0131\u011f\u0131n\u0131 bir kez daha de\u011ferlendirme \u00e7a\u011fr\u0131s\u0131 yap\u0131yorum na\u00e7izane!<\/p>\n\n\n\n<p>Biz mi? Halk\u0131m\u0131z\u0131n \u00e7\u00f6z\u00fcm iradesi \u00e7er\u00e7evesinde, sab\u0131rla, so\u011fukkanl\u0131l\u0131kla, ciddiyetle ve kararl\u0131l\u0131kla var\u0131z ve buraday\u0131z&#8221;<\/p>\n\n\n\n<iframe loading=\"lazy\" src=\"https:\/\/www.facebook.com\/plugins\/post.php?href=https%3A%2F%2Fwww.facebook.com%2Ftufan.erhurman%2Fposts%2Fpfbid02mcj5H8qEEb2uRh7U3pqExCF2QG1gUhJbMiysdWeWpPsVWZ3N2PfHJS5UHYyTfBG5l&#038;show_text=true&#038;width=500\" width=\"500\" height=\"299\" style=\"border:none;overflow:hidden\" scrolling=\"no\" frameborder=\"0\" allowfullscreen=\"true\" allow=\"autoplay; clipboard-write; encrypted-media; picture-in-picture; web-share\"><\/iframe>","protected":false},"excerpt":{"rendered":"<p>Cumhurba\u015fkan\u0131 Tufan Erh\u00fcrman, Rum liderli\u011finin son d\u00f6nemde art arda yapt\u0131\u011f\u0131 a\u00e7\u0131klamalar ve anla\u015fmalarla ilgili de\u011ferlendirmesinde, K\u0131br\u0131sl\u0131 T\u00fcrklerin yok say\u0131ld\u0131\u011f\u0131 bir yakla\u015f\u0131m\u0131n \u00e7\u00f6z\u00fcm getirmeyece\u011fini vurgulad\u0131. Erh\u00fcrman, \u00e7\u00f6z\u00fcm isteyen t\u00fcm taraflara \u201cat\u0131lan ad\u0131mlar\u0131n \u00e7\u00f6z\u00fcme katk\u0131s\u0131\u201dn\u0131 yeniden de\u011ferlendirme \u00e7a\u011fr\u0131s\u0131 yapt\u0131. Cumhurba\u015fkan\u0131 Tufan Erh\u00fcrman, sosyal medya \u00fczerinden yapt\u0131\u011f\u0131 payla\u015f\u0131mda K\u0131br\u0131s sorunu ve son geli\u015fmelere ili\u015fkin a\u00e7\u0131klamalarda bulundu. Cumhurba\u015fkan\u0131 Erh\u00fcrman, [&hellip;]<\/p>","protected":false},"author":1,"featured_media":31242,"comment_status":"open","ping_status":"open","sticky":false,"template":"","format":"standard","meta":{"om_disable_all_campaigns":false,"_monsterinsights_skip_tracking":false,"_monsterinsights_sitenote_active":false,"_monsterinsights_sitenote_note":"","_monsterinsights_sitenote_category":0,"_uf_show_specific_survey":0,"_uf_disable_surveys":false,"footnotes":"","jetpack_publicize_message":"","jetpack_publicize_feature_enabled":true,"jetpack_social_post_already_shared":true,"jetpack_social_options":{"image_generator_settings":{"template":"highway","default_image_id":0,"font":"","enabled":false},"version":2}},"categories":[81],"tags":[],"class_list":{"0":"post-39438","1":"post","2":"type-post","3":"status-publish","4":"format-standard","5":"has-post-thumbnail","7":"category-gundem"},"yoast_head":"<!-- This site is optimized with the Yoast SEO plugin v23.8 - https:\/\/yoast.com\/wordpress\/plugins\/seo\/ -->\n<title>Erh\u00fcrman: K\u0131br\u0131sl\u0131 T\u00fcrkler yok say\u0131larak bu adada \u00e7\u00f6z\u00fcm olabilece\u011fini d\u00fc\u015f\u00fcnen var m\u0131 ger\u00e7ekten? - NETBAKIS<\/title>\n<meta name=\"robots\" content=\"index, follow, max-snippet:-1, max-image-preview:large, max-video-preview:-1\" \/>\n<link rel=\"canonical\" href=\"https:\/\/netbakis.net\/tr\/39438\/\" \/>\n<meta property=\"og:locale\" content=\"tr_TR\" \/>\n<meta property=\"og:type\" content=\"article\" \/>\n<meta property=\"og:title\" content=\"Erh\u00fcrman: K\u0131br\u0131sl\u0131 T\u00fcrkler yok say\u0131larak bu adada \u00e7\u00f6z\u00fcm olabilece\u011fini d\u00fc\u015f\u00fcnen var m\u0131 ger\u00e7ekten? - NETBAKIS\" \/>\n<meta property=\"og:description\" content=\"Cumhurba\u015fkan\u0131 Tufan Erh\u00fcrman, Rum liderli\u011finin son d\u00f6nemde art arda yapt\u0131\u011f\u0131 a\u00e7\u0131klamalar ve anla\u015fmalarla ilgili de\u011ferlendirmesinde, K\u0131br\u0131sl\u0131 T\u00fcrklerin yok say\u0131ld\u0131\u011f\u0131 bir yakla\u015f\u0131m\u0131n \u00e7\u00f6z\u00fcm getirmeyece\u011fini vurgulad\u0131. Erh\u00fcrman, \u00e7\u00f6z\u00fcm isteyen t\u00fcm taraflara \u201cat\u0131lan ad\u0131mlar\u0131n \u00e7\u00f6z\u00fcme katk\u0131s\u0131\u201dn\u0131 yeniden de\u011ferlendirme \u00e7a\u011fr\u0131s\u0131 yapt\u0131. Cumhurba\u015fkan\u0131 Tufan Erh\u00fcrman, sosyal medya \u00fczerinden yapt\u0131\u011f\u0131 payla\u015f\u0131mda K\u0131br\u0131s sorunu ve son geli\u015fmelere ili\u015fkin a\u00e7\u0131klamalarda bulundu. Cumhurba\u015fkan\u0131 Erh\u00fcrman, [&hellip;]\" \/>\n<meta property=\"og:url\" content=\"https:\/\/netbakis.net\/tr\/39438\/\" \/>\n<meta property=\"og:site_name\" content=\"NETBAKIS\" \/>\n<meta property=\"article:published_time\" content=\"2026-04-28T14:53:03+00:00\" \/>\n<meta property=\"article:modified_time\" content=\"2026-04-28T14:53:05+00:00\" \/>\n<meta property=\"og:image\" content=\"https:\/\/netbakis.net\/wp-content\/uploads\/2025\/09\/v2normalhaberboyutuablonsuzkopyas-2025-08-22t095504402_1755846540.webp\" \/>\n\t<meta property=\"og:image:width\" content=\"971\" \/>\n\t<meta property=\"og:image:height\" content=\"551\" \/>\n\t<meta property=\"og:image:type\" content=\"image\/webp\" \/>\n<meta name=\"author\" content=\"netbakis.net\" \/>\n<meta name=\"twitter:card\" content=\"summary_large_image\" \/>\n<meta name=\"twitter:label1\" content=\"Yazan:\" \/>\n\t<meta name=\"twitter:data1\" content=\"netbakis.net\" \/>\n\t<meta name=\"twitter:label2\" content=\"Tahmini okuma s\u00fcresi\" \/>\n\t<meta name=\"twitter:data2\" content=\"2 dakika\" \/>\n<script type=\"application\/ld+json\" class=\"yoast-schema-graph\">{\"@context\":\"https:\/\/schema.org\",\"@graph\":[{\"@type\":\"WebPage\",\"@id\":\"https:\/\/netbakis.net\/39438\/\",\"url\":\"https:\/\/netbakis.net\/39438\/\",\"name\":\"Erh\u00fcrman: K\u0131br\u0131sl\u0131 T\u00fcrkler yok say\u0131larak bu adada \u00e7\u00f6z\u00fcm olabilece\u011fini d\u00fc\u015f\u00fcnen var m\u0131 ger\u00e7ekten? - NETBAKIS\",\"isPartOf\":{\"@id\":\"https:\/\/netbakis.net\/#website\"},\"primaryImageOfPage\":{\"@id\":\"https:\/\/netbakis.net\/39438\/#primaryimage\"},\"image\":{\"@id\":\"https:\/\/netbakis.net\/39438\/#primaryimage\"},\"thumbnailUrl\":\"https:\/\/netbakis.net\/wp-content\/uploads\/2025\/09\/v2normalhaberboyutuablonsuzkopyas-2025-08-22t095504402_1755846540.webp\",\"datePublished\":\"2026-04-28T14:53:03+00:00\",\"dateModified\":\"2026-04-28T14:53:05+00:00\",\"author\":{\"@id\":\"https:\/\/netbakis.net\/#\/schema\/person\/5d9b5c3f48ca4a3c69967d619fc8c7f4\"},\"breadcrumb\":{\"@id\":\"https:\/\/netbakis.net\/39438\/#breadcrumb\"},\"inLanguage\":\"tr\",\"potentialAction\":[{\"@type\":\"ReadAction\",\"target\":[\"https:\/\/netbakis.net\/39438\/\"]}]},{\"@type\":\"ImageObject\",\"inLanguage\":\"tr\",\"@id\":\"https:\/\/netbakis.net\/39438\/#primaryimage\",\"url\":\"https:\/\/netbakis.net\/wp-content\/uploads\/2025\/09\/v2normalhaberboyutuablonsuzkopyas-2025-08-22t095504402_1755846540.webp\",\"contentUrl\":\"https:\/\/netbakis.net\/wp-content\/uploads\/2025\/09\/v2normalhaberboyutuablonsuzkopyas-2025-08-22t095504402_1755846540.webp\",\"width\":971,\"height\":551},{\"@type\":\"BreadcrumbList\",\"@id\":\"https:\/\/netbakis.net\/39438\/#breadcrumb\",\"itemListElement\":[{\"@type\":\"ListItem\",\"position\":1,\"name\":\"Home\",\"item\":\"https:\/\/netbakis.net\/\"},{\"@type\":\"ListItem\",\"position\":2,\"name\":\"Erh\u00fcrman: K\u0131br\u0131sl\u0131 T\u00fcrkler yok say\u0131larak bu adada \u00e7\u00f6z\u00fcm olabilece\u011fini d\u00fc\u015f\u00fcnen var m\u0131 ger\u00e7ekten?\"}]},{\"@type\":\"WebSite\",\"@id\":\"https:\/\/netbakis.net\/#website\",\"url\":\"https:\/\/netbakis.net\/\",\"name\":\"NETBAKIS\",\"description\":\"SON DAKIKA\",\"potentialAction\":[{\"@type\":\"SearchAction\",\"target\":{\"@type\":\"EntryPoint\",\"urlTemplate\":\"https:\/\/netbakis.net\/?s={search_term_string}\"},\"query-input\":{\"@type\":\"PropertyValueSpecification\",\"valueRequired\":true,\"valueName\":\"search_term_string\"}}],\"inLanguage\":\"tr\"},{\"@type\":\"Person\",\"@id\":\"https:\/\/netbakis.net\/#\/schema\/person\/5d9b5c3f48ca4a3c69967d619fc8c7f4\",\"name\":\"netbakis.net\",\"image\":{\"@type\":\"ImageObject\",\"inLanguage\":\"tr\",\"@id\":\"https:\/\/netbakis.net\/#\/schema\/person\/image\/\",\"url\":\"https:\/\/secure.gravatar.com\/avatar\/4ddeae49d2d3e3568a8d5b0937642efdf0b72468dbe3f213bc1978faa47af0d1?s=96&d=wp_user_avatar&r=g\",\"contentUrl\":\"https:\/\/secure.gravatar.com\/avatar\/4ddeae49d2d3e3568a8d5b0937642efdf0b72468dbe3f213bc1978faa47af0d1?s=96&d=wp_user_avatar&r=g\",\"caption\":\"netbakis.net\"},\"sameAs\":[\"https:\/\/netbakis.net\"],\"url\":\"https:\/\/netbakis.net\/tr\/author\/netbakis-net\/\"}]}<\/script>\n<!-- \/ Yoast SEO plugin. -->","yoast_head_json":{"title":"Erh\u00fcrman: K\u0131br\u0131sl\u0131 T\u00fcrkler yok say\u0131larak bu adada \u00e7\u00f6z\u00fcm olabilece\u011fini d\u00fc\u015f\u00fcnen var m\u0131 ger\u00e7ekten? - NETBAKIS","robots":{"index":"index","follow":"follow","max-snippet":"max-snippet:-1","max-image-preview":"max-image-preview:large","max-video-preview":"max-video-preview:-1"},"canonical":"https:\/\/netbakis.net\/tr\/39438\/","og_locale":"tr_TR","og_type":"article","og_title":"Erh\u00fcrman: K\u0131br\u0131sl\u0131 T\u00fcrkler yok say\u0131larak bu adada \u00e7\u00f6z\u00fcm olabilece\u011fini d\u00fc\u015f\u00fcnen var m\u0131 ger\u00e7ekten? - NETBAKIS","og_description":"Cumhurba\u015fkan\u0131 Tufan Erh\u00fcrman, Rum liderli\u011finin son d\u00f6nemde art arda yapt\u0131\u011f\u0131 a\u00e7\u0131klamalar ve anla\u015fmalarla ilgili de\u011ferlendirmesinde, K\u0131br\u0131sl\u0131 T\u00fcrklerin yok say\u0131ld\u0131\u011f\u0131 bir yakla\u015f\u0131m\u0131n \u00e7\u00f6z\u00fcm getirmeyece\u011fini vurgulad\u0131. Erh\u00fcrman, \u00e7\u00f6z\u00fcm isteyen t\u00fcm taraflara \u201cat\u0131lan ad\u0131mlar\u0131n \u00e7\u00f6z\u00fcme katk\u0131s\u0131\u201dn\u0131 yeniden de\u011ferlendirme \u00e7a\u011fr\u0131s\u0131 yapt\u0131. Cumhurba\u015fkan\u0131 Tufan Erh\u00fcrman, sosyal medya \u00fczerinden yapt\u0131\u011f\u0131 payla\u015f\u0131mda K\u0131br\u0131s sorunu ve son geli\u015fmelere ili\u015fkin a\u00e7\u0131klamalarda bulundu. Cumhurba\u015fkan\u0131 Erh\u00fcrman, [&hellip;]","og_url":"https:\/\/netbakis.net\/tr\/39438\/","og_site_name":"NETBAKIS","article_published_time":"2026-04-28T14:53:03+00:00","article_modified_time":"2026-04-28T14:53:05+00:00","og_image":[{"width":971,"height":551,"url":"https:\/\/netbakis.net\/wp-content\/uploads\/2025\/09\/v2normalhaberboyutuablonsuzkopyas-2025-08-22t095504402_1755846540.webp","type":"image\/webp"}],"author":"netbakis.net","twitter_card":"summary_large_image","twitter_misc":{"Yazan:":"netbakis.net","Tahmini okuma s\u00fcresi":"2 dakika"},"schema":{"@context":"https:\/\/schema.org","@graph":[{"@type":"WebPage","@id":"https:\/\/netbakis.net\/39438\/","url":"https:\/\/netbakis.net\/39438\/","name":"Erh\u00fcrman: K\u0131br\u0131sl\u0131 T\u00fcrkler yok say\u0131larak bu adada \u00e7\u00f6z\u00fcm olabilece\u011fini d\u00fc\u015f\u00fcnen var m\u0131 ger\u00e7ekten? - NETBAKIS","isPartOf":{"@id":"https:\/\/netbakis.net\/#website"},"primaryImageOfPage":{"@id":"https:\/\/netbakis.net\/39438\/#primaryimage"},"image":{"@id":"https:\/\/netbakis.net\/39438\/#primaryimage"},"thumbnailUrl":"https:\/\/netbakis.net\/wp-content\/uploads\/2025\/09\/v2normalhaberboyutuablonsuzkopyas-2025-08-22t095504402_1755846540.webp","datePublished":"2026-04-28T14:53:03+00:00","dateModified":"2026-04-28T14:53:05+00:00","author":{"@id":"https:\/\/netbakis.net\/#\/schema\/person\/5d9b5c3f48ca4a3c69967d619fc8c7f4"},"breadcrumb":{"@id":"https:\/\/netbakis.net\/39438\/#breadcrumb"},"inLanguage":"tr","potentialAction":[{"@type":"ReadAction","target":["https:\/\/netbakis.net\/39438\/"]}]},{"@type":"ImageObject","inLanguage":"tr","@id":"https:\/\/netbakis.net\/39438\/#primaryimage","url":"https:\/\/netbakis.net\/wp-content\/uploads\/2025\/09\/v2normalhaberboyutuablonsuzkopyas-2025-08-22t095504402_1755846540.webp","contentUrl":"https:\/\/netbakis.net\/wp-content\/uploads\/2025\/09\/v2normalhaberboyutuablonsuzkopyas-2025-08-22t095504402_1755846540.webp","width":971,"height":551},{"@type":"BreadcrumbList","@id":"https:\/\/netbakis.net\/39438\/#breadcrumb","itemListElement":[{"@type":"ListItem","position":1,"name":"Home","item":"https:\/\/netbakis.net\/"},{"@type":"ListItem","position":2,"name":"Erh\u00fcrman: K\u0131br\u0131sl\u0131 T\u00fcrkler yok say\u0131larak bu adada \u00e7\u00f6z\u00fcm olabilece\u011fini d\u00fc\u015f\u00fcnen var m\u0131 ger\u00e7ekten?"}]},{"@type":"WebSite","@id":"https:\/\/netbakis.net\/#website","url":"https:\/\/netbakis.net\/","name":"NETBAKIS","description":"SON DAKIKA","potentialAction":[{"@type":"SearchAction","target":{"@type":"EntryPoint","urlTemplate":"https:\/\/netbakis.net\/?s={search_term_string}"},"query-input":{"@type":"PropertyValueSpecification","valueRequired":true,"valueName":"search_term_string"}}],"inLanguage":"tr"},{"@type":"Person","@id":"https:\/\/netbakis.net\/#\/schema\/person\/5d9b5c3f48ca4a3c69967d619fc8c7f4","name":"netbakis.net","image":{"@type":"ImageObject","inLanguage":"tr","@id":"https:\/\/netbakis.net\/#\/schema\/person\/image\/","url":"https:\/\/secure.gravatar.com\/avatar\/4ddeae49d2d3e3568a8d5b0937642efdf0b72468dbe3f213bc1978faa47af0d1?s=96&d=wp_user_avatar&r=g","contentUrl":"https:\/\/secure.gravatar.com\/avatar\/4ddeae49d2d3e3568a8d5b0937642efdf0b72468dbe3f213bc1978faa47af0d1?s=96&d=wp_user_avatar&r=g","caption":"netbakis.net"},"sameAs":["https:\/\/netbakis.net"],"url":"https:\/\/netbakis.net\/tr\/author\/netbakis-net\/"}]}},"jetpack_publicize_connections":[],"_links":{"self":[{"href":"https:\/\/netbakis.net\/tr\/wp-json\/wp\/v2\/posts\/39438","targetHints":{"allow":["GET"]}}],"collection":[{"href":"https:\/\/netbakis.net\/tr\/wp-json\/wp\/v2\/posts"}],"about":[{"href":"https:\/\/netbakis.net\/tr\/wp-json\/wp\/v2\/types\/post"}],"author":[{"embeddable":true,"href":"https:\/\/netbakis.net\/tr\/wp-json\/wp\/v2\/users\/1"}],"replies":[{"embeddable":true,"href":"https:\/\/netbakis.net\/tr\/wp-json\/wp\/v2\/comments?post=39438"}],"version-history":[{"count":1,"href":"https:\/\/netbakis.net\/tr\/wp-json\/wp\/v2\/posts\/39438\/revisions"}],"predecessor-version":[{"id":39439,"href":"https:\/\/netbakis.net\/tr\/wp-json\/wp\/v2\/posts\/39438\/revisions\/39439"}],"wp:featuredmedia":[{"embeddable":true,"href":"https:\/\/netbakis.net\/tr\/wp-json\/wp\/v2\/media\/31242"}],"wp:attachment":[{"href":"https:\/\/netbakis.net\/tr\/wp-json\/wp\/v2\/media?parent=39438"}],"wp:term":[{"taxonomy":"category","embeddable":true,"href":"https:\/\/netbakis.net\/tr\/wp-json\/wp\/v2\/categories?post=39438"},{"taxonomy":"post_tag","embeddable":true,"href":"https:\/\/netbakis.net\/tr\/wp-json\/wp\/v2\/tags?post=39438"}],"curies":[{"name":"wp","href":"https:\/\/api.w.org\/{rel}","templated":true}]}}