{"id":39435,"date":"2026-04-28T14:51:47","date_gmt":"2026-04-28T14:51:47","guid":{"rendered":"https:\/\/netbakis.net\/?p=39435"},"modified":"2026-04-28T14:51:50","modified_gmt":"2026-04-28T14:51:50","slug":"ertugruloglu-turkgef-baskani-bayduzu-kabul-etti-projelerle-ilgili-bilgi-verildi","status":"publish","type":"post","link":"https:\/\/netbakis.net\/tr\/39435\/","title":{"rendered":"Ertu\u011frulo\u011flu, T\u00dcRKGEF Ba\u015fkan\u0131 Bayduz\u2019u kabul etti: Projelerle ilgili bilgi verildi"},"content":{"rendered":"<p>D\u0131\u015fi\u015fleri Bakan\u0131 Tahsin Ertu\u011frulo\u011flu, T\u00dcRKGEF Ba\u015fkan\u0131 Ahmet Bayduz ve heyetini kabul ederek federasyonun vizyonu ile y\u00fcr\u00fctt\u00fc\u011f\u00fc projeler hakk\u0131nda bilgi ald\u0131.<br><br>D\u0131\u015fi\u015fleri Bakan\u0131 Tahsin Ertu\u011frulo\u011flu, T\u00fcrkiye Gen\u00e7lik ve E\u011fitim Federasyonu (T\u00dcRKGEF) Ba\u015fkan\u0131 Ahmet Bayduz ve berberindeki heyeti kabul etti.<\/p>\n\n\n\n<p>D\u0131\u015fi\u015fleri Bakanl\u0131\u011f\u0131\u2019ndan verilen bilgiye g\u00f6re, kabulde, Ahmet Bayduz, T\u00fcrkiye Gen\u00e7lik ve E\u011fitim Federasyonu\u2019nun vizyon ve s\u00fcrd\u00fcrd\u00fc\u011f\u00fc projeler hakk\u0131nda Bakan Ertu\u011frulo\u011flu\u2019na bilgi verdi.<\/p>","protected":false},"excerpt":{"rendered":"<p>D\u0131\u015fi\u015fleri Bakan\u0131 Tahsin Ertu\u011frulo\u011flu, T\u00dcRKGEF Ba\u015fkan\u0131 Ahmet Bayduz ve heyetini kabul ederek federasyonun vizyonu ile y\u00fcr\u00fctt\u00fc\u011f\u00fc projeler hakk\u0131nda bilgi ald\u0131. D\u0131\u015fi\u015fleri Bakan\u0131 Tahsin Ertu\u011frulo\u011flu, T\u00fcrkiye Gen\u00e7lik ve E\u011fitim Federasyonu (T\u00dcRKGEF) Ba\u015fkan\u0131 Ahmet Bayduz ve berberindeki heyeti kabul etti. D\u0131\u015fi\u015fleri Bakanl\u0131\u011f\u0131\u2019ndan verilen bilgiye g\u00f6re, kabulde, Ahmet Bayduz, T\u00fcrkiye Gen\u00e7lik ve E\u011fitim Federasyonu\u2019nun vizyon ve s\u00fcrd\u00fcrd\u00fc\u011f\u00fc projeler [&hellip;]<\/p>","protected":false},"author":1,"featured_media":39436,"comment_status":"open","ping_status":"open","sticky":false,"template":"","format":"standard","meta":{"om_disable_all_campaigns":false,"_monsterinsights_skip_tracking":false,"_monsterinsights_sitenote_active":false,"_monsterinsights_sitenote_note":"","_monsterinsights_sitenote_category":0,"_uf_show_specific_survey":0,"_uf_disable_surveys":false,"footnotes":"","jetpack_publicize_message":"","jetpack_publicize_feature_enabled":true,"jetpack_social_post_already_shared":true,"jetpack_social_options":{"image_generator_settings":{"template":"highway","default_image_id":0,"font":"","enabled":false},"version":2}},"categories":[81],"tags":[],"class_list":{"0":"post-39435","1":"post","2":"type-post","3":"status-publish","4":"format-standard","5":"has-post-thumbnail","7":"category-gundem"},"yoast_head":"<!-- This site is optimized with the Yoast SEO plugin v23.8 - https:\/\/yoast.com\/wordpress\/plugins\/seo\/ -->\n<title>Ertu\u011frulo\u011flu, T\u00dcRKGEF Ba\u015fkan\u0131 Bayduz\u2019u kabul etti: Projelerle ilgili bilgi verildi - NETBAKIS<\/title>\n<meta name=\"robots\" content=\"index, follow, max-snippet:-1, max-image-preview:large, max-video-preview:-1\" \/>\n<link rel=\"canonical\" href=\"https:\/\/netbakis.net\/tr\/39435\/\" \/>\n<meta property=\"og:locale\" content=\"tr_TR\" \/>\n<meta property=\"og:type\" content=\"article\" \/>\n<meta property=\"og:title\" content=\"Ertu\u011frulo\u011flu, T\u00dcRKGEF Ba\u015fkan\u0131 Bayduz\u2019u kabul etti: Projelerle ilgili bilgi verildi - NETBAKIS\" \/>\n<meta property=\"og:description\" content=\"D\u0131\u015fi\u015fleri Bakan\u0131 Tahsin Ertu\u011frulo\u011flu, T\u00dcRKGEF Ba\u015fkan\u0131 Ahmet Bayduz ve heyetini kabul ederek federasyonun vizyonu ile y\u00fcr\u00fctt\u00fc\u011f\u00fc projeler hakk\u0131nda bilgi ald\u0131. D\u0131\u015fi\u015fleri Bakan\u0131 Tahsin Ertu\u011frulo\u011flu, T\u00fcrkiye Gen\u00e7lik ve E\u011fitim Federasyonu (T\u00dcRKGEF) Ba\u015fkan\u0131 Ahmet Bayduz ve berberindeki heyeti kabul etti. D\u0131\u015fi\u015fleri Bakanl\u0131\u011f\u0131\u2019ndan verilen bilgiye g\u00f6re, kabulde, Ahmet Bayduz, T\u00fcrkiye Gen\u00e7lik ve E\u011fitim Federasyonu\u2019nun vizyon ve s\u00fcrd\u00fcrd\u00fc\u011f\u00fc projeler [&hellip;]\" \/>\n<meta property=\"og:url\" content=\"https:\/\/netbakis.net\/tr\/39435\/\" \/>\n<meta property=\"og:site_name\" content=\"NETBAKIS\" \/>\n<meta property=\"article:published_time\" content=\"2026-04-28T14:51:47+00:00\" \/>\n<meta property=\"article:modified_time\" content=\"2026-04-28T14:51:50+00:00\" \/>\n<meta property=\"og:image\" content=\"https:\/\/netbakis.net\/wp-content\/uploads\/2026\/04\/v2yeniproje60_1777378949.webp\" \/>\n\t<meta property=\"og:image:width\" content=\"971\" \/>\n\t<meta property=\"og:image:height\" content=\"551\" \/>\n\t<meta property=\"og:image:type\" content=\"image\/webp\" \/>\n<meta name=\"author\" content=\"netbakis.net\" \/>\n<meta name=\"twitter:card\" content=\"summary_large_image\" \/>\n<meta name=\"twitter:label1\" content=\"Yazan:\" \/>\n\t<meta name=\"twitter:data1\" content=\"netbakis.net\" \/>\n\t<meta name=\"twitter:label2\" content=\"Tahmini okuma s\u00fcresi\" \/>\n\t<meta name=\"twitter:data2\" content=\"1 dakika\" \/>\n<script type=\"application\/ld+json\" class=\"yoast-schema-graph\">{\"@context\":\"https:\/\/schema.org\",\"@graph\":[{\"@type\":\"WebPage\",\"@id\":\"https:\/\/netbakis.net\/39435\/\",\"url\":\"https:\/\/netbakis.net\/39435\/\",\"name\":\"Ertu\u011frulo\u011flu, T\u00dcRKGEF Ba\u015fkan\u0131 Bayduz\u2019u kabul etti: Projelerle ilgili bilgi verildi - NETBAKIS\",\"isPartOf\":{\"@id\":\"https:\/\/netbakis.net\/#website\"},\"primaryImageOfPage\":{\"@id\":\"https:\/\/netbakis.net\/39435\/#primaryimage\"},\"image\":{\"@id\":\"https:\/\/netbakis.net\/39435\/#primaryimage\"},\"thumbnailUrl\":\"https:\/\/netbakis.net\/wp-content\/uploads\/2026\/04\/v2yeniproje60_1777378949.webp\",\"datePublished\":\"2026-04-28T14:51:47+00:00\",\"dateModified\":\"2026-04-28T14:51:50+00:00\",\"author\":{\"@id\":\"https:\/\/netbakis.net\/#\/schema\/person\/5d9b5c3f48ca4a3c69967d619fc8c7f4\"},\"breadcrumb\":{\"@id\":\"https:\/\/netbakis.net\/39435\/#breadcrumb\"},\"inLanguage\":\"tr\",\"potentialAction\":[{\"@type\":\"ReadAction\",\"target\":[\"https:\/\/netbakis.net\/39435\/\"]}]},{\"@type\":\"ImageObject\",\"inLanguage\":\"tr\",\"@id\":\"https:\/\/netbakis.net\/39435\/#primaryimage\",\"url\":\"https:\/\/netbakis.net\/wp-content\/uploads\/2026\/04\/v2yeniproje60_1777378949.webp\",\"contentUrl\":\"https:\/\/netbakis.net\/wp-content\/uploads\/2026\/04\/v2yeniproje60_1777378949.webp\",\"width\":971,\"height\":551},{\"@type\":\"BreadcrumbList\",\"@id\":\"https:\/\/netbakis.net\/39435\/#breadcrumb\",\"itemListElement\":[{\"@type\":\"ListItem\",\"position\":1,\"name\":\"Home\",\"item\":\"https:\/\/netbakis.net\/\"},{\"@type\":\"ListItem\",\"position\":2,\"name\":\"Ertu\u011frulo\u011flu, T\u00dcRKGEF Ba\u015fkan\u0131 Bayduz\u2019u kabul etti: Projelerle ilgili bilgi verildi\"}]},{\"@type\":\"WebSite\",\"@id\":\"https:\/\/netbakis.net\/#website\",\"url\":\"https:\/\/netbakis.net\/\",\"name\":\"NETBAKIS\",\"description\":\"SON DAKIKA\",\"potentialAction\":[{\"@type\":\"SearchAction\",\"target\":{\"@type\":\"EntryPoint\",\"urlTemplate\":\"https:\/\/netbakis.net\/?s={search_term_string}\"},\"query-input\":{\"@type\":\"PropertyValueSpecification\",\"valueRequired\":true,\"valueName\":\"search_term_string\"}}],\"inLanguage\":\"tr\"},{\"@type\":\"Person\",\"@id\":\"https:\/\/netbakis.net\/#\/schema\/person\/5d9b5c3f48ca4a3c69967d619fc8c7f4\",\"name\":\"netbakis.net\",\"image\":{\"@type\":\"ImageObject\",\"inLanguage\":\"tr\",\"@id\":\"https:\/\/netbakis.net\/#\/schema\/person\/image\/\",\"url\":\"https:\/\/secure.gravatar.com\/avatar\/4ddeae49d2d3e3568a8d5b0937642efdf0b72468dbe3f213bc1978faa47af0d1?s=96&d=wp_user_avatar&r=g\",\"contentUrl\":\"https:\/\/secure.gravatar.com\/avatar\/4ddeae49d2d3e3568a8d5b0937642efdf0b72468dbe3f213bc1978faa47af0d1?s=96&d=wp_user_avatar&r=g\",\"caption\":\"netbakis.net\"},\"sameAs\":[\"https:\/\/netbakis.net\"],\"url\":\"https:\/\/netbakis.net\/tr\/author\/netbakis-net\/\"}]}<\/script>\n<!-- \/ Yoast SEO plugin. -->","yoast_head_json":{"title":"Ertu\u011frulo\u011flu, T\u00dcRKGEF Ba\u015fkan\u0131 Bayduz\u2019u kabul etti: Projelerle ilgili bilgi verildi - NETBAKIS","robots":{"index":"index","follow":"follow","max-snippet":"max-snippet:-1","max-image-preview":"max-image-preview:large","max-video-preview":"max-video-preview:-1"},"canonical":"https:\/\/netbakis.net\/tr\/39435\/","og_locale":"tr_TR","og_type":"article","og_title":"Ertu\u011frulo\u011flu, T\u00dcRKGEF Ba\u015fkan\u0131 Bayduz\u2019u kabul etti: Projelerle ilgili bilgi verildi - NETBAKIS","og_description":"D\u0131\u015fi\u015fleri Bakan\u0131 Tahsin Ertu\u011frulo\u011flu, T\u00dcRKGEF Ba\u015fkan\u0131 Ahmet Bayduz ve heyetini kabul ederek federasyonun vizyonu ile y\u00fcr\u00fctt\u00fc\u011f\u00fc projeler hakk\u0131nda bilgi ald\u0131. D\u0131\u015fi\u015fleri Bakan\u0131 Tahsin Ertu\u011frulo\u011flu, T\u00fcrkiye Gen\u00e7lik ve E\u011fitim Federasyonu (T\u00dcRKGEF) Ba\u015fkan\u0131 Ahmet Bayduz ve berberindeki heyeti kabul etti. D\u0131\u015fi\u015fleri Bakanl\u0131\u011f\u0131\u2019ndan verilen bilgiye g\u00f6re, kabulde, Ahmet Bayduz, T\u00fcrkiye Gen\u00e7lik ve E\u011fitim Federasyonu\u2019nun vizyon ve s\u00fcrd\u00fcrd\u00fc\u011f\u00fc projeler [&hellip;]","og_url":"https:\/\/netbakis.net\/tr\/39435\/","og_site_name":"NETBAKIS","article_published_time":"2026-04-28T14:51:47+00:00","article_modified_time":"2026-04-28T14:51:50+00:00","og_image":[{"width":971,"height":551,"url":"https:\/\/netbakis.net\/wp-content\/uploads\/2026\/04\/v2yeniproje60_1777378949.webp","type":"image\/webp"}],"author":"netbakis.net","twitter_card":"summary_large_image","twitter_misc":{"Yazan:":"netbakis.net","Tahmini okuma s\u00fcresi":"1 dakika"},"schema":{"@context":"https:\/\/schema.org","@graph":[{"@type":"WebPage","@id":"https:\/\/netbakis.net\/39435\/","url":"https:\/\/netbakis.net\/39435\/","name":"Ertu\u011frulo\u011flu, T\u00dcRKGEF Ba\u015fkan\u0131 Bayduz\u2019u kabul etti: Projelerle ilgili bilgi verildi - NETBAKIS","isPartOf":{"@id":"https:\/\/netbakis.net\/#website"},"primaryImageOfPage":{"@id":"https:\/\/netbakis.net\/39435\/#primaryimage"},"image":{"@id":"https:\/\/netbakis.net\/39435\/#primaryimage"},"thumbnailUrl":"https:\/\/netbakis.net\/wp-content\/uploads\/2026\/04\/v2yeniproje60_1777378949.webp","datePublished":"2026-04-28T14:51:47+00:00","dateModified":"2026-04-28T14:51:50+00:00","author":{"@id":"https:\/\/netbakis.net\/#\/schema\/person\/5d9b5c3f48ca4a3c69967d619fc8c7f4"},"breadcrumb":{"@id":"https:\/\/netbakis.net\/39435\/#breadcrumb"},"inLanguage":"tr","potentialAction":[{"@type":"ReadAction","target":["https:\/\/netbakis.net\/39435\/"]}]},{"@type":"ImageObject","inLanguage":"tr","@id":"https:\/\/netbakis.net\/39435\/#primaryimage","url":"https:\/\/netbakis.net\/wp-content\/uploads\/2026\/04\/v2yeniproje60_1777378949.webp","contentUrl":"https:\/\/netbakis.net\/wp-content\/uploads\/2026\/04\/v2yeniproje60_1777378949.webp","width":971,"height":551},{"@type":"BreadcrumbList","@id":"https:\/\/netbakis.net\/39435\/#breadcrumb","itemListElement":[{"@type":"ListItem","position":1,"name":"Home","item":"https:\/\/netbakis.net\/"},{"@type":"ListItem","position":2,"name":"Ertu\u011frulo\u011flu, T\u00dcRKGEF Ba\u015fkan\u0131 Bayduz\u2019u kabul etti: Projelerle ilgili bilgi verildi"}]},{"@type":"WebSite","@id":"https:\/\/netbakis.net\/#website","url":"https:\/\/netbakis.net\/","name":"NETBAKIS","description":"SON DAKIKA","potentialAction":[{"@type":"SearchAction","target":{"@type":"EntryPoint","urlTemplate":"https:\/\/netbakis.net\/?s={search_term_string}"},"query-input":{"@type":"PropertyValueSpecification","valueRequired":true,"valueName":"search_term_string"}}],"inLanguage":"tr"},{"@type":"Person","@id":"https:\/\/netbakis.net\/#\/schema\/person\/5d9b5c3f48ca4a3c69967d619fc8c7f4","name":"netbakis.net","image":{"@type":"ImageObject","inLanguage":"tr","@id":"https:\/\/netbakis.net\/#\/schema\/person\/image\/","url":"https:\/\/secure.gravatar.com\/avatar\/4ddeae49d2d3e3568a8d5b0937642efdf0b72468dbe3f213bc1978faa47af0d1?s=96&d=wp_user_avatar&r=g","contentUrl":"https:\/\/secure.gravatar.com\/avatar\/4ddeae49d2d3e3568a8d5b0937642efdf0b72468dbe3f213bc1978faa47af0d1?s=96&d=wp_user_avatar&r=g","caption":"netbakis.net"},"sameAs":["https:\/\/netbakis.net"],"url":"https:\/\/netbakis.net\/tr\/author\/netbakis-net\/"}]}},"jetpack_publicize_connections":[],"_links":{"self":[{"href":"https:\/\/netbakis.net\/tr\/wp-json\/wp\/v2\/posts\/39435","targetHints":{"allow":["GET"]}}],"collection":[{"href":"https:\/\/netbakis.net\/tr\/wp-json\/wp\/v2\/posts"}],"about":[{"href":"https:\/\/netbakis.net\/tr\/wp-json\/wp\/v2\/types\/post"}],"author":[{"embeddable":true,"href":"https:\/\/netbakis.net\/tr\/wp-json\/wp\/v2\/users\/1"}],"replies":[{"embeddable":true,"href":"https:\/\/netbakis.net\/tr\/wp-json\/wp\/v2\/comments?post=39435"}],"version-history":[{"count":1,"href":"https:\/\/netbakis.net\/tr\/wp-json\/wp\/v2\/posts\/39435\/revisions"}],"predecessor-version":[{"id":39437,"href":"https:\/\/netbakis.net\/tr\/wp-json\/wp\/v2\/posts\/39435\/revisions\/39437"}],"wp:featuredmedia":[{"embeddable":true,"href":"https:\/\/netbakis.net\/tr\/wp-json\/wp\/v2\/media\/39436"}],"wp:attachment":[{"href":"https:\/\/netbakis.net\/tr\/wp-json\/wp\/v2\/media?parent=39435"}],"wp:term":[{"taxonomy":"category","embeddable":true,"href":"https:\/\/netbakis.net\/tr\/wp-json\/wp\/v2\/categories?post=39435"},{"taxonomy":"post_tag","embeddable":true,"href":"https:\/\/netbakis.net\/tr\/wp-json\/wp\/v2\/tags?post=39435"}],"curies":[{"name":"wp","href":"https:\/\/api.w.org\/{rel}","templated":true}]}}