{"id":39433,"date":"2026-04-28T14:51:24","date_gmt":"2026-04-28T14:51:24","guid":{"rendered":"https:\/\/netbakis.net\/?p=39433"},"modified":"2026-04-28T14:51:26","modified_gmt":"2026-04-28T14:51:26","slug":"fide-kursat-kamu-maliyesi-cokmus-borc-uretime-degil-faiz-ve-maasa-gidiyor","status":"publish","type":"post","link":"https:\/\/netbakis.net\/tr\/39433\/","title":{"rendered":"Fide K\u00fcr\u015fat: Kamu maliyesi \u00e7\u00f6km\u00fc\u015f; Bor\u00e7 \u00fcretime de\u011fil, faiz ve maa\u015fa gidiyor"},"content":{"rendered":"<p>CTP Milletvekili Fide K\u00fcr\u015fat, Meclis\u2019te kamu maliyesinin bor\u00e7la ayakta tutuldu\u011funu ve halk\u0131n giderek fakirle\u015fti\u011fini belirterek, \u201cBu b\u00fcy\u00fcme de\u011fil, bor\u00e7la ayakta kalma halidir\u201d dedi. K\u00fcr\u015fat, kay\u0131t d\u0131\u015f\u0131 ekonomiyle m\u00fccadele edilmemesini ve vergi sistemindeki adaletsizli\u011fi ele\u015ftirdi.<br><br>Cumhuriyet\u00e7i T\u00fcrk Partisi (CTP) \u0130skele Milletvekili Fide K\u00fcr\u015fat, Meclis\u2019te yapt\u0131\u011f\u0131 konu\u015fmada ekonomi y\u00f6netimine sert ele\u015ftiriler y\u00f6neltti. K\u00fcr\u015fat, Kuzey K\u0131br\u0131s T\u00fcrk Cumhuriyeti\u2019nde ekonominin y\u00f6netilmedi\u011fini savunarak, kamu maliyesinin \u00e7\u00f6kt\u00fc\u011f\u00fcn\u00fc ve sistemin bor\u00e7la ayakta tutuldu\u011funu ifade etti.<\/p>\n\n\n\n<p>\u201cKuzey K\u0131br\u0131s T\u00fcrk Cumhuriyeti\u2019nde ekonomi y\u00f6netilmiyor. Kamu maliyesi \u00e7\u00f6km\u00fc\u015f, sistem bor\u00e7la ayakta tutuluyor, bedelini ise halk \u00f6d\u00fcyor!\u201d diyen K\u00fcr\u015fat, b\u00fct\u00e7ede gelir, disiplin ve plan olmad\u0131\u011f\u0131n\u0131, buna kar\u015f\u0131n kontrols\u00fcz harcamalar\u0131n s\u00fcrd\u00fc\u011f\u00fcn\u00fc belirtti.<\/p>\n\n\n\n<p>\u201cH\u00dcK\u00dcMET \u00dcRET\u0130M YER\u0130NE BOR\u00c7LANIYOR\u201d<\/p>\n\n\n\n<p>H\u00fck\u00fcmetin \u00fcretim yaratmak ve ekonomiyi b\u00fcy\u00fctmek yerine bor\u00e7lanmay\u0131 tercih etti\u011fini s\u00f6yleyen K\u00fcr\u015fat, yap\u0131sal sorunlar\u0131n \u00e7\u00f6z\u00fclmedi\u011fini savundu.<\/p>\n\n\n\n<p>\u201cBug\u00fcn b\u00fct\u00e7eye bak\u0131yoruz: Gelir yok, disiplin yok, plan yok! Ama harcama var\u2026 Hem de kontrols\u00fcz harcama! H\u00fck\u00fcmet ne yap\u0131yor? \u00dcretim yaratmak, gelir art\u0131rmak, ekonomiyi b\u00fcy\u00fctmek yerine bor\u00e7lan\u0131yor, yap\u0131sal sorunlar\u0131n \u00fczerine gitmek yerine g\u00fcn\u00fc kurtar\u0131yor\u201d ifadelerini kulland\u0131.<\/p>\n\n\n\n<p>K\u00fcr\u015fat, bu politikalar\u0131n sonucunda hayat pahal\u0131l\u0131\u011f\u0131n\u0131n artt\u0131\u011f\u0131n\u0131, denetimin sa\u011flanamad\u0131\u011f\u0131n\u0131 ve halk\u0131n fakirle\u015fti\u011fini dile getirerek, \u201cEsnaf bitik durumda, turizm sekt\u00f6r\u00fc, sanayi SOS veriyor. Bu d\u00fczen s\u00fcrd\u00fcr\u00fclebilir de\u011fildir!\u201d dedi.<\/p>\n\n\n\n<p>Konu\u015fmas\u0131nda kay\u0131t d\u0131\u015f\u0131 ekonomiye de dikkat \u00e7eken K\u00fcr\u015fat, bu alan\u0131n b\u00fcy\u00fck bir sorun oldu\u011funu belirtti.<\/p>\n\n\n\n<p>\u201cBu \u00fclkede en b\u00fcy\u00fck sorunlardan biri kay\u0131t d\u0131\u015f\u0131 ekonomidir. Uzmanlar bu \u00fclkede %70 civar\u0131nda kay\u0131t d\u0131\u015f\u0131 ekonomi oldu\u011funa dikkat \u00e7ekiyor\u201d diyen K\u00fcr\u015fat, sanal bet ve kripto para gibi alanlarda ciddi para ak\u0131\u015f\u0131n\u0131n bulundu\u011funu ancak yasal d\u00fczenleme yap\u0131lmad\u0131\u011f\u0131n\u0131 s\u00f6yledi.<\/p>\n\n\n\n<p>\u201cH\u00fck\u00fcmet program\u0131nda bu alanlarla ilgili d\u00fczenlemeler yap\u0131laca\u011f\u0131 belirtilmi\u015fti. H\u00fck\u00fcmetin \u00f6mr\u00fc doldu, hi\u00e7bir d\u00fczenleme yap\u0131lmad\u0131, mevzuat haz\u0131rlanmad\u0131 ve \u00e7ok \u00f6nemli bir kaynak kay\u0131t d\u0131\u015f\u0131 kald\u0131\u201d dedi.<\/p>\n\n\n\n<p>\u201cVERG\u0130 POL\u0130T\u0130KASI DE\u011e\u0130L, TAHS\u0130LAT Z\u0130HN\u0130YET\u0130\u201d<\/p>\n\n\n\n<p>Kay\u0131t d\u0131\u015f\u0131l\u0131kla m\u00fccadele edilmedi\u011fini vurgulayan Fide K\u00fcr\u015fat, h\u00fck\u00fcmetin kay\u0131t i\u00e7indeki m\u00fckelleflerin \u00fczerine gitti\u011fini ileri s\u00fcrd\u00fc.<\/p>\n\n\n\n<p>\u201cKay\u0131t d\u0131\u015f\u0131yla m\u00fccadele etmek yerine, kay\u0131t i\u00e7indeki esnaf\u0131n, m\u00fckelleflerin \u00fczerine gidiliyor. Resen vergilerle, denetim bask\u0131s\u0131yla, kazanmayan insandan vergi al\u0131nmaz! Bu maliye politikas\u0131 de\u011fil, bu a\u00e7\u0131k\u00e7a tahsilat zihniyetidir!\u201d ifadelerini kulland\u0131.<\/p>\n\n\n\n<p>Vergi sisteminin adaletsiz oldu\u011funu da vurgulayan K\u00fcr\u015fat, \u201cDolayl\u0131 ve do\u011frudan vergilerle halk\u0131n cebine uzan\u0131yorsunuz! Az kazananla \u00e7ok kazanan ayn\u0131 y\u00fck\u00fc ta\u015f\u0131yor! Bu kabul edilemez!\u201d dedi.<\/p>\n\n\n\n<p>\u201cBOR\u00c7 \u00dcRET\u0130ME DE\u011e\u0130L, FA\u0130ZE VE MAA\u015eA G\u0130D\u0130YOR\u201d<\/p>\n\n\n\n<p>Kamu maliyesinin bor\u00e7 bata\u011f\u0131nda oldu\u011funu belirten K\u00fcr\u015fat, bor\u00e7lanman\u0131n \u00fcretim ve yat\u0131r\u0131m yerine farkl\u0131 alanlara y\u00f6nlendirildi\u011fini s\u00f6yledi.<\/p>\n\n\n\n<p>\u201cS\u00fcrekli bor\u00e7lan\u0131yorsunuz, nereye kadar b\u00f6yle sorusuna \u2018i\u015f nereye kadar giderse\u2019 diyebiliyorsunuz. Ama bu bor\u00e7 \u00fcretime gitmiyor, yat\u0131r\u0131ma gitmiyor, reformlara gitmiyor. Bor\u00e7 faizlerine, maa\u015flara, g\u00fcn\u00fc kurtarmaya gidiyor\u201d dedi.<\/p>\n\n\n\n<p>K\u00fcr\u015fat, bu anlay\u0131\u015fla kamu maliyesinin ayakta kalamayaca\u011f\u0131n\u0131 belirterek, \u201cB\u00f6yle bir \u00f6ng\u00f6r\u00fcs\u00fczl\u00fck, politikas\u0131zl\u0131k, vizyonsuzluk ve beceriksizlikle ekonomi y\u00f6netilemez!\u201d ifadelerini kulland\u0131.<\/p>\n\n\n\n<p>\u201c\u00dcRET\u0130M B\u0130T\u0130R\u0130LD\u0130, MAL\u0130YETLER KONTROLS\u00dcZ\u201d<\/p>\n\n\n\n<p>\u00dcretim sekt\u00f6r\u00fcn\u00fcn ciddi sorunlar ya\u015fad\u0131\u011f\u0131n\u0131 dile getiren K\u00fcr\u015fat, sanayici, \u00e7ift\u00e7i ve turizm sekt\u00f6r\u00fcn\u00fcn zor durumda oldu\u011funu s\u00f6yledi.<\/p>\n\n\n\n<p>\u201cSanayici maliyet alt\u0131nda eziliyor, \u00e7ift\u00e7i \u00fcretimden \u00e7ekiliyor, turizmci k\u00e2r edemiyor. \u00c7\u00fcnk\u00fc maliyetler kontrols\u00fcz. Enerji pahal\u0131, akaryak\u0131t pahal\u0131, girdi pahal\u0131, kurlar y\u00fckseliyor\u201d dedi.<\/p>\n\n\n\n<p>\u201cS\u00dcT PARASI \u00d6DENMED\u0130, \u00dcRET\u0130C\u0130 FA\u0130Z Y\u00dcK\u00dc ALTINDA\u201d<\/p>\n\n\n\n<p>Tar\u0131m sekt\u00f6r\u00fcne ili\u015fkin somut \u00f6rnekler veren K\u00fcr\u015fat, \u00e7i\u011f s\u00fct \u00f6demelerinin gecikti\u011fini belirtti.<\/p>\n\n\n\n<p>\u201cBug\u00fcn ay\u0131n 28\u2019i, \u00e7i\u011f s\u00fct bedelleri hen\u00fcz \u00f6denmedi. Ay\u0131n 20\u2019sinde \u00f6denirken 25\u2019ine al\u0131nd\u0131, bug\u00fcn 28 Nisan, \u00f6demeden haber yok\u201d diyen K\u00fcr\u015fat, \u00fcreticilerin finansman maliyetleri alt\u0131nda ezildi\u011fini s\u00f6yledi.<\/p>\n\n\n\n<p>\u201cS\u00fct paras\u0131n\u0131 zaman\u0131nda alamayan \u00fcreticilerin T\u00dcK\u2019e arpa al\u0131m\u0131 i\u00e7in kesti\u011fi \u00e7ekler geri d\u00f6n\u00fcyor. \u00dcretici faiz y\u00fck\u00fc alt\u0131na sokuldu\u201d ifadelerini kulland\u0131.<\/p>\n\n\n\n<p>\u201cMAL\u0130YETLER KATLANIYOR, \u00dcRET\u0130C\u0130 PARASIZ\u201d<\/p>\n\n\n\n<p>Hasat d\u00f6neminde \u00fcreticinin nakit s\u0131k\u0131nt\u0131s\u0131 ya\u015fad\u0131\u011f\u0131n\u0131 vurgulayan K\u00fcr\u015fat, artan maliyetlere dikkat \u00e7ekti:<\/p>\n\n\n\n<p>\u201cBug\u00fcnlerde bir vida 80 TL, 1 ton tar\u0131msal su 40 TL, bir telleme aleti tekerle\u011fi 20 bin TL. \u00dcretim maliyetleri her ge\u00e7en g\u00fcn katlanarak art\u0131yor. Ama h\u00fck\u00fcmet ortada yok\u201d dedi.<\/p>\n\n\n\n<p>\u201cYOKSULLUK DER\u0130NLE\u015e\u0130YOR, HALK BOR\u00c7LA YA\u015eIYOR\u201d<\/p>\n\n\n\n<p>Ekonomik g\u00f6stergelere de de\u011finen K\u00fcr\u015fat, yoksulluk s\u0131n\u0131r\u0131n\u0131n 214 bin TL\u2019ye, a\u00e7l\u0131k s\u0131n\u0131r\u0131n\u0131n ise 39 bin 814 TL\u2019ye ula\u015ft\u0131\u011f\u0131n\u0131 belirtti.<\/p>\n\n\n\n<p>\u201cBireysel krediler 51 milyar TL\u2019yi a\u015ft\u0131, bir y\u0131lda %49,42 artt\u0131. Bunlar\u0131n %21,92\u2019si kredi kart\u0131 bor\u00e7lar\u0131. Halk art\u0131k kredi kart\u0131yla ya\u015f\u0131yor. Maa\u015f yetmiyor, insanlar bor\u00e7la ge\u00e7iniyor\u201d dedi.<\/p>\n\n\n\n<p>K\u00fcr\u015fat, bunun bir b\u00fcy\u00fcme olmad\u0131\u011f\u0131n\u0131 vurgulayarak, \u201cBu b\u00fcy\u00fcme de\u011fildir! Bu, bor\u00e7la ayakta kalma halidir! Sorunlu bor\u00e7lar bir y\u0131lda %46,09 artt\u0131\u201d ifadelerini kulland\u0131.<\/p>\n\n\n\n<p>\u201cSORUN KAYNAK DE\u011e\u0130L, Y\u00d6NET\u0130M\u201d<\/p>\n\n\n\n<p>Konu\u015fmas\u0131n\u0131n sonunda \u00e7\u00f6z\u00fcm \u00f6nerilerini s\u0131ralayan K\u00fcr\u015fat, sorunun kaynak eksikli\u011fi de\u011fil y\u00f6netim eksikli\u011fi oldu\u011funu kaydetti.<\/p>\n\n\n\n<p>\u201cBu \u00fclkede sorun kaynak eksikli\u011fi de\u011fil, y\u00f6netim eksikli\u011fidir!\u201d diyen K\u00fcr\u015fat, \u015fu \u00e7a\u011fr\u0131y\u0131 yapt\u0131:<\/p>\n\n\n\n<p>\u201cKay\u0131t d\u0131\u015f\u0131 ekonomiyle m\u00fccadele edin!<\/p>\n\n\n\n<p>Vergi sistemini adaletli hale getirin!<\/p>\n\n\n\n<p>Kamu harcamalar\u0131nda disiplin sa\u011flay\u0131n!<\/p>\n\n\n\n<p>\u00dcretimi destekleyin!\u201d<\/p>\n\n\n\n<p>\u201cBU D\u00dcZEN DE\u011e\u0130\u015eECEK\u201d<\/p>\n\n\n\n<p>K\u00fcr\u015fat, konu\u015fmas\u0131n\u0131 sert ifadelerle tamamlad\u0131; \u201cBunlar\u0131 yapmazsan\u0131z ne enflasyon d\u00fc\u015fer, ne halk rahatlar, ne ekonomi toparlan\u0131r! Halk\u0131 borca mahk\u00fbm eden bu d\u00fczen de\u011fi\u015fecektir! \u00dcreteni cezaland\u0131ran bu sistem \u00e7\u00f6kecektir! Bu \u00fclke bunu hak etmiyor!\u201d<\/p>","protected":false},"excerpt":{"rendered":"<p>CTP Milletvekili Fide K\u00fcr\u015fat, Meclis\u2019te kamu maliyesinin bor\u00e7la ayakta tutuldu\u011funu ve halk\u0131n giderek fakirle\u015fti\u011fini belirterek, \u201cBu b\u00fcy\u00fcme de\u011fil, bor\u00e7la ayakta kalma halidir\u201d dedi. K\u00fcr\u015fat, kay\u0131t d\u0131\u015f\u0131 ekonomiyle m\u00fccadele edilmemesini ve vergi sistemindeki adaletsizli\u011fi ele\u015ftirdi. Cumhuriyet\u00e7i T\u00fcrk Partisi (CTP) \u0130skele Milletvekili Fide K\u00fcr\u015fat, Meclis\u2019te yapt\u0131\u011f\u0131 konu\u015fmada ekonomi y\u00f6netimine sert ele\u015ftiriler y\u00f6neltti. K\u00fcr\u015fat, Kuzey K\u0131br\u0131s T\u00fcrk Cumhuriyeti\u2019nde [&hellip;]<\/p>","protected":false},"author":1,"featured_media":13577,"comment_status":"open","ping_status":"open","sticky":false,"template":"","format":"standard","meta":{"om_disable_all_campaigns":false,"_monsterinsights_skip_tracking":false,"_monsterinsights_sitenote_active":false,"_monsterinsights_sitenote_note":"","_monsterinsights_sitenote_category":0,"_uf_show_specific_survey":0,"_uf_disable_surveys":false,"footnotes":"","jetpack_publicize_message":"","jetpack_publicize_feature_enabled":true,"jetpack_social_post_already_shared":true,"jetpack_social_options":{"image_generator_settings":{"template":"highway","default_image_id":0,"font":"","enabled":false},"version":2}},"categories":[81],"tags":[],"class_list":{"0":"post-39433","1":"post","2":"type-post","3":"status-publish","4":"format-standard","5":"has-post-thumbnail","7":"category-gundem"},"yoast_head":"<!-- This site is optimized with the Yoast SEO plugin v23.8 - https:\/\/yoast.com\/wordpress\/plugins\/seo\/ -->\n<title>Fide K\u00fcr\u015fat: Kamu maliyesi \u00e7\u00f6km\u00fc\u015f; Bor\u00e7 \u00fcretime de\u011fil, faiz ve maa\u015fa gidiyor - NETBAKIS<\/title>\n<meta name=\"robots\" content=\"index, follow, max-snippet:-1, max-image-preview:large, max-video-preview:-1\" \/>\n<link rel=\"canonical\" href=\"https:\/\/netbakis.net\/tr\/39433\/\" \/>\n<meta property=\"og:locale\" content=\"tr_TR\" \/>\n<meta property=\"og:type\" content=\"article\" \/>\n<meta property=\"og:title\" content=\"Fide K\u00fcr\u015fat: Kamu maliyesi \u00e7\u00f6km\u00fc\u015f; Bor\u00e7 \u00fcretime de\u011fil, faiz ve maa\u015fa gidiyor - NETBAKIS\" \/>\n<meta property=\"og:description\" content=\"CTP Milletvekili Fide K\u00fcr\u015fat, Meclis\u2019te kamu maliyesinin bor\u00e7la ayakta tutuldu\u011funu ve halk\u0131n giderek fakirle\u015fti\u011fini belirterek, \u201cBu b\u00fcy\u00fcme de\u011fil, bor\u00e7la ayakta kalma halidir\u201d dedi. K\u00fcr\u015fat, kay\u0131t d\u0131\u015f\u0131 ekonomiyle m\u00fccadele edilmemesini ve vergi sistemindeki adaletsizli\u011fi ele\u015ftirdi. Cumhuriyet\u00e7i T\u00fcrk Partisi (CTP) \u0130skele Milletvekili Fide K\u00fcr\u015fat, Meclis\u2019te yapt\u0131\u011f\u0131 konu\u015fmada ekonomi y\u00f6netimine sert ele\u015ftiriler y\u00f6neltti. K\u00fcr\u015fat, Kuzey K\u0131br\u0131s T\u00fcrk Cumhuriyeti\u2019nde [&hellip;]\" \/>\n<meta property=\"og:url\" content=\"https:\/\/netbakis.net\/tr\/39433\/\" \/>\n<meta property=\"og:site_name\" content=\"NETBAKIS\" \/>\n<meta property=\"article:published_time\" content=\"2026-04-28T14:51:24+00:00\" \/>\n<meta property=\"article:modified_time\" content=\"2026-04-28T14:51:26+00:00\" \/>\n<meta property=\"og:image\" content=\"https:\/\/netbakis.net\/wp-content\/uploads\/2023\/05\/156431.jpg\" \/>\n\t<meta property=\"og:image:width\" content=\"620\" \/>\n\t<meta property=\"og:image:height\" content=\"350\" \/>\n\t<meta property=\"og:image:type\" content=\"image\/jpeg\" \/>\n<meta name=\"author\" content=\"netbakis.net\" \/>\n<meta name=\"twitter:card\" content=\"summary_large_image\" \/>\n<meta name=\"twitter:label1\" content=\"Yazan:\" \/>\n\t<meta name=\"twitter:data1\" content=\"netbakis.net\" \/>\n\t<meta name=\"twitter:label2\" content=\"Tahmini okuma s\u00fcresi\" \/>\n\t<meta name=\"twitter:data2\" content=\"4 dakika\" \/>\n<script type=\"application\/ld+json\" class=\"yoast-schema-graph\">{\"@context\":\"https:\/\/schema.org\",\"@graph\":[{\"@type\":\"WebPage\",\"@id\":\"https:\/\/netbakis.net\/39433\/\",\"url\":\"https:\/\/netbakis.net\/39433\/\",\"name\":\"Fide K\u00fcr\u015fat: Kamu maliyesi \u00e7\u00f6km\u00fc\u015f; Bor\u00e7 \u00fcretime de\u011fil, faiz ve maa\u015fa gidiyor - NETBAKIS\",\"isPartOf\":{\"@id\":\"https:\/\/netbakis.net\/#website\"},\"primaryImageOfPage\":{\"@id\":\"https:\/\/netbakis.net\/39433\/#primaryimage\"},\"image\":{\"@id\":\"https:\/\/netbakis.net\/39433\/#primaryimage\"},\"thumbnailUrl\":\"https:\/\/netbakis.net\/wp-content\/uploads\/2023\/05\/156431.jpg\",\"datePublished\":\"2026-04-28T14:51:24+00:00\",\"dateModified\":\"2026-04-28T14:51:26+00:00\",\"author\":{\"@id\":\"https:\/\/netbakis.net\/#\/schema\/person\/5d9b5c3f48ca4a3c69967d619fc8c7f4\"},\"breadcrumb\":{\"@id\":\"https:\/\/netbakis.net\/39433\/#breadcrumb\"},\"inLanguage\":\"tr\",\"potentialAction\":[{\"@type\":\"ReadAction\",\"target\":[\"https:\/\/netbakis.net\/39433\/\"]}]},{\"@type\":\"ImageObject\",\"inLanguage\":\"tr\",\"@id\":\"https:\/\/netbakis.net\/39433\/#primaryimage\",\"url\":\"https:\/\/netbakis.net\/wp-content\/uploads\/2023\/05\/156431.jpg\",\"contentUrl\":\"https:\/\/netbakis.net\/wp-content\/uploads\/2023\/05\/156431.jpg\",\"width\":620,\"height\":350,\"caption\":\"Cumhuriyet\u00e7i T\u00fcrk Partisi (CTP) \u0130skele Milletvekili Fide K\u00fcr\u015fat\"},{\"@type\":\"BreadcrumbList\",\"@id\":\"https:\/\/netbakis.net\/39433\/#breadcrumb\",\"itemListElement\":[{\"@type\":\"ListItem\",\"position\":1,\"name\":\"Home\",\"item\":\"https:\/\/netbakis.net\/\"},{\"@type\":\"ListItem\",\"position\":2,\"name\":\"Fide K\u00fcr\u015fat: Kamu maliyesi \u00e7\u00f6km\u00fc\u015f; Bor\u00e7 \u00fcretime de\u011fil, faiz ve maa\u015fa gidiyor\"}]},{\"@type\":\"WebSite\",\"@id\":\"https:\/\/netbakis.net\/#website\",\"url\":\"https:\/\/netbakis.net\/\",\"name\":\"NETBAKIS\",\"description\":\"SON DAKIKA\",\"potentialAction\":[{\"@type\":\"SearchAction\",\"target\":{\"@type\":\"EntryPoint\",\"urlTemplate\":\"https:\/\/netbakis.net\/?s={search_term_string}\"},\"query-input\":{\"@type\":\"PropertyValueSpecification\",\"valueRequired\":true,\"valueName\":\"search_term_string\"}}],\"inLanguage\":\"tr\"},{\"@type\":\"Person\",\"@id\":\"https:\/\/netbakis.net\/#\/schema\/person\/5d9b5c3f48ca4a3c69967d619fc8c7f4\",\"name\":\"netbakis.net\",\"image\":{\"@type\":\"ImageObject\",\"inLanguage\":\"tr\",\"@id\":\"https:\/\/netbakis.net\/#\/schema\/person\/image\/\",\"url\":\"https:\/\/secure.gravatar.com\/avatar\/4ddeae49d2d3e3568a8d5b0937642efdf0b72468dbe3f213bc1978faa47af0d1?s=96&d=wp_user_avatar&r=g\",\"contentUrl\":\"https:\/\/secure.gravatar.com\/avatar\/4ddeae49d2d3e3568a8d5b0937642efdf0b72468dbe3f213bc1978faa47af0d1?s=96&d=wp_user_avatar&r=g\",\"caption\":\"netbakis.net\"},\"sameAs\":[\"https:\/\/netbakis.net\"],\"url\":\"https:\/\/netbakis.net\/tr\/author\/netbakis-net\/\"}]}<\/script>\n<!-- \/ Yoast SEO plugin. -->","yoast_head_json":{"title":"Fide K\u00fcr\u015fat: Kamu maliyesi \u00e7\u00f6km\u00fc\u015f; Bor\u00e7 \u00fcretime de\u011fil, faiz ve maa\u015fa gidiyor - NETBAKIS","robots":{"index":"index","follow":"follow","max-snippet":"max-snippet:-1","max-image-preview":"max-image-preview:large","max-video-preview":"max-video-preview:-1"},"canonical":"https:\/\/netbakis.net\/tr\/39433\/","og_locale":"tr_TR","og_type":"article","og_title":"Fide K\u00fcr\u015fat: Kamu maliyesi \u00e7\u00f6km\u00fc\u015f; Bor\u00e7 \u00fcretime de\u011fil, faiz ve maa\u015fa gidiyor - NETBAKIS","og_description":"CTP Milletvekili Fide K\u00fcr\u015fat, Meclis\u2019te kamu maliyesinin bor\u00e7la ayakta tutuldu\u011funu ve halk\u0131n giderek fakirle\u015fti\u011fini belirterek, \u201cBu b\u00fcy\u00fcme de\u011fil, bor\u00e7la ayakta kalma halidir\u201d dedi. K\u00fcr\u015fat, kay\u0131t d\u0131\u015f\u0131 ekonomiyle m\u00fccadele edilmemesini ve vergi sistemindeki adaletsizli\u011fi ele\u015ftirdi. Cumhuriyet\u00e7i T\u00fcrk Partisi (CTP) \u0130skele Milletvekili Fide K\u00fcr\u015fat, Meclis\u2019te yapt\u0131\u011f\u0131 konu\u015fmada ekonomi y\u00f6netimine sert ele\u015ftiriler y\u00f6neltti. K\u00fcr\u015fat, Kuzey K\u0131br\u0131s T\u00fcrk Cumhuriyeti\u2019nde [&hellip;]","og_url":"https:\/\/netbakis.net\/tr\/39433\/","og_site_name":"NETBAKIS","article_published_time":"2026-04-28T14:51:24+00:00","article_modified_time":"2026-04-28T14:51:26+00:00","og_image":[{"width":620,"height":350,"url":"https:\/\/netbakis.net\/wp-content\/uploads\/2023\/05\/156431.jpg","type":"image\/jpeg"}],"author":"netbakis.net","twitter_card":"summary_large_image","twitter_misc":{"Yazan:":"netbakis.net","Tahmini okuma s\u00fcresi":"4 dakika"},"schema":{"@context":"https:\/\/schema.org","@graph":[{"@type":"WebPage","@id":"https:\/\/netbakis.net\/39433\/","url":"https:\/\/netbakis.net\/39433\/","name":"Fide K\u00fcr\u015fat: Kamu maliyesi \u00e7\u00f6km\u00fc\u015f; Bor\u00e7 \u00fcretime de\u011fil, faiz ve maa\u015fa gidiyor - NETBAKIS","isPartOf":{"@id":"https:\/\/netbakis.net\/#website"},"primaryImageOfPage":{"@id":"https:\/\/netbakis.net\/39433\/#primaryimage"},"image":{"@id":"https:\/\/netbakis.net\/39433\/#primaryimage"},"thumbnailUrl":"https:\/\/netbakis.net\/wp-content\/uploads\/2023\/05\/156431.jpg","datePublished":"2026-04-28T14:51:24+00:00","dateModified":"2026-04-28T14:51:26+00:00","author":{"@id":"https:\/\/netbakis.net\/#\/schema\/person\/5d9b5c3f48ca4a3c69967d619fc8c7f4"},"breadcrumb":{"@id":"https:\/\/netbakis.net\/39433\/#breadcrumb"},"inLanguage":"tr","potentialAction":[{"@type":"ReadAction","target":["https:\/\/netbakis.net\/39433\/"]}]},{"@type":"ImageObject","inLanguage":"tr","@id":"https:\/\/netbakis.net\/39433\/#primaryimage","url":"https:\/\/netbakis.net\/wp-content\/uploads\/2023\/05\/156431.jpg","contentUrl":"https:\/\/netbakis.net\/wp-content\/uploads\/2023\/05\/156431.jpg","width":620,"height":350,"caption":"Cumhuriyet\u00e7i T\u00fcrk Partisi (CTP) \u0130skele Milletvekili Fide K\u00fcr\u015fat"},{"@type":"BreadcrumbList","@id":"https:\/\/netbakis.net\/39433\/#breadcrumb","itemListElement":[{"@type":"ListItem","position":1,"name":"Home","item":"https:\/\/netbakis.net\/"},{"@type":"ListItem","position":2,"name":"Fide K\u00fcr\u015fat: Kamu maliyesi \u00e7\u00f6km\u00fc\u015f; Bor\u00e7 \u00fcretime de\u011fil, faiz ve maa\u015fa gidiyor"}]},{"@type":"WebSite","@id":"https:\/\/netbakis.net\/#website","url":"https:\/\/netbakis.net\/","name":"NETBAKIS","description":"SON DAKIKA","potentialAction":[{"@type":"SearchAction","target":{"@type":"EntryPoint","urlTemplate":"https:\/\/netbakis.net\/?s={search_term_string}"},"query-input":{"@type":"PropertyValueSpecification","valueRequired":true,"valueName":"search_term_string"}}],"inLanguage":"tr"},{"@type":"Person","@id":"https:\/\/netbakis.net\/#\/schema\/person\/5d9b5c3f48ca4a3c69967d619fc8c7f4","name":"netbakis.net","image":{"@type":"ImageObject","inLanguage":"tr","@id":"https:\/\/netbakis.net\/#\/schema\/person\/image\/","url":"https:\/\/secure.gravatar.com\/avatar\/4ddeae49d2d3e3568a8d5b0937642efdf0b72468dbe3f213bc1978faa47af0d1?s=96&d=wp_user_avatar&r=g","contentUrl":"https:\/\/secure.gravatar.com\/avatar\/4ddeae49d2d3e3568a8d5b0937642efdf0b72468dbe3f213bc1978faa47af0d1?s=96&d=wp_user_avatar&r=g","caption":"netbakis.net"},"sameAs":["https:\/\/netbakis.net"],"url":"https:\/\/netbakis.net\/tr\/author\/netbakis-net\/"}]}},"jetpack_publicize_connections":[],"_links":{"self":[{"href":"https:\/\/netbakis.net\/tr\/wp-json\/wp\/v2\/posts\/39433","targetHints":{"allow":["GET"]}}],"collection":[{"href":"https:\/\/netbakis.net\/tr\/wp-json\/wp\/v2\/posts"}],"about":[{"href":"https:\/\/netbakis.net\/tr\/wp-json\/wp\/v2\/types\/post"}],"author":[{"embeddable":true,"href":"https:\/\/netbakis.net\/tr\/wp-json\/wp\/v2\/users\/1"}],"replies":[{"embeddable":true,"href":"https:\/\/netbakis.net\/tr\/wp-json\/wp\/v2\/comments?post=39433"}],"version-history":[{"count":1,"href":"https:\/\/netbakis.net\/tr\/wp-json\/wp\/v2\/posts\/39433\/revisions"}],"predecessor-version":[{"id":39434,"href":"https:\/\/netbakis.net\/tr\/wp-json\/wp\/v2\/posts\/39433\/revisions\/39434"}],"wp:featuredmedia":[{"embeddable":true,"href":"https:\/\/netbakis.net\/tr\/wp-json\/wp\/v2\/media\/13577"}],"wp:attachment":[{"href":"https:\/\/netbakis.net\/tr\/wp-json\/wp\/v2\/media?parent=39433"}],"wp:term":[{"taxonomy":"category","embeddable":true,"href":"https:\/\/netbakis.net\/tr\/wp-json\/wp\/v2\/categories?post=39433"},{"taxonomy":"post_tag","embeddable":true,"href":"https:\/\/netbakis.net\/tr\/wp-json\/wp\/v2\/tags?post=39433"}],"curies":[{"name":"wp","href":"https:\/\/api.w.org\/{rel}","templated":true}]}}