{"id":39427,"date":"2026-04-28T14:48:34","date_gmt":"2026-04-28T14:48:34","guid":{"rendered":"https:\/\/netbakis.net\/?p=39427"},"modified":"2026-04-28T14:48:36","modified_gmt":"2026-04-28T14:48:36","slug":"incirli-antalyada-iki-toplumlu-iki-bolgeli-ve-siyasi-esitlige-dayali-federal-cozum-vizyonunu-ortaya-koyduk","status":"publish","type":"post","link":"https:\/\/netbakis.net\/tr\/39427\/","title":{"rendered":"\u0130ncirli: Antalya&#8217;da iki toplumlu, iki b\u00f6lgeli ve siyasi e\u015fitli\u011fe dayal\u0131 federal \u00e7\u00f6z\u00fcm vizyonunu ortaya koyduk"},"content":{"rendered":"<p>CTP Genel Ba\u015fkan\u0131 S\u0131la Usar \u0130ncirli, Antalya Diplomasi Forumu kapsam\u0131nda y\u00fcr\u00fct\u00fclen temaslara de\u011finerek, &#8220;Antalya&#8217;da iki toplumlu, iki b\u00f6lgeli ve siyasi e\u015fitli\u011fe dayal\u0131 federal \u00e7\u00f6z\u00fcm vizyonunu ortaya koyduk&#8221; dedi.<br><br>\u015eeffaf ve kat\u0131l\u0131mc\u0131 bir y\u00f6netim kuraca\u011f\u0131z<br>Kay\u0131t d\u0131\u015f\u0131l\u0131kla m\u00fccadele ve etkin denetim \u00f6nceli\u011fimiz olacak<br>Cumhuriyet\u00e7i T\u00fcrk Partisi (CTP) Genel Ba\u015fkan\u0131 S\u0131la Usar \u0130ncirli, Kanal Sim\u2019de Meyil Adakul\u2019un konu\u011fu oldu. \u00dclke g\u00fcndemine ili\u015fkin de\u011ferlendirmelerde bulunan \u0130ncirli, kay\u0131t d\u0131\u015f\u0131l\u0131\u011f\u0131n \u00fclke ekonomisine ciddi zarar verdi\u011fini ifade etti. Ayr\u0131ca, CTP\u2019nin y\u00f6netim anlay\u0131\u015f\u0131na ili\u015fkin mesajlar veren \u0130ncirli, \u015feffafl\u0131k, kat\u0131l\u0131mc\u0131l\u0131k ve toplumsal uzla\u015f\u0131 vurgusu yaparak \u201cHerkesin kendinden bir par\u00e7a bulaca\u011f\u0131, \u015feffaf ve kat\u0131l\u0131mc\u0131 bir y\u00f6netim kuraca\u011f\u0131z\u201d dedi.<\/p>\n\n\n\n<p>\u201cHALK SANDI\u011eI BEKL\u0130YOR, BU H\u00dcK\u00dcMET HALKTAN KOPMU\u015e DURUMDA\u201d<\/p>\n\n\n\n<p>CTP Genel Ba\u015fkan\u0131 S\u0131la Usar \u0130ncirli, programda h\u00fck\u00fcmetin uzun s\u00fcredir halktan kopuk bir y\u00f6netim sergiledi\u011fini belirterek toplumda ciddi bir de\u011fi\u015fim iste\u011fi olu\u015ftu\u011funu s\u00f6yledi. \u201c\u0130nsanlar bize s\u00fcrekli \u2018sand\u0131k ne zaman kurulacak?\u2019 diye soruyor. Halk art\u0131k sand\u0131\u011f\u0131 bekliyor, bu h\u00fck\u00fcmet halktan kopmu\u015f durumda\u201d diyen \u0130ncirli, se\u00e7im tarihinin daha fazla geciktirilmemesi gerekti\u011fini vurgulad\u0131.<\/p>\n\n\n\n<p>\u201cTOPLUMUN T\u00dcM KES\u0130MLER\u0130YLE B\u0130RL\u0130KTE G\u00dc\u00c7L\u00dc VE UYGULANAB\u0130L\u0130R B\u0130R H\u00dcK\u00dcMET PROGRAMININ TEMEL\u0130N\u0130 ATTIK\u201d<\/p>\n\n\n\n<p>CTP\u2019nin iktidar haz\u0131rl\u0131klar\u0131na da de\u011finen \u0130ncirli, yaln\u0131zca ele\u015ftiren de\u011fil \u00e7\u00f6z\u00fcm \u00fcreten bir anlay\u0131\u015fla hareket ettiklerini ifade etti. 14 ana ba\u015fl\u0131kta ger\u00e7ekle\u015ftirilen \u00e7al\u0131\u015ftaylara 500\u2019den fazla ki\u015finin katk\u0131 koydu\u011funu belirten \u0130ncirli, \u201cHangi yasalar de\u011fi\u015fecek, finansman nas\u0131l sa\u011flanacak, kurumlar nas\u0131l g\u00fc\u00e7lendirilecek; hepsini ad\u0131m ad\u0131m planlad\u0131k\u201d dedi. Somut ve uygulanabilir bir program i\u00e7in b\u00fct\u00fcn payda\u015flarla birlikte hareket ettiklerini ifade eden \u0130ncirli, \u201cToplumun t\u00fcm kesimleriyle birlikte kapsaml\u0131 bir s\u00fcre\u00e7 y\u00fcr\u00fctt\u00fck ve g\u00fc\u00e7l\u00fc, uygulanabilir bir h\u00fck\u00fcmet program\u0131n\u0131n temelini att\u0131k\u201d dedi.<\/p>\n\n\n\n<p>\u201cMAL\u0130 D\u0130S\u0130PL\u0130N\u0130 SA\u011eLAYACA\u011eIZ\u201d<\/p>\n\n\n\n<p>\u0130ncirli, ekonomiye ili\u015fkin de\u011ferlendirmelerde de bulunarak h\u00fck\u00fcmetin mali politikalar\u0131n\u0131 sert s\u00f6zlerle ele\u015ftirdi. Gelir-gider dengesinin sa\u011flanamad\u0131\u011f\u0131n\u0131 ve bor\u00e7lanman\u0131n s\u00fcrd\u00fcr\u00fclemez boyutlara ula\u015ft\u0131\u011f\u0131n\u0131 s\u00f6yleyen \u0130ncirli, \u201cBor\u00e7lanarak eski bor\u00e7lar\u0131n faizini \u00f6demeye \u00e7al\u0131\u015f\u0131yorlar\u201d dedi ve bu durumun \u00fclkeyi ciddi bir ekonomik krize s\u00fcr\u00fckledi\u011fini ifade etti. \u0130ncirli, CTP\u2019nin ise g\u00f6reve gelmesiyle birlikte mali disiplini yeniden sa\u011flanmas\u0131 ve bor\u00e7 y\u00f6netim plan\u0131 i\u00e7in ad\u0131m at\u0131laca\u011f\u0131n\u0131 belirterek \u201cMali disiplini sa\u011flayaca\u011f\u0131z. Gelir performans\u0131n\u0131 art\u0131racak ve yap\u0131sal d\u00f6n\u00fc\u015f\u00fcmleri hayata ge\u00e7irecek bir planla hareket edece\u011fiz\u201d ifadelerini kulland\u0131.<\/p>\n\n\n\n<p>\u201cHAZ\u0130RAN\u2019DA SE\u00c7\u0130ME G\u0130D\u0130LMEL\u0130\u201d<\/p>\n\n\n\n<p>Se\u00e7im takvimiyle ilgili S\u0131la Usar \u0130ncirli, se\u00e7im i\u00e7in en do\u011fru tarihin Haziran 2026 oldu\u011funu vurgulad\u0131. Bu tarihin b\u00fct\u00e7e haz\u0131rl\u0131\u011f\u0131 a\u00e7\u0131s\u0131ndan kritik oldu\u011funa dikkat \u00e7eken \u0130ncirli, \u201cHaziran\u2019da se\u00e7im yap\u0131l\u0131rsa yeni h\u00fck\u00fcmet kurulup 2027 b\u00fct\u00e7esi sa\u011fl\u0131kl\u0131 \u015fekilde haz\u0131rlanabilir\u201d dedi. Eyl\u00fcl veya daha sonraki tarihlerde yap\u0131lacak se\u00e7imlerin \u00fclkeyi uzun s\u00fcre kilitleyece\u011fini ifade eden \u0130ncirli, mevcut h\u00fck\u00fcmetin g\u00f6rev s\u00fcresini uzatma \u00e7abalar\u0131n\u0131n sonucu de\u011fi\u015ftirmeyece\u011fini s\u00f6yledi.<\/p>\n\n\n\n<p>\u201cYASA G\u00dcC\u00dcNDE KARARNAMELERLE MECL\u0130S DEVRE DI\u015eI BIRAKILIYOR\u201d<\/p>\n\n\n\n<p>\u0130ncirli, h\u00fck\u00fcmetin yasa g\u00fcc\u00fcnde kararname kullan\u0131m\u0131na tepki g\u00f6stererek bu y\u00f6ntemin Meclis\u2019i bypass etti\u011fini s\u00f6yledi. \u201c420\u2019ye yak\u0131n yasa g\u00fcc\u00fcnde kararname var. Yasa g\u00fcc\u00fcnde kararnamelerle Meclis devre d\u0131\u015f\u0131 b\u0131rak\u0131l\u0131yor\u201d diyen \u0130ncirli, bu durumun ciddi bir hukuki ve y\u00f6netsel kaosa yol a\u00e7abilece\u011fi uyar\u0131s\u0131nda bulundu. \u0130ncirli, ilgili d\u00fczenlemelerin s\u00fcratle Meclis\u2019e getirilmesi gerekti\u011fini vurgulad\u0131.<\/p>\n\n\n\n<p>\u201cKIBRIS SORUNUNUN \u00c7\u00d6Z\u00dcM\u00dc B\u00d6LGESEL \u0130ST\u0130KRAR \u0130\u00c7\u0130N ZORUNLUDUR\u201d<\/p>\n\n\n\n<p>Antalya Diplomasi Forumu kapsam\u0131nda y\u00fcr\u00fct\u00fclen temaslara da de\u011finen \u0130ncirli, K\u0131br\u0131s sorununun \u00e7\u00f6z\u00fcm\u00fcn\u00fcn yaln\u0131zca ada i\u00e7in de\u011fil b\u00f6lgesel g\u00fcvenlik ve istikrar a\u00e7\u0131s\u0131ndan da kritik oldu\u011funu ifade etti. \u201cSorunlar kavgayla de\u011fil diyalog ve diplomasi yoluyla \u00e7\u00f6z\u00fcl\u00fcr\u201d diyen CTP Genel Ba\u015fkan\u0131 \u0130ncirli, iki toplumlu, iki b\u00f6lgeli ve siyasi e\u015fitli\u011fe dayal\u0131 federal \u00e7\u00f6z\u00fcm vizyonunu uluslararas\u0131 temaslarda net \u015fekilde ortaya koyduklar\u0131n\u0131 belirtti.<\/p>\n\n\n\n<p>\u201cCTP \u0130KT\u0130DARINDA HESAP VEREB\u0130L\u0130RL\u0130K ESAS OLACAK\u201d<\/p>\n\n\n\n<p>Kamu y\u00f6netimi ve denetim mekanizmalar\u0131na da de\u011finen \u0130ncirli, kay\u0131t d\u0131\u015f\u0131l\u0131\u011f\u0131n \u00fclke ekonomisine ciddi zarar verdi\u011fini ifade etti. Devletin denetim kapasitesinin g\u00fc\u00e7lendirilmesi gerekti\u011fini vurgulayan \u0130ncirli, \u201cKay\u0131t d\u0131\u015f\u0131l\u0131kla m\u00fccadele edece\u011fiz, denetim mekanizmalar\u0131n\u0131 etkin hale getirece\u011fiz. Kay\u0131t d\u0131\u015f\u0131l\u0131kla m\u00fccadele ve etkin denetim \u00f6nceli\u011fimiz olacak\u201d dedi. Kamu kaynaklar\u0131n\u0131n do\u011fru ve \u015feffaf kullan\u0131lmas\u0131n\u0131n sa\u011flanaca\u011f\u0131n\u0131 belirten \u0130ncirli, CTP iktidar\u0131nda hesap verebilirli\u011fin esas olaca\u011f\u0131n\u0131 kaydetti.<\/p>\n\n\n\n<p>\u201cHERKES\u0130N KEND\u0130NDEN B\u0130R PAR\u00c7A BULACA\u011eI B\u0130R Y\u00d6NET\u0130M KURACA\u011eIZ\u201d<\/p>\n\n\n\n<p>Program\u0131n sonunda CTP\u2019nin y\u00f6netim anlay\u0131\u015f\u0131na ili\u015fkin mesajlar veren \u0130ncirli, \u015feffafl\u0131k, kat\u0131l\u0131mc\u0131l\u0131k ve toplumsal uzla\u015f\u0131 vurgusu yapt\u0131. \u201cHerkesin kendinden bir par\u00e7a bulaca\u011f\u0131, \u015feffaf ve kat\u0131l\u0131mc\u0131 bir y\u00f6netim kuraca\u011f\u0131z\u201d diyen \u0130ncirli, toplumla birlikte hareket ederek \u00fclkeyi yeniden aya\u011fa kald\u0131racaklar\u0131n\u0131 s\u00f6yledi. G\u00fcven duygusunun yeniden in\u015fa edilece\u011fini belirten \u0130ncirli, \u201c\u00d6nce bu k\u00f6t\u00fc gidi\u015fat\u0131 durduraca\u011f\u0131z, ard\u0131ndan memleketi ad\u0131m ad\u0131m aya\u011fa kald\u0131raca\u011f\u0131z\u201d ifadelerini kulland\u0131.<\/p>","protected":false},"excerpt":{"rendered":"<p>CTP Genel Ba\u015fkan\u0131 S\u0131la Usar \u0130ncirli, Antalya Diplomasi Forumu kapsam\u0131nda y\u00fcr\u00fct\u00fclen temaslara de\u011finerek, &#8220;Antalya&#8217;da iki toplumlu, iki b\u00f6lgeli ve siyasi e\u015fitli\u011fe dayal\u0131 federal \u00e7\u00f6z\u00fcm vizyonunu ortaya koyduk&#8221; dedi. \u015eeffaf ve kat\u0131l\u0131mc\u0131 bir y\u00f6netim kuraca\u011f\u0131zKay\u0131t d\u0131\u015f\u0131l\u0131kla m\u00fccadele ve etkin denetim \u00f6nceli\u011fimiz olacakCumhuriyet\u00e7i T\u00fcrk Partisi (CTP) Genel Ba\u015fkan\u0131 S\u0131la Usar \u0130ncirli, Kanal Sim\u2019de Meyil Adakul\u2019un konu\u011fu oldu. [&hellip;]<\/p>","protected":false},"author":1,"featured_media":29986,"comment_status":"open","ping_status":"open","sticky":false,"template":"","format":"standard","meta":{"om_disable_all_campaigns":false,"_monsterinsights_skip_tracking":false,"_monsterinsights_sitenote_active":false,"_monsterinsights_sitenote_note":"","_monsterinsights_sitenote_category":0,"_uf_show_specific_survey":0,"_uf_disable_surveys":false,"footnotes":"","jetpack_publicize_message":"","jetpack_publicize_feature_enabled":true,"jetpack_social_post_already_shared":true,"jetpack_social_options":{"image_generator_settings":{"template":"highway","default_image_id":0,"font":"","enabled":false},"version":2}},"categories":[81],"tags":[],"class_list":{"0":"post-39427","1":"post","2":"type-post","3":"status-publish","4":"format-standard","5":"has-post-thumbnail","7":"category-gundem"},"yoast_head":"<!-- This site is optimized with the Yoast SEO plugin v23.8 - https:\/\/yoast.com\/wordpress\/plugins\/seo\/ -->\n<title>\u0130ncirli: Antalya&#039;da iki toplumlu, iki b\u00f6lgeli ve siyasi e\u015fitli\u011fe dayal\u0131 federal \u00e7\u00f6z\u00fcm vizyonunu ortaya koyduk - NETBAKIS<\/title>\n<meta name=\"robots\" content=\"index, follow, max-snippet:-1, max-image-preview:large, max-video-preview:-1\" \/>\n<link rel=\"canonical\" href=\"https:\/\/netbakis.net\/tr\/39427\/\" \/>\n<meta property=\"og:locale\" content=\"tr_TR\" \/>\n<meta property=\"og:type\" content=\"article\" \/>\n<meta property=\"og:title\" content=\"\u0130ncirli: Antalya&#039;da iki toplumlu, iki b\u00f6lgeli ve siyasi e\u015fitli\u011fe dayal\u0131 federal \u00e7\u00f6z\u00fcm vizyonunu ortaya koyduk - NETBAKIS\" \/>\n<meta property=\"og:description\" content=\"CTP Genel Ba\u015fkan\u0131 S\u0131la Usar \u0130ncirli, Antalya Diplomasi Forumu kapsam\u0131nda y\u00fcr\u00fct\u00fclen temaslara de\u011finerek, &#8220;Antalya&#8217;da iki toplumlu, iki b\u00f6lgeli ve siyasi e\u015fitli\u011fe dayal\u0131 federal \u00e7\u00f6z\u00fcm vizyonunu ortaya koyduk&#8221; dedi. \u015eeffaf ve kat\u0131l\u0131mc\u0131 bir y\u00f6netim kuraca\u011f\u0131zKay\u0131t d\u0131\u015f\u0131l\u0131kla m\u00fccadele ve etkin denetim \u00f6nceli\u011fimiz olacakCumhuriyet\u00e7i T\u00fcrk Partisi (CTP) Genel Ba\u015fkan\u0131 S\u0131la Usar \u0130ncirli, Kanal Sim\u2019de Meyil Adakul\u2019un konu\u011fu oldu. [&hellip;]\" \/>\n<meta property=\"og:url\" content=\"https:\/\/netbakis.net\/tr\/39427\/\" \/>\n<meta property=\"og:site_name\" content=\"NETBAKIS\" \/>\n<meta property=\"article:published_time\" content=\"2026-04-28T14:48:34+00:00\" \/>\n<meta property=\"article:modified_time\" content=\"2026-04-28T14:48:36+00:00\" \/>\n<meta property=\"og:image\" content=\"https:\/\/netbakis.net\/wp-content\/uploads\/2025\/07\/v2ncirssss_1671359764.webp\" \/>\n\t<meta property=\"og:image:width\" content=\"971\" \/>\n\t<meta property=\"og:image:height\" content=\"551\" \/>\n\t<meta property=\"og:image:type\" content=\"image\/webp\" \/>\n<meta name=\"author\" content=\"netbakis.net\" \/>\n<meta name=\"twitter:card\" content=\"summary_large_image\" \/>\n<meta name=\"twitter:label1\" content=\"Yazan:\" \/>\n\t<meta name=\"twitter:data1\" content=\"netbakis.net\" \/>\n\t<meta name=\"twitter:label2\" content=\"Tahmini okuma s\u00fcresi\" \/>\n\t<meta name=\"twitter:data2\" content=\"3 dakika\" \/>\n<script type=\"application\/ld+json\" class=\"yoast-schema-graph\">{\"@context\":\"https:\/\/schema.org\",\"@graph\":[{\"@type\":\"WebPage\",\"@id\":\"https:\/\/netbakis.net\/39427\/\",\"url\":\"https:\/\/netbakis.net\/39427\/\",\"name\":\"\u0130ncirli: Antalya'da iki toplumlu, iki b\u00f6lgeli ve siyasi e\u015fitli\u011fe dayal\u0131 federal \u00e7\u00f6z\u00fcm vizyonunu ortaya koyduk - NETBAKIS\",\"isPartOf\":{\"@id\":\"https:\/\/netbakis.net\/#website\"},\"primaryImageOfPage\":{\"@id\":\"https:\/\/netbakis.net\/39427\/#primaryimage\"},\"image\":{\"@id\":\"https:\/\/netbakis.net\/39427\/#primaryimage\"},\"thumbnailUrl\":\"https:\/\/netbakis.net\/wp-content\/uploads\/2025\/07\/v2ncirssss_1671359764.webp\",\"datePublished\":\"2026-04-28T14:48:34+00:00\",\"dateModified\":\"2026-04-28T14:48:36+00:00\",\"author\":{\"@id\":\"https:\/\/netbakis.net\/#\/schema\/person\/5d9b5c3f48ca4a3c69967d619fc8c7f4\"},\"breadcrumb\":{\"@id\":\"https:\/\/netbakis.net\/39427\/#breadcrumb\"},\"inLanguage\":\"tr\",\"potentialAction\":[{\"@type\":\"ReadAction\",\"target\":[\"https:\/\/netbakis.net\/39427\/\"]}]},{\"@type\":\"ImageObject\",\"inLanguage\":\"tr\",\"@id\":\"https:\/\/netbakis.net\/39427\/#primaryimage\",\"url\":\"https:\/\/netbakis.net\/wp-content\/uploads\/2025\/07\/v2ncirssss_1671359764.webp\",\"contentUrl\":\"https:\/\/netbakis.net\/wp-content\/uploads\/2025\/07\/v2ncirssss_1671359764.webp\",\"width\":971,\"height\":551},{\"@type\":\"BreadcrumbList\",\"@id\":\"https:\/\/netbakis.net\/39427\/#breadcrumb\",\"itemListElement\":[{\"@type\":\"ListItem\",\"position\":1,\"name\":\"Home\",\"item\":\"https:\/\/netbakis.net\/\"},{\"@type\":\"ListItem\",\"position\":2,\"name\":\"\u0130ncirli: Antalya&#8217;da iki toplumlu, iki b\u00f6lgeli ve siyasi e\u015fitli\u011fe dayal\u0131 federal \u00e7\u00f6z\u00fcm vizyonunu ortaya koyduk\"}]},{\"@type\":\"WebSite\",\"@id\":\"https:\/\/netbakis.net\/#website\",\"url\":\"https:\/\/netbakis.net\/\",\"name\":\"NETBAKIS\",\"description\":\"SON DAKIKA\",\"potentialAction\":[{\"@type\":\"SearchAction\",\"target\":{\"@type\":\"EntryPoint\",\"urlTemplate\":\"https:\/\/netbakis.net\/?s={search_term_string}\"},\"query-input\":{\"@type\":\"PropertyValueSpecification\",\"valueRequired\":true,\"valueName\":\"search_term_string\"}}],\"inLanguage\":\"tr\"},{\"@type\":\"Person\",\"@id\":\"https:\/\/netbakis.net\/#\/schema\/person\/5d9b5c3f48ca4a3c69967d619fc8c7f4\",\"name\":\"netbakis.net\",\"image\":{\"@type\":\"ImageObject\",\"inLanguage\":\"tr\",\"@id\":\"https:\/\/netbakis.net\/#\/schema\/person\/image\/\",\"url\":\"https:\/\/secure.gravatar.com\/avatar\/4ddeae49d2d3e3568a8d5b0937642efdf0b72468dbe3f213bc1978faa47af0d1?s=96&d=wp_user_avatar&r=g\",\"contentUrl\":\"https:\/\/secure.gravatar.com\/avatar\/4ddeae49d2d3e3568a8d5b0937642efdf0b72468dbe3f213bc1978faa47af0d1?s=96&d=wp_user_avatar&r=g\",\"caption\":\"netbakis.net\"},\"sameAs\":[\"https:\/\/netbakis.net\"],\"url\":\"https:\/\/netbakis.net\/tr\/author\/netbakis-net\/\"}]}<\/script>\n<!-- \/ Yoast SEO plugin. -->","yoast_head_json":{"title":"\u0130ncirli: Antalya'da iki toplumlu, iki b\u00f6lgeli ve siyasi e\u015fitli\u011fe dayal\u0131 federal \u00e7\u00f6z\u00fcm vizyonunu ortaya koyduk - NETBAKIS","robots":{"index":"index","follow":"follow","max-snippet":"max-snippet:-1","max-image-preview":"max-image-preview:large","max-video-preview":"max-video-preview:-1"},"canonical":"https:\/\/netbakis.net\/tr\/39427\/","og_locale":"tr_TR","og_type":"article","og_title":"\u0130ncirli: Antalya'da iki toplumlu, iki b\u00f6lgeli ve siyasi e\u015fitli\u011fe dayal\u0131 federal \u00e7\u00f6z\u00fcm vizyonunu ortaya koyduk - NETBAKIS","og_description":"CTP Genel Ba\u015fkan\u0131 S\u0131la Usar \u0130ncirli, Antalya Diplomasi Forumu kapsam\u0131nda y\u00fcr\u00fct\u00fclen temaslara de\u011finerek, &#8220;Antalya&#8217;da iki toplumlu, iki b\u00f6lgeli ve siyasi e\u015fitli\u011fe dayal\u0131 federal \u00e7\u00f6z\u00fcm vizyonunu ortaya koyduk&#8221; dedi. \u015eeffaf ve kat\u0131l\u0131mc\u0131 bir y\u00f6netim kuraca\u011f\u0131zKay\u0131t d\u0131\u015f\u0131l\u0131kla m\u00fccadele ve etkin denetim \u00f6nceli\u011fimiz olacakCumhuriyet\u00e7i T\u00fcrk Partisi (CTP) Genel Ba\u015fkan\u0131 S\u0131la Usar \u0130ncirli, Kanal Sim\u2019de Meyil Adakul\u2019un konu\u011fu oldu. [&hellip;]","og_url":"https:\/\/netbakis.net\/tr\/39427\/","og_site_name":"NETBAKIS","article_published_time":"2026-04-28T14:48:34+00:00","article_modified_time":"2026-04-28T14:48:36+00:00","og_image":[{"width":971,"height":551,"url":"https:\/\/netbakis.net\/wp-content\/uploads\/2025\/07\/v2ncirssss_1671359764.webp","type":"image\/webp"}],"author":"netbakis.net","twitter_card":"summary_large_image","twitter_misc":{"Yazan:":"netbakis.net","Tahmini okuma s\u00fcresi":"3 dakika"},"schema":{"@context":"https:\/\/schema.org","@graph":[{"@type":"WebPage","@id":"https:\/\/netbakis.net\/39427\/","url":"https:\/\/netbakis.net\/39427\/","name":"\u0130ncirli: Antalya'da iki toplumlu, iki b\u00f6lgeli ve siyasi e\u015fitli\u011fe dayal\u0131 federal \u00e7\u00f6z\u00fcm vizyonunu ortaya koyduk - NETBAKIS","isPartOf":{"@id":"https:\/\/netbakis.net\/#website"},"primaryImageOfPage":{"@id":"https:\/\/netbakis.net\/39427\/#primaryimage"},"image":{"@id":"https:\/\/netbakis.net\/39427\/#primaryimage"},"thumbnailUrl":"https:\/\/netbakis.net\/wp-content\/uploads\/2025\/07\/v2ncirssss_1671359764.webp","datePublished":"2026-04-28T14:48:34+00:00","dateModified":"2026-04-28T14:48:36+00:00","author":{"@id":"https:\/\/netbakis.net\/#\/schema\/person\/5d9b5c3f48ca4a3c69967d619fc8c7f4"},"breadcrumb":{"@id":"https:\/\/netbakis.net\/39427\/#breadcrumb"},"inLanguage":"tr","potentialAction":[{"@type":"ReadAction","target":["https:\/\/netbakis.net\/39427\/"]}]},{"@type":"ImageObject","inLanguage":"tr","@id":"https:\/\/netbakis.net\/39427\/#primaryimage","url":"https:\/\/netbakis.net\/wp-content\/uploads\/2025\/07\/v2ncirssss_1671359764.webp","contentUrl":"https:\/\/netbakis.net\/wp-content\/uploads\/2025\/07\/v2ncirssss_1671359764.webp","width":971,"height":551},{"@type":"BreadcrumbList","@id":"https:\/\/netbakis.net\/39427\/#breadcrumb","itemListElement":[{"@type":"ListItem","position":1,"name":"Home","item":"https:\/\/netbakis.net\/"},{"@type":"ListItem","position":2,"name":"\u0130ncirli: Antalya&#8217;da iki toplumlu, iki b\u00f6lgeli ve siyasi e\u015fitli\u011fe dayal\u0131 federal \u00e7\u00f6z\u00fcm vizyonunu ortaya koyduk"}]},{"@type":"WebSite","@id":"https:\/\/netbakis.net\/#website","url":"https:\/\/netbakis.net\/","name":"NETBAKIS","description":"SON DAKIKA","potentialAction":[{"@type":"SearchAction","target":{"@type":"EntryPoint","urlTemplate":"https:\/\/netbakis.net\/?s={search_term_string}"},"query-input":{"@type":"PropertyValueSpecification","valueRequired":true,"valueName":"search_term_string"}}],"inLanguage":"tr"},{"@type":"Person","@id":"https:\/\/netbakis.net\/#\/schema\/person\/5d9b5c3f48ca4a3c69967d619fc8c7f4","name":"netbakis.net","image":{"@type":"ImageObject","inLanguage":"tr","@id":"https:\/\/netbakis.net\/#\/schema\/person\/image\/","url":"https:\/\/secure.gravatar.com\/avatar\/4ddeae49d2d3e3568a8d5b0937642efdf0b72468dbe3f213bc1978faa47af0d1?s=96&d=wp_user_avatar&r=g","contentUrl":"https:\/\/secure.gravatar.com\/avatar\/4ddeae49d2d3e3568a8d5b0937642efdf0b72468dbe3f213bc1978faa47af0d1?s=96&d=wp_user_avatar&r=g","caption":"netbakis.net"},"sameAs":["https:\/\/netbakis.net"],"url":"https:\/\/netbakis.net\/tr\/author\/netbakis-net\/"}]}},"jetpack_publicize_connections":[],"_links":{"self":[{"href":"https:\/\/netbakis.net\/tr\/wp-json\/wp\/v2\/posts\/39427","targetHints":{"allow":["GET"]}}],"collection":[{"href":"https:\/\/netbakis.net\/tr\/wp-json\/wp\/v2\/posts"}],"about":[{"href":"https:\/\/netbakis.net\/tr\/wp-json\/wp\/v2\/types\/post"}],"author":[{"embeddable":true,"href":"https:\/\/netbakis.net\/tr\/wp-json\/wp\/v2\/users\/1"}],"replies":[{"embeddable":true,"href":"https:\/\/netbakis.net\/tr\/wp-json\/wp\/v2\/comments?post=39427"}],"version-history":[{"count":1,"href":"https:\/\/netbakis.net\/tr\/wp-json\/wp\/v2\/posts\/39427\/revisions"}],"predecessor-version":[{"id":39428,"href":"https:\/\/netbakis.net\/tr\/wp-json\/wp\/v2\/posts\/39427\/revisions\/39428"}],"wp:featuredmedia":[{"embeddable":true,"href":"https:\/\/netbakis.net\/tr\/wp-json\/wp\/v2\/media\/29986"}],"wp:attachment":[{"href":"https:\/\/netbakis.net\/tr\/wp-json\/wp\/v2\/media?parent=39427"}],"wp:term":[{"taxonomy":"category","embeddable":true,"href":"https:\/\/netbakis.net\/tr\/wp-json\/wp\/v2\/categories?post=39427"},{"taxonomy":"post_tag","embeddable":true,"href":"https:\/\/netbakis.net\/tr\/wp-json\/wp\/v2\/tags?post=39427"}],"curies":[{"name":"wp","href":"https:\/\/api.w.org\/{rel}","templated":true}]}}