{"id":39424,"date":"2026-04-28T14:47:56","date_gmt":"2026-04-28T14:47:56","guid":{"rendered":"https:\/\/netbakis.net\/?p=39424"},"modified":"2026-04-28T14:48:02","modified_gmt":"2026-04-28T14:48:02","slug":"kibris-turk-ve-kibris-rum-siyasi-partilerden-liderlere-guven-artirici-onlemlerde-inisiyatif-alma-cagrisi","status":"publish","type":"post","link":"https:\/\/netbakis.net\/tr\/39424\/","title":{"rendered":"K\u0131br\u0131s T\u00fcrk ve K\u0131br\u0131s Rum siyasi partilerden liderlere g\u00fcven art\u0131r\u0131c\u0131 \u00f6nlemlerde inisiyatif alma \u00e7a\u011fr\u0131s\u0131"},"content":{"rendered":"<p>Ara b\u00f6lgede bir araya gelen K\u0131br\u0131s T\u00fcrk ve K\u0131br\u0131s Rum siyasi partileri, K\u0131br\u0131s sorunundaki durgunlu\u011fun a\u015f\u0131lmas\u0131 i\u00e7in liderlerin g\u00fcven art\u0131r\u0131c\u0131 inisiyatifler \u00fcstlenmesi gerekti\u011fini vurgulad\u0131. Ledra Palace\u2019ta yap\u0131lan toplant\u0131 sonras\u0131 yay\u0131mlanan ortak a\u00e7\u0131klamada, m\u00fczakerelerin yeniden ba\u015flamas\u0131 i\u00e7in diyalog ve i\u015f birli\u011finin g\u00fc\u00e7lendirilmesi \u00e7a\u011fr\u0131s\u0131 yap\u0131ld\u0131.<br><br>Ara b\u00f6lgede bir araya gelen K\u0131br\u0131s T\u00fcrk ve K\u0131br\u0131s Rum siyasi partilerin temsilcileri, K\u0131br\u0131s konusunda durgunlu\u011fun, ancak liderler taraf\u0131ndan al\u0131nacak g\u00fcven art\u0131c\u0131 inisiyatifler sayesinde a\u015f\u0131labilece\u011fini belirtti.<\/p>\n\n\n\n<p>Ledra Palace Otel&#8217;de bug\u00fcn yap\u0131lan toplant\u0131da \u00fczerinde mutab\u0131k kal\u0131nan ortak a\u00e7\u0131klamada, liderlere giri\u015fim yapma \u00e7a\u011fr\u0131s\u0131nda bulunuldu.<\/p>\n\n\n\n<p>Siyasi partiler Slovak B\u00fcy\u00fckel\u00e7ili\u011finin himayelerinde ara b\u00f6lgede ayda bir kez d\u00fczenlenen rutin toplant\u0131lar \u00e7er\u00e7evesinde bir araya geldi. Bug\u00fcnk\u00fc toplant\u0131 AKEL ev sahipli\u011finde yap\u0131ld\u0131. Toplant\u0131 kural\u0131 olarak da ev sahibi olarak EKEL&#8217;in belirledi\u011fi konu (K\u0131br\u0131s Sorunu: Olumlu sonu\u00e7 al\u0131nmas\u0131 hedefi ta\u015f\u0131yan \u00f6zl\u00fc m\u00fczakere s\u00fcrecinin ba\u015flat\u0131lmas\u0131na y\u00f6nelik giri\u015fimler i\u00e7in sorumluluk \u00fcstlenmek) \u00fczerinde g\u00f6r\u00fc\u015f belirtildi.<\/p>\n\n\n\n<p>Slovak B\u00fcy\u00fckel\u00e7ili\u011fi, Demokrat Parti haricindeki partilerin \u00fczerinde mutab\u0131k kald\u0131\u011f\u0131 ortak a\u00e7\u0131klamay\u0131 payla\u015ft\u0131. Ortak a\u00e7\u0131klamaya g\u00f6re, kapsaml\u0131 \u00e7\u00f6z\u00fcme y\u00f6nelik g\u00f6r\u00fc\u015fmelerin olmay\u0131\u015f\u0131, kabul edilemez olarak nitelenen &#8220;b\u00f6l\u00fcc\u00fc&#8221; mevcut stat\u00fckoyu daha da derinle\u015ftiriyor, Ada&#8217;da tehlike ve gerginlikler i\u00e7in zemin olu\u015fturuyor.<\/p>\n\n\n\n<p>K\u0131br\u0131s sorununun \u00e7\u00f6z\u00fcm\u00fcne y\u00f6nelik g\u00f6r\u00fc\u015fmelerdeki durgunlu\u011fun, her iki toplum liderinin, bug\u00fcne kadar yap\u0131lan mevcut \u00e7al\u0131\u015fmalar\u0131 g\u00fcven alt\u0131na alacak ve payla\u015facak, anlaml\u0131 bir s\u00fcrecin ba\u015flamas\u0131na yard\u0131mc\u0131 olacak g\u00fcven art\u0131r\u0131c\u0131 giri\u015fimler almas\u0131yla m\u00fcmk\u00fcn olabilece\u011fi belirtildi.<\/p>\n\n\n\n<p>Bu kapsamda ek inisiyatiflerin de d\u00fc\u015f\u00fcn\u00fclebilece\u011fi, bu y\u00f6nde destek veren t\u00fcm payda\u015flar\u0131n g\u00f6rmezden gelinmemesi gerekti\u011fi kaydedildi.<\/p>\n\n\n\n<p>G\u00fcven art\u0131r\u0131c\u0131 \u00f6nlemler i\u00e7in iki lider aras\u0131nda yap\u0131lacak g\u00f6r\u00fc\u015fmelerin, K\u0131br\u0131s&#8217;\u0131 birle\u015fmi\u015f olarak Avrupa Birli\u011fi \u00fcyesi yapacak, BM parametreleri ve uluslararas\u0131 hukuk temelinde federal \u00e7\u00f6z\u00fcme y\u00f6nelik \u00f6zl\u00fc m\u00fczakerelere engel \u00e7\u0131karmamas\u0131n\u0131n hayati oldu\u011fu belirtildi.<\/p>\n\n\n\n<p>Ortak a\u00e7\u0131klamada, pek \u00e7ok seviyede iki toplum aras\u0131ndaki diyalo\u011fun geli\u015ftirilmesine ihtiya\u00e7 oldu\u011fu; empati, i\u015fbirli\u011fi ve birlikte ya\u015fama k\u00fclt\u00fcr\u00fcn\u00fc destekleyici giri\u015fimlerin ba\u015flat\u0131lmas\u0131 gerekti\u011fi ve bu konuda Ada&#8217;daki siyasi partilerin rol\u00fcn\u00fcn \u00f6nemli oldu\u011fu da kaydedildi.<\/p>\n\n\n\n<p>Bir sonraki toplant\u0131n\u0131n, el\u00e7ilik taraf\u0131ndan iki toplumlu diyalo\u011fun ba\u015flat\u0131lmas\u0131n\u0131n 37&#8217;nci y\u0131ld\u00f6n\u00fcm\u00fc nedeniyle Slovak B\u00fcy\u00fckel\u00e7ili\u011finin ev sahipli\u011finde yap\u0131laca\u011f\u0131 kaydedildi.<\/p>\n\n\n\n<p>Toplant\u0131ya, Cumhuriyet\u00e7i T\u00fcrk Partisi(CTP), Demokrat Parti (DP), Yeni K\u0131br\u0131s Partisi(YKP), Toplumcu Demokrasi Partisi(TDP), K\u0131br\u0131s Sosyalist Partisi(KSP), Birle\u015fik K\u0131br\u0131s Partisi (BKP), G\u00fcney K\u0131br\u0131s\u2019tan ise Emek\u00e7i Halk\u0131n \u0130lerici Partisi (AKEL), Demokrat Parti (D\u0130KO), Demokratik Seferberlik Partisi(D\u0130S\u0130), Sosyal Demokratlar Hareketi(EDEK), Birle\u015fik Demokratlar, Demokratik \u00c7izgi-Demokratik G\u00fc\u00e7lerin \u0130\u015fbirli\u011fi (DEPA), Birle\u015fik K\u0131br\u0131s Cumhuriyet\u00e7i Parti (ERKK), VOLT, K\u0131br\u0131s Ye\u015filler Partisi\u2019nden temsilciler kat\u0131ld\u0131.<\/p>","protected":false},"excerpt":{"rendered":"<p>Ara b\u00f6lgede bir araya gelen K\u0131br\u0131s T\u00fcrk ve K\u0131br\u0131s Rum siyasi partileri, K\u0131br\u0131s sorunundaki durgunlu\u011fun a\u015f\u0131lmas\u0131 i\u00e7in liderlerin g\u00fcven art\u0131r\u0131c\u0131 inisiyatifler \u00fcstlenmesi gerekti\u011fini vurgulad\u0131. Ledra Palace\u2019ta yap\u0131lan toplant\u0131 sonras\u0131 yay\u0131mlanan ortak a\u00e7\u0131klamada, m\u00fczakerelerin yeniden ba\u015flamas\u0131 i\u00e7in diyalog ve i\u015f birli\u011finin g\u00fc\u00e7lendirilmesi \u00e7a\u011fr\u0131s\u0131 yap\u0131ld\u0131. Ara b\u00f6lgede bir araya gelen K\u0131br\u0131s T\u00fcrk ve K\u0131br\u0131s Rum siyasi partilerin [&hellip;]<\/p>","protected":false},"author":1,"featured_media":39425,"comment_status":"open","ping_status":"open","sticky":false,"template":"","format":"standard","meta":{"om_disable_all_campaigns":false,"_monsterinsights_skip_tracking":false,"_monsterinsights_sitenote_active":false,"_monsterinsights_sitenote_note":"","_monsterinsights_sitenote_category":0,"_uf_show_specific_survey":0,"_uf_disable_surveys":false,"footnotes":"","jetpack_publicize_message":"","jetpack_publicize_feature_enabled":true,"jetpack_social_post_already_shared":true,"jetpack_social_options":{"image_generator_settings":{"template":"highway","default_image_id":0,"font":"","enabled":false},"version":2}},"categories":[81],"tags":[],"class_list":{"0":"post-39424","1":"post","2":"type-post","3":"status-publish","4":"format-standard","5":"has-post-thumbnail","7":"category-gundem"},"yoast_head":"<!-- This site is optimized with the Yoast SEO plugin v23.8 - https:\/\/yoast.com\/wordpress\/plugins\/seo\/ -->\n<title>K\u0131br\u0131s T\u00fcrk ve K\u0131br\u0131s Rum siyasi partilerden liderlere g\u00fcven art\u0131r\u0131c\u0131 \u00f6nlemlerde inisiyatif alma \u00e7a\u011fr\u0131s\u0131 - NETBAKIS<\/title>\n<meta name=\"robots\" content=\"index, follow, max-snippet:-1, max-image-preview:large, max-video-preview:-1\" \/>\n<link rel=\"canonical\" href=\"https:\/\/netbakis.net\/tr\/39424\/\" \/>\n<meta property=\"og:locale\" content=\"tr_TR\" \/>\n<meta property=\"og:type\" content=\"article\" \/>\n<meta property=\"og:title\" content=\"K\u0131br\u0131s T\u00fcrk ve K\u0131br\u0131s Rum siyasi partilerden liderlere g\u00fcven art\u0131r\u0131c\u0131 \u00f6nlemlerde inisiyatif alma \u00e7a\u011fr\u0131s\u0131 - NETBAKIS\" \/>\n<meta property=\"og:description\" content=\"Ara b\u00f6lgede bir araya gelen K\u0131br\u0131s T\u00fcrk ve K\u0131br\u0131s Rum siyasi partileri, K\u0131br\u0131s sorunundaki durgunlu\u011fun a\u015f\u0131lmas\u0131 i\u00e7in liderlerin g\u00fcven art\u0131r\u0131c\u0131 inisiyatifler \u00fcstlenmesi gerekti\u011fini vurgulad\u0131. Ledra Palace\u2019ta yap\u0131lan toplant\u0131 sonras\u0131 yay\u0131mlanan ortak a\u00e7\u0131klamada, m\u00fczakerelerin yeniden ba\u015flamas\u0131 i\u00e7in diyalog ve i\u015f birli\u011finin g\u00fc\u00e7lendirilmesi \u00e7a\u011fr\u0131s\u0131 yap\u0131ld\u0131. Ara b\u00f6lgede bir araya gelen K\u0131br\u0131s T\u00fcrk ve K\u0131br\u0131s Rum siyasi partilerin [&hellip;]\" \/>\n<meta property=\"og:url\" content=\"https:\/\/netbakis.net\/tr\/39424\/\" \/>\n<meta property=\"og:site_name\" content=\"NETBAKIS\" \/>\n<meta property=\"article:published_time\" content=\"2026-04-28T14:47:56+00:00\" \/>\n<meta property=\"article:modified_time\" content=\"2026-04-28T14:48:02+00:00\" \/>\n<meta property=\"og:image\" content=\"https:\/\/netbakis.net\/wp-content\/uploads\/2026\/04\/v2yeniproje-2025-06-25t161440131_1750857317.webp\" \/>\n\t<meta property=\"og:image:width\" content=\"971\" \/>\n\t<meta property=\"og:image:height\" content=\"551\" \/>\n\t<meta property=\"og:image:type\" content=\"image\/webp\" \/>\n<meta name=\"author\" content=\"netbakis.net\" \/>\n<meta name=\"twitter:card\" content=\"summary_large_image\" \/>\n<meta name=\"twitter:label1\" content=\"Yazan:\" \/>\n\t<meta name=\"twitter:data1\" content=\"netbakis.net\" \/>\n\t<meta name=\"twitter:label2\" content=\"Tahmini okuma s\u00fcresi\" \/>\n\t<meta name=\"twitter:data2\" content=\"2 dakika\" \/>\n<script type=\"application\/ld+json\" class=\"yoast-schema-graph\">{\"@context\":\"https:\/\/schema.org\",\"@graph\":[{\"@type\":\"WebPage\",\"@id\":\"https:\/\/netbakis.net\/39424\/\",\"url\":\"https:\/\/netbakis.net\/39424\/\",\"name\":\"K\u0131br\u0131s T\u00fcrk ve K\u0131br\u0131s Rum siyasi partilerden liderlere g\u00fcven art\u0131r\u0131c\u0131 \u00f6nlemlerde inisiyatif alma \u00e7a\u011fr\u0131s\u0131 - NETBAKIS\",\"isPartOf\":{\"@id\":\"https:\/\/netbakis.net\/#website\"},\"primaryImageOfPage\":{\"@id\":\"https:\/\/netbakis.net\/39424\/#primaryimage\"},\"image\":{\"@id\":\"https:\/\/netbakis.net\/39424\/#primaryimage\"},\"thumbnailUrl\":\"https:\/\/netbakis.net\/wp-content\/uploads\/2026\/04\/v2yeniproje-2025-06-25t161440131_1750857317.webp\",\"datePublished\":\"2026-04-28T14:47:56+00:00\",\"dateModified\":\"2026-04-28T14:48:02+00:00\",\"author\":{\"@id\":\"https:\/\/netbakis.net\/#\/schema\/person\/5d9b5c3f48ca4a3c69967d619fc8c7f4\"},\"breadcrumb\":{\"@id\":\"https:\/\/netbakis.net\/39424\/#breadcrumb\"},\"inLanguage\":\"tr\",\"potentialAction\":[{\"@type\":\"ReadAction\",\"target\":[\"https:\/\/netbakis.net\/39424\/\"]}]},{\"@type\":\"ImageObject\",\"inLanguage\":\"tr\",\"@id\":\"https:\/\/netbakis.net\/39424\/#primaryimage\",\"url\":\"https:\/\/netbakis.net\/wp-content\/uploads\/2026\/04\/v2yeniproje-2025-06-25t161440131_1750857317.webp\",\"contentUrl\":\"https:\/\/netbakis.net\/wp-content\/uploads\/2026\/04\/v2yeniproje-2025-06-25t161440131_1750857317.webp\",\"width\":971,\"height\":551},{\"@type\":\"BreadcrumbList\",\"@id\":\"https:\/\/netbakis.net\/39424\/#breadcrumb\",\"itemListElement\":[{\"@type\":\"ListItem\",\"position\":1,\"name\":\"Home\",\"item\":\"https:\/\/netbakis.net\/\"},{\"@type\":\"ListItem\",\"position\":2,\"name\":\"K\u0131br\u0131s T\u00fcrk ve K\u0131br\u0131s Rum siyasi partilerden liderlere g\u00fcven art\u0131r\u0131c\u0131 \u00f6nlemlerde inisiyatif alma \u00e7a\u011fr\u0131s\u0131\"}]},{\"@type\":\"WebSite\",\"@id\":\"https:\/\/netbakis.net\/#website\",\"url\":\"https:\/\/netbakis.net\/\",\"name\":\"NETBAKIS\",\"description\":\"SON DAKIKA\",\"potentialAction\":[{\"@type\":\"SearchAction\",\"target\":{\"@type\":\"EntryPoint\",\"urlTemplate\":\"https:\/\/netbakis.net\/?s={search_term_string}\"},\"query-input\":{\"@type\":\"PropertyValueSpecification\",\"valueRequired\":true,\"valueName\":\"search_term_string\"}}],\"inLanguage\":\"tr\"},{\"@type\":\"Person\",\"@id\":\"https:\/\/netbakis.net\/#\/schema\/person\/5d9b5c3f48ca4a3c69967d619fc8c7f4\",\"name\":\"netbakis.net\",\"image\":{\"@type\":\"ImageObject\",\"inLanguage\":\"tr\",\"@id\":\"https:\/\/netbakis.net\/#\/schema\/person\/image\/\",\"url\":\"https:\/\/secure.gravatar.com\/avatar\/4ddeae49d2d3e3568a8d5b0937642efdf0b72468dbe3f213bc1978faa47af0d1?s=96&d=wp_user_avatar&r=g\",\"contentUrl\":\"https:\/\/secure.gravatar.com\/avatar\/4ddeae49d2d3e3568a8d5b0937642efdf0b72468dbe3f213bc1978faa47af0d1?s=96&d=wp_user_avatar&r=g\",\"caption\":\"netbakis.net\"},\"sameAs\":[\"https:\/\/netbakis.net\"],\"url\":\"https:\/\/netbakis.net\/tr\/author\/netbakis-net\/\"}]}<\/script>\n<!-- \/ Yoast SEO plugin. -->","yoast_head_json":{"title":"K\u0131br\u0131s T\u00fcrk ve K\u0131br\u0131s Rum siyasi partilerden liderlere g\u00fcven art\u0131r\u0131c\u0131 \u00f6nlemlerde inisiyatif alma \u00e7a\u011fr\u0131s\u0131 - NETBAKIS","robots":{"index":"index","follow":"follow","max-snippet":"max-snippet:-1","max-image-preview":"max-image-preview:large","max-video-preview":"max-video-preview:-1"},"canonical":"https:\/\/netbakis.net\/tr\/39424\/","og_locale":"tr_TR","og_type":"article","og_title":"K\u0131br\u0131s T\u00fcrk ve K\u0131br\u0131s Rum siyasi partilerden liderlere g\u00fcven art\u0131r\u0131c\u0131 \u00f6nlemlerde inisiyatif alma \u00e7a\u011fr\u0131s\u0131 - NETBAKIS","og_description":"Ara b\u00f6lgede bir araya gelen K\u0131br\u0131s T\u00fcrk ve K\u0131br\u0131s Rum siyasi partileri, K\u0131br\u0131s sorunundaki durgunlu\u011fun a\u015f\u0131lmas\u0131 i\u00e7in liderlerin g\u00fcven art\u0131r\u0131c\u0131 inisiyatifler \u00fcstlenmesi gerekti\u011fini vurgulad\u0131. Ledra Palace\u2019ta yap\u0131lan toplant\u0131 sonras\u0131 yay\u0131mlanan ortak a\u00e7\u0131klamada, m\u00fczakerelerin yeniden ba\u015flamas\u0131 i\u00e7in diyalog ve i\u015f birli\u011finin g\u00fc\u00e7lendirilmesi \u00e7a\u011fr\u0131s\u0131 yap\u0131ld\u0131. Ara b\u00f6lgede bir araya gelen K\u0131br\u0131s T\u00fcrk ve K\u0131br\u0131s Rum siyasi partilerin [&hellip;]","og_url":"https:\/\/netbakis.net\/tr\/39424\/","og_site_name":"NETBAKIS","article_published_time":"2026-04-28T14:47:56+00:00","article_modified_time":"2026-04-28T14:48:02+00:00","og_image":[{"width":971,"height":551,"url":"https:\/\/netbakis.net\/wp-content\/uploads\/2026\/04\/v2yeniproje-2025-06-25t161440131_1750857317.webp","type":"image\/webp"}],"author":"netbakis.net","twitter_card":"summary_large_image","twitter_misc":{"Yazan:":"netbakis.net","Tahmini okuma s\u00fcresi":"2 dakika"},"schema":{"@context":"https:\/\/schema.org","@graph":[{"@type":"WebPage","@id":"https:\/\/netbakis.net\/39424\/","url":"https:\/\/netbakis.net\/39424\/","name":"K\u0131br\u0131s T\u00fcrk ve K\u0131br\u0131s Rum siyasi partilerden liderlere g\u00fcven art\u0131r\u0131c\u0131 \u00f6nlemlerde inisiyatif alma \u00e7a\u011fr\u0131s\u0131 - NETBAKIS","isPartOf":{"@id":"https:\/\/netbakis.net\/#website"},"primaryImageOfPage":{"@id":"https:\/\/netbakis.net\/39424\/#primaryimage"},"image":{"@id":"https:\/\/netbakis.net\/39424\/#primaryimage"},"thumbnailUrl":"https:\/\/netbakis.net\/wp-content\/uploads\/2026\/04\/v2yeniproje-2025-06-25t161440131_1750857317.webp","datePublished":"2026-04-28T14:47:56+00:00","dateModified":"2026-04-28T14:48:02+00:00","author":{"@id":"https:\/\/netbakis.net\/#\/schema\/person\/5d9b5c3f48ca4a3c69967d619fc8c7f4"},"breadcrumb":{"@id":"https:\/\/netbakis.net\/39424\/#breadcrumb"},"inLanguage":"tr","potentialAction":[{"@type":"ReadAction","target":["https:\/\/netbakis.net\/39424\/"]}]},{"@type":"ImageObject","inLanguage":"tr","@id":"https:\/\/netbakis.net\/39424\/#primaryimage","url":"https:\/\/netbakis.net\/wp-content\/uploads\/2026\/04\/v2yeniproje-2025-06-25t161440131_1750857317.webp","contentUrl":"https:\/\/netbakis.net\/wp-content\/uploads\/2026\/04\/v2yeniproje-2025-06-25t161440131_1750857317.webp","width":971,"height":551},{"@type":"BreadcrumbList","@id":"https:\/\/netbakis.net\/39424\/#breadcrumb","itemListElement":[{"@type":"ListItem","position":1,"name":"Home","item":"https:\/\/netbakis.net\/"},{"@type":"ListItem","position":2,"name":"K\u0131br\u0131s T\u00fcrk ve K\u0131br\u0131s Rum siyasi partilerden liderlere g\u00fcven art\u0131r\u0131c\u0131 \u00f6nlemlerde inisiyatif alma \u00e7a\u011fr\u0131s\u0131"}]},{"@type":"WebSite","@id":"https:\/\/netbakis.net\/#website","url":"https:\/\/netbakis.net\/","name":"NETBAKIS","description":"SON DAKIKA","potentialAction":[{"@type":"SearchAction","target":{"@type":"EntryPoint","urlTemplate":"https:\/\/netbakis.net\/?s={search_term_string}"},"query-input":{"@type":"PropertyValueSpecification","valueRequired":true,"valueName":"search_term_string"}}],"inLanguage":"tr"},{"@type":"Person","@id":"https:\/\/netbakis.net\/#\/schema\/person\/5d9b5c3f48ca4a3c69967d619fc8c7f4","name":"netbakis.net","image":{"@type":"ImageObject","inLanguage":"tr","@id":"https:\/\/netbakis.net\/#\/schema\/person\/image\/","url":"https:\/\/secure.gravatar.com\/avatar\/4ddeae49d2d3e3568a8d5b0937642efdf0b72468dbe3f213bc1978faa47af0d1?s=96&d=wp_user_avatar&r=g","contentUrl":"https:\/\/secure.gravatar.com\/avatar\/4ddeae49d2d3e3568a8d5b0937642efdf0b72468dbe3f213bc1978faa47af0d1?s=96&d=wp_user_avatar&r=g","caption":"netbakis.net"},"sameAs":["https:\/\/netbakis.net"],"url":"https:\/\/netbakis.net\/tr\/author\/netbakis-net\/"}]}},"jetpack_publicize_connections":[],"_links":{"self":[{"href":"https:\/\/netbakis.net\/tr\/wp-json\/wp\/v2\/posts\/39424","targetHints":{"allow":["GET"]}}],"collection":[{"href":"https:\/\/netbakis.net\/tr\/wp-json\/wp\/v2\/posts"}],"about":[{"href":"https:\/\/netbakis.net\/tr\/wp-json\/wp\/v2\/types\/post"}],"author":[{"embeddable":true,"href":"https:\/\/netbakis.net\/tr\/wp-json\/wp\/v2\/users\/1"}],"replies":[{"embeddable":true,"href":"https:\/\/netbakis.net\/tr\/wp-json\/wp\/v2\/comments?post=39424"}],"version-history":[{"count":1,"href":"https:\/\/netbakis.net\/tr\/wp-json\/wp\/v2\/posts\/39424\/revisions"}],"predecessor-version":[{"id":39426,"href":"https:\/\/netbakis.net\/tr\/wp-json\/wp\/v2\/posts\/39424\/revisions\/39426"}],"wp:featuredmedia":[{"embeddable":true,"href":"https:\/\/netbakis.net\/tr\/wp-json\/wp\/v2\/media\/39425"}],"wp:attachment":[{"href":"https:\/\/netbakis.net\/tr\/wp-json\/wp\/v2\/media?parent=39424"}],"wp:term":[{"taxonomy":"category","embeddable":true,"href":"https:\/\/netbakis.net\/tr\/wp-json\/wp\/v2\/categories?post=39424"},{"taxonomy":"post_tag","embeddable":true,"href":"https:\/\/netbakis.net\/tr\/wp-json\/wp\/v2\/tags?post=39424"}],"curies":[{"name":"wp","href":"https:\/\/api.w.org\/{rel}","templated":true}]}}