{"id":39420,"date":"2026-04-28T14:46:29","date_gmt":"2026-04-28T14:46:29","guid":{"rendered":"https:\/\/netbakis.net\/?p=39420"},"modified":"2026-04-28T14:46:30","modified_gmt":"2026-04-28T14:46:30","slug":"mecliste-yasa-gucunde-kararname-tartismasi-anayasa-mahkemesi-kararini-tanimayan-darbeci-hukumet","status":"publish","type":"post","link":"https:\/\/netbakis.net\/tr\/39420\/","title":{"rendered":"Meclis\u2019te yasa g\u00fcc\u00fcnde kararname tart\u0131\u015fmas\u0131: Anayasa Mahkemesi karar\u0131n\u0131 tan\u0131mayan darbeci h\u00fck\u00fcmet!"},"content":{"rendered":"<p>CTP Milletvekili Devrim Bar\u00e7\u0131n, h\u00fck\u00fcmetin Anayasa Mahkemesi kararlar\u0131n\u0131 dikkate almad\u0131\u011f\u0131n\u0131 savunarak yasa g\u00fcc\u00fcnde kararnameleri ele\u015ftirdi. Maliye Bakan\u0131 \u00d6zdemir Berova ve \u00c7al\u0131\u015fma Bakan\u0131 O\u011fuzhan Hasipo\u011flu ise kararnamelerin s\u00fcreklili\u011fi sa\u011flamak amac\u0131yla \u00e7\u0131kar\u0131ld\u0131\u011f\u0131n\u0131 ve yeni yarg\u0131 yorumuna g\u00f6re s\u00fcre\u00e7lerin d\u00fczenlenece\u011fini a\u00e7\u0131klad\u0131.<\/p>\n\n\n\n<p>Meclis Genel Kurulu\u2019nda g\u00fcncel konu\u015fmalar yap\u0131l\u0131yor. Milletvekilleri, taksiciler ve yasa g\u00fcc\u00fcndeki kararnameler \u00fczerine s\u00f6z ald\u0131.<\/p>\n\n\n\n<p>Genel Kurul onaya sunu\u015flarla ba\u015flad\u0131. \u0130lk olarak, \u0130dari Kamu ve Sa\u011fl\u0131k \u0130\u015fleri Komitesi&#8217;nin g\u00fcndeminde bulunan \u201c\u0130statistik Kurumu De\u011fi\u015fiklik Yasa \u00d6nerisi&#8217;nin komitede \u0130vedilikle g\u00f6r\u00fc\u015f\u00fclmesine ili\u015fkin tezkere oy birli\u011fi ile kabul edildi.<\/p>\n\n\n\n<p>Ba\u015fbakanl\u0131k; Hukuk, Siyasi \u0130\u015fler, D\u0131\u015f \u0130li\u015fkiler ve Savunma Komitesi\u2019nin g\u00fcndeminde bulunan \u201cCeza Muhakemeleri Usul\u00fc\u201d, \u201cCeza (De\u011fi\u015fiklik)\u201d, \u201c\u015eahadet (De\u011fi\u015fiklik)\u201d ve \u201cG\u00fcvenlik Kuvvetleri Mahkemesi ile G\u00fcvenlik Kuvvetleri Yarg\u0131tay\u0131n\u0131n Kurulu\u015fu ve Yarg\u0131lama Usul\u00fc (De\u011fi\u015fiklik)\u201d yasa tasar\u0131lar\u0131n\u0131n komitede ivedilikle g\u00f6r\u00fc\u015f\u00fclmesine ili\u015fkin tezkereler oy birli\u011fiyle kabul edildi.<\/p>\n\n\n\n<p>Hukuk, Siyasi \u0130\u015fler, D\u0131\u015f \u0130li\u015fkiler ve Savunma Komitesi&#8217;nin bir daha g\u00f6r\u00fc\u015f\u00fclmek \u00fczere komiteye \u00e7ekilen \u201cMahkemeler (De\u011fi\u015fiklik)\u201d Yasa Tasar\u0131&#8217;s\u0131n\u0131n komitede ivedilikle g\u00f6r\u00fc\u015f\u00fclmesine ili\u015fkin tezkere de oy birli\u011fiyle kabul edildi.<\/p>\n\n\n\n<p>Genel Kurul daha sonra g\u00fcncel konu\u015fmalarla devam etti.<\/p>\n\n\n\n<p>DEVR\u0130M BAR\u00c7IN<\/p>\n\n\n\n<p>Cumhuriyet\u00e7i T\u00fcrk Partisi (CTP) Milletvekili Devrim Bar\u00e7\u0131n, Genel Kurul&#8217;da \u201cAnayasa Mahkemesi Karar\u0131n\u0131 Tan\u0131mayan Darbeci H\u00fck\u00fcmet\u201d konulu g\u00fcncel konu\u015fma yapt\u0131. Bar\u00e7\u0131n, h\u00fck\u00fcmetin \u201cAnayasal d\u00fczeni y\u0131kmaya ve mahkeme kararlar\u0131n\u0131 tan\u0131mamaya yemin etti\u011fini\u201d savundu.<\/p>\n\n\n\n<p>Kay\u0131tlara ge\u00e7mesi i\u00e7in Anayasa Mahkemesi karar\u0131n\u0131 okuyan Bar\u00e7\u0131n, Bakanlar Kurulu taraf\u0131ndan \u00e7\u0131kar\u0131lan yasa g\u00fcc\u00fcnde kararnameleri ele\u015ftirdi.<\/p>\n\n\n\n<p>Bar\u00e7\u0131n, Gelir Vergisi matrah dilimlerinin d\u00fczenlenmesi i\u00e7in \u00e7\u0131kar\u0131lan kararnamenin, y\u00fcr\u00fcrl\u00fckten kalkma maddesinde \u201cyasa \u00e7\u0131kana kadar\u201d ifadesi kullan\u0131ld\u0131\u011f\u0131n\u0131 belirterek, bunun Anayasa mahkemesi karar\u0131n\u0131 tan\u0131mama anlam\u0131 ta\u015f\u0131d\u0131\u011f\u0131n\u0131 s\u00f6yledi.<\/p>\n\n\n\n<p>Gelir Vergisi matrah dilimlerinin d\u00fczenlenmesi i\u00e7in yap\u0131lan yasa tasar\u0131s\u0131n\u0131n, Meclis&#8217;e ikinci kez g\u00f6nderildi\u011fini ifade eden Bar\u00e7\u0131n, h\u00fck\u00fcmeti i\u015f bilmezlikle su\u00e7lad\u0131.<\/p>\n\n\n\n<p>Devrim Bar\u00e7\u0131n, Bor\u00e7 Y\u00f6netimi Komitesi&#8217;ne genel koordinat\u00f6r\u00fcn ba\u015fkanl\u0131k yapabilmesi i\u00e7in de yasa g\u00fcc\u00fcnde kararname \u00e7\u0131kar\u0131ld\u0131\u011f\u0131n\u0131 ifade ederek, bu konunun ekonomik ivedilik arz etmedi\u011fini ifade etti.<\/p>\n\n\n\n<p>H\u00fck\u00fcmetin Anayasa Mahkemesi kararlar\u0131 hilaf\u0131na kararname \u00e7\u0131kard\u0131\u011f\u0131n\u0131 ve y\u00f6netme erkini kaybetti\u011fini savunan Bar\u00e7\u0131n, \u201c\u00dclkeyi, yasa g\u00fcc\u00fcnde kararnamelerle y\u00f6netmezsiniz&#8221; dedi.<\/p>\n\n\n\n<p>Bar\u00e7\u0131n, 22 Aral\u0131k 2023&#8217;te deprem ve di\u011fer do\u011fal afetlere y\u00f6nelik olu\u015fturulan mali yard\u0131m kapsam\u0131nda okul ve hastanelerin g\u00fc\u00e7lendirilmesi veya yeniden yap\u0131land\u0131r\u0131lmas\u0131nda uygulanacak y\u00f6ntemler hakk\u0131nda d\u00f6viz kurlar\u0131nda art\u0131\u015f oldu\u011fu gerek\u00e7esiyle \u00e7\u0131kar\u0131lan kararnamenin, ayn\u0131 gerek\u00e7eyle tekrar \u00e7\u0131kar\u0131lmas\u0131n\u0131 ele\u015ftirdi.<\/p>\n\n\n\n<p>Konu\u015fmas\u0131n\u0131n sonunda, Ankara\u2019da eylem yapan maden i\u015f\u00e7ilerine de destek belirten Bar\u00e7\u0131n, t\u00fcm emek\u00e7ilerin 1 May\u0131s Birlik ve M\u00fccadele G\u00fcn\u00fc\u2019n\u00fc kutlad\u0131.<\/p>\n\n\n\n<p>\u00d6ZDEM\u0130R BEROVA<\/p>\n\n\n\n<p>Devrim Bar\u00e7\u0131n&#8217;a yerinden yan\u0131t veren Maliye Bakan\u0131 \u00d6zdemir Berova, kararnamelerin, Anayasa Mahkemesi\u2019nin karar\u0131ndan sonra s\u00fcreklili\u011fi sa\u011flayabilmek kapsam\u0131nda \u00e7\u0131kar\u0131ld\u0131\u011f\u0131n\u0131 ve konunun komite g\u00fcndemine getirilece\u011fini belirtti.<\/p>\n\n\n\n<p>O\u011eUZHAN HAS\u0130PO\u011eLU<\/p>\n\n\n\n<p>\u00c7al\u0131\u015fma ve Sosyal G\u00fcvenlik Bakan\u0131 O\u011fuzhan Hasipo\u011flu da Genel Kurul&#8217;da s\u00f6z ald\u0131.<\/p>\n\n\n\n<p>Anayasa Mahkemesi\u2019nin yasa g\u00fcc\u00fcnde kararnameler konusundaki karar\u0131n\u0131n daha \u00f6nce de\u011ferlendirilenden farkl\u0131 bir yorum i\u00e7erdi\u011fini kaydeden Hasipo\u011flu, bu karar\u0131n ard\u0131ndan Meclis \u00e7al\u0131\u015fmalar\u0131nda yeni bir d\u00f6nem ba\u015flad\u0131\u011f\u0131n\u0131 belirtti.<\/p>\n\n\n\n<p>Anayasa Mahkemesi\u2019nin 112&#8217;nci maddesinin daha \u00f6nce siyasiler, Meclis, Bakanlar Kurulu ve Savc\u0131l\u0131k taraf\u0131ndan, \u201c90 g\u00fcn dolsa dahi y\u00fcr\u00fcrl\u00fckte kal\u0131r\u201d \u015feklinde yorumland\u0131\u011f\u0131n\u0131 hat\u0131rlatan Hasipo\u011flu, bundan sonra \u00e7\u0131kar\u0131lacak kararnamelerde 90 g\u00fcnl\u00fck s\u00fcre tahsilinin dikkate al\u0131naca\u011f\u0131n\u0131 ifade etti.<\/p>\n\n\n\n<p>Hasipo\u011flu, kararnamelerin yeni Anayasa Mahkemesi yorumuna g\u00f6re 90 i\u00e7inde komitelere, sonras\u0131nda da Meclis g\u00fcndemine getirilece\u011fini belirtti.<\/p>","protected":false},"excerpt":{"rendered":"<p>CTP Milletvekili Devrim Bar\u00e7\u0131n, h\u00fck\u00fcmetin Anayasa Mahkemesi kararlar\u0131n\u0131 dikkate almad\u0131\u011f\u0131n\u0131 savunarak yasa g\u00fcc\u00fcnde kararnameleri ele\u015ftirdi. Maliye Bakan\u0131 \u00d6zdemir Berova ve \u00c7al\u0131\u015fma Bakan\u0131 O\u011fuzhan Hasipo\u011flu ise kararnamelerin s\u00fcreklili\u011fi sa\u011flamak amac\u0131yla \u00e7\u0131kar\u0131ld\u0131\u011f\u0131n\u0131 ve yeni yarg\u0131 yorumuna g\u00f6re s\u00fcre\u00e7lerin d\u00fczenlenece\u011fini a\u00e7\u0131klad\u0131. Meclis Genel Kurulu\u2019nda g\u00fcncel konu\u015fmalar yap\u0131l\u0131yor. Milletvekilleri, taksiciler ve yasa g\u00fcc\u00fcndeki kararnameler \u00fczerine s\u00f6z ald\u0131. Genel Kurul [&hellip;]<\/p>","protected":false},"author":1,"featured_media":26733,"comment_status":"open","ping_status":"open","sticky":false,"template":"","format":"standard","meta":{"om_disable_all_campaigns":false,"_monsterinsights_skip_tracking":false,"_monsterinsights_sitenote_active":false,"_monsterinsights_sitenote_note":"","_monsterinsights_sitenote_category":0,"_uf_show_specific_survey":0,"_uf_disable_surveys":false,"footnotes":"","jetpack_publicize_message":"","jetpack_publicize_feature_enabled":true,"jetpack_social_post_already_shared":true,"jetpack_social_options":{"image_generator_settings":{"template":"highway","default_image_id":0,"font":"","enabled":false},"version":2}},"categories":[81],"tags":[],"class_list":{"0":"post-39420","1":"post","2":"type-post","3":"status-publish","4":"format-standard","5":"has-post-thumbnail","7":"category-gundem"},"yoast_head":"<!-- This site is optimized with the Yoast SEO plugin v23.8 - https:\/\/yoast.com\/wordpress\/plugins\/seo\/ -->\n<title>Meclis\u2019te yasa g\u00fcc\u00fcnde kararname tart\u0131\u015fmas\u0131: Anayasa Mahkemesi karar\u0131n\u0131 tan\u0131mayan darbeci h\u00fck\u00fcmet! - NETBAKIS<\/title>\n<meta name=\"robots\" content=\"index, follow, max-snippet:-1, max-image-preview:large, max-video-preview:-1\" \/>\n<link rel=\"canonical\" href=\"https:\/\/netbakis.net\/tr\/39420\/\" \/>\n<meta property=\"og:locale\" content=\"tr_TR\" \/>\n<meta property=\"og:type\" content=\"article\" \/>\n<meta property=\"og:title\" content=\"Meclis\u2019te yasa g\u00fcc\u00fcnde kararname tart\u0131\u015fmas\u0131: Anayasa Mahkemesi karar\u0131n\u0131 tan\u0131mayan darbeci h\u00fck\u00fcmet! - NETBAKIS\" \/>\n<meta property=\"og:description\" content=\"CTP Milletvekili Devrim Bar\u00e7\u0131n, h\u00fck\u00fcmetin Anayasa Mahkemesi kararlar\u0131n\u0131 dikkate almad\u0131\u011f\u0131n\u0131 savunarak yasa g\u00fcc\u00fcnde kararnameleri ele\u015ftirdi. Maliye Bakan\u0131 \u00d6zdemir Berova ve \u00c7al\u0131\u015fma Bakan\u0131 O\u011fuzhan Hasipo\u011flu ise kararnamelerin s\u00fcreklili\u011fi sa\u011flamak amac\u0131yla \u00e7\u0131kar\u0131ld\u0131\u011f\u0131n\u0131 ve yeni yarg\u0131 yorumuna g\u00f6re s\u00fcre\u00e7lerin d\u00fczenlenece\u011fini a\u00e7\u0131klad\u0131. Meclis Genel Kurulu\u2019nda g\u00fcncel konu\u015fmalar yap\u0131l\u0131yor. Milletvekilleri, taksiciler ve yasa g\u00fcc\u00fcndeki kararnameler \u00fczerine s\u00f6z ald\u0131. Genel Kurul [&hellip;]\" \/>\n<meta property=\"og:url\" content=\"https:\/\/netbakis.net\/tr\/39420\/\" \/>\n<meta property=\"og:site_name\" content=\"NETBAKIS\" \/>\n<meta property=\"article:published_time\" content=\"2026-04-28T14:46:29+00:00\" \/>\n<meta property=\"article:modified_time\" content=\"2026-04-28T14:46:30+00:00\" \/>\n<meta property=\"og:image\" content=\"https:\/\/netbakis.net\/wp-content\/uploads\/2025\/05\/v2yeniproje-2025-05-06t155738342_1746536289.webp\" \/>\n\t<meta property=\"og:image:width\" content=\"971\" \/>\n\t<meta property=\"og:image:height\" content=\"551\" \/>\n\t<meta property=\"og:image:type\" content=\"image\/webp\" \/>\n<meta name=\"author\" content=\"netbakis.net\" \/>\n<meta name=\"twitter:card\" content=\"summary_large_image\" \/>\n<meta name=\"twitter:label1\" content=\"Yazan:\" \/>\n\t<meta name=\"twitter:data1\" content=\"netbakis.net\" \/>\n\t<meta name=\"twitter:label2\" content=\"Tahmini okuma s\u00fcresi\" \/>\n\t<meta name=\"twitter:data2\" content=\"3 dakika\" \/>\n<script type=\"application\/ld+json\" class=\"yoast-schema-graph\">{\"@context\":\"https:\/\/schema.org\",\"@graph\":[{\"@type\":\"WebPage\",\"@id\":\"https:\/\/netbakis.net\/39420\/\",\"url\":\"https:\/\/netbakis.net\/39420\/\",\"name\":\"Meclis\u2019te yasa g\u00fcc\u00fcnde kararname tart\u0131\u015fmas\u0131: Anayasa Mahkemesi karar\u0131n\u0131 tan\u0131mayan darbeci h\u00fck\u00fcmet! - NETBAKIS\",\"isPartOf\":{\"@id\":\"https:\/\/netbakis.net\/#website\"},\"primaryImageOfPage\":{\"@id\":\"https:\/\/netbakis.net\/39420\/#primaryimage\"},\"image\":{\"@id\":\"https:\/\/netbakis.net\/39420\/#primaryimage\"},\"thumbnailUrl\":\"https:\/\/netbakis.net\/wp-content\/uploads\/2025\/05\/v2yeniproje-2025-05-06t155738342_1746536289.webp\",\"datePublished\":\"2026-04-28T14:46:29+00:00\",\"dateModified\":\"2026-04-28T14:46:30+00:00\",\"author\":{\"@id\":\"https:\/\/netbakis.net\/#\/schema\/person\/5d9b5c3f48ca4a3c69967d619fc8c7f4\"},\"breadcrumb\":{\"@id\":\"https:\/\/netbakis.net\/39420\/#breadcrumb\"},\"inLanguage\":\"tr\",\"potentialAction\":[{\"@type\":\"ReadAction\",\"target\":[\"https:\/\/netbakis.net\/39420\/\"]}]},{\"@type\":\"ImageObject\",\"inLanguage\":\"tr\",\"@id\":\"https:\/\/netbakis.net\/39420\/#primaryimage\",\"url\":\"https:\/\/netbakis.net\/wp-content\/uploads\/2025\/05\/v2yeniproje-2025-05-06t155738342_1746536289.webp\",\"contentUrl\":\"https:\/\/netbakis.net\/wp-content\/uploads\/2025\/05\/v2yeniproje-2025-05-06t155738342_1746536289.webp\",\"width\":971,\"height\":551},{\"@type\":\"BreadcrumbList\",\"@id\":\"https:\/\/netbakis.net\/39420\/#breadcrumb\",\"itemListElement\":[{\"@type\":\"ListItem\",\"position\":1,\"name\":\"Home\",\"item\":\"https:\/\/netbakis.net\/\"},{\"@type\":\"ListItem\",\"position\":2,\"name\":\"Meclis\u2019te yasa g\u00fcc\u00fcnde kararname tart\u0131\u015fmas\u0131: Anayasa Mahkemesi karar\u0131n\u0131 tan\u0131mayan darbeci h\u00fck\u00fcmet!\"}]},{\"@type\":\"WebSite\",\"@id\":\"https:\/\/netbakis.net\/#website\",\"url\":\"https:\/\/netbakis.net\/\",\"name\":\"NETBAKIS\",\"description\":\"SON DAKIKA\",\"potentialAction\":[{\"@type\":\"SearchAction\",\"target\":{\"@type\":\"EntryPoint\",\"urlTemplate\":\"https:\/\/netbakis.net\/?s={search_term_string}\"},\"query-input\":{\"@type\":\"PropertyValueSpecification\",\"valueRequired\":true,\"valueName\":\"search_term_string\"}}],\"inLanguage\":\"tr\"},{\"@type\":\"Person\",\"@id\":\"https:\/\/netbakis.net\/#\/schema\/person\/5d9b5c3f48ca4a3c69967d619fc8c7f4\",\"name\":\"netbakis.net\",\"image\":{\"@type\":\"ImageObject\",\"inLanguage\":\"tr\",\"@id\":\"https:\/\/netbakis.net\/#\/schema\/person\/image\/\",\"url\":\"https:\/\/secure.gravatar.com\/avatar\/4ddeae49d2d3e3568a8d5b0937642efdf0b72468dbe3f213bc1978faa47af0d1?s=96&d=wp_user_avatar&r=g\",\"contentUrl\":\"https:\/\/secure.gravatar.com\/avatar\/4ddeae49d2d3e3568a8d5b0937642efdf0b72468dbe3f213bc1978faa47af0d1?s=96&d=wp_user_avatar&r=g\",\"caption\":\"netbakis.net\"},\"sameAs\":[\"https:\/\/netbakis.net\"],\"url\":\"https:\/\/netbakis.net\/tr\/author\/netbakis-net\/\"}]}<\/script>\n<!-- \/ Yoast SEO plugin. -->","yoast_head_json":{"title":"Meclis\u2019te yasa g\u00fcc\u00fcnde kararname tart\u0131\u015fmas\u0131: Anayasa Mahkemesi karar\u0131n\u0131 tan\u0131mayan darbeci h\u00fck\u00fcmet! - NETBAKIS","robots":{"index":"index","follow":"follow","max-snippet":"max-snippet:-1","max-image-preview":"max-image-preview:large","max-video-preview":"max-video-preview:-1"},"canonical":"https:\/\/netbakis.net\/tr\/39420\/","og_locale":"tr_TR","og_type":"article","og_title":"Meclis\u2019te yasa g\u00fcc\u00fcnde kararname tart\u0131\u015fmas\u0131: Anayasa Mahkemesi karar\u0131n\u0131 tan\u0131mayan darbeci h\u00fck\u00fcmet! - NETBAKIS","og_description":"CTP Milletvekili Devrim Bar\u00e7\u0131n, h\u00fck\u00fcmetin Anayasa Mahkemesi kararlar\u0131n\u0131 dikkate almad\u0131\u011f\u0131n\u0131 savunarak yasa g\u00fcc\u00fcnde kararnameleri ele\u015ftirdi. Maliye Bakan\u0131 \u00d6zdemir Berova ve \u00c7al\u0131\u015fma Bakan\u0131 O\u011fuzhan Hasipo\u011flu ise kararnamelerin s\u00fcreklili\u011fi sa\u011flamak amac\u0131yla \u00e7\u0131kar\u0131ld\u0131\u011f\u0131n\u0131 ve yeni yarg\u0131 yorumuna g\u00f6re s\u00fcre\u00e7lerin d\u00fczenlenece\u011fini a\u00e7\u0131klad\u0131. Meclis Genel Kurulu\u2019nda g\u00fcncel konu\u015fmalar yap\u0131l\u0131yor. Milletvekilleri, taksiciler ve yasa g\u00fcc\u00fcndeki kararnameler \u00fczerine s\u00f6z ald\u0131. Genel Kurul [&hellip;]","og_url":"https:\/\/netbakis.net\/tr\/39420\/","og_site_name":"NETBAKIS","article_published_time":"2026-04-28T14:46:29+00:00","article_modified_time":"2026-04-28T14:46:30+00:00","og_image":[{"width":971,"height":551,"url":"https:\/\/netbakis.net\/wp-content\/uploads\/2025\/05\/v2yeniproje-2025-05-06t155738342_1746536289.webp","type":"image\/webp"}],"author":"netbakis.net","twitter_card":"summary_large_image","twitter_misc":{"Yazan:":"netbakis.net","Tahmini okuma s\u00fcresi":"3 dakika"},"schema":{"@context":"https:\/\/schema.org","@graph":[{"@type":"WebPage","@id":"https:\/\/netbakis.net\/39420\/","url":"https:\/\/netbakis.net\/39420\/","name":"Meclis\u2019te yasa g\u00fcc\u00fcnde kararname tart\u0131\u015fmas\u0131: Anayasa Mahkemesi karar\u0131n\u0131 tan\u0131mayan darbeci h\u00fck\u00fcmet! - NETBAKIS","isPartOf":{"@id":"https:\/\/netbakis.net\/#website"},"primaryImageOfPage":{"@id":"https:\/\/netbakis.net\/39420\/#primaryimage"},"image":{"@id":"https:\/\/netbakis.net\/39420\/#primaryimage"},"thumbnailUrl":"https:\/\/netbakis.net\/wp-content\/uploads\/2025\/05\/v2yeniproje-2025-05-06t155738342_1746536289.webp","datePublished":"2026-04-28T14:46:29+00:00","dateModified":"2026-04-28T14:46:30+00:00","author":{"@id":"https:\/\/netbakis.net\/#\/schema\/person\/5d9b5c3f48ca4a3c69967d619fc8c7f4"},"breadcrumb":{"@id":"https:\/\/netbakis.net\/39420\/#breadcrumb"},"inLanguage":"tr","potentialAction":[{"@type":"ReadAction","target":["https:\/\/netbakis.net\/39420\/"]}]},{"@type":"ImageObject","inLanguage":"tr","@id":"https:\/\/netbakis.net\/39420\/#primaryimage","url":"https:\/\/netbakis.net\/wp-content\/uploads\/2025\/05\/v2yeniproje-2025-05-06t155738342_1746536289.webp","contentUrl":"https:\/\/netbakis.net\/wp-content\/uploads\/2025\/05\/v2yeniproje-2025-05-06t155738342_1746536289.webp","width":971,"height":551},{"@type":"BreadcrumbList","@id":"https:\/\/netbakis.net\/39420\/#breadcrumb","itemListElement":[{"@type":"ListItem","position":1,"name":"Home","item":"https:\/\/netbakis.net\/"},{"@type":"ListItem","position":2,"name":"Meclis\u2019te yasa g\u00fcc\u00fcnde kararname tart\u0131\u015fmas\u0131: Anayasa Mahkemesi karar\u0131n\u0131 tan\u0131mayan darbeci h\u00fck\u00fcmet!"}]},{"@type":"WebSite","@id":"https:\/\/netbakis.net\/#website","url":"https:\/\/netbakis.net\/","name":"NETBAKIS","description":"SON DAKIKA","potentialAction":[{"@type":"SearchAction","target":{"@type":"EntryPoint","urlTemplate":"https:\/\/netbakis.net\/?s={search_term_string}"},"query-input":{"@type":"PropertyValueSpecification","valueRequired":true,"valueName":"search_term_string"}}],"inLanguage":"tr"},{"@type":"Person","@id":"https:\/\/netbakis.net\/#\/schema\/person\/5d9b5c3f48ca4a3c69967d619fc8c7f4","name":"netbakis.net","image":{"@type":"ImageObject","inLanguage":"tr","@id":"https:\/\/netbakis.net\/#\/schema\/person\/image\/","url":"https:\/\/secure.gravatar.com\/avatar\/4ddeae49d2d3e3568a8d5b0937642efdf0b72468dbe3f213bc1978faa47af0d1?s=96&d=wp_user_avatar&r=g","contentUrl":"https:\/\/secure.gravatar.com\/avatar\/4ddeae49d2d3e3568a8d5b0937642efdf0b72468dbe3f213bc1978faa47af0d1?s=96&d=wp_user_avatar&r=g","caption":"netbakis.net"},"sameAs":["https:\/\/netbakis.net"],"url":"https:\/\/netbakis.net\/tr\/author\/netbakis-net\/"}]}},"jetpack_publicize_connections":[],"_links":{"self":[{"href":"https:\/\/netbakis.net\/tr\/wp-json\/wp\/v2\/posts\/39420","targetHints":{"allow":["GET"]}}],"collection":[{"href":"https:\/\/netbakis.net\/tr\/wp-json\/wp\/v2\/posts"}],"about":[{"href":"https:\/\/netbakis.net\/tr\/wp-json\/wp\/v2\/types\/post"}],"author":[{"embeddable":true,"href":"https:\/\/netbakis.net\/tr\/wp-json\/wp\/v2\/users\/1"}],"replies":[{"embeddable":true,"href":"https:\/\/netbakis.net\/tr\/wp-json\/wp\/v2\/comments?post=39420"}],"version-history":[{"count":1,"href":"https:\/\/netbakis.net\/tr\/wp-json\/wp\/v2\/posts\/39420\/revisions"}],"predecessor-version":[{"id":39421,"href":"https:\/\/netbakis.net\/tr\/wp-json\/wp\/v2\/posts\/39420\/revisions\/39421"}],"wp:featuredmedia":[{"embeddable":true,"href":"https:\/\/netbakis.net\/tr\/wp-json\/wp\/v2\/media\/26733"}],"wp:attachment":[{"href":"https:\/\/netbakis.net\/tr\/wp-json\/wp\/v2\/media?parent=39420"}],"wp:term":[{"taxonomy":"category","embeddable":true,"href":"https:\/\/netbakis.net\/tr\/wp-json\/wp\/v2\/categories?post=39420"},{"taxonomy":"post_tag","embeddable":true,"href":"https:\/\/netbakis.net\/tr\/wp-json\/wp\/v2\/tags?post=39420"}],"curies":[{"name":"wp","href":"https:\/\/api.w.org\/{rel}","templated":true}]}}