{"id":39418,"date":"2026-04-28T14:45:56","date_gmt":"2026-04-28T14:45:56","guid":{"rendered":"https:\/\/netbakis.net\/?p=39418"},"modified":"2026-04-28T14:45:57","modified_gmt":"2026-04-28T14:45:57","slug":"mecliste-taksi-sektoru-tartismasi-tarifelerde-yuzde-70-zam-isteniyor-bu-mumkun-degil","status":"publish","type":"post","link":"https:\/\/netbakis.net\/tr\/39418\/","title":{"rendered":"Meclis&#8217;te taksi sekt\u00f6r\u00fc tart\u0131\u015fmas\u0131: Tarifelerde y\u00fczde 70 zam isteniyor, bu m\u00fcmk\u00fcn de\u011fil"},"content":{"rendered":"<p>CTP Milletvekili Fikri Toros, taksi sekt\u00f6r\u00fcndeki yap\u0131sal sorunlar ve eylemlere dikkat \u00e7ekerek \u00e7\u00f6z\u00fcm \u00e7a\u011fr\u0131s\u0131 yapt\u0131. Bay\u0131nd\u0131rl\u0131k ve Ula\u015ft\u0131rma Bakan\u0131 Erhan Ar\u0131kl\u0131 ise tarifelerin zaten y\u00fcksek oldu\u011funu belirterek y\u00fczde 70 zam talebinin m\u00fcmk\u00fcn olmad\u0131\u011f\u0131n\u0131 s\u00f6yledi.<br><br>Meclis Genel Kurulu\u2019nda g\u00fcncel konu\u015fmalar yap\u0131l\u0131yor. Milletvekilleri, taksiciler ve yasa g\u00fcc\u00fcndeki kararnameler \u00fczerine s\u00f6z ald\u0131.<\/p>\n\n\n\n<p>Genel Kurul onaya sunu\u015flarla ba\u015flad\u0131. \u0130lk olarak, \u0130dari Kamu ve Sa\u011fl\u0131k \u0130\u015fleri Komitesi&#8217;nin g\u00fcndeminde bulunan \u201c\u0130statistik Kurumu De\u011fi\u015fiklik Yasa \u00d6nerisi&#8217;nin komitede \u0130vedilikle g\u00f6r\u00fc\u015f\u00fclmesine ili\u015fkin tezkere oy birli\u011fi ile kabul edildi.<\/p>\n\n\n\n<p>Ba\u015fbakanl\u0131k; Hukuk, Siyasi \u0130\u015fler, D\u0131\u015f \u0130li\u015fkiler ve Savunma Komitesi\u2019nin g\u00fcndeminde bulunan \u201cCeza Muhakemeleri Usul\u00fc\u201d, \u201cCeza (De\u011fi\u015fiklik)\u201d, \u201c\u015eahadet (De\u011fi\u015fiklik)\u201d ve \u201cG\u00fcvenlik Kuvvetleri Mahkemesi ile G\u00fcvenlik Kuvvetleri Yarg\u0131tay\u0131n\u0131n Kurulu\u015fu ve Yarg\u0131lama Usul\u00fc (De\u011fi\u015fiklik)\u201d yasa tasar\u0131lar\u0131n\u0131n komitede ivedilikle g\u00f6r\u00fc\u015f\u00fclmesine ili\u015fkin tezkereler oy birli\u011fiyle kabul edildi.<\/p>\n\n\n\n<p>Hukuk, Siyasi \u0130\u015fler, D\u0131\u015f \u0130li\u015fkiler ve Savunma Komitesi&#8217;nin bir daha g\u00f6r\u00fc\u015f\u00fclmek \u00fczere komiteye \u00e7ekilen \u201cMahkemeler (De\u011fi\u015fiklik)\u201d Yasa Tasar\u0131&#8217;s\u0131n\u0131n komitede ivedilikle g\u00f6r\u00fc\u015f\u00fclmesine ili\u015fkin tezkere de oy birli\u011fiyle kabul edildi.<\/p>\n\n\n\n<p>Genel Kurul daha sonra g\u00fcncel konu\u015fmalarla devam etti.<\/p>\n\n\n\n<p>F\u0130KR\u0130 TOROS<\/p>\n\n\n\n<p>Genel Kurul\u2019da ilk s\u00f6z\u00fc alan, Cumhuriyet\u00e7i T\u00fcrk Partisi (CTP) Milletvekili Fikri Toros \u201cTaksi Sekt\u00f6r\u00fcn\u00fcn Sorunlar\u0131 ve Talepleri\u201d konulu g\u00fcncel konu\u015fma yaparak, taksicilerin Bay\u0131nd\u0131rl\u0131k ve Ula\u015ft\u0131rma Bakanl\u0131\u011f\u0131 ile Meclis \u00f6n\u00fcnde yapt\u0131\u011f\u0131 eyleme i\u015faret etti.<\/p>\n\n\n\n<p>Taksicilerin biriken sorunlar, g\u00f6rmezden gelinen talepler ve \u00e7\u00f6z\u00fcms\u00fcz b\u0131rak\u0131lan yap\u0131sal aksakl\u0131klar sebebiyle eylem yapt\u0131\u011f\u0131n\u0131 s\u00f6yleyen Toros, konunun h\u00fck\u00fcmetin \u00f6ncelikli sorumlulu\u011fu oldu\u011funu belirtti.<\/p>\n\n\n\n<p>Fikri Toros, sekt\u00f6r\u00fcn, enflasyon ve a\u015f\u0131r\u0131 faiz bask\u0131s\u0131 alt\u0131nda oldu\u011funu, kay\u0131t d\u0131\u015f\u0131l\u0131k ile denetimsizlik sorunu ya\u015fad\u0131\u011f\u0131n\u0131 dile getirdi.<\/p>\n\n\n\n<p>Taksicilerin \u00e7al\u0131\u015fma ko\u015fullar\u0131n\u0131n zor oldu\u011funu da ifade eden Toros, sekt\u00f6r\u00fcn dijital d\u00f6n\u00fc\u015f\u00fcmle yeni ula\u015f\u0131m modellerine de uyum sa\u011flayamad\u0131\u011f\u0131n\u0131 ifade etti.<\/p>\n\n\n\n<p>Taksi tarifelerinin yeniden d\u00fczenlenip, belli aral\u0131klarla g\u00fcncellenmesi gerekti\u011fini kaydeden Toros, sorunlar\u0131n \u00e7\u00f6z\u00fcm\u00fc i\u00e7in denetim, b\u00fct\u00fcnc\u00fcl ve kal\u0131c\u0131 politikalar gerekti\u011fini belirtti.<\/p>\n\n\n\n<p>Toros, turizmin i\u00e7in taksicili\u011fin \u00f6nemine de de\u011findi.<\/p>\n\n\n\n<p>Erhan Ar\u0131kl\u0131<\/p>\n\n\n\n<p>Bay\u0131nd\u0131rl\u0131k ve Ula\u015ft\u0131rma Bakan\u0131 Erhan Ar\u0131kl\u0131, Toros&#8217;a yan\u0131t verdi\u011fi konu\u015fmas\u0131nda taksicilik sekt\u00f6r\u00fcn\u00fcn \u00fclkede ula\u015f\u0131m ve turizm a\u00e7\u0131s\u0131ndan \u00f6nemli oldu\u011funu belirtti, taksicilerle s\u00fcrekli bir araya gelerek sorunlar\u0131 tart\u0131\u015ft\u0131klar\u0131n\u0131 s\u00f6yledi.<\/p>\n\n\n\n<p>Birlikte \u00e7\u00f6z\u00fcm \u00fcretmeye \u00e7al\u0131\u015ft\u0131klar\u0131n\u0131, karar alma mekanizmas\u0131 olan \u0130zin Kurulu&#8217;nda taksicilerin ve Kar-\u0130\u015f\u2019in temsil edildi\u011fini kaydeden Ar\u0131kl\u0131, kararlar\u0131n sekt\u00f6r\u00fcn bilgisi, onay\u0131 ve i\u015f birli\u011fi ile al\u0131nd\u0131\u011f\u0131n\u0131 ifade etti.<\/p>\n\n\n\n<p>Ar\u0131kl\u0131, mevcut taksi tarifeleri hakk\u0131nda bilgi vererek, tarifelerin y\u00fcksek oldu\u011funu kaydetti. Ar\u0131kl\u0131, ucuz u\u00e7ak bileti bulup adaya gelen turistlerin ula\u015f\u0131m i\u00e7in y\u00fcksek \u00fccretler \u00f6dedi\u011fini belirtti.<\/p>\n\n\n\n<p>Tarifeleri y\u00fckseltmenin sorunlar\u0131 \u00e7\u00f6zmedi\u011fini, ka\u00e7ak taksicili\u011fi te\u015fvik etti\u011fini s\u00f6yleyen Bay\u0131nd\u0131rl\u0131k ve Ula\u015ft\u0131rma Bakan\u0131 Erhan Ar\u0131kl\u0131, talep edilen tarife zamm\u0131n\u0131n y\u00fczde 70 oran\u0131nda oldu\u011funu ancak bunun yap\u0131lmas\u0131n\u0131n m\u00fcmk\u00fcn olmad\u0131\u011f\u0131n\u0131 kaydetti.<\/p>\n\n\n\n<p>Erhan Ar\u0131kl\u0131, taksicilik ile ilgili yasas\u0131n\u0131n Anayasa\u2019n\u0131n \u201cseyahat \u00f6zg\u00fcrl\u00fc\u011f\u00fc\u201d maddesine ayk\u0131r\u0131 oldu\u011fu i\u00e7in komiteye \u00e7ekildi\u011fini de ifade etti.<\/p>\n\n\n\n<p>Yasa tasar\u0131s\u0131nda Anayasa\u2019ya uygun olmayan k\u0131s\u0131mlar\u0131 i\u00e7in yeni form\u00fcllere ve mant\u0131kl\u0131 \u00e7\u00f6z\u00fcmlere ihtiya\u00e7 oldu\u011funu s\u00f6yleyen Erhan Ar\u0131kl\u0131, ortak ak\u0131lla \u00e7\u00f6z\u00fcm \u00fcretilmesi i\u00e7in muhalefet milletvekillerini de s\u00fcrece dahil olmaya davet etti.<\/p>\n\n\n\n<p>Taksi tarifelerinin, \u0130zin Kurulu taraf\u0131ndan belirlendi\u011fine dikkat \u00e7eken Ar\u0131kl\u0131, tarifeler belirlenirken uygulanan kriterler hakk\u0131nda bilgi verdi.<\/p>\n\n\n\n<p>Bakan Ar\u0131kl\u0131, dijitalle\u015fme \u00f6nerilerinin otel \u00f6n\u00fcnde ve havaalan\u0131 b\u00f6lgesinde \u00e7al\u0131\u015fan taksiciler taraf\u0131ndan reddedildi\u011fini belirterek, \u015fehir i\u00e7i taksicilerinin ayn\u0131 ko\u015fullar alt\u0131nda \u00e7al\u0131\u015fmad\u0131\u011f\u0131 i\u00e7in zor durumda oldu\u011funu s\u00f6yledi.<\/p>","protected":false},"excerpt":{"rendered":"<p>CTP Milletvekili Fikri Toros, taksi sekt\u00f6r\u00fcndeki yap\u0131sal sorunlar ve eylemlere dikkat \u00e7ekerek \u00e7\u00f6z\u00fcm \u00e7a\u011fr\u0131s\u0131 yapt\u0131. Bay\u0131nd\u0131rl\u0131k ve Ula\u015ft\u0131rma Bakan\u0131 Erhan Ar\u0131kl\u0131 ise tarifelerin zaten y\u00fcksek oldu\u011funu belirterek y\u00fczde 70 zam talebinin m\u00fcmk\u00fcn olmad\u0131\u011f\u0131n\u0131 s\u00f6yledi. Meclis Genel Kurulu\u2019nda g\u00fcncel konu\u015fmalar yap\u0131l\u0131yor. Milletvekilleri, taksiciler ve yasa g\u00fcc\u00fcndeki kararnameler \u00fczerine s\u00f6z ald\u0131. Genel Kurul onaya sunu\u015flarla ba\u015flad\u0131. \u0130lk [&hellip;]<\/p>","protected":false},"author":1,"featured_media":5356,"comment_status":"open","ping_status":"open","sticky":false,"template":"","format":"standard","meta":{"om_disable_all_campaigns":false,"_monsterinsights_skip_tracking":false,"_monsterinsights_sitenote_active":false,"_monsterinsights_sitenote_note":"","_monsterinsights_sitenote_category":0,"_uf_show_specific_survey":0,"_uf_disable_surveys":false,"footnotes":"","jetpack_publicize_message":"","jetpack_publicize_feature_enabled":true,"jetpack_social_post_already_shared":true,"jetpack_social_options":{"image_generator_settings":{"template":"highway","default_image_id":0,"font":"","enabled":false},"version":2}},"categories":[81],"tags":[],"class_list":{"0":"post-39418","1":"post","2":"type-post","3":"status-publish","4":"format-standard","5":"has-post-thumbnail","7":"category-gundem"},"yoast_head":"<!-- This site is optimized with the Yoast SEO plugin v23.8 - https:\/\/yoast.com\/wordpress\/plugins\/seo\/ -->\n<title>Meclis&#039;te taksi sekt\u00f6r\u00fc tart\u0131\u015fmas\u0131: Tarifelerde y\u00fczde 70 zam isteniyor, bu m\u00fcmk\u00fcn de\u011fil - NETBAKIS<\/title>\n<meta name=\"robots\" content=\"index, follow, max-snippet:-1, max-image-preview:large, max-video-preview:-1\" \/>\n<link rel=\"canonical\" href=\"https:\/\/netbakis.net\/tr\/39418\/\" \/>\n<meta property=\"og:locale\" content=\"tr_TR\" \/>\n<meta property=\"og:type\" content=\"article\" \/>\n<meta property=\"og:title\" content=\"Meclis&#039;te taksi sekt\u00f6r\u00fc tart\u0131\u015fmas\u0131: Tarifelerde y\u00fczde 70 zam isteniyor, bu m\u00fcmk\u00fcn de\u011fil - NETBAKIS\" \/>\n<meta property=\"og:description\" content=\"CTP Milletvekili Fikri Toros, taksi sekt\u00f6r\u00fcndeki yap\u0131sal sorunlar ve eylemlere dikkat \u00e7ekerek \u00e7\u00f6z\u00fcm \u00e7a\u011fr\u0131s\u0131 yapt\u0131. Bay\u0131nd\u0131rl\u0131k ve Ula\u015ft\u0131rma Bakan\u0131 Erhan Ar\u0131kl\u0131 ise tarifelerin zaten y\u00fcksek oldu\u011funu belirterek y\u00fczde 70 zam talebinin m\u00fcmk\u00fcn olmad\u0131\u011f\u0131n\u0131 s\u00f6yledi. Meclis Genel Kurulu\u2019nda g\u00fcncel konu\u015fmalar yap\u0131l\u0131yor. Milletvekilleri, taksiciler ve yasa g\u00fcc\u00fcndeki kararnameler \u00fczerine s\u00f6z ald\u0131. Genel Kurul onaya sunu\u015flarla ba\u015flad\u0131. \u0130lk [&hellip;]\" \/>\n<meta property=\"og:url\" content=\"https:\/\/netbakis.net\/tr\/39418\/\" \/>\n<meta property=\"og:site_name\" content=\"NETBAKIS\" \/>\n<meta property=\"article:published_time\" content=\"2026-04-28T14:45:56+00:00\" \/>\n<meta property=\"article:modified_time\" content=\"2026-04-28T14:45:57+00:00\" \/>\n<meta property=\"og:image\" content=\"https:\/\/netbakis.net\/wp-content\/uploads\/2021\/05\/erhan_arikli_akaryakitta_100_milyon_ile_300_milyon_tl_arasinda_vurgun_oldugu_iddia_ediliyor_h103468_174d1.jpg\" \/>\n\t<meta property=\"og:image:width\" content=\"707\" \/>\n\t<meta property=\"og:image:height\" content=\"431\" \/>\n\t<meta property=\"og:image:type\" content=\"image\/jpeg\" \/>\n<meta name=\"author\" content=\"netbakis.net\" \/>\n<meta name=\"twitter:card\" content=\"summary_large_image\" \/>\n<meta name=\"twitter:label1\" content=\"Yazan:\" \/>\n\t<meta name=\"twitter:data1\" content=\"netbakis.net\" \/>\n\t<meta name=\"twitter:label2\" content=\"Tahmini okuma s\u00fcresi\" \/>\n\t<meta name=\"twitter:data2\" content=\"3 dakika\" \/>\n<script type=\"application\/ld+json\" class=\"yoast-schema-graph\">{\"@context\":\"https:\/\/schema.org\",\"@graph\":[{\"@type\":\"WebPage\",\"@id\":\"https:\/\/netbakis.net\/39418\/\",\"url\":\"https:\/\/netbakis.net\/39418\/\",\"name\":\"Meclis'te taksi sekt\u00f6r\u00fc tart\u0131\u015fmas\u0131: Tarifelerde y\u00fczde 70 zam isteniyor, bu m\u00fcmk\u00fcn de\u011fil - NETBAKIS\",\"isPartOf\":{\"@id\":\"https:\/\/netbakis.net\/#website\"},\"primaryImageOfPage\":{\"@id\":\"https:\/\/netbakis.net\/39418\/#primaryimage\"},\"image\":{\"@id\":\"https:\/\/netbakis.net\/39418\/#primaryimage\"},\"thumbnailUrl\":\"https:\/\/netbakis.net\/wp-content\/uploads\/2021\/05\/erhan_arikli_akaryakitta_100_milyon_ile_300_milyon_tl_arasinda_vurgun_oldugu_iddia_ediliyor_h103468_174d1.jpg\",\"datePublished\":\"2026-04-28T14:45:56+00:00\",\"dateModified\":\"2026-04-28T14:45:57+00:00\",\"author\":{\"@id\":\"https:\/\/netbakis.net\/#\/schema\/person\/5d9b5c3f48ca4a3c69967d619fc8c7f4\"},\"breadcrumb\":{\"@id\":\"https:\/\/netbakis.net\/39418\/#breadcrumb\"},\"inLanguage\":\"tr\",\"potentialAction\":[{\"@type\":\"ReadAction\",\"target\":[\"https:\/\/netbakis.net\/39418\/\"]}]},{\"@type\":\"ImageObject\",\"inLanguage\":\"tr\",\"@id\":\"https:\/\/netbakis.net\/39418\/#primaryimage\",\"url\":\"https:\/\/netbakis.net\/wp-content\/uploads\/2021\/05\/erhan_arikli_akaryakitta_100_milyon_ile_300_milyon_tl_arasinda_vurgun_oldugu_iddia_ediliyor_h103468_174d1.jpg\",\"contentUrl\":\"https:\/\/netbakis.net\/wp-content\/uploads\/2021\/05\/erhan_arikli_akaryakitta_100_milyon_ile_300_milyon_tl_arasinda_vurgun_oldugu_iddia_ediliyor_h103468_174d1.jpg\",\"width\":707,\"height\":431,\"caption\":\"Erhan Ar\u0131kl\u0131\"},{\"@type\":\"BreadcrumbList\",\"@id\":\"https:\/\/netbakis.net\/39418\/#breadcrumb\",\"itemListElement\":[{\"@type\":\"ListItem\",\"position\":1,\"name\":\"Home\",\"item\":\"https:\/\/netbakis.net\/\"},{\"@type\":\"ListItem\",\"position\":2,\"name\":\"Meclis&#8217;te taksi sekt\u00f6r\u00fc tart\u0131\u015fmas\u0131: Tarifelerde y\u00fczde 70 zam isteniyor, bu m\u00fcmk\u00fcn de\u011fil\"}]},{\"@type\":\"WebSite\",\"@id\":\"https:\/\/netbakis.net\/#website\",\"url\":\"https:\/\/netbakis.net\/\",\"name\":\"NETBAKIS\",\"description\":\"SON DAKIKA\",\"potentialAction\":[{\"@type\":\"SearchAction\",\"target\":{\"@type\":\"EntryPoint\",\"urlTemplate\":\"https:\/\/netbakis.net\/?s={search_term_string}\"},\"query-input\":{\"@type\":\"PropertyValueSpecification\",\"valueRequired\":true,\"valueName\":\"search_term_string\"}}],\"inLanguage\":\"tr\"},{\"@type\":\"Person\",\"@id\":\"https:\/\/netbakis.net\/#\/schema\/person\/5d9b5c3f48ca4a3c69967d619fc8c7f4\",\"name\":\"netbakis.net\",\"image\":{\"@type\":\"ImageObject\",\"inLanguage\":\"tr\",\"@id\":\"https:\/\/netbakis.net\/#\/schema\/person\/image\/\",\"url\":\"https:\/\/secure.gravatar.com\/avatar\/4ddeae49d2d3e3568a8d5b0937642efdf0b72468dbe3f213bc1978faa47af0d1?s=96&d=wp_user_avatar&r=g\",\"contentUrl\":\"https:\/\/secure.gravatar.com\/avatar\/4ddeae49d2d3e3568a8d5b0937642efdf0b72468dbe3f213bc1978faa47af0d1?s=96&d=wp_user_avatar&r=g\",\"caption\":\"netbakis.net\"},\"sameAs\":[\"https:\/\/netbakis.net\"],\"url\":\"https:\/\/netbakis.net\/tr\/author\/netbakis-net\/\"}]}<\/script>\n<!-- \/ Yoast SEO plugin. -->","yoast_head_json":{"title":"Meclis'te taksi sekt\u00f6r\u00fc tart\u0131\u015fmas\u0131: Tarifelerde y\u00fczde 70 zam isteniyor, bu m\u00fcmk\u00fcn de\u011fil - NETBAKIS","robots":{"index":"index","follow":"follow","max-snippet":"max-snippet:-1","max-image-preview":"max-image-preview:large","max-video-preview":"max-video-preview:-1"},"canonical":"https:\/\/netbakis.net\/tr\/39418\/","og_locale":"tr_TR","og_type":"article","og_title":"Meclis'te taksi sekt\u00f6r\u00fc tart\u0131\u015fmas\u0131: Tarifelerde y\u00fczde 70 zam isteniyor, bu m\u00fcmk\u00fcn de\u011fil - NETBAKIS","og_description":"CTP Milletvekili Fikri Toros, taksi sekt\u00f6r\u00fcndeki yap\u0131sal sorunlar ve eylemlere dikkat \u00e7ekerek \u00e7\u00f6z\u00fcm \u00e7a\u011fr\u0131s\u0131 yapt\u0131. Bay\u0131nd\u0131rl\u0131k ve Ula\u015ft\u0131rma Bakan\u0131 Erhan Ar\u0131kl\u0131 ise tarifelerin zaten y\u00fcksek oldu\u011funu belirterek y\u00fczde 70 zam talebinin m\u00fcmk\u00fcn olmad\u0131\u011f\u0131n\u0131 s\u00f6yledi. Meclis Genel Kurulu\u2019nda g\u00fcncel konu\u015fmalar yap\u0131l\u0131yor. Milletvekilleri, taksiciler ve yasa g\u00fcc\u00fcndeki kararnameler \u00fczerine s\u00f6z ald\u0131. Genel Kurul onaya sunu\u015flarla ba\u015flad\u0131. \u0130lk [&hellip;]","og_url":"https:\/\/netbakis.net\/tr\/39418\/","og_site_name":"NETBAKIS","article_published_time":"2026-04-28T14:45:56+00:00","article_modified_time":"2026-04-28T14:45:57+00:00","og_image":[{"width":707,"height":431,"url":"https:\/\/netbakis.net\/wp-content\/uploads\/2021\/05\/erhan_arikli_akaryakitta_100_milyon_ile_300_milyon_tl_arasinda_vurgun_oldugu_iddia_ediliyor_h103468_174d1.jpg","type":"image\/jpeg"}],"author":"netbakis.net","twitter_card":"summary_large_image","twitter_misc":{"Yazan:":"netbakis.net","Tahmini okuma s\u00fcresi":"3 dakika"},"schema":{"@context":"https:\/\/schema.org","@graph":[{"@type":"WebPage","@id":"https:\/\/netbakis.net\/39418\/","url":"https:\/\/netbakis.net\/39418\/","name":"Meclis'te taksi sekt\u00f6r\u00fc tart\u0131\u015fmas\u0131: Tarifelerde y\u00fczde 70 zam isteniyor, bu m\u00fcmk\u00fcn de\u011fil - NETBAKIS","isPartOf":{"@id":"https:\/\/netbakis.net\/#website"},"primaryImageOfPage":{"@id":"https:\/\/netbakis.net\/39418\/#primaryimage"},"image":{"@id":"https:\/\/netbakis.net\/39418\/#primaryimage"},"thumbnailUrl":"https:\/\/netbakis.net\/wp-content\/uploads\/2021\/05\/erhan_arikli_akaryakitta_100_milyon_ile_300_milyon_tl_arasinda_vurgun_oldugu_iddia_ediliyor_h103468_174d1.jpg","datePublished":"2026-04-28T14:45:56+00:00","dateModified":"2026-04-28T14:45:57+00:00","author":{"@id":"https:\/\/netbakis.net\/#\/schema\/person\/5d9b5c3f48ca4a3c69967d619fc8c7f4"},"breadcrumb":{"@id":"https:\/\/netbakis.net\/39418\/#breadcrumb"},"inLanguage":"tr","potentialAction":[{"@type":"ReadAction","target":["https:\/\/netbakis.net\/39418\/"]}]},{"@type":"ImageObject","inLanguage":"tr","@id":"https:\/\/netbakis.net\/39418\/#primaryimage","url":"https:\/\/netbakis.net\/wp-content\/uploads\/2021\/05\/erhan_arikli_akaryakitta_100_milyon_ile_300_milyon_tl_arasinda_vurgun_oldugu_iddia_ediliyor_h103468_174d1.jpg","contentUrl":"https:\/\/netbakis.net\/wp-content\/uploads\/2021\/05\/erhan_arikli_akaryakitta_100_milyon_ile_300_milyon_tl_arasinda_vurgun_oldugu_iddia_ediliyor_h103468_174d1.jpg","width":707,"height":431,"caption":"Erhan Ar\u0131kl\u0131"},{"@type":"BreadcrumbList","@id":"https:\/\/netbakis.net\/39418\/#breadcrumb","itemListElement":[{"@type":"ListItem","position":1,"name":"Home","item":"https:\/\/netbakis.net\/"},{"@type":"ListItem","position":2,"name":"Meclis&#8217;te taksi sekt\u00f6r\u00fc tart\u0131\u015fmas\u0131: Tarifelerde y\u00fczde 70 zam isteniyor, bu m\u00fcmk\u00fcn de\u011fil"}]},{"@type":"WebSite","@id":"https:\/\/netbakis.net\/#website","url":"https:\/\/netbakis.net\/","name":"NETBAKIS","description":"SON DAKIKA","potentialAction":[{"@type":"SearchAction","target":{"@type":"EntryPoint","urlTemplate":"https:\/\/netbakis.net\/?s={search_term_string}"},"query-input":{"@type":"PropertyValueSpecification","valueRequired":true,"valueName":"search_term_string"}}],"inLanguage":"tr"},{"@type":"Person","@id":"https:\/\/netbakis.net\/#\/schema\/person\/5d9b5c3f48ca4a3c69967d619fc8c7f4","name":"netbakis.net","image":{"@type":"ImageObject","inLanguage":"tr","@id":"https:\/\/netbakis.net\/#\/schema\/person\/image\/","url":"https:\/\/secure.gravatar.com\/avatar\/4ddeae49d2d3e3568a8d5b0937642efdf0b72468dbe3f213bc1978faa47af0d1?s=96&d=wp_user_avatar&r=g","contentUrl":"https:\/\/secure.gravatar.com\/avatar\/4ddeae49d2d3e3568a8d5b0937642efdf0b72468dbe3f213bc1978faa47af0d1?s=96&d=wp_user_avatar&r=g","caption":"netbakis.net"},"sameAs":["https:\/\/netbakis.net"],"url":"https:\/\/netbakis.net\/tr\/author\/netbakis-net\/"}]}},"jetpack_publicize_connections":[],"_links":{"self":[{"href":"https:\/\/netbakis.net\/tr\/wp-json\/wp\/v2\/posts\/39418","targetHints":{"allow":["GET"]}}],"collection":[{"href":"https:\/\/netbakis.net\/tr\/wp-json\/wp\/v2\/posts"}],"about":[{"href":"https:\/\/netbakis.net\/tr\/wp-json\/wp\/v2\/types\/post"}],"author":[{"embeddable":true,"href":"https:\/\/netbakis.net\/tr\/wp-json\/wp\/v2\/users\/1"}],"replies":[{"embeddable":true,"href":"https:\/\/netbakis.net\/tr\/wp-json\/wp\/v2\/comments?post=39418"}],"version-history":[{"count":1,"href":"https:\/\/netbakis.net\/tr\/wp-json\/wp\/v2\/posts\/39418\/revisions"}],"predecessor-version":[{"id":39419,"href":"https:\/\/netbakis.net\/tr\/wp-json\/wp\/v2\/posts\/39418\/revisions\/39419"}],"wp:featuredmedia":[{"embeddable":true,"href":"https:\/\/netbakis.net\/tr\/wp-json\/wp\/v2\/media\/5356"}],"wp:attachment":[{"href":"https:\/\/netbakis.net\/tr\/wp-json\/wp\/v2\/media?parent=39418"}],"wp:term":[{"taxonomy":"category","embeddable":true,"href":"https:\/\/netbakis.net\/tr\/wp-json\/wp\/v2\/categories?post=39418"},{"taxonomy":"post_tag","embeddable":true,"href":"https:\/\/netbakis.net\/tr\/wp-json\/wp\/v2\/tags?post=39418"}],"curies":[{"name":"wp","href":"https:\/\/api.w.org\/{rel}","templated":true}]}}