{"id":39414,"date":"2026-04-28T14:44:56","date_gmt":"2026-04-28T14:44:56","guid":{"rendered":"https:\/\/netbakis.net\/?p=39414"},"modified":"2026-04-28T14:44:58","modified_gmt":"2026-04-28T14:44:58","slug":"mecliste-tarim-tartismasi-tarimda-buyume-var-fiyatlarda-dusus-bekleniyor","status":"publish","type":"post","link":"https:\/\/netbakis.net\/tr\/39414\/","title":{"rendered":"Meclis&#8217;te tar\u0131m tart\u0131\u015fmas\u0131: Tar\u0131mda b\u00fcy\u00fcme var, fiyatlarda d\u00fc\u015f\u00fc\u015f bekleniyor"},"content":{"rendered":"<p>CTP Milletvekili Fide K\u00fcr\u015fat, h\u00fck\u00fcmeti bor\u00e7lanma politikalar\u0131, hayat pahal\u0131l\u0131\u011f\u0131 ve \u00fcretim maliyetleri \u00fczerinden ele\u015ftirerek kamu maliyesinin k\u00f6t\u00fc y\u00f6netildi\u011fini savundu. Tar\u0131m Bakan\u0131 H\u00fcseyin \u00c7avu\u015f ise tar\u0131msal \u00fcretimde b\u00fcy\u00fcme oldu\u011funu, fiyatlarda d\u00fc\u015f\u00fc\u015f beklendi\u011fini ve \u00f6demelerde ciddi bir sorun bulunmad\u0131\u011f\u0131n\u0131 belirterek ele\u015ftirilere yan\u0131t verdi.<br><br>Cumhuriyet Meclisi\u2019nde ekonomik tedbirler, tar\u0131m, erken se\u00e7im ve dijitalle\u015fme konu\u015fuldu.<\/p>\n\n\n\n<p>F\u0130DE K\u00dcR\u015eAT<\/p>\n\n\n\n<p>Cumhuriyet\u00e7i T\u00fcrk Partisi (CTP) Milletvekili Fide K\u00fcr\u015fat, Genel Kurul&#8217;da \u201cPahal\u0131la\u015fan Hayat, Artan \u00dcretim Maliyetleri, Kan A\u011flayan Esnaf\u2026 Yurtta\u015f\u0131n\u0131 Haraca Ba\u011flayan H\u00fck\u00fcmet!\u201d konulu g\u00fcncel konu\u015fma yapt\u0131.<\/p>\n\n\n\n<p>K\u00fcr\u015fat, h\u00fck\u00fcmetin bor\u00e7lanma politikalar\u0131n\u0131 ele\u015ftirerek, kamu maliyesinin \u00e7\u00f6kt\u00fc\u011f\u00fcn\u00fc, sistemin borcu bor\u00e7la kapatma anlay\u0131\u015f\u0131yla s\u00fcrd\u00fcr\u00fcld\u00fc\u011f\u00fcn\u00fc s\u00f6yledi.<\/p>\n\n\n\n<p>Maliye Bakan\u0131\u2019n\u0131n yapt\u0131\u011f\u0131 a\u00e7\u0131klamalara da de\u011finen K\u00fcr\u015fat, \u201c\u00c7ocuklar\u0131m\u0131zdan de\u011fil, torunlar\u0131m\u0131zdan gelece\u011fi \u00e7al\u0131yorlar.\u201d ifadelerini kulland\u0131.<\/p>\n\n\n\n<p>H\u00fck\u00fcmetin \u00fcretim, gelir yaratma ve ekonomiyi b\u00fcy\u00fctmeye y\u00f6nelik herhangi bir tedbir almad\u0131\u011f\u0131n\u0131 savunan K\u00fcr\u015fat, hayat pahal\u0131l\u0131\u011f\u0131 nedeniyle halk\u0131n ciddi zorluk ya\u015fad\u0131\u011f\u0131n\u0131 dile getirdi.<\/p>\n\n\n\n<p>Kay\u0131t d\u0131\u015f\u0131 ekonominin \u00f6nlenmesinin \u00f6nemine dikkat \u00e7eken K\u00fcr\u015fat, h\u00fck\u00fcmet program\u0131nda bu alana ili\u015fkin herhangi bir \u00e7al\u0131\u015fma veya mevzuat d\u00fczenlemesi bulunmad\u0131\u011f\u0131n\u0131 belirtti.<\/p>\n\n\n\n<p>K\u00fcr\u015fat, re&#8217;sen vergiler yoluyla esnaf ve i\u015f insanlar\u0131n\u0131n zor durumda b\u0131rak\u0131ld\u0131\u011f\u0131n\u0131 savunarak, Maliye\u2019nin bor\u00e7 stokunun giderek artt\u0131\u011f\u0131n\u0131 s\u00f6yledi. K\u00fcr\u015fat, bu bor\u00e7lar\u0131n nerede kullan\u0131ld\u0131\u011f\u0131n\u0131 sordu.<\/p>\n\n\n\n<p>Fide K\u00fcr\u015fat, istihdam politikalar\u0131 \u00fczerinden kamu maliyesinin k\u00f6t\u00fc y\u00f6netildi\u011fini de savunarak, ekonominin bu \u015fekilde y\u00f6netilemeyece\u011fini kaydetti.<\/p>\n\n\n\n<p>\u00dcretim maliyetlerinin artt\u0131\u011f\u0131na dikkat \u00e7eken K\u00fcr\u015fat, \u00e7i\u011f s\u00fct bedellerinin zaman\u0131nda \u00f6denmesinin \u00fcreticiler a\u00e7\u0131s\u0131ndan b\u00fcy\u00fck \u00f6nem ta\u015f\u0131d\u0131\u011f\u0131n\u0131 ifade etti.<\/p>\n\n\n\n<p>K\u00fcr\u015fat, \u00fcreticilerin s\u00fct bedellerinin \u00f6denmedi\u011fini, arpa \u00f6demeleri i\u00e7in kesilen \u00e7eklerin ise geri d\u00f6nd\u00fc\u011f\u00fcn\u00fc savundu.<\/p>\n\n\n\n<p>Fide K\u00fcr\u015fat, yoksulluk ve a\u00e7l\u0131k s\u0131n\u0131r\u0131n\u0131n artt\u0131\u011f\u0131n\u0131 belirterek, h\u00fck\u00fcmetin hayat\u0131 ucuzlatmaya y\u00f6nelik herhangi bir ad\u0131m atmad\u0131\u011f\u0131n\u0131, s\u00fcrekli bor\u00e7lanmaya gidildi\u011fini, bu a\u015famadan sonra h\u00fck\u00fcmetten herhangi bir beklentileri kalmad\u0131\u011f\u0131n\u0131 s\u00f6yledi.<\/p>\n\n\n\n<p>H\u00dcSEY\u0130N \u00c7AVU\u015e<\/p>\n\n\n\n<p>K\u00fcr\u015fat\u2019\u0131 yan\u0131tlayan Tar\u0131m ve Do\u011fal Kaynaklar Bakan\u0131 H\u00fcseyin \u00c7avu\u015f, \u00fcretim verilerine ili\u015fkin de\u011ferlendirmelerde bulunarak, kay\u0131tlarda tar\u0131msal \u00fcretimde b\u00fcy\u00fcme ger\u00e7ekle\u015fti\u011finin g\u00f6r\u00fcld\u00fc\u011f\u00fcn\u00fc ifade etti.<\/p>\n\n\n\n<p>\u00c7avu\u015f, K\u00fcr\u015fat\u2019\u0131n \u00e7o\u011funlukla duyumlara dayal\u0131 de\u011ferlendirmeler yapt\u0131\u011f\u0131n\u0131 s\u00f6yleyerek, ele\u015ftirilerin do\u011frudan ve somut verilere dayanmas\u0131n\u0131n daha do\u011fru olaca\u011f\u0131n\u0131 belirtti.<\/p>\n\n\n\n<p>Fiyatlara ili\u015fkin de a\u00e7\u0131klama yapan \u00c7avu\u015f, bakanl\u0131\u011f\u0131n do\u011frudan fiyat denetimi yapmad\u0131\u011f\u0131n\u0131 belirterek, Cypruvex taraf\u0131ndan yap\u0131lan incelemelerde ya\u015f sebze fiyatlar\u0131n\u0131n mevcut seviyelerde oldu\u011funu, ileriki haftalarda ise fiyatlarda d\u00fc\u015f\u00fc\u015f beklendi\u011fini ifade etti.<\/p>\n\n\n\n<p>Tar\u0131m sekt\u00f6r\u00fcn\u00fcn basit \u015fekilde y\u00f6netilecek bir alan olmad\u0131\u011f\u0131n\u0131 vurgulayan \u00c7avu\u015f, bu y\u0131l\u0131n genel olarak bereketli ge\u00e7ti\u011fini, \u00f6rt\u00fc alt\u0131 \u00fcretimde baz\u0131 gecikmeler ya\u015fansa da \u00fcretim s\u00fcrecinin devam etti\u011fini kaydetti.<\/p>\n\n\n\n<p>S\u00fct bedellerinin \u00f6denmesine de de\u011finen \u00c7avu\u015f, \u00f6demelerin bug\u00fcn yap\u0131ld\u0131\u011f\u0131n\u0131, yaln\u0131zca bir g\u00fcnl\u00fck gecikme ya\u015fand\u0131\u011f\u0131n\u0131 ve temel sorunun i\u015ftiraklerden birinden kaynakland\u0131\u011f\u0131n\u0131 dile getirdi.<\/p>\n\n\n\n<p>\u00c7avu\u015f, silaj konusunda ise sekt\u00f6rde bir\u00e7ok firman\u0131n faaliyet g\u00f6sterdi\u011fini, file ve paketleme konusunda gerekli ad\u0131mlar\u0131n at\u0131ld\u0131\u011f\u0131n\u0131 s\u00f6yleyerek, \u00fcretimde ya\u015fanan ma\u011fduriyetlerin giderildi\u011fini s\u00f6yledi.<\/p>\n\n\n\n<p>Tar\u0131m Bakan\u0131 \u00c7avu\u015f, her bakanl\u0131\u011f\u0131n s\u00fcrekli ele\u015ftirilmesini do\u011fru bulmad\u0131\u011f\u0131n\u0131 ifade etti.<\/p>\n\n\n\n<p>Haziran ay\u0131nda erken se\u00e7ime gidilmesi y\u00f6n\u00fcndeki \u00e7a\u011fr\u0131lar\u0131 da de\u011ferlendiren \u00c7avu\u015f, se\u00e7im tarihinin belli oldu\u011funu, Ba\u015fbakan\u2019\u0131n gerekli g\u00f6r\u00fc\u015fmeleri yapmas\u0131 halinde s\u00fcrecin netle\u015fece\u011fini s\u00f6yledi.<\/p>\n\n\n\n<p>T\u00fcrkiye Cumhuriyeti\u2019ne giri\u015fte ya\u015fanan baz\u0131 uygulamalara ili\u015fkin iddialara da de\u011finen \u00c7avu\u015f, bu konular\u0131n Cumhurba\u015fkan\u0131&#8217;na sorulabilece\u011fini, gerekli cevaplar\u0131n al\u0131nabilece\u011fini ifade etti.<\/p>\n\n\n\n<p>SAM\u0130 \u00d6ZUSLU<\/p>\n\n\n\n<p>Yerinden s\u00f6z alan CTP Sami \u00d6zuslu ise, bu konuda daha \u00f6nce Ba\u015fbakan\u2019\u0131n da i\u015faret etti\u011fi \u015fekilde bir komite kurularak ortak ses olu\u015fturulmas\u0131 halinde bir\u00e7ok konunun \u00e7\u00f6z\u00fclebilece\u011fini s\u00f6yledi.<\/p>\n\n\n\n<p>H\u00fck\u00fcmetin bu yakla\u015f\u0131m\u0131 benimsemedi\u011fini savunan \u00d6zuslu, \u201cH\u00fck\u00fcmetin kendi yurtta\u015f\u0131n\u0131n hayatta kalabilme \u00f6zg\u00fcrl\u00fc\u011f\u00fcn\u00fc g\u00fcvence alt\u0131na alma gibi bir g\u00fcndemi yok mu?\u201d ifadelerini kulland\u0131.<\/p>\n\n\n\n<p>\u00d6zuslu, ge\u00e7mi\u015fte ya\u015fanan \u00f6rneklere de at\u0131fta bulunarak, \u201cVicdan hi\u00e7 mi kalmad\u0131? Elinizi vicdan\u0131n\u0131za koyun ve \u00f6nerdi\u011fimiz ortak komiteyi kural\u0131m\u201d dedi.<\/p>\n\n\n\n<p>Gazeteciler ve sendikac\u0131lar \u00fczerinden yap\u0131lan de\u011ferlendirmelere de de\u011finen \u00d6zuslu, bu kesimlerin \u201cter\u00f6rist\u201d ya da \u201cg\u00fcvenlik tehdidi\u201d olarak g\u00f6r\u00fclmesini ele\u015ftirdi.<\/p>\n\n\n\n<p>\u00c7AVU\u015e<\/p>\n\n\n\n<p>Tar\u0131m Bakan\u0131 H\u00fcseyin \u00c7avu\u015f, \u00d6zuslu&#8217;ya yan\u0131t\u0131nda, h\u00fck\u00fcmetin att\u0131\u011f\u0131 ad\u0131mlar\u0131n ortada oldu\u011funu belirterek, Ba\u015fbakan\u2019\u0131n bu konuda a\u00e7\u0131klama yapt\u0131\u011f\u0131n\u0131 hat\u0131rlatt\u0131.<\/p>\n\n\n\n<p>T\u00fcrkiye Cumhuriyeti ve di\u011fer devletlerin ald\u0131\u011f\u0131 kararlar\u0131n sorgulanmas\u0131n\u0131n do\u011fru olmad\u0131\u011f\u0131n\u0131 ifade eden \u00c7avu\u015f, gerekli diplomatik g\u00f6r\u00fc\u015fmelerin yap\u0131ld\u0131\u011f\u0131n\u0131 s\u00f6yledi.<\/p>\n\n\n\n<p>\u00c7avu\u015f, devlet kararlar\u0131n\u0131n vicdani sorgulamalardan ziyade resmi s\u00fcre\u00e7ler \u00e7er\u00e7evesinde ele al\u0131nmas\u0131 gerekti\u011fini vurgulad\u0131.<\/p>\n\n\n\n<p>H\u00fck\u00fcmetin giri\u015fimlerinin ele\u015ftirildi\u011fini ancak bu ad\u0131mlar\u0131n g\u00f6z ard\u0131 edilmemesi gerekti\u011fini kaydeden \u00c7avu\u015f, \u201cO g\u00fcn bu s\u00f6zleri s\u00f6yleyen ki\u015fi bug\u00fcn Cumhurba\u015fkan\u0131d\u0131r\u201d ifadelerini kulland\u0131.<\/p>\n\n\n\n<p>\u00c7avu\u015f ayr\u0131ca, narenciye hasat d\u00f6neminde herhangi bir ciddi sorun ya\u015fanmad\u0131\u011f\u0131n\u0131 da s\u00f6zlerine ekledi.<\/p>","protected":false},"excerpt":{"rendered":"<p>CTP Milletvekili Fide K\u00fcr\u015fat, h\u00fck\u00fcmeti bor\u00e7lanma politikalar\u0131, hayat pahal\u0131l\u0131\u011f\u0131 ve \u00fcretim maliyetleri \u00fczerinden ele\u015ftirerek kamu maliyesinin k\u00f6t\u00fc y\u00f6netildi\u011fini savundu. Tar\u0131m Bakan\u0131 H\u00fcseyin \u00c7avu\u015f ise tar\u0131msal \u00fcretimde b\u00fcy\u00fcme oldu\u011funu, fiyatlarda d\u00fc\u015f\u00fc\u015f beklendi\u011fini ve \u00f6demelerde ciddi bir sorun bulunmad\u0131\u011f\u0131n\u0131 belirterek ele\u015ftirilere yan\u0131t verdi. Cumhuriyet Meclisi\u2019nde ekonomik tedbirler, tar\u0131m, erken se\u00e7im ve dijitalle\u015fme konu\u015fuldu. F\u0130DE K\u00dcR\u015eAT Cumhuriyet\u00e7i T\u00fcrk [&hellip;]<\/p>","protected":false},"author":1,"featured_media":26877,"comment_status":"open","ping_status":"open","sticky":false,"template":"","format":"standard","meta":{"om_disable_all_campaigns":false,"_monsterinsights_skip_tracking":false,"_monsterinsights_sitenote_active":false,"_monsterinsights_sitenote_note":"","_monsterinsights_sitenote_category":0,"_uf_show_specific_survey":0,"_uf_disable_surveys":false,"footnotes":"","jetpack_publicize_message":"","jetpack_publicize_feature_enabled":true,"jetpack_social_post_already_shared":true,"jetpack_social_options":{"image_generator_settings":{"template":"highway","default_image_id":0,"font":"","enabled":false},"version":2}},"categories":[81],"tags":[],"class_list":{"0":"post-39414","1":"post","2":"type-post","3":"status-publish","4":"format-standard","5":"has-post-thumbnail","7":"category-gundem"},"yoast_head":"<!-- This site is optimized with the Yoast SEO plugin v23.8 - https:\/\/yoast.com\/wordpress\/plugins\/seo\/ -->\n<title>Meclis&#039;te tar\u0131m tart\u0131\u015fmas\u0131: Tar\u0131mda b\u00fcy\u00fcme var, fiyatlarda d\u00fc\u015f\u00fc\u015f bekleniyor - NETBAKIS<\/title>\n<meta name=\"robots\" content=\"index, follow, max-snippet:-1, max-image-preview:large, max-video-preview:-1\" \/>\n<link rel=\"canonical\" href=\"https:\/\/netbakis.net\/tr\/39414\/\" \/>\n<meta property=\"og:locale\" content=\"tr_TR\" \/>\n<meta property=\"og:type\" content=\"article\" \/>\n<meta property=\"og:title\" content=\"Meclis&#039;te tar\u0131m tart\u0131\u015fmas\u0131: Tar\u0131mda b\u00fcy\u00fcme var, fiyatlarda d\u00fc\u015f\u00fc\u015f bekleniyor - NETBAKIS\" \/>\n<meta property=\"og:description\" content=\"CTP Milletvekili Fide K\u00fcr\u015fat, h\u00fck\u00fcmeti bor\u00e7lanma politikalar\u0131, hayat pahal\u0131l\u0131\u011f\u0131 ve \u00fcretim maliyetleri \u00fczerinden ele\u015ftirerek kamu maliyesinin k\u00f6t\u00fc y\u00f6netildi\u011fini savundu. Tar\u0131m Bakan\u0131 H\u00fcseyin \u00c7avu\u015f ise tar\u0131msal \u00fcretimde b\u00fcy\u00fcme oldu\u011funu, fiyatlarda d\u00fc\u015f\u00fc\u015f beklendi\u011fini ve \u00f6demelerde ciddi bir sorun bulunmad\u0131\u011f\u0131n\u0131 belirterek ele\u015ftirilere yan\u0131t verdi. Cumhuriyet Meclisi\u2019nde ekonomik tedbirler, tar\u0131m, erken se\u00e7im ve dijitalle\u015fme konu\u015fuldu. F\u0130DE K\u00dcR\u015eAT Cumhuriyet\u00e7i T\u00fcrk [&hellip;]\" \/>\n<meta property=\"og:url\" content=\"https:\/\/netbakis.net\/tr\/39414\/\" \/>\n<meta property=\"og:site_name\" content=\"NETBAKIS\" \/>\n<meta property=\"article:published_time\" content=\"2026-04-28T14:44:56+00:00\" \/>\n<meta property=\"article:modified_time\" content=\"2026-04-28T14:44:58+00:00\" \/>\n<meta property=\"og:image\" content=\"https:\/\/netbakis.net\/wp-content\/uploads\/2025\/05\/v2copyofdevletpiyangosunundnkekiliindebykikramiye67414numaralbileteisabetetti-2025-05-06t170651013_1746540420.webp\" \/>\n\t<meta property=\"og:image:width\" content=\"971\" \/>\n\t<meta property=\"og:image:height\" content=\"551\" \/>\n\t<meta property=\"og:image:type\" content=\"image\/webp\" \/>\n<meta name=\"author\" content=\"netbakis.net\" \/>\n<meta name=\"twitter:card\" content=\"summary_large_image\" \/>\n<meta name=\"twitter:label1\" content=\"Yazan:\" \/>\n\t<meta name=\"twitter:data1\" content=\"netbakis.net\" \/>\n\t<meta name=\"twitter:label2\" content=\"Tahmini okuma s\u00fcresi\" \/>\n\t<meta name=\"twitter:data2\" content=\"3 dakika\" \/>\n<script type=\"application\/ld+json\" class=\"yoast-schema-graph\">{\"@context\":\"https:\/\/schema.org\",\"@graph\":[{\"@type\":\"WebPage\",\"@id\":\"https:\/\/netbakis.net\/39414\/\",\"url\":\"https:\/\/netbakis.net\/39414\/\",\"name\":\"Meclis'te tar\u0131m tart\u0131\u015fmas\u0131: Tar\u0131mda b\u00fcy\u00fcme var, fiyatlarda d\u00fc\u015f\u00fc\u015f bekleniyor - NETBAKIS\",\"isPartOf\":{\"@id\":\"https:\/\/netbakis.net\/#website\"},\"primaryImageOfPage\":{\"@id\":\"https:\/\/netbakis.net\/39414\/#primaryimage\"},\"image\":{\"@id\":\"https:\/\/netbakis.net\/39414\/#primaryimage\"},\"thumbnailUrl\":\"https:\/\/netbakis.net\/wp-content\/uploads\/2025\/05\/v2copyofdevletpiyangosunundnkekiliindebykikramiye67414numaralbileteisabetetti-2025-05-06t170651013_1746540420.webp\",\"datePublished\":\"2026-04-28T14:44:56+00:00\",\"dateModified\":\"2026-04-28T14:44:58+00:00\",\"author\":{\"@id\":\"https:\/\/netbakis.net\/#\/schema\/person\/5d9b5c3f48ca4a3c69967d619fc8c7f4\"},\"breadcrumb\":{\"@id\":\"https:\/\/netbakis.net\/39414\/#breadcrumb\"},\"inLanguage\":\"tr\",\"potentialAction\":[{\"@type\":\"ReadAction\",\"target\":[\"https:\/\/netbakis.net\/39414\/\"]}]},{\"@type\":\"ImageObject\",\"inLanguage\":\"tr\",\"@id\":\"https:\/\/netbakis.net\/39414\/#primaryimage\",\"url\":\"https:\/\/netbakis.net\/wp-content\/uploads\/2025\/05\/v2copyofdevletpiyangosunundnkekiliindebykikramiye67414numaralbileteisabetetti-2025-05-06t170651013_1746540420.webp\",\"contentUrl\":\"https:\/\/netbakis.net\/wp-content\/uploads\/2025\/05\/v2copyofdevletpiyangosunundnkekiliindebykikramiye67414numaralbileteisabetetti-2025-05-06t170651013_1746540420.webp\",\"width\":971,\"height\":551},{\"@type\":\"BreadcrumbList\",\"@id\":\"https:\/\/netbakis.net\/39414\/#breadcrumb\",\"itemListElement\":[{\"@type\":\"ListItem\",\"position\":1,\"name\":\"Home\",\"item\":\"https:\/\/netbakis.net\/\"},{\"@type\":\"ListItem\",\"position\":2,\"name\":\"Meclis&#8217;te tar\u0131m tart\u0131\u015fmas\u0131: Tar\u0131mda b\u00fcy\u00fcme var, fiyatlarda d\u00fc\u015f\u00fc\u015f bekleniyor\"}]},{\"@type\":\"WebSite\",\"@id\":\"https:\/\/netbakis.net\/#website\",\"url\":\"https:\/\/netbakis.net\/\",\"name\":\"NETBAKIS\",\"description\":\"SON DAKIKA\",\"potentialAction\":[{\"@type\":\"SearchAction\",\"target\":{\"@type\":\"EntryPoint\",\"urlTemplate\":\"https:\/\/netbakis.net\/?s={search_term_string}\"},\"query-input\":{\"@type\":\"PropertyValueSpecification\",\"valueRequired\":true,\"valueName\":\"search_term_string\"}}],\"inLanguage\":\"tr\"},{\"@type\":\"Person\",\"@id\":\"https:\/\/netbakis.net\/#\/schema\/person\/5d9b5c3f48ca4a3c69967d619fc8c7f4\",\"name\":\"netbakis.net\",\"image\":{\"@type\":\"ImageObject\",\"inLanguage\":\"tr\",\"@id\":\"https:\/\/netbakis.net\/#\/schema\/person\/image\/\",\"url\":\"https:\/\/secure.gravatar.com\/avatar\/4ddeae49d2d3e3568a8d5b0937642efdf0b72468dbe3f213bc1978faa47af0d1?s=96&d=wp_user_avatar&r=g\",\"contentUrl\":\"https:\/\/secure.gravatar.com\/avatar\/4ddeae49d2d3e3568a8d5b0937642efdf0b72468dbe3f213bc1978faa47af0d1?s=96&d=wp_user_avatar&r=g\",\"caption\":\"netbakis.net\"},\"sameAs\":[\"https:\/\/netbakis.net\"],\"url\":\"https:\/\/netbakis.net\/tr\/author\/netbakis-net\/\"}]}<\/script>\n<!-- \/ Yoast SEO plugin. -->","yoast_head_json":{"title":"Meclis'te tar\u0131m tart\u0131\u015fmas\u0131: Tar\u0131mda b\u00fcy\u00fcme var, fiyatlarda d\u00fc\u015f\u00fc\u015f bekleniyor - NETBAKIS","robots":{"index":"index","follow":"follow","max-snippet":"max-snippet:-1","max-image-preview":"max-image-preview:large","max-video-preview":"max-video-preview:-1"},"canonical":"https:\/\/netbakis.net\/tr\/39414\/","og_locale":"tr_TR","og_type":"article","og_title":"Meclis'te tar\u0131m tart\u0131\u015fmas\u0131: Tar\u0131mda b\u00fcy\u00fcme var, fiyatlarda d\u00fc\u015f\u00fc\u015f bekleniyor - NETBAKIS","og_description":"CTP Milletvekili Fide K\u00fcr\u015fat, h\u00fck\u00fcmeti bor\u00e7lanma politikalar\u0131, hayat pahal\u0131l\u0131\u011f\u0131 ve \u00fcretim maliyetleri \u00fczerinden ele\u015ftirerek kamu maliyesinin k\u00f6t\u00fc y\u00f6netildi\u011fini savundu. Tar\u0131m Bakan\u0131 H\u00fcseyin \u00c7avu\u015f ise tar\u0131msal \u00fcretimde b\u00fcy\u00fcme oldu\u011funu, fiyatlarda d\u00fc\u015f\u00fc\u015f beklendi\u011fini ve \u00f6demelerde ciddi bir sorun bulunmad\u0131\u011f\u0131n\u0131 belirterek ele\u015ftirilere yan\u0131t verdi. Cumhuriyet Meclisi\u2019nde ekonomik tedbirler, tar\u0131m, erken se\u00e7im ve dijitalle\u015fme konu\u015fuldu. F\u0130DE K\u00dcR\u015eAT Cumhuriyet\u00e7i T\u00fcrk [&hellip;]","og_url":"https:\/\/netbakis.net\/tr\/39414\/","og_site_name":"NETBAKIS","article_published_time":"2026-04-28T14:44:56+00:00","article_modified_time":"2026-04-28T14:44:58+00:00","og_image":[{"width":971,"height":551,"url":"https:\/\/netbakis.net\/wp-content\/uploads\/2025\/05\/v2copyofdevletpiyangosunundnkekiliindebykikramiye67414numaralbileteisabetetti-2025-05-06t170651013_1746540420.webp","type":"image\/webp"}],"author":"netbakis.net","twitter_card":"summary_large_image","twitter_misc":{"Yazan:":"netbakis.net","Tahmini okuma s\u00fcresi":"3 dakika"},"schema":{"@context":"https:\/\/schema.org","@graph":[{"@type":"WebPage","@id":"https:\/\/netbakis.net\/39414\/","url":"https:\/\/netbakis.net\/39414\/","name":"Meclis'te tar\u0131m tart\u0131\u015fmas\u0131: Tar\u0131mda b\u00fcy\u00fcme var, fiyatlarda d\u00fc\u015f\u00fc\u015f bekleniyor - NETBAKIS","isPartOf":{"@id":"https:\/\/netbakis.net\/#website"},"primaryImageOfPage":{"@id":"https:\/\/netbakis.net\/39414\/#primaryimage"},"image":{"@id":"https:\/\/netbakis.net\/39414\/#primaryimage"},"thumbnailUrl":"https:\/\/netbakis.net\/wp-content\/uploads\/2025\/05\/v2copyofdevletpiyangosunundnkekiliindebykikramiye67414numaralbileteisabetetti-2025-05-06t170651013_1746540420.webp","datePublished":"2026-04-28T14:44:56+00:00","dateModified":"2026-04-28T14:44:58+00:00","author":{"@id":"https:\/\/netbakis.net\/#\/schema\/person\/5d9b5c3f48ca4a3c69967d619fc8c7f4"},"breadcrumb":{"@id":"https:\/\/netbakis.net\/39414\/#breadcrumb"},"inLanguage":"tr","potentialAction":[{"@type":"ReadAction","target":["https:\/\/netbakis.net\/39414\/"]}]},{"@type":"ImageObject","inLanguage":"tr","@id":"https:\/\/netbakis.net\/39414\/#primaryimage","url":"https:\/\/netbakis.net\/wp-content\/uploads\/2025\/05\/v2copyofdevletpiyangosunundnkekiliindebykikramiye67414numaralbileteisabetetti-2025-05-06t170651013_1746540420.webp","contentUrl":"https:\/\/netbakis.net\/wp-content\/uploads\/2025\/05\/v2copyofdevletpiyangosunundnkekiliindebykikramiye67414numaralbileteisabetetti-2025-05-06t170651013_1746540420.webp","width":971,"height":551},{"@type":"BreadcrumbList","@id":"https:\/\/netbakis.net\/39414\/#breadcrumb","itemListElement":[{"@type":"ListItem","position":1,"name":"Home","item":"https:\/\/netbakis.net\/"},{"@type":"ListItem","position":2,"name":"Meclis&#8217;te tar\u0131m tart\u0131\u015fmas\u0131: Tar\u0131mda b\u00fcy\u00fcme var, fiyatlarda d\u00fc\u015f\u00fc\u015f bekleniyor"}]},{"@type":"WebSite","@id":"https:\/\/netbakis.net\/#website","url":"https:\/\/netbakis.net\/","name":"NETBAKIS","description":"SON DAKIKA","potentialAction":[{"@type":"SearchAction","target":{"@type":"EntryPoint","urlTemplate":"https:\/\/netbakis.net\/?s={search_term_string}"},"query-input":{"@type":"PropertyValueSpecification","valueRequired":true,"valueName":"search_term_string"}}],"inLanguage":"tr"},{"@type":"Person","@id":"https:\/\/netbakis.net\/#\/schema\/person\/5d9b5c3f48ca4a3c69967d619fc8c7f4","name":"netbakis.net","image":{"@type":"ImageObject","inLanguage":"tr","@id":"https:\/\/netbakis.net\/#\/schema\/person\/image\/","url":"https:\/\/secure.gravatar.com\/avatar\/4ddeae49d2d3e3568a8d5b0937642efdf0b72468dbe3f213bc1978faa47af0d1?s=96&d=wp_user_avatar&r=g","contentUrl":"https:\/\/secure.gravatar.com\/avatar\/4ddeae49d2d3e3568a8d5b0937642efdf0b72468dbe3f213bc1978faa47af0d1?s=96&d=wp_user_avatar&r=g","caption":"netbakis.net"},"sameAs":["https:\/\/netbakis.net"],"url":"https:\/\/netbakis.net\/tr\/author\/netbakis-net\/"}]}},"jetpack_publicize_connections":[],"_links":{"self":[{"href":"https:\/\/netbakis.net\/tr\/wp-json\/wp\/v2\/posts\/39414","targetHints":{"allow":["GET"]}}],"collection":[{"href":"https:\/\/netbakis.net\/tr\/wp-json\/wp\/v2\/posts"}],"about":[{"href":"https:\/\/netbakis.net\/tr\/wp-json\/wp\/v2\/types\/post"}],"author":[{"embeddable":true,"href":"https:\/\/netbakis.net\/tr\/wp-json\/wp\/v2\/users\/1"}],"replies":[{"embeddable":true,"href":"https:\/\/netbakis.net\/tr\/wp-json\/wp\/v2\/comments?post=39414"}],"version-history":[{"count":1,"href":"https:\/\/netbakis.net\/tr\/wp-json\/wp\/v2\/posts\/39414\/revisions"}],"predecessor-version":[{"id":39415,"href":"https:\/\/netbakis.net\/tr\/wp-json\/wp\/v2\/posts\/39414\/revisions\/39415"}],"wp:featuredmedia":[{"embeddable":true,"href":"https:\/\/netbakis.net\/tr\/wp-json\/wp\/v2\/media\/26877"}],"wp:attachment":[{"href":"https:\/\/netbakis.net\/tr\/wp-json\/wp\/v2\/media?parent=39414"}],"wp:term":[{"taxonomy":"category","embeddable":true,"href":"https:\/\/netbakis.net\/tr\/wp-json\/wp\/v2\/categories?post=39414"},{"taxonomy":"post_tag","embeddable":true,"href":"https:\/\/netbakis.net\/tr\/wp-json\/wp\/v2\/tags?post=39414"}],"curies":[{"name":"wp","href":"https:\/\/api.w.org\/{rel}","templated":true}]}}