{"id":39412,"date":"2026-04-28T14:44:26","date_gmt":"2026-04-28T14:44:26","guid":{"rendered":"https:\/\/netbakis.net\/?p=39412"},"modified":"2026-04-28T14:44:28","modified_gmt":"2026-04-28T14:44:28","slug":"ongun-talat-haziranda-secime-gidilmeli-ekime-ertelemek-halka-yapilacak-en-buyuk-kotuluk-olur","status":"publish","type":"post","link":"https:\/\/netbakis.net\/tr\/39412\/","title":{"rendered":"Ongun Talat: Haziran&#8217;da se\u00e7ime gidilmeli; Ekim&#8217;e ertelemek &#8220;halka yap\u0131lacak en b\u00fcy\u00fck k\u00f6t\u00fcl\u00fck&#8221; olur"},"content":{"rendered":"<p>CTP Milletvekili Ongun Talat, erken se\u00e7imin haziran ay\u0131nda yap\u0131lmas\u0131 gerekti\u011fini belirterek ekime ertelenmesinin \u201chalka yap\u0131lacak en b\u00fcy\u00fck k\u00f6t\u00fcl\u00fck\u201d olaca\u011f\u0131n\u0131 savundu. \u0130\u00e7i\u015fleri Bakan\u0131 Dursun O\u011fuz ise h\u00fck\u00fcmetin tasarruf tedbirleri ald\u0131\u011f\u0131n\u0131 ve gelirleri art\u0131rmaya y\u00f6nelik \u00e7al\u0131\u015fmalar y\u00fcr\u00fctt\u00fc\u011f\u00fcn\u00fc ifade etti.<br><br>Cumhuriyet Meclisi\u2019nde ekonomik tedbirler, tar\u0131m, erken se\u00e7im ve dijitalle\u015fme konu\u015fuldu.<\/p>\n\n\n\n<p>Ongun Talat<\/p>\n\n\n\n<p>Cumhuriyet\u00e7i T\u00fcrk Partisi (CTP) Milletvekili Ongun Talat, \u201cMemleketi Bat\u0131ranlar\u0131n Dijital Tahakk\u00fcm Mera\u011f\u0131\u201d ba\u015fl\u0131kl\u0131 g\u00fcncel konu\u015fma yapt\u0131.<\/p>\n\n\n\n<p>Talat, \u00fclkenin bor\u00e7 bata\u011f\u0131na s\u00fcr\u00fcklendi\u011fini savunarak h\u00fck\u00fcmeti ve h\u00fck\u00fcmetin bor\u00e7lanma politikalar\u0131n\u0131 ele\u015ftiren Talat, her bor\u00e7 vadesi geldi\u011finde \u00f6demelerin yap\u0131lamad\u0131\u011f\u0131n\u0131, bunun yerine yeniden bor\u00e7lanmaya gidildi\u011fini ifade etti.<\/p>\n\n\n\n<p>Talat, s\u00f6z konusu durumun \u201ch\u00fck\u00fcmetin istikrar\u0131n\u0131n ve s\u00fcrd\u00fcr\u00fclebilir icraat\u0131n\u0131n\u201d bir g\u00f6stergesi olarak sunuldu\u011funu belirtti.<\/p>\n\n\n\n<p>Ongun Talat, Maliye Bakan\u0131 \u00d6zdemir Berova&#8217;n\u0131n gelir art\u0131r\u0131c\u0131 tedbirler al\u0131nd\u0131\u011f\u0131 y\u00f6n\u00fcndeki a\u00e7\u0131klamalar\u0131na i\u015faret ederek, h\u00fck\u00fcmetin bu konuda somut bir politika uygulamad\u0131\u011f\u0131n\u0131 s\u00f6yledi.<\/p>\n\n\n\n<p>Talat, h\u00fck\u00fcmetin b\u00fct\u00e7e a\u00e7\u0131\u011f\u0131n\u0131n giderek artt\u0131\u011f\u0131n\u0131 belirterek, baz\u0131 rakamlar payla\u015ft\u0131.<\/p>\n\n\n\n<p>Haziran ay\u0131nda erken se\u00e7ime gidilmesi gerekti\u011fini ifade eden Talat, se\u00e7im tarihinin ekime ertelenmesinin halka yap\u0131lacak \u201cen b\u00fcy\u00fck k\u00f6t\u00fcl\u00fck\u201d olaca\u011f\u0131n\u0131 s\u00f6yledi.<\/p>\n\n\n\n<p>Dijital alanda da ciddi bir \u00e7\u00f6k\u00fc\u015f ya\u015fand\u0131\u011f\u0131n\u0131 ifade eden Talat, \u00fclkede baz\u0131 haber kanallar\u0131n\u0131n, internet sitelerinin kapat\u0131lmas\u0131na kadar uzanan bir s\u00fcrecin ya\u015fand\u0131\u011f\u0131n\u0131 belirtti.<\/p>\n\n\n\n<p>Talat, s\u00f6z konusu giri\u015fimlerin kimler taraf\u0131ndan yap\u0131ld\u0131\u011f\u0131n\u0131n da bilindi\u011fini savundu.<\/p>\n\n\n\n<p>Ongun Talat, bili\u015fim su\u00e7lar\u0131n\u0131n engellenmesinin \u00f6nemine de i\u015faret ederek, Bili\u015fim Yasas\u0131 ile yap\u0131lmak istenenlerin fark\u0131nda olduklar\u0131n\u0131 kaydetti.<\/p>\n\n\n\n<p>Talat, \u201cSiz hi\u00e7bir \u015fey yapamazs\u0131n\u0131z. Ataca\u011f\u0131n\u0131z hi\u00e7bir ad\u0131ma toplumun g\u00fcveni kalmad\u0131. \u00d6n\u00fcm\u00fcz\u00fc a\u00e7\u0131n. Erken zamanda CTP olarak h\u00fck\u00fcmeti kural\u0131m ve at\u0131lmas\u0131 gereken ad\u0131mlar\u0131 biz atal\u0131m&#8221; ifadelerini kulland\u0131.<\/p>\n\n\n\n<p>Talat, haziran ay\u0131nda erken se\u00e7ime gidilmesi gerekti\u011fini yineledi.<\/p>\n\n\n\n<p>Dursun O\u011fuz<\/p>\n\n\n\n<p>Talat&#8217;\u0131 yan\u0131tlayan \u0130\u00e7i\u015fleri Bakan\u0131 Dursun O\u011fuz, ekonomide gelirlerin art\u0131r\u0131lmas\u0131 konusunda Maliye Bakan\u0131\u2019n\u0131n gerekli a\u00e7\u0131klamalar\u0131 yapt\u0131\u011f\u0131n\u0131 belirterek, h\u00fck\u00fcmetin g\u00fcn\u00fcbirlik politikalarla hareket etmedi\u011fini s\u00f6yledi.<\/p>\n\n\n\n<p>T\u00fcm bakanl\u0131klarda y\u00fczde 10 kesinti yap\u0131ld\u0131\u011f\u0131n\u0131 ifade eden O\u011fuz, h\u00fck\u00fcmetin sorumluluklar\u0131 ve y\u00fck\u00fcml\u00fcl\u00fckleri bulundu\u011funu kaydetti.<\/p>\n\n\n\n<p>\u201cKe\u015fke gelirlerimiz yeterli olsa da bunlar\u0131 yapmasak&#8221; diyen O\u011fuz, giderlerin k\u0131s\u0131lmas\u0131 yoluyla y\u00fck\u00fcml\u00fcl\u00fcklerin yerine getirilmeye \u00e7al\u0131\u015f\u0131ld\u0131\u011f\u0131n\u0131 belirtti.<\/p>\n\n\n\n<p>Devletin yerine getirmesi gereken g\u00f6revler bulundu\u011funu vurgulayan Dursun O\u011fuz, e\u011fitim ve sa\u011fl\u0131k gibi alanlarda kesintiye gidilmesinin s\u00f6z konusu olmad\u0131\u011f\u0131n\u0131, devletin bu sorumluluklardan ka\u00e7amayaca\u011f\u0131n\u0131 ifade etti.<\/p>\n\n\n\n<p>H\u00fck\u00fcmetin kamuda seferberlik ilan etti\u011fini dile getiren O\u011fuz, ele\u015ftirilere ra\u011fmen hizmetlerin s\u00fcrd\u00fc\u011f\u00fcn\u00fc, baz\u0131 kalemlerde tasarruf yap\u0131lamad\u0131\u011f\u0131n\u0131 s\u00f6yledi.<\/p>\n\n\n\n<p>O\u011fuz, h\u00fck\u00fcmetin bor\u00e7lanman\u0131n \u00f6tesinde b\u00fct\u00e7e gelirlerini art\u0131rmay\u0131 da hedefledi\u011fini kaydetti.<\/p>","protected":false},"excerpt":{"rendered":"<p>CTP Milletvekili Ongun Talat, erken se\u00e7imin haziran ay\u0131nda yap\u0131lmas\u0131 gerekti\u011fini belirterek ekime ertelenmesinin \u201chalka yap\u0131lacak en b\u00fcy\u00fck k\u00f6t\u00fcl\u00fck\u201d olaca\u011f\u0131n\u0131 savundu. \u0130\u00e7i\u015fleri Bakan\u0131 Dursun O\u011fuz ise h\u00fck\u00fcmetin tasarruf tedbirleri ald\u0131\u011f\u0131n\u0131 ve gelirleri art\u0131rmaya y\u00f6nelik \u00e7al\u0131\u015fmalar y\u00fcr\u00fctt\u00fc\u011f\u00fcn\u00fc ifade etti. Cumhuriyet Meclisi\u2019nde ekonomik tedbirler, tar\u0131m, erken se\u00e7im ve dijitalle\u015fme konu\u015fuldu. Ongun Talat Cumhuriyet\u00e7i T\u00fcrk Partisi (CTP) Milletvekili Ongun [&hellip;]<\/p>","protected":false},"author":1,"featured_media":36083,"comment_status":"open","ping_status":"open","sticky":false,"template":"","format":"standard","meta":{"om_disable_all_campaigns":false,"_monsterinsights_skip_tracking":false,"_monsterinsights_sitenote_active":false,"_monsterinsights_sitenote_note":"","_monsterinsights_sitenote_category":0,"_uf_show_specific_survey":0,"_uf_disable_surveys":false,"footnotes":"","jetpack_publicize_message":"","jetpack_publicize_feature_enabled":true,"jetpack_social_post_already_shared":true,"jetpack_social_options":{"image_generator_settings":{"template":"highway","default_image_id":0,"font":"","enabled":false},"version":2}},"categories":[81],"tags":[],"class_list":{"0":"post-39412","1":"post","2":"type-post","3":"status-publish","4":"format-standard","5":"has-post-thumbnail","7":"category-gundem"},"yoast_head":"<!-- This site is optimized with the Yoast SEO plugin v23.8 - https:\/\/yoast.com\/wordpress\/plugins\/seo\/ -->\n<title>Ongun Talat: Haziran&#039;da se\u00e7ime gidilmeli; Ekim&#039;e ertelemek &quot;halka yap\u0131lacak en b\u00fcy\u00fck k\u00f6t\u00fcl\u00fck&quot; olur - NETBAKIS<\/title>\n<meta name=\"robots\" content=\"index, follow, max-snippet:-1, max-image-preview:large, max-video-preview:-1\" \/>\n<link rel=\"canonical\" href=\"https:\/\/netbakis.net\/tr\/39412\/\" \/>\n<meta property=\"og:locale\" content=\"tr_TR\" \/>\n<meta property=\"og:type\" content=\"article\" \/>\n<meta property=\"og:title\" content=\"Ongun Talat: Haziran&#039;da se\u00e7ime gidilmeli; Ekim&#039;e ertelemek &quot;halka yap\u0131lacak en b\u00fcy\u00fck k\u00f6t\u00fcl\u00fck&quot; olur - NETBAKIS\" \/>\n<meta property=\"og:description\" content=\"CTP Milletvekili Ongun Talat, erken se\u00e7imin haziran ay\u0131nda yap\u0131lmas\u0131 gerekti\u011fini belirterek ekime ertelenmesinin \u201chalka yap\u0131lacak en b\u00fcy\u00fck k\u00f6t\u00fcl\u00fck\u201d olaca\u011f\u0131n\u0131 savundu. \u0130\u00e7i\u015fleri Bakan\u0131 Dursun O\u011fuz ise h\u00fck\u00fcmetin tasarruf tedbirleri ald\u0131\u011f\u0131n\u0131 ve gelirleri art\u0131rmaya y\u00f6nelik \u00e7al\u0131\u015fmalar y\u00fcr\u00fctt\u00fc\u011f\u00fcn\u00fc ifade etti. Cumhuriyet Meclisi\u2019nde ekonomik tedbirler, tar\u0131m, erken se\u00e7im ve dijitalle\u015fme konu\u015fuldu. Ongun Talat Cumhuriyet\u00e7i T\u00fcrk Partisi (CTP) Milletvekili Ongun [&hellip;]\" \/>\n<meta property=\"og:url\" content=\"https:\/\/netbakis.net\/tr\/39412\/\" \/>\n<meta property=\"og:site_name\" content=\"NETBAKIS\" \/>\n<meta property=\"article:published_time\" content=\"2026-04-28T14:44:26+00:00\" \/>\n<meta property=\"article:modified_time\" content=\"2026-04-28T14:44:28+00:00\" \/>\n<meta property=\"og:image\" content=\"https:\/\/netbakis.net\/wp-content\/uploads\/2026\/01\/v2adsz971x551piksel_1768315559.webp\" \/>\n\t<meta property=\"og:image:width\" content=\"971\" \/>\n\t<meta property=\"og:image:height\" content=\"551\" \/>\n\t<meta property=\"og:image:type\" content=\"image\/webp\" \/>\n<meta name=\"author\" content=\"netbakis.net\" \/>\n<meta name=\"twitter:card\" content=\"summary_large_image\" \/>\n<meta name=\"twitter:label1\" content=\"Yazan:\" \/>\n\t<meta name=\"twitter:data1\" content=\"netbakis.net\" \/>\n\t<meta name=\"twitter:label2\" content=\"Tahmini okuma s\u00fcresi\" \/>\n\t<meta name=\"twitter:data2\" content=\"2 dakika\" \/>\n<script type=\"application\/ld+json\" class=\"yoast-schema-graph\">{\"@context\":\"https:\/\/schema.org\",\"@graph\":[{\"@type\":\"WebPage\",\"@id\":\"https:\/\/netbakis.net\/39412\/\",\"url\":\"https:\/\/netbakis.net\/39412\/\",\"name\":\"Ongun Talat: Haziran'da se\u00e7ime gidilmeli; Ekim'e ertelemek \\\"halka yap\u0131lacak en b\u00fcy\u00fck k\u00f6t\u00fcl\u00fck\\\" olur - NETBAKIS\",\"isPartOf\":{\"@id\":\"https:\/\/netbakis.net\/#website\"},\"primaryImageOfPage\":{\"@id\":\"https:\/\/netbakis.net\/39412\/#primaryimage\"},\"image\":{\"@id\":\"https:\/\/netbakis.net\/39412\/#primaryimage\"},\"thumbnailUrl\":\"https:\/\/netbakis.net\/wp-content\/uploads\/2026\/01\/v2adsz971x551piksel_1768315559.webp\",\"datePublished\":\"2026-04-28T14:44:26+00:00\",\"dateModified\":\"2026-04-28T14:44:28+00:00\",\"author\":{\"@id\":\"https:\/\/netbakis.net\/#\/schema\/person\/5d9b5c3f48ca4a3c69967d619fc8c7f4\"},\"breadcrumb\":{\"@id\":\"https:\/\/netbakis.net\/39412\/#breadcrumb\"},\"inLanguage\":\"tr\",\"potentialAction\":[{\"@type\":\"ReadAction\",\"target\":[\"https:\/\/netbakis.net\/39412\/\"]}]},{\"@type\":\"ImageObject\",\"inLanguage\":\"tr\",\"@id\":\"https:\/\/netbakis.net\/39412\/#primaryimage\",\"url\":\"https:\/\/netbakis.net\/wp-content\/uploads\/2026\/01\/v2adsz971x551piksel_1768315559.webp\",\"contentUrl\":\"https:\/\/netbakis.net\/wp-content\/uploads\/2026\/01\/v2adsz971x551piksel_1768315559.webp\",\"width\":971,\"height\":551},{\"@type\":\"BreadcrumbList\",\"@id\":\"https:\/\/netbakis.net\/39412\/#breadcrumb\",\"itemListElement\":[{\"@type\":\"ListItem\",\"position\":1,\"name\":\"Home\",\"item\":\"https:\/\/netbakis.net\/\"},{\"@type\":\"ListItem\",\"position\":2,\"name\":\"Ongun Talat: Haziran&#8217;da se\u00e7ime gidilmeli; Ekim&#8217;e ertelemek &#8220;halka yap\u0131lacak en b\u00fcy\u00fck k\u00f6t\u00fcl\u00fck&#8221; olur\"}]},{\"@type\":\"WebSite\",\"@id\":\"https:\/\/netbakis.net\/#website\",\"url\":\"https:\/\/netbakis.net\/\",\"name\":\"NETBAKIS\",\"description\":\"SON DAKIKA\",\"potentialAction\":[{\"@type\":\"SearchAction\",\"target\":{\"@type\":\"EntryPoint\",\"urlTemplate\":\"https:\/\/netbakis.net\/?s={search_term_string}\"},\"query-input\":{\"@type\":\"PropertyValueSpecification\",\"valueRequired\":true,\"valueName\":\"search_term_string\"}}],\"inLanguage\":\"tr\"},{\"@type\":\"Person\",\"@id\":\"https:\/\/netbakis.net\/#\/schema\/person\/5d9b5c3f48ca4a3c69967d619fc8c7f4\",\"name\":\"netbakis.net\",\"image\":{\"@type\":\"ImageObject\",\"inLanguage\":\"tr\",\"@id\":\"https:\/\/netbakis.net\/#\/schema\/person\/image\/\",\"url\":\"https:\/\/secure.gravatar.com\/avatar\/4ddeae49d2d3e3568a8d5b0937642efdf0b72468dbe3f213bc1978faa47af0d1?s=96&d=wp_user_avatar&r=g\",\"contentUrl\":\"https:\/\/secure.gravatar.com\/avatar\/4ddeae49d2d3e3568a8d5b0937642efdf0b72468dbe3f213bc1978faa47af0d1?s=96&d=wp_user_avatar&r=g\",\"caption\":\"netbakis.net\"},\"sameAs\":[\"https:\/\/netbakis.net\"],\"url\":\"https:\/\/netbakis.net\/tr\/author\/netbakis-net\/\"}]}<\/script>\n<!-- \/ Yoast SEO plugin. -->","yoast_head_json":{"title":"Ongun Talat: Haziran'da se\u00e7ime gidilmeli; Ekim'e ertelemek \"halka yap\u0131lacak en b\u00fcy\u00fck k\u00f6t\u00fcl\u00fck\" olur - NETBAKIS","robots":{"index":"index","follow":"follow","max-snippet":"max-snippet:-1","max-image-preview":"max-image-preview:large","max-video-preview":"max-video-preview:-1"},"canonical":"https:\/\/netbakis.net\/tr\/39412\/","og_locale":"tr_TR","og_type":"article","og_title":"Ongun Talat: Haziran'da se\u00e7ime gidilmeli; Ekim'e ertelemek \"halka yap\u0131lacak en b\u00fcy\u00fck k\u00f6t\u00fcl\u00fck\" olur - NETBAKIS","og_description":"CTP Milletvekili Ongun Talat, erken se\u00e7imin haziran ay\u0131nda yap\u0131lmas\u0131 gerekti\u011fini belirterek ekime ertelenmesinin \u201chalka yap\u0131lacak en b\u00fcy\u00fck k\u00f6t\u00fcl\u00fck\u201d olaca\u011f\u0131n\u0131 savundu. \u0130\u00e7i\u015fleri Bakan\u0131 Dursun O\u011fuz ise h\u00fck\u00fcmetin tasarruf tedbirleri ald\u0131\u011f\u0131n\u0131 ve gelirleri art\u0131rmaya y\u00f6nelik \u00e7al\u0131\u015fmalar y\u00fcr\u00fctt\u00fc\u011f\u00fcn\u00fc ifade etti. Cumhuriyet Meclisi\u2019nde ekonomik tedbirler, tar\u0131m, erken se\u00e7im ve dijitalle\u015fme konu\u015fuldu. Ongun Talat Cumhuriyet\u00e7i T\u00fcrk Partisi (CTP) Milletvekili Ongun [&hellip;]","og_url":"https:\/\/netbakis.net\/tr\/39412\/","og_site_name":"NETBAKIS","article_published_time":"2026-04-28T14:44:26+00:00","article_modified_time":"2026-04-28T14:44:28+00:00","og_image":[{"width":971,"height":551,"url":"https:\/\/netbakis.net\/wp-content\/uploads\/2026\/01\/v2adsz971x551piksel_1768315559.webp","type":"image\/webp"}],"author":"netbakis.net","twitter_card":"summary_large_image","twitter_misc":{"Yazan:":"netbakis.net","Tahmini okuma s\u00fcresi":"2 dakika"},"schema":{"@context":"https:\/\/schema.org","@graph":[{"@type":"WebPage","@id":"https:\/\/netbakis.net\/39412\/","url":"https:\/\/netbakis.net\/39412\/","name":"Ongun Talat: Haziran'da se\u00e7ime gidilmeli; Ekim'e ertelemek \"halka yap\u0131lacak en b\u00fcy\u00fck k\u00f6t\u00fcl\u00fck\" olur - NETBAKIS","isPartOf":{"@id":"https:\/\/netbakis.net\/#website"},"primaryImageOfPage":{"@id":"https:\/\/netbakis.net\/39412\/#primaryimage"},"image":{"@id":"https:\/\/netbakis.net\/39412\/#primaryimage"},"thumbnailUrl":"https:\/\/netbakis.net\/wp-content\/uploads\/2026\/01\/v2adsz971x551piksel_1768315559.webp","datePublished":"2026-04-28T14:44:26+00:00","dateModified":"2026-04-28T14:44:28+00:00","author":{"@id":"https:\/\/netbakis.net\/#\/schema\/person\/5d9b5c3f48ca4a3c69967d619fc8c7f4"},"breadcrumb":{"@id":"https:\/\/netbakis.net\/39412\/#breadcrumb"},"inLanguage":"tr","potentialAction":[{"@type":"ReadAction","target":["https:\/\/netbakis.net\/39412\/"]}]},{"@type":"ImageObject","inLanguage":"tr","@id":"https:\/\/netbakis.net\/39412\/#primaryimage","url":"https:\/\/netbakis.net\/wp-content\/uploads\/2026\/01\/v2adsz971x551piksel_1768315559.webp","contentUrl":"https:\/\/netbakis.net\/wp-content\/uploads\/2026\/01\/v2adsz971x551piksel_1768315559.webp","width":971,"height":551},{"@type":"BreadcrumbList","@id":"https:\/\/netbakis.net\/39412\/#breadcrumb","itemListElement":[{"@type":"ListItem","position":1,"name":"Home","item":"https:\/\/netbakis.net\/"},{"@type":"ListItem","position":2,"name":"Ongun Talat: Haziran&#8217;da se\u00e7ime gidilmeli; Ekim&#8217;e ertelemek &#8220;halka yap\u0131lacak en b\u00fcy\u00fck k\u00f6t\u00fcl\u00fck&#8221; olur"}]},{"@type":"WebSite","@id":"https:\/\/netbakis.net\/#website","url":"https:\/\/netbakis.net\/","name":"NETBAKIS","description":"SON DAKIKA","potentialAction":[{"@type":"SearchAction","target":{"@type":"EntryPoint","urlTemplate":"https:\/\/netbakis.net\/?s={search_term_string}"},"query-input":{"@type":"PropertyValueSpecification","valueRequired":true,"valueName":"search_term_string"}}],"inLanguage":"tr"},{"@type":"Person","@id":"https:\/\/netbakis.net\/#\/schema\/person\/5d9b5c3f48ca4a3c69967d619fc8c7f4","name":"netbakis.net","image":{"@type":"ImageObject","inLanguage":"tr","@id":"https:\/\/netbakis.net\/#\/schema\/person\/image\/","url":"https:\/\/secure.gravatar.com\/avatar\/4ddeae49d2d3e3568a8d5b0937642efdf0b72468dbe3f213bc1978faa47af0d1?s=96&d=wp_user_avatar&r=g","contentUrl":"https:\/\/secure.gravatar.com\/avatar\/4ddeae49d2d3e3568a8d5b0937642efdf0b72468dbe3f213bc1978faa47af0d1?s=96&d=wp_user_avatar&r=g","caption":"netbakis.net"},"sameAs":["https:\/\/netbakis.net"],"url":"https:\/\/netbakis.net\/tr\/author\/netbakis-net\/"}]}},"jetpack_publicize_connections":[],"_links":{"self":[{"href":"https:\/\/netbakis.net\/tr\/wp-json\/wp\/v2\/posts\/39412","targetHints":{"allow":["GET"]}}],"collection":[{"href":"https:\/\/netbakis.net\/tr\/wp-json\/wp\/v2\/posts"}],"about":[{"href":"https:\/\/netbakis.net\/tr\/wp-json\/wp\/v2\/types\/post"}],"author":[{"embeddable":true,"href":"https:\/\/netbakis.net\/tr\/wp-json\/wp\/v2\/users\/1"}],"replies":[{"embeddable":true,"href":"https:\/\/netbakis.net\/tr\/wp-json\/wp\/v2\/comments?post=39412"}],"version-history":[{"count":1,"href":"https:\/\/netbakis.net\/tr\/wp-json\/wp\/v2\/posts\/39412\/revisions"}],"predecessor-version":[{"id":39413,"href":"https:\/\/netbakis.net\/tr\/wp-json\/wp\/v2\/posts\/39412\/revisions\/39413"}],"wp:featuredmedia":[{"embeddable":true,"href":"https:\/\/netbakis.net\/tr\/wp-json\/wp\/v2\/media\/36083"}],"wp:attachment":[{"href":"https:\/\/netbakis.net\/tr\/wp-json\/wp\/v2\/media?parent=39412"}],"wp:term":[{"taxonomy":"category","embeddable":true,"href":"https:\/\/netbakis.net\/tr\/wp-json\/wp\/v2\/categories?post=39412"},{"taxonomy":"post_tag","embeddable":true,"href":"https:\/\/netbakis.net\/tr\/wp-json\/wp\/v2\/tags?post=39412"}],"curies":[{"name":"wp","href":"https:\/\/api.w.org\/{rel}","templated":true}]}}