{"id":39405,"date":"2026-04-27T17:45:12","date_gmt":"2026-04-27T17:45:12","guid":{"rendered":"https:\/\/netbakis.net\/?p=39405"},"modified":"2026-04-27T17:45:14","modified_gmt":"2026-04-27T17:45:14","slug":"laptada-yarin-10-00-ile-13-00-saatleri-arasinda-3-saatlik-elektrik-kesintisi-olacak","status":"publish","type":"post","link":"https:\/\/netbakis.net\/tr\/39405\/","title":{"rendered":"Lapta\u2019da yar\u0131n 10.00 ile 13.00 saatleri aras\u0131nda 3 saatlik elektrik kesintisi olacak"},"content":{"rendered":"<p>K\u0131br\u0131s T\u00fcrk Elektrik Kurumu, Lapta\u2019da Laptamar\u2019\u0131n do\u011fu ve g\u00fcneyinde orta gerilim hatt\u0131 proje \u00e7al\u0131\u015fmas\u0131 nedeniyle yar\u0131n 10.00-13.00 saatleri aras\u0131nda elektrik verilemeyece\u011fini a\u00e7\u0131klad\u0131.<br><br>K\u0131br\u0131s T\u00fcrk Elektrik Kurumu (K\u0131b-Tek) Lapta\u2019da, Laptamar\u2019\u0131n do\u011fu ve g\u00fcneyine yar\u0131n 3 saat elektrik verilemeyece\u011fini duyurdu.<\/p>\n\n\n\n<p>K\u0131b-Tek\u2019ten yap\u0131lan a\u00e7\u0131klamada, s\u00f6z konusu b\u00f6lgede orta gerilim hatt\u0131ndaki proje \u00e7al\u0131\u015fmas\u0131 nedeniyle 10.00 ile 13.00 saatleri aras\u0131nda kesinti yap\u0131laca\u011f\u0131 kaydedildi.<\/p>","protected":false},"excerpt":{"rendered":"<p>K\u0131br\u0131s T\u00fcrk Elektrik Kurumu, Lapta\u2019da Laptamar\u2019\u0131n do\u011fu ve g\u00fcneyinde orta gerilim hatt\u0131 proje \u00e7al\u0131\u015fmas\u0131 nedeniyle yar\u0131n 10.00-13.00 saatleri aras\u0131nda elektrik verilemeyece\u011fini a\u00e7\u0131klad\u0131. K\u0131br\u0131s T\u00fcrk Elektrik Kurumu (K\u0131b-Tek) Lapta\u2019da, Laptamar\u2019\u0131n do\u011fu ve g\u00fcneyine yar\u0131n 3 saat elektrik verilemeyece\u011fini duyurdu. K\u0131b-Tek\u2019ten yap\u0131lan a\u00e7\u0131klamada, s\u00f6z konusu b\u00f6lgede orta gerilim hatt\u0131ndaki proje \u00e7al\u0131\u015fmas\u0131 nedeniyle 10.00 ile 13.00 saatleri aras\u0131nda [&hellip;]<\/p>","protected":false},"author":1,"featured_media":18383,"comment_status":"open","ping_status":"open","sticky":false,"template":"","format":"standard","meta":{"om_disable_all_campaigns":false,"_monsterinsights_skip_tracking":false,"_monsterinsights_sitenote_active":false,"_monsterinsights_sitenote_note":"","_monsterinsights_sitenote_category":0,"_uf_show_specific_survey":0,"_uf_disable_surveys":false,"footnotes":"","jetpack_publicize_message":"","jetpack_publicize_feature_enabled":true,"jetpack_social_post_already_shared":true,"jetpack_social_options":{"image_generator_settings":{"template":"highway","default_image_id":0,"font":"","enabled":false},"version":2}},"categories":[81],"tags":[],"class_list":{"0":"post-39405","1":"post","2":"type-post","3":"status-publish","4":"format-standard","5":"has-post-thumbnail","7":"category-gundem"},"yoast_head":"<!-- This site is optimized with the Yoast SEO plugin v23.8 - https:\/\/yoast.com\/wordpress\/plugins\/seo\/ -->\n<title>Lapta\u2019da yar\u0131n 10.00 ile 13.00 saatleri aras\u0131nda 3 saatlik elektrik kesintisi olacak - NETBAKIS<\/title>\n<meta name=\"robots\" content=\"index, follow, max-snippet:-1, max-image-preview:large, max-video-preview:-1\" \/>\n<link rel=\"canonical\" href=\"https:\/\/netbakis.net\/tr\/39405\/\" \/>\n<meta property=\"og:locale\" content=\"tr_TR\" \/>\n<meta property=\"og:type\" content=\"article\" \/>\n<meta property=\"og:title\" content=\"Lapta\u2019da yar\u0131n 10.00 ile 13.00 saatleri aras\u0131nda 3 saatlik elektrik kesintisi olacak - NETBAKIS\" \/>\n<meta property=\"og:description\" content=\"K\u0131br\u0131s T\u00fcrk Elektrik Kurumu, Lapta\u2019da Laptamar\u2019\u0131n do\u011fu ve g\u00fcneyinde orta gerilim hatt\u0131 proje \u00e7al\u0131\u015fmas\u0131 nedeniyle yar\u0131n 10.00-13.00 saatleri aras\u0131nda elektrik verilemeyece\u011fini a\u00e7\u0131klad\u0131. K\u0131br\u0131s T\u00fcrk Elektrik Kurumu (K\u0131b-Tek) Lapta\u2019da, Laptamar\u2019\u0131n do\u011fu ve g\u00fcneyine yar\u0131n 3 saat elektrik verilemeyece\u011fini duyurdu. K\u0131b-Tek\u2019ten yap\u0131lan a\u00e7\u0131klamada, s\u00f6z konusu b\u00f6lgede orta gerilim hatt\u0131ndaki proje \u00e7al\u0131\u015fmas\u0131 nedeniyle 10.00 ile 13.00 saatleri aras\u0131nda [&hellip;]\" \/>\n<meta property=\"og:url\" content=\"https:\/\/netbakis.net\/tr\/39405\/\" \/>\n<meta property=\"og:site_name\" content=\"NETBAKIS\" \/>\n<meta property=\"article:published_time\" content=\"2026-04-27T17:45:12+00:00\" \/>\n<meta property=\"article:modified_time\" content=\"2026-04-27T17:45:14+00:00\" \/>\n<meta property=\"og:image\" content=\"https:\/\/netbakis.net\/wp-content\/uploads\/2024\/07\/how-pakistans-electricity-crisis-is-leading-to-rising-spectre-of-social-unrest.webp\" \/>\n\t<meta property=\"og:image:width\" content=\"1200\" \/>\n\t<meta property=\"og:image:height\" content=\"765\" \/>\n\t<meta property=\"og:image:type\" content=\"image\/webp\" \/>\n<meta name=\"author\" content=\"netbakis.net\" \/>\n<meta name=\"twitter:card\" content=\"summary_large_image\" \/>\n<meta name=\"twitter:label1\" content=\"Yazan:\" \/>\n\t<meta name=\"twitter:data1\" content=\"netbakis.net\" \/>\n\t<meta name=\"twitter:label2\" content=\"Tahmini okuma s\u00fcresi\" \/>\n\t<meta name=\"twitter:data2\" content=\"1 dakika\" \/>\n<script type=\"application\/ld+json\" class=\"yoast-schema-graph\">{\"@context\":\"https:\/\/schema.org\",\"@graph\":[{\"@type\":\"WebPage\",\"@id\":\"https:\/\/netbakis.net\/39405\/\",\"url\":\"https:\/\/netbakis.net\/39405\/\",\"name\":\"Lapta\u2019da yar\u0131n 10.00 ile 13.00 saatleri aras\u0131nda 3 saatlik elektrik kesintisi olacak - NETBAKIS\",\"isPartOf\":{\"@id\":\"https:\/\/netbakis.net\/#website\"},\"primaryImageOfPage\":{\"@id\":\"https:\/\/netbakis.net\/39405\/#primaryimage\"},\"image\":{\"@id\":\"https:\/\/netbakis.net\/39405\/#primaryimage\"},\"thumbnailUrl\":\"https:\/\/netbakis.net\/wp-content\/uploads\/2024\/07\/how-pakistans-electricity-crisis-is-leading-to-rising-spectre-of-social-unrest.webp\",\"datePublished\":\"2026-04-27T17:45:12+00:00\",\"dateModified\":\"2026-04-27T17:45:14+00:00\",\"author\":{\"@id\":\"https:\/\/netbakis.net\/#\/schema\/person\/5d9b5c3f48ca4a3c69967d619fc8c7f4\"},\"breadcrumb\":{\"@id\":\"https:\/\/netbakis.net\/39405\/#breadcrumb\"},\"inLanguage\":\"tr\",\"potentialAction\":[{\"@type\":\"ReadAction\",\"target\":[\"https:\/\/netbakis.net\/39405\/\"]}]},{\"@type\":\"ImageObject\",\"inLanguage\":\"tr\",\"@id\":\"https:\/\/netbakis.net\/39405\/#primaryimage\",\"url\":\"https:\/\/netbakis.net\/wp-content\/uploads\/2024\/07\/how-pakistans-electricity-crisis-is-leading-to-rising-spectre-of-social-unrest.webp\",\"contentUrl\":\"https:\/\/netbakis.net\/wp-content\/uploads\/2024\/07\/how-pakistans-electricity-crisis-is-leading-to-rising-spectre-of-social-unrest.webp\",\"width\":1200,\"height\":765,\"caption\":\"elektrik K\u0131br\u0131s T\u00fcrk Elektrik Kurumu (K\u0131b-Tek)\"},{\"@type\":\"BreadcrumbList\",\"@id\":\"https:\/\/netbakis.net\/39405\/#breadcrumb\",\"itemListElement\":[{\"@type\":\"ListItem\",\"position\":1,\"name\":\"Home\",\"item\":\"https:\/\/netbakis.net\/\"},{\"@type\":\"ListItem\",\"position\":2,\"name\":\"Lapta\u2019da yar\u0131n 10.00 ile 13.00 saatleri aras\u0131nda 3 saatlik elektrik kesintisi olacak\"}]},{\"@type\":\"WebSite\",\"@id\":\"https:\/\/netbakis.net\/#website\",\"url\":\"https:\/\/netbakis.net\/\",\"name\":\"NETBAKIS\",\"description\":\"SON DAKIKA\",\"potentialAction\":[{\"@type\":\"SearchAction\",\"target\":{\"@type\":\"EntryPoint\",\"urlTemplate\":\"https:\/\/netbakis.net\/?s={search_term_string}\"},\"query-input\":{\"@type\":\"PropertyValueSpecification\",\"valueRequired\":true,\"valueName\":\"search_term_string\"}}],\"inLanguage\":\"tr\"},{\"@type\":\"Person\",\"@id\":\"https:\/\/netbakis.net\/#\/schema\/person\/5d9b5c3f48ca4a3c69967d619fc8c7f4\",\"name\":\"netbakis.net\",\"image\":{\"@type\":\"ImageObject\",\"inLanguage\":\"tr\",\"@id\":\"https:\/\/netbakis.net\/#\/schema\/person\/image\/\",\"url\":\"https:\/\/secure.gravatar.com\/avatar\/4ddeae49d2d3e3568a8d5b0937642efdf0b72468dbe3f213bc1978faa47af0d1?s=96&d=wp_user_avatar&r=g\",\"contentUrl\":\"https:\/\/secure.gravatar.com\/avatar\/4ddeae49d2d3e3568a8d5b0937642efdf0b72468dbe3f213bc1978faa47af0d1?s=96&d=wp_user_avatar&r=g\",\"caption\":\"netbakis.net\"},\"sameAs\":[\"https:\/\/netbakis.net\"],\"url\":\"https:\/\/netbakis.net\/tr\/author\/netbakis-net\/\"}]}<\/script>\n<!-- \/ Yoast SEO plugin. -->","yoast_head_json":{"title":"Lapta\u2019da yar\u0131n 10.00 ile 13.00 saatleri aras\u0131nda 3 saatlik elektrik kesintisi olacak - NETBAKIS","robots":{"index":"index","follow":"follow","max-snippet":"max-snippet:-1","max-image-preview":"max-image-preview:large","max-video-preview":"max-video-preview:-1"},"canonical":"https:\/\/netbakis.net\/tr\/39405\/","og_locale":"tr_TR","og_type":"article","og_title":"Lapta\u2019da yar\u0131n 10.00 ile 13.00 saatleri aras\u0131nda 3 saatlik elektrik kesintisi olacak - NETBAKIS","og_description":"K\u0131br\u0131s T\u00fcrk Elektrik Kurumu, Lapta\u2019da Laptamar\u2019\u0131n do\u011fu ve g\u00fcneyinde orta gerilim hatt\u0131 proje \u00e7al\u0131\u015fmas\u0131 nedeniyle yar\u0131n 10.00-13.00 saatleri aras\u0131nda elektrik verilemeyece\u011fini a\u00e7\u0131klad\u0131. K\u0131br\u0131s T\u00fcrk Elektrik Kurumu (K\u0131b-Tek) Lapta\u2019da, Laptamar\u2019\u0131n do\u011fu ve g\u00fcneyine yar\u0131n 3 saat elektrik verilemeyece\u011fini duyurdu. K\u0131b-Tek\u2019ten yap\u0131lan a\u00e7\u0131klamada, s\u00f6z konusu b\u00f6lgede orta gerilim hatt\u0131ndaki proje \u00e7al\u0131\u015fmas\u0131 nedeniyle 10.00 ile 13.00 saatleri aras\u0131nda [&hellip;]","og_url":"https:\/\/netbakis.net\/tr\/39405\/","og_site_name":"NETBAKIS","article_published_time":"2026-04-27T17:45:12+00:00","article_modified_time":"2026-04-27T17:45:14+00:00","og_image":[{"width":1200,"height":765,"url":"https:\/\/netbakis.net\/wp-content\/uploads\/2024\/07\/how-pakistans-electricity-crisis-is-leading-to-rising-spectre-of-social-unrest.webp","type":"image\/webp"}],"author":"netbakis.net","twitter_card":"summary_large_image","twitter_misc":{"Yazan:":"netbakis.net","Tahmini okuma s\u00fcresi":"1 dakika"},"schema":{"@context":"https:\/\/schema.org","@graph":[{"@type":"WebPage","@id":"https:\/\/netbakis.net\/39405\/","url":"https:\/\/netbakis.net\/39405\/","name":"Lapta\u2019da yar\u0131n 10.00 ile 13.00 saatleri aras\u0131nda 3 saatlik elektrik kesintisi olacak - NETBAKIS","isPartOf":{"@id":"https:\/\/netbakis.net\/#website"},"primaryImageOfPage":{"@id":"https:\/\/netbakis.net\/39405\/#primaryimage"},"image":{"@id":"https:\/\/netbakis.net\/39405\/#primaryimage"},"thumbnailUrl":"https:\/\/netbakis.net\/wp-content\/uploads\/2024\/07\/how-pakistans-electricity-crisis-is-leading-to-rising-spectre-of-social-unrest.webp","datePublished":"2026-04-27T17:45:12+00:00","dateModified":"2026-04-27T17:45:14+00:00","author":{"@id":"https:\/\/netbakis.net\/#\/schema\/person\/5d9b5c3f48ca4a3c69967d619fc8c7f4"},"breadcrumb":{"@id":"https:\/\/netbakis.net\/39405\/#breadcrumb"},"inLanguage":"tr","potentialAction":[{"@type":"ReadAction","target":["https:\/\/netbakis.net\/39405\/"]}]},{"@type":"ImageObject","inLanguage":"tr","@id":"https:\/\/netbakis.net\/39405\/#primaryimage","url":"https:\/\/netbakis.net\/wp-content\/uploads\/2024\/07\/how-pakistans-electricity-crisis-is-leading-to-rising-spectre-of-social-unrest.webp","contentUrl":"https:\/\/netbakis.net\/wp-content\/uploads\/2024\/07\/how-pakistans-electricity-crisis-is-leading-to-rising-spectre-of-social-unrest.webp","width":1200,"height":765,"caption":"elektrik K\u0131br\u0131s T\u00fcrk Elektrik Kurumu (K\u0131b-Tek)"},{"@type":"BreadcrumbList","@id":"https:\/\/netbakis.net\/39405\/#breadcrumb","itemListElement":[{"@type":"ListItem","position":1,"name":"Home","item":"https:\/\/netbakis.net\/"},{"@type":"ListItem","position":2,"name":"Lapta\u2019da yar\u0131n 10.00 ile 13.00 saatleri aras\u0131nda 3 saatlik elektrik kesintisi olacak"}]},{"@type":"WebSite","@id":"https:\/\/netbakis.net\/#website","url":"https:\/\/netbakis.net\/","name":"NETBAKIS","description":"SON DAKIKA","potentialAction":[{"@type":"SearchAction","target":{"@type":"EntryPoint","urlTemplate":"https:\/\/netbakis.net\/?s={search_term_string}"},"query-input":{"@type":"PropertyValueSpecification","valueRequired":true,"valueName":"search_term_string"}}],"inLanguage":"tr"},{"@type":"Person","@id":"https:\/\/netbakis.net\/#\/schema\/person\/5d9b5c3f48ca4a3c69967d619fc8c7f4","name":"netbakis.net","image":{"@type":"ImageObject","inLanguage":"tr","@id":"https:\/\/netbakis.net\/#\/schema\/person\/image\/","url":"https:\/\/secure.gravatar.com\/avatar\/4ddeae49d2d3e3568a8d5b0937642efdf0b72468dbe3f213bc1978faa47af0d1?s=96&d=wp_user_avatar&r=g","contentUrl":"https:\/\/secure.gravatar.com\/avatar\/4ddeae49d2d3e3568a8d5b0937642efdf0b72468dbe3f213bc1978faa47af0d1?s=96&d=wp_user_avatar&r=g","caption":"netbakis.net"},"sameAs":["https:\/\/netbakis.net"],"url":"https:\/\/netbakis.net\/tr\/author\/netbakis-net\/"}]}},"jetpack_publicize_connections":[],"_links":{"self":[{"href":"https:\/\/netbakis.net\/tr\/wp-json\/wp\/v2\/posts\/39405","targetHints":{"allow":["GET"]}}],"collection":[{"href":"https:\/\/netbakis.net\/tr\/wp-json\/wp\/v2\/posts"}],"about":[{"href":"https:\/\/netbakis.net\/tr\/wp-json\/wp\/v2\/types\/post"}],"author":[{"embeddable":true,"href":"https:\/\/netbakis.net\/tr\/wp-json\/wp\/v2\/users\/1"}],"replies":[{"embeddable":true,"href":"https:\/\/netbakis.net\/tr\/wp-json\/wp\/v2\/comments?post=39405"}],"version-history":[{"count":1,"href":"https:\/\/netbakis.net\/tr\/wp-json\/wp\/v2\/posts\/39405\/revisions"}],"predecessor-version":[{"id":39406,"href":"https:\/\/netbakis.net\/tr\/wp-json\/wp\/v2\/posts\/39405\/revisions\/39406"}],"wp:featuredmedia":[{"embeddable":true,"href":"https:\/\/netbakis.net\/tr\/wp-json\/wp\/v2\/media\/18383"}],"wp:attachment":[{"href":"https:\/\/netbakis.net\/tr\/wp-json\/wp\/v2\/media?parent=39405"}],"wp:term":[{"taxonomy":"category","embeddable":true,"href":"https:\/\/netbakis.net\/tr\/wp-json\/wp\/v2\/categories?post=39405"},{"taxonomy":"post_tag","embeddable":true,"href":"https:\/\/netbakis.net\/tr\/wp-json\/wp\/v2\/tags?post=39405"}],"curies":[{"name":"wp","href":"https:\/\/api.w.org\/{rel}","templated":true}]}}