{"id":39403,"date":"2026-04-27T17:44:37","date_gmt":"2026-04-27T17:44:37","guid":{"rendered":"https:\/\/netbakis.net\/?p=39403"},"modified":"2026-04-27T17:44:38","modified_gmt":"2026-04-27T17:44:38","slug":"ktos-genel-sekreteri-burak-mavis-etuce-komite-toplantisina-katilacak","status":"publish","type":"post","link":"https:\/\/netbakis.net\/tr\/39403\/","title":{"rendered":"KT\u00d6S Genel Sekreteri Burak Mavi\u015f, ETUCE Komite Toplant\u0131s\u0131\u2019na kat\u0131lacak"},"content":{"rendered":"<p>KT\u00d6S Genel Sekreteri Burak Mavi\u015f, ETUCE K\u0131br\u0131s temsilcisi olarak 28-29 Nisan tarihlerinde Br\u00fcksel\u2019de d\u00fczenlenecek Komite Toplant\u0131s\u0131\u2019na kat\u0131lacak.<br><br>KT\u00d6S Genel Sekreteri Burak Mavi\u015f, Avrupa E\u011fitim Sendikalar\u0131 Komitesi\u2019nin (ETUCE) 28-29 Nisan tarihlerinde Br\u00fcksel\u2019de ger\u00e7ekle\u015ftirece\u011fi Komite Toplant\u0131s\u0131\u2019na, ETUCE K\u0131br\u0131s temsilcisi olarak kat\u0131lacak.<\/p>\n\n\n\n<p>Toplant\u0131da; AB \u00d6\u011fretmenler G\u00fcndemi, Dijital Omnibus kapsam\u0131nda y\u00fcr\u00fct\u00fclecek kampanya ve savunuculuk \u00e7al\u0131\u015fmalar\u0131, e\u011fitim politikalar\u0131ndaki son geli\u015fmeler ve Avrupa Konseyi ile y\u00fcr\u00fct\u00fclen stratejik i\u015f birli\u011fi ele al\u0131nacak.<\/p>","protected":false},"excerpt":{"rendered":"<p>KT\u00d6S Genel Sekreteri Burak Mavi\u015f, ETUCE K\u0131br\u0131s temsilcisi olarak 28-29 Nisan tarihlerinde Br\u00fcksel\u2019de d\u00fczenlenecek Komite Toplant\u0131s\u0131\u2019na kat\u0131lacak. KT\u00d6S Genel Sekreteri Burak Mavi\u015f, Avrupa E\u011fitim Sendikalar\u0131 Komitesi\u2019nin (ETUCE) 28-29 Nisan tarihlerinde Br\u00fcksel\u2019de ger\u00e7ekle\u015ftirece\u011fi Komite Toplant\u0131s\u0131\u2019na, ETUCE K\u0131br\u0131s temsilcisi olarak kat\u0131lacak. Toplant\u0131da; AB \u00d6\u011fretmenler G\u00fcndemi, Dijital Omnibus kapsam\u0131nda y\u00fcr\u00fct\u00fclecek kampanya ve savunuculuk \u00e7al\u0131\u015fmalar\u0131, e\u011fitim politikalar\u0131ndaki son geli\u015fmeler [&hellip;]<\/p>","protected":false},"author":1,"featured_media":6122,"comment_status":"open","ping_status":"open","sticky":false,"template":"","format":"standard","meta":{"om_disable_all_campaigns":false,"_monsterinsights_skip_tracking":false,"_monsterinsights_sitenote_active":false,"_monsterinsights_sitenote_note":"","_monsterinsights_sitenote_category":0,"_uf_show_specific_survey":0,"_uf_disable_surveys":false,"footnotes":"","jetpack_publicize_message":"","jetpack_publicize_feature_enabled":true,"jetpack_social_post_already_shared":true,"jetpack_social_options":{"image_generator_settings":{"template":"highway","default_image_id":0,"font":"","enabled":false},"version":2}},"categories":[81],"tags":[],"class_list":{"0":"post-39403","1":"post","2":"type-post","3":"status-publish","4":"format-standard","5":"has-post-thumbnail","7":"category-gundem"},"yoast_head":"<!-- This site is optimized with the Yoast SEO plugin v23.8 - https:\/\/yoast.com\/wordpress\/plugins\/seo\/ -->\n<title>KT\u00d6S Genel Sekreteri Burak Mavi\u015f, ETUCE Komite Toplant\u0131s\u0131\u2019na kat\u0131lacak - NETBAKIS<\/title>\n<meta name=\"robots\" content=\"index, follow, max-snippet:-1, max-image-preview:large, max-video-preview:-1\" \/>\n<link rel=\"canonical\" href=\"https:\/\/netbakis.net\/tr\/39403\/\" \/>\n<meta property=\"og:locale\" content=\"tr_TR\" \/>\n<meta property=\"og:type\" content=\"article\" \/>\n<meta property=\"og:title\" content=\"KT\u00d6S Genel Sekreteri Burak Mavi\u015f, ETUCE Komite Toplant\u0131s\u0131\u2019na kat\u0131lacak - NETBAKIS\" \/>\n<meta property=\"og:description\" content=\"KT\u00d6S Genel Sekreteri Burak Mavi\u015f, ETUCE K\u0131br\u0131s temsilcisi olarak 28-29 Nisan tarihlerinde Br\u00fcksel\u2019de d\u00fczenlenecek Komite Toplant\u0131s\u0131\u2019na kat\u0131lacak. KT\u00d6S Genel Sekreteri Burak Mavi\u015f, Avrupa E\u011fitim Sendikalar\u0131 Komitesi\u2019nin (ETUCE) 28-29 Nisan tarihlerinde Br\u00fcksel\u2019de ger\u00e7ekle\u015ftirece\u011fi Komite Toplant\u0131s\u0131\u2019na, ETUCE K\u0131br\u0131s temsilcisi olarak kat\u0131lacak. Toplant\u0131da; AB \u00d6\u011fretmenler G\u00fcndemi, Dijital Omnibus kapsam\u0131nda y\u00fcr\u00fct\u00fclecek kampanya ve savunuculuk \u00e7al\u0131\u015fmalar\u0131, e\u011fitim politikalar\u0131ndaki son geli\u015fmeler [&hellip;]\" \/>\n<meta property=\"og:url\" content=\"https:\/\/netbakis.net\/tr\/39403\/\" \/>\n<meta property=\"og:site_name\" content=\"NETBAKIS\" \/>\n<meta property=\"article:published_time\" content=\"2026-04-27T17:44:37+00:00\" \/>\n<meta property=\"article:modified_time\" content=\"2026-04-27T17:44:38+00:00\" \/>\n<meta property=\"og:image\" content=\"https:\/\/netbakis.net\/wp-content\/uploads\/2021\/05\/Burak-Mavis.jpg\" \/>\n\t<meta property=\"og:image:width\" content=\"1920\" \/>\n\t<meta property=\"og:image:height\" content=\"1280\" \/>\n\t<meta property=\"og:image:type\" content=\"image\/jpeg\" \/>\n<meta name=\"author\" content=\"netbakis.net\" \/>\n<meta name=\"twitter:card\" content=\"summary_large_image\" \/>\n<meta name=\"twitter:label1\" content=\"Yazan:\" \/>\n\t<meta name=\"twitter:data1\" content=\"netbakis.net\" \/>\n\t<meta name=\"twitter:label2\" content=\"Tahmini okuma s\u00fcresi\" \/>\n\t<meta name=\"twitter:data2\" content=\"1 dakika\" \/>\n<script type=\"application\/ld+json\" class=\"yoast-schema-graph\">{\"@context\":\"https:\/\/schema.org\",\"@graph\":[{\"@type\":\"WebPage\",\"@id\":\"https:\/\/netbakis.net\/39403\/\",\"url\":\"https:\/\/netbakis.net\/39403\/\",\"name\":\"KT\u00d6S Genel Sekreteri Burak Mavi\u015f, ETUCE Komite Toplant\u0131s\u0131\u2019na kat\u0131lacak - NETBAKIS\",\"isPartOf\":{\"@id\":\"https:\/\/netbakis.net\/#website\"},\"primaryImageOfPage\":{\"@id\":\"https:\/\/netbakis.net\/39403\/#primaryimage\"},\"image\":{\"@id\":\"https:\/\/netbakis.net\/39403\/#primaryimage\"},\"thumbnailUrl\":\"https:\/\/netbakis.net\/wp-content\/uploads\/2021\/05\/Burak-Mavis.jpg\",\"datePublished\":\"2026-04-27T17:44:37+00:00\",\"dateModified\":\"2026-04-27T17:44:38+00:00\",\"author\":{\"@id\":\"https:\/\/netbakis.net\/#\/schema\/person\/5d9b5c3f48ca4a3c69967d619fc8c7f4\"},\"breadcrumb\":{\"@id\":\"https:\/\/netbakis.net\/39403\/#breadcrumb\"},\"inLanguage\":\"tr\",\"potentialAction\":[{\"@type\":\"ReadAction\",\"target\":[\"https:\/\/netbakis.net\/39403\/\"]}]},{\"@type\":\"ImageObject\",\"inLanguage\":\"tr\",\"@id\":\"https:\/\/netbakis.net\/39403\/#primaryimage\",\"url\":\"https:\/\/netbakis.net\/wp-content\/uploads\/2021\/05\/Burak-Mavis.jpg\",\"contentUrl\":\"https:\/\/netbakis.net\/wp-content\/uploads\/2021\/05\/Burak-Mavis.jpg\",\"width\":1920,\"height\":1280,\"caption\":\"Burak Mavi\u015f\"},{\"@type\":\"BreadcrumbList\",\"@id\":\"https:\/\/netbakis.net\/39403\/#breadcrumb\",\"itemListElement\":[{\"@type\":\"ListItem\",\"position\":1,\"name\":\"Home\",\"item\":\"https:\/\/netbakis.net\/\"},{\"@type\":\"ListItem\",\"position\":2,\"name\":\"KT\u00d6S Genel Sekreteri Burak Mavi\u015f, ETUCE Komite Toplant\u0131s\u0131\u2019na kat\u0131lacak\"}]},{\"@type\":\"WebSite\",\"@id\":\"https:\/\/netbakis.net\/#website\",\"url\":\"https:\/\/netbakis.net\/\",\"name\":\"NETBAKIS\",\"description\":\"SON DAKIKA\",\"potentialAction\":[{\"@type\":\"SearchAction\",\"target\":{\"@type\":\"EntryPoint\",\"urlTemplate\":\"https:\/\/netbakis.net\/?s={search_term_string}\"},\"query-input\":{\"@type\":\"PropertyValueSpecification\",\"valueRequired\":true,\"valueName\":\"search_term_string\"}}],\"inLanguage\":\"tr\"},{\"@type\":\"Person\",\"@id\":\"https:\/\/netbakis.net\/#\/schema\/person\/5d9b5c3f48ca4a3c69967d619fc8c7f4\",\"name\":\"netbakis.net\",\"image\":{\"@type\":\"ImageObject\",\"inLanguage\":\"tr\",\"@id\":\"https:\/\/netbakis.net\/#\/schema\/person\/image\/\",\"url\":\"https:\/\/secure.gravatar.com\/avatar\/4ddeae49d2d3e3568a8d5b0937642efdf0b72468dbe3f213bc1978faa47af0d1?s=96&d=wp_user_avatar&r=g\",\"contentUrl\":\"https:\/\/secure.gravatar.com\/avatar\/4ddeae49d2d3e3568a8d5b0937642efdf0b72468dbe3f213bc1978faa47af0d1?s=96&d=wp_user_avatar&r=g\",\"caption\":\"netbakis.net\"},\"sameAs\":[\"https:\/\/netbakis.net\"],\"url\":\"https:\/\/netbakis.net\/tr\/author\/netbakis-net\/\"}]}<\/script>\n<!-- \/ Yoast SEO plugin. -->","yoast_head_json":{"title":"KT\u00d6S Genel Sekreteri Burak Mavi\u015f, ETUCE Komite Toplant\u0131s\u0131\u2019na kat\u0131lacak - NETBAKIS","robots":{"index":"index","follow":"follow","max-snippet":"max-snippet:-1","max-image-preview":"max-image-preview:large","max-video-preview":"max-video-preview:-1"},"canonical":"https:\/\/netbakis.net\/tr\/39403\/","og_locale":"tr_TR","og_type":"article","og_title":"KT\u00d6S Genel Sekreteri Burak Mavi\u015f, ETUCE Komite Toplant\u0131s\u0131\u2019na kat\u0131lacak - NETBAKIS","og_description":"KT\u00d6S Genel Sekreteri Burak Mavi\u015f, ETUCE K\u0131br\u0131s temsilcisi olarak 28-29 Nisan tarihlerinde Br\u00fcksel\u2019de d\u00fczenlenecek Komite Toplant\u0131s\u0131\u2019na kat\u0131lacak. KT\u00d6S Genel Sekreteri Burak Mavi\u015f, Avrupa E\u011fitim Sendikalar\u0131 Komitesi\u2019nin (ETUCE) 28-29 Nisan tarihlerinde Br\u00fcksel\u2019de ger\u00e7ekle\u015ftirece\u011fi Komite Toplant\u0131s\u0131\u2019na, ETUCE K\u0131br\u0131s temsilcisi olarak kat\u0131lacak. Toplant\u0131da; AB \u00d6\u011fretmenler G\u00fcndemi, Dijital Omnibus kapsam\u0131nda y\u00fcr\u00fct\u00fclecek kampanya ve savunuculuk \u00e7al\u0131\u015fmalar\u0131, e\u011fitim politikalar\u0131ndaki son geli\u015fmeler [&hellip;]","og_url":"https:\/\/netbakis.net\/tr\/39403\/","og_site_name":"NETBAKIS","article_published_time":"2026-04-27T17:44:37+00:00","article_modified_time":"2026-04-27T17:44:38+00:00","og_image":[{"width":1920,"height":1280,"url":"https:\/\/netbakis.net\/wp-content\/uploads\/2021\/05\/Burak-Mavis.jpg","type":"image\/jpeg"}],"author":"netbakis.net","twitter_card":"summary_large_image","twitter_misc":{"Yazan:":"netbakis.net","Tahmini okuma s\u00fcresi":"1 dakika"},"schema":{"@context":"https:\/\/schema.org","@graph":[{"@type":"WebPage","@id":"https:\/\/netbakis.net\/39403\/","url":"https:\/\/netbakis.net\/39403\/","name":"KT\u00d6S Genel Sekreteri Burak Mavi\u015f, ETUCE Komite Toplant\u0131s\u0131\u2019na kat\u0131lacak - NETBAKIS","isPartOf":{"@id":"https:\/\/netbakis.net\/#website"},"primaryImageOfPage":{"@id":"https:\/\/netbakis.net\/39403\/#primaryimage"},"image":{"@id":"https:\/\/netbakis.net\/39403\/#primaryimage"},"thumbnailUrl":"https:\/\/netbakis.net\/wp-content\/uploads\/2021\/05\/Burak-Mavis.jpg","datePublished":"2026-04-27T17:44:37+00:00","dateModified":"2026-04-27T17:44:38+00:00","author":{"@id":"https:\/\/netbakis.net\/#\/schema\/person\/5d9b5c3f48ca4a3c69967d619fc8c7f4"},"breadcrumb":{"@id":"https:\/\/netbakis.net\/39403\/#breadcrumb"},"inLanguage":"tr","potentialAction":[{"@type":"ReadAction","target":["https:\/\/netbakis.net\/39403\/"]}]},{"@type":"ImageObject","inLanguage":"tr","@id":"https:\/\/netbakis.net\/39403\/#primaryimage","url":"https:\/\/netbakis.net\/wp-content\/uploads\/2021\/05\/Burak-Mavis.jpg","contentUrl":"https:\/\/netbakis.net\/wp-content\/uploads\/2021\/05\/Burak-Mavis.jpg","width":1920,"height":1280,"caption":"Burak Mavi\u015f"},{"@type":"BreadcrumbList","@id":"https:\/\/netbakis.net\/39403\/#breadcrumb","itemListElement":[{"@type":"ListItem","position":1,"name":"Home","item":"https:\/\/netbakis.net\/"},{"@type":"ListItem","position":2,"name":"KT\u00d6S Genel Sekreteri Burak Mavi\u015f, ETUCE Komite Toplant\u0131s\u0131\u2019na kat\u0131lacak"}]},{"@type":"WebSite","@id":"https:\/\/netbakis.net\/#website","url":"https:\/\/netbakis.net\/","name":"NETBAKIS","description":"SON DAKIKA","potentialAction":[{"@type":"SearchAction","target":{"@type":"EntryPoint","urlTemplate":"https:\/\/netbakis.net\/?s={search_term_string}"},"query-input":{"@type":"PropertyValueSpecification","valueRequired":true,"valueName":"search_term_string"}}],"inLanguage":"tr"},{"@type":"Person","@id":"https:\/\/netbakis.net\/#\/schema\/person\/5d9b5c3f48ca4a3c69967d619fc8c7f4","name":"netbakis.net","image":{"@type":"ImageObject","inLanguage":"tr","@id":"https:\/\/netbakis.net\/#\/schema\/person\/image\/","url":"https:\/\/secure.gravatar.com\/avatar\/4ddeae49d2d3e3568a8d5b0937642efdf0b72468dbe3f213bc1978faa47af0d1?s=96&d=wp_user_avatar&r=g","contentUrl":"https:\/\/secure.gravatar.com\/avatar\/4ddeae49d2d3e3568a8d5b0937642efdf0b72468dbe3f213bc1978faa47af0d1?s=96&d=wp_user_avatar&r=g","caption":"netbakis.net"},"sameAs":["https:\/\/netbakis.net"],"url":"https:\/\/netbakis.net\/tr\/author\/netbakis-net\/"}]}},"jetpack_publicize_connections":[],"_links":{"self":[{"href":"https:\/\/netbakis.net\/tr\/wp-json\/wp\/v2\/posts\/39403","targetHints":{"allow":["GET"]}}],"collection":[{"href":"https:\/\/netbakis.net\/tr\/wp-json\/wp\/v2\/posts"}],"about":[{"href":"https:\/\/netbakis.net\/tr\/wp-json\/wp\/v2\/types\/post"}],"author":[{"embeddable":true,"href":"https:\/\/netbakis.net\/tr\/wp-json\/wp\/v2\/users\/1"}],"replies":[{"embeddable":true,"href":"https:\/\/netbakis.net\/tr\/wp-json\/wp\/v2\/comments?post=39403"}],"version-history":[{"count":1,"href":"https:\/\/netbakis.net\/tr\/wp-json\/wp\/v2\/posts\/39403\/revisions"}],"predecessor-version":[{"id":39404,"href":"https:\/\/netbakis.net\/tr\/wp-json\/wp\/v2\/posts\/39403\/revisions\/39404"}],"wp:featuredmedia":[{"embeddable":true,"href":"https:\/\/netbakis.net\/tr\/wp-json\/wp\/v2\/media\/6122"}],"wp:attachment":[{"href":"https:\/\/netbakis.net\/tr\/wp-json\/wp\/v2\/media?parent=39403"}],"wp:term":[{"taxonomy":"category","embeddable":true,"href":"https:\/\/netbakis.net\/tr\/wp-json\/wp\/v2\/categories?post=39403"},{"taxonomy":"post_tag","embeddable":true,"href":"https:\/\/netbakis.net\/tr\/wp-json\/wp\/v2\/tags?post=39403"}],"curies":[{"name":"wp","href":"https:\/\/api.w.org\/{rel}","templated":true}]}}