{"id":39366,"date":"2026-04-23T13:09:11","date_gmt":"2026-04-23T13:09:11","guid":{"rendered":"https:\/\/netbakis.net\/?p=39366"},"modified":"2026-04-23T13:09:13","modified_gmt":"2026-04-23T13:09:13","slug":"zelenskiy-90-milyar-euroluk-kredi-sonrasi-guney-kibristaki-gayriresmi-zirveye-katiliyor","status":"publish","type":"post","link":"https:\/\/netbakis.net\/tr\/39366\/","title":{"rendered":"Zelenskiy, 90 milyar Euro&#8217;luk kredi sonras\u0131 G\u00fcney K\u0131br\u0131s&#8217;taki gayriresmi zirveye kat\u0131l\u0131yor"},"content":{"rendered":"<p>Avrupal\u0131 bir diplomat, Zelenskiy&#8217;nin \u015fu an AB d\u00f6nem ba\u015fkanl\u0131\u011f\u0131n\u0131 y\u00fcr\u00fcten G\u00fcney K\u0131br\u0131s&#8217;ta bulunmas\u0131n\u0131n, AB fonlar\u0131n\u0131n 2026 ve 2027 y\u0131llar\u0131nda Ukrayna&#8217;n\u0131n Rusya kar\u015f\u0131s\u0131ndaki m\u00fccadelesini desteklemesine olanak tan\u0131yacak olmas\u0131n\u0131n ard\u0131ndan \u2018sembolik bir \u00f6nem ta\u015f\u0131d\u0131\u011f\u0131n\u0131\u2019 s\u00f6yledi.<br><br>Avrupa Birli\u011fi (AB) \u00fcyesi \u00fclkelerin liderleri, Br\u00fcksel&#8217;in Ukrayna&#8217;ya 90 milyar euro (106 milyar dolar) tutar\u0131nda krediyi onaylamas\u0131n\u0131n ard\u0131ndan bu ak\u015fam G\u00fcney K\u0131br\u0131s&#8217;ta bir zirvede bir araya gelecekler. Zirveye Ukrayna Devlet Ba\u015fkan\u0131 Volodimir Zelenskiy de kat\u0131lacak.<\/p>\n\n\n\n<p>Kredinin, adan\u0131n do\u011fusundaki l\u00fcks Ayia Napa Marina\u2019da devlet ve h\u00fck\u00fcmet ba\u015fkanlar\u0131 aras\u0131nda d\u00fczenlenecek ak\u015fam yeme\u011finden \u00f6nce resmi olarak onaylanmas\u0131 bekleniyor.<\/p>\n\n\n\n<p>Avrupal\u0131 bir diplomat, Zelenskiy&#8217;nin \u015fu an AB d\u00f6nem ba\u015fkanl\u0131\u011f\u0131n\u0131 y\u00fcr\u00fcten G\u00fcney K\u0131br\u0131s&#8217;ta bulunmas\u0131n\u0131n, AB fonlar\u0131n\u0131n 2026 ve 2027 y\u0131llar\u0131nda Ukrayna&#8217;n\u0131n Rusya kar\u015f\u0131s\u0131ndaki m\u00fccadelesini desteklemesine olanak tan\u0131yacak olmas\u0131n\u0131n ard\u0131ndan \u2018sembolik bir \u00f6nem ta\u015f\u0131d\u0131\u011f\u0131n\u0131\u2019 s\u00f6yledi.<\/p>\n\n\n\n<p>G\u00f6rev s\u00fcresi sona eren Macaristan Ba\u015fbakan\u0131 Viktor Orban, hasarl\u0131 bir boru hatt\u0131na ili\u015fkin derin bir anla\u015fmazl\u0131k nedeniyle s\u00f6z konusu krediyi aylard\u0131r engelliyordu. Orban\u2019\u0131n se\u00e7imlerdeki yenilgisinin ard\u0131ndan Macaristan, Kiev&#8217;in Druzhba Boru Hatt\u0131\u2019n\u0131 onararak yeniden faaliyete ge\u00e7irdi\u011fini a\u00e7\u0131klamas\u0131n\u0131n ard\u0131ndan Rus petrol\u00fcn\u00fcn boru hatt\u0131 \u00fczerinden ak\u0131\u015f\u0131n\u0131 bekleyerek fonlar \u00fczerindeki vetosunu kald\u0131rd\u0131.<\/p>\n\n\n\n<p>AB liderleri, bu gayri resmi zirvede herhangi bir \u00f6nemli karar almayacak. Kiev&#8217;e sa\u011flanan kredi konusunda rahatlayan Avrupal\u0131 liderler, \u015fimdi a\u011f\u0131rl\u0131kl\u0131 olarak Ortado\u011fu&#8217;daki sava\u015fa odaklanacak.<\/p>\n\n\n\n<p>Bu \u00e7er\u00e7evede yar\u0131n b\u00f6lgeden baz\u0131 liderlerin de \u00f6\u011fle saatlerindeki \u00e7al\u0131\u015fma yeme\u011fine kat\u0131lmas\u0131 bekleniyor. Bu liderler aras\u0131nda L\u00fcbnan Cumhurba\u015fkan\u0131 Joseph Avn, M\u0131s\u0131r Cumhurba\u015fkan\u0131 Abdulfettah es-Sisi, Suriye Cumhurba\u015fkan\u0131 Ahmet e\u015f-\u015eera ve \u00dcrd\u00fcn Veliaht Prensi H\u00fcseyin bin Abdullah yer al\u0131yor.<\/p>\n\n\n\n<p>Bir yetkiliye g\u00f6re Avrupal\u0131lar, s\u0131n\u0131rl\u0131 n\u00fcfuzlar\u0131na ra\u011fmen b\u00f6lge \u00fclkeleriyle \u2018yo\u011fun diyalog\u2019 i\u00e7in \u00e7aba g\u00f6sterirken \u2018L\u00fcbnan&#8217;daki durum ile \u0130srail-L\u00fcbnan bar\u0131\u015f m\u00fczakerelerini\u2019 ele almak istiyorlar.<\/p>\n\n\n\n<p>G\u00fcney K\u0131br\u0131s&#8217;taki zirve sembolik bir boyut da ta\u015f\u0131yor. \u00c7\u00fcnk\u00fc sava\u015f\u0131n ba\u015f\u0131nda adadaki iki \u0130ngiliz \u00fcss\u00fc \u0130ran taraf\u0131ndan insans\u0131z hava ara\u00e7lar\u0131yla (\u0130HA) hedef al\u0131nm\u0131\u015ft\u0131.<\/p>\n\n\n\n<p>\u0130ran\u2019\u0131n H\u00fcrm\u00fcz Bo\u011faz\u0131&#8217;n\u0131 kapatmas\u0131yla Avrupa ekonomisi a\u011f\u0131r sonu\u00e7larla y\u00fczle\u015fti. Yedi haftada petrol ve gaz faturas\u0131 24 milyar euro artt\u0131.<\/p>\n\n\n\n<p>Avrupa&#8217;n\u0131n t\u00fcm \u00fclkelerinde a\u011f\u0131r sanayi, tar\u0131m ve bal\u0131k\u00e7\u0131l\u0131k gibi en k\u0131r\u0131lgan sekt\u00f6rleri desteklemek i\u00e7in maliyetli \u00f6nlemler al\u0131n\u0131yor.<\/p>\n\n\n\n<p>AB ise kerosen k\u0131tl\u0131\u011f\u0131 ya\u015fanma ihtimalini yak\u0131ndan izliyor.<\/p>\n\n\n\n<p>Avrupal\u0131 bir yetkili, konuya ili\u015fkin yapt\u0131\u011f\u0131 a\u00e7\u0131klamada, \u201cKo\u015fullar\u0131n elverdi\u011fi durumlarda H\u00fcrm\u00fcz Bo\u011faz\u0131&#8217;n\u0131n a\u00e7\u0131k tutulmas\u0131na katk\u0131da bulunmaya haz\u0131r\u0131z. Her \u015fey elbette olaylar\u0131n nas\u0131l geli\u015fece\u011fine ba\u011fl\u0131 olacak. ABD ile \u0130ran aras\u0131ndaki ate\u015fkesin sayg\u0131 g\u00f6rmesini ve s\u00fcrd\u00fcr\u00fclmesini umuyoruz&#8221; dedi.<\/p>\n\n\n\n<p>Br\u00fcksel d\u00fcn, Ortado\u011fu\u2019daki sava\u015ftan kaynaklanan krizle ba\u015fa \u00e7\u0131kmaya y\u00f6nelik tavsiyelerini a\u00e7\u0131klad\u0131. Ancak AB herhangi bir \u00f6nemli a\u00e7\u0131klama yapmad\u0131 ve mali taahh\u00fctte de bulunmad\u0131. Dolay\u0131s\u0131yla AB&#8217;nin ve \u00fcye devletlerin mali durumu en iyi halinde de\u011fil.<\/p>\n\n\n\n<p>Dolay\u0131s\u0131yla AB&#8217;nin ve \u00fcye devletlerin mali durumu en iyi halinde de\u011fil.<\/p>\n\n\n\n<p>Mali boyuta gelince, Avrupa \u00fclkelerinin G\u00fcney K\u0131br\u0131s\u2019taki zirvede yakla\u015f\u0131k 2 trilyon euro olarak tahmin edilen 2028-2034 d\u00f6nemi AB b\u00fct\u00e7esine ili\u015fkin son derece hassas tart\u0131\u015fmalara girmesi gerekiyor.<\/p>\n\n\n\n<p>G\u00f6r\u00fc\u015fmelerin, Avrupa\u2019n\u0131n daha fazla yat\u0131r\u0131m yapmas\u0131n\u0131 isteyen Paris ile mali a\u00e7\u0131dan ihtiyatl\u0131 bir tutum sergileyen Berlin aras\u0131nda zorlu ge\u00e7mesi bekleniyor.<\/p>","protected":false},"excerpt":{"rendered":"<p>Avrupal\u0131 bir diplomat, Zelenskiy&#8217;nin \u015fu an AB d\u00f6nem ba\u015fkanl\u0131\u011f\u0131n\u0131 y\u00fcr\u00fcten G\u00fcney K\u0131br\u0131s&#8217;ta bulunmas\u0131n\u0131n, AB fonlar\u0131n\u0131n 2026 ve 2027 y\u0131llar\u0131nda Ukrayna&#8217;n\u0131n Rusya kar\u015f\u0131s\u0131ndaki m\u00fccadelesini desteklemesine olanak tan\u0131yacak olmas\u0131n\u0131n ard\u0131ndan \u2018sembolik bir \u00f6nem ta\u015f\u0131d\u0131\u011f\u0131n\u0131\u2019 s\u00f6yledi. Avrupa Birli\u011fi (AB) \u00fcyesi \u00fclkelerin liderleri, Br\u00fcksel&#8217;in Ukrayna&#8217;ya 90 milyar euro (106 milyar dolar) tutar\u0131nda krediyi onaylamas\u0131n\u0131n ard\u0131ndan bu ak\u015fam G\u00fcney K\u0131br\u0131s&#8217;ta [&hellip;]<\/p>","protected":false},"author":1,"featured_media":39367,"comment_status":"open","ping_status":"open","sticky":false,"template":"","format":"standard","meta":{"om_disable_all_campaigns":false,"_monsterinsights_skip_tracking":false,"_monsterinsights_sitenote_active":false,"_monsterinsights_sitenote_note":"","_monsterinsights_sitenote_category":0,"_uf_show_specific_survey":0,"_uf_disable_surveys":false,"footnotes":"","jetpack_publicize_message":"","jetpack_publicize_feature_enabled":true,"jetpack_social_post_already_shared":true,"jetpack_social_options":{"image_generator_settings":{"template":"highway","default_image_id":0,"font":"","enabled":false},"version":2}},"categories":[85],"tags":[],"class_list":{"0":"post-39366","1":"post","2":"type-post","3":"status-publish","4":"format-standard","5":"has-post-thumbnail","7":"category-dunya"},"yoast_head":"<!-- This site is optimized with the Yoast SEO plugin v23.8 - https:\/\/yoast.com\/wordpress\/plugins\/seo\/ -->\n<title>Zelenskiy, 90 milyar Euro&#039;luk kredi sonras\u0131 G\u00fcney K\u0131br\u0131s&#039;taki gayriresmi zirveye kat\u0131l\u0131yor - NETBAKIS<\/title>\n<meta name=\"robots\" content=\"index, follow, max-snippet:-1, max-image-preview:large, max-video-preview:-1\" \/>\n<link rel=\"canonical\" href=\"https:\/\/netbakis.net\/tr\/39366\/\" \/>\n<meta property=\"og:locale\" content=\"tr_TR\" \/>\n<meta property=\"og:type\" content=\"article\" \/>\n<meta property=\"og:title\" content=\"Zelenskiy, 90 milyar Euro&#039;luk kredi sonras\u0131 G\u00fcney K\u0131br\u0131s&#039;taki gayriresmi zirveye kat\u0131l\u0131yor - NETBAKIS\" \/>\n<meta property=\"og:description\" content=\"Avrupal\u0131 bir diplomat, Zelenskiy&#8217;nin \u015fu an AB d\u00f6nem ba\u015fkanl\u0131\u011f\u0131n\u0131 y\u00fcr\u00fcten G\u00fcney K\u0131br\u0131s&#8217;ta bulunmas\u0131n\u0131n, AB fonlar\u0131n\u0131n 2026 ve 2027 y\u0131llar\u0131nda Ukrayna&#8217;n\u0131n Rusya kar\u015f\u0131s\u0131ndaki m\u00fccadelesini desteklemesine olanak tan\u0131yacak olmas\u0131n\u0131n ard\u0131ndan \u2018sembolik bir \u00f6nem ta\u015f\u0131d\u0131\u011f\u0131n\u0131\u2019 s\u00f6yledi. Avrupa Birli\u011fi (AB) \u00fcyesi \u00fclkelerin liderleri, Br\u00fcksel&#8217;in Ukrayna&#8217;ya 90 milyar euro (106 milyar dolar) tutar\u0131nda krediyi onaylamas\u0131n\u0131n ard\u0131ndan bu ak\u015fam G\u00fcney K\u0131br\u0131s&#8217;ta [&hellip;]\" \/>\n<meta property=\"og:url\" content=\"https:\/\/netbakis.net\/tr\/39366\/\" \/>\n<meta property=\"og:site_name\" content=\"NETBAKIS\" \/>\n<meta property=\"article:published_time\" content=\"2026-04-23T13:09:11+00:00\" \/>\n<meta property=\"article:modified_time\" content=\"2026-04-23T13:09:13+00:00\" \/>\n<meta property=\"og:image\" content=\"https:\/\/netbakis.net\/wp-content\/uploads\/2026\/04\/v2yeniproje-2025-09-25t082642159_1758778070.webp\" \/>\n\t<meta property=\"og:image:width\" content=\"971\" \/>\n\t<meta property=\"og:image:height\" content=\"551\" \/>\n\t<meta property=\"og:image:type\" content=\"image\/webp\" \/>\n<meta name=\"author\" content=\"netbakis.net\" \/>\n<meta name=\"twitter:card\" content=\"summary_large_image\" \/>\n<meta name=\"twitter:label1\" content=\"Yazan:\" \/>\n\t<meta name=\"twitter:data1\" content=\"netbakis.net\" \/>\n\t<meta name=\"twitter:label2\" content=\"Tahmini okuma s\u00fcresi\" \/>\n\t<meta name=\"twitter:data2\" content=\"1 dakika\" \/>\n<script type=\"application\/ld+json\" class=\"yoast-schema-graph\">{\"@context\":\"https:\/\/schema.org\",\"@graph\":[{\"@type\":\"WebPage\",\"@id\":\"https:\/\/netbakis.net\/39366\/\",\"url\":\"https:\/\/netbakis.net\/39366\/\",\"name\":\"Zelenskiy, 90 milyar Euro'luk kredi sonras\u0131 G\u00fcney K\u0131br\u0131s'taki gayriresmi zirveye kat\u0131l\u0131yor - NETBAKIS\",\"isPartOf\":{\"@id\":\"https:\/\/netbakis.net\/#website\"},\"primaryImageOfPage\":{\"@id\":\"https:\/\/netbakis.net\/39366\/#primaryimage\"},\"image\":{\"@id\":\"https:\/\/netbakis.net\/39366\/#primaryimage\"},\"thumbnailUrl\":\"https:\/\/netbakis.net\/wp-content\/uploads\/2026\/04\/v2yeniproje-2025-09-25t082642159_1758778070.webp\",\"datePublished\":\"2026-04-23T13:09:11+00:00\",\"dateModified\":\"2026-04-23T13:09:13+00:00\",\"author\":{\"@id\":\"https:\/\/netbakis.net\/#\/schema\/person\/5d9b5c3f48ca4a3c69967d619fc8c7f4\"},\"breadcrumb\":{\"@id\":\"https:\/\/netbakis.net\/39366\/#breadcrumb\"},\"inLanguage\":\"tr\",\"potentialAction\":[{\"@type\":\"ReadAction\",\"target\":[\"https:\/\/netbakis.net\/39366\/\"]}]},{\"@type\":\"ImageObject\",\"inLanguage\":\"tr\",\"@id\":\"https:\/\/netbakis.net\/39366\/#primaryimage\",\"url\":\"https:\/\/netbakis.net\/wp-content\/uploads\/2026\/04\/v2yeniproje-2025-09-25t082642159_1758778070.webp\",\"contentUrl\":\"https:\/\/netbakis.net\/wp-content\/uploads\/2026\/04\/v2yeniproje-2025-09-25t082642159_1758778070.webp\",\"width\":971,\"height\":551},{\"@type\":\"BreadcrumbList\",\"@id\":\"https:\/\/netbakis.net\/39366\/#breadcrumb\",\"itemListElement\":[{\"@type\":\"ListItem\",\"position\":1,\"name\":\"Home\",\"item\":\"https:\/\/netbakis.net\/\"},{\"@type\":\"ListItem\",\"position\":2,\"name\":\"Zelenskiy, 90 milyar Euro&#8217;luk kredi sonras\u0131 G\u00fcney K\u0131br\u0131s&#8217;taki gayriresmi zirveye kat\u0131l\u0131yor\"}]},{\"@type\":\"WebSite\",\"@id\":\"https:\/\/netbakis.net\/#website\",\"url\":\"https:\/\/netbakis.net\/\",\"name\":\"NETBAKIS\",\"description\":\"SON DAKIKA\",\"potentialAction\":[{\"@type\":\"SearchAction\",\"target\":{\"@type\":\"EntryPoint\",\"urlTemplate\":\"https:\/\/netbakis.net\/?s={search_term_string}\"},\"query-input\":{\"@type\":\"PropertyValueSpecification\",\"valueRequired\":true,\"valueName\":\"search_term_string\"}}],\"inLanguage\":\"tr\"},{\"@type\":\"Person\",\"@id\":\"https:\/\/netbakis.net\/#\/schema\/person\/5d9b5c3f48ca4a3c69967d619fc8c7f4\",\"name\":\"netbakis.net\",\"image\":{\"@type\":\"ImageObject\",\"inLanguage\":\"tr\",\"@id\":\"https:\/\/netbakis.net\/#\/schema\/person\/image\/\",\"url\":\"https:\/\/secure.gravatar.com\/avatar\/4ddeae49d2d3e3568a8d5b0937642efdf0b72468dbe3f213bc1978faa47af0d1?s=96&d=wp_user_avatar&r=g\",\"contentUrl\":\"https:\/\/secure.gravatar.com\/avatar\/4ddeae49d2d3e3568a8d5b0937642efdf0b72468dbe3f213bc1978faa47af0d1?s=96&d=wp_user_avatar&r=g\",\"caption\":\"netbakis.net\"},\"sameAs\":[\"https:\/\/netbakis.net\"],\"url\":\"https:\/\/netbakis.net\/tr\/author\/netbakis-net\/\"}]}<\/script>\n<!-- \/ Yoast SEO plugin. -->","yoast_head_json":{"title":"Zelenskiy, 90 milyar Euro'luk kredi sonras\u0131 G\u00fcney K\u0131br\u0131s'taki gayriresmi zirveye kat\u0131l\u0131yor - NETBAKIS","robots":{"index":"index","follow":"follow","max-snippet":"max-snippet:-1","max-image-preview":"max-image-preview:large","max-video-preview":"max-video-preview:-1"},"canonical":"https:\/\/netbakis.net\/tr\/39366\/","og_locale":"tr_TR","og_type":"article","og_title":"Zelenskiy, 90 milyar Euro'luk kredi sonras\u0131 G\u00fcney K\u0131br\u0131s'taki gayriresmi zirveye kat\u0131l\u0131yor - NETBAKIS","og_description":"Avrupal\u0131 bir diplomat, Zelenskiy&#8217;nin \u015fu an AB d\u00f6nem ba\u015fkanl\u0131\u011f\u0131n\u0131 y\u00fcr\u00fcten G\u00fcney K\u0131br\u0131s&#8217;ta bulunmas\u0131n\u0131n, AB fonlar\u0131n\u0131n 2026 ve 2027 y\u0131llar\u0131nda Ukrayna&#8217;n\u0131n Rusya kar\u015f\u0131s\u0131ndaki m\u00fccadelesini desteklemesine olanak tan\u0131yacak olmas\u0131n\u0131n ard\u0131ndan \u2018sembolik bir \u00f6nem ta\u015f\u0131d\u0131\u011f\u0131n\u0131\u2019 s\u00f6yledi. Avrupa Birli\u011fi (AB) \u00fcyesi \u00fclkelerin liderleri, Br\u00fcksel&#8217;in Ukrayna&#8217;ya 90 milyar euro (106 milyar dolar) tutar\u0131nda krediyi onaylamas\u0131n\u0131n ard\u0131ndan bu ak\u015fam G\u00fcney K\u0131br\u0131s&#8217;ta [&hellip;]","og_url":"https:\/\/netbakis.net\/tr\/39366\/","og_site_name":"NETBAKIS","article_published_time":"2026-04-23T13:09:11+00:00","article_modified_time":"2026-04-23T13:09:13+00:00","og_image":[{"width":971,"height":551,"url":"https:\/\/netbakis.net\/wp-content\/uploads\/2026\/04\/v2yeniproje-2025-09-25t082642159_1758778070.webp","type":"image\/webp"}],"author":"netbakis.net","twitter_card":"summary_large_image","twitter_misc":{"Yazan:":"netbakis.net","Tahmini okuma s\u00fcresi":"1 dakika"},"schema":{"@context":"https:\/\/schema.org","@graph":[{"@type":"WebPage","@id":"https:\/\/netbakis.net\/39366\/","url":"https:\/\/netbakis.net\/39366\/","name":"Zelenskiy, 90 milyar Euro'luk kredi sonras\u0131 G\u00fcney K\u0131br\u0131s'taki gayriresmi zirveye kat\u0131l\u0131yor - NETBAKIS","isPartOf":{"@id":"https:\/\/netbakis.net\/#website"},"primaryImageOfPage":{"@id":"https:\/\/netbakis.net\/39366\/#primaryimage"},"image":{"@id":"https:\/\/netbakis.net\/39366\/#primaryimage"},"thumbnailUrl":"https:\/\/netbakis.net\/wp-content\/uploads\/2026\/04\/v2yeniproje-2025-09-25t082642159_1758778070.webp","datePublished":"2026-04-23T13:09:11+00:00","dateModified":"2026-04-23T13:09:13+00:00","author":{"@id":"https:\/\/netbakis.net\/#\/schema\/person\/5d9b5c3f48ca4a3c69967d619fc8c7f4"},"breadcrumb":{"@id":"https:\/\/netbakis.net\/39366\/#breadcrumb"},"inLanguage":"tr","potentialAction":[{"@type":"ReadAction","target":["https:\/\/netbakis.net\/39366\/"]}]},{"@type":"ImageObject","inLanguage":"tr","@id":"https:\/\/netbakis.net\/39366\/#primaryimage","url":"https:\/\/netbakis.net\/wp-content\/uploads\/2026\/04\/v2yeniproje-2025-09-25t082642159_1758778070.webp","contentUrl":"https:\/\/netbakis.net\/wp-content\/uploads\/2026\/04\/v2yeniproje-2025-09-25t082642159_1758778070.webp","width":971,"height":551},{"@type":"BreadcrumbList","@id":"https:\/\/netbakis.net\/39366\/#breadcrumb","itemListElement":[{"@type":"ListItem","position":1,"name":"Home","item":"https:\/\/netbakis.net\/"},{"@type":"ListItem","position":2,"name":"Zelenskiy, 90 milyar Euro&#8217;luk kredi sonras\u0131 G\u00fcney K\u0131br\u0131s&#8217;taki gayriresmi zirveye kat\u0131l\u0131yor"}]},{"@type":"WebSite","@id":"https:\/\/netbakis.net\/#website","url":"https:\/\/netbakis.net\/","name":"NETBAKIS","description":"SON DAKIKA","potentialAction":[{"@type":"SearchAction","target":{"@type":"EntryPoint","urlTemplate":"https:\/\/netbakis.net\/?s={search_term_string}"},"query-input":{"@type":"PropertyValueSpecification","valueRequired":true,"valueName":"search_term_string"}}],"inLanguage":"tr"},{"@type":"Person","@id":"https:\/\/netbakis.net\/#\/schema\/person\/5d9b5c3f48ca4a3c69967d619fc8c7f4","name":"netbakis.net","image":{"@type":"ImageObject","inLanguage":"tr","@id":"https:\/\/netbakis.net\/#\/schema\/person\/image\/","url":"https:\/\/secure.gravatar.com\/avatar\/4ddeae49d2d3e3568a8d5b0937642efdf0b72468dbe3f213bc1978faa47af0d1?s=96&d=wp_user_avatar&r=g","contentUrl":"https:\/\/secure.gravatar.com\/avatar\/4ddeae49d2d3e3568a8d5b0937642efdf0b72468dbe3f213bc1978faa47af0d1?s=96&d=wp_user_avatar&r=g","caption":"netbakis.net"},"sameAs":["https:\/\/netbakis.net"],"url":"https:\/\/netbakis.net\/tr\/author\/netbakis-net\/"}]}},"jetpack_publicize_connections":[],"_links":{"self":[{"href":"https:\/\/netbakis.net\/tr\/wp-json\/wp\/v2\/posts\/39366","targetHints":{"allow":["GET"]}}],"collection":[{"href":"https:\/\/netbakis.net\/tr\/wp-json\/wp\/v2\/posts"}],"about":[{"href":"https:\/\/netbakis.net\/tr\/wp-json\/wp\/v2\/types\/post"}],"author":[{"embeddable":true,"href":"https:\/\/netbakis.net\/tr\/wp-json\/wp\/v2\/users\/1"}],"replies":[{"embeddable":true,"href":"https:\/\/netbakis.net\/tr\/wp-json\/wp\/v2\/comments?post=39366"}],"version-history":[{"count":1,"href":"https:\/\/netbakis.net\/tr\/wp-json\/wp\/v2\/posts\/39366\/revisions"}],"predecessor-version":[{"id":39368,"href":"https:\/\/netbakis.net\/tr\/wp-json\/wp\/v2\/posts\/39366\/revisions\/39368"}],"wp:featuredmedia":[{"embeddable":true,"href":"https:\/\/netbakis.net\/tr\/wp-json\/wp\/v2\/media\/39367"}],"wp:attachment":[{"href":"https:\/\/netbakis.net\/tr\/wp-json\/wp\/v2\/media?parent=39366"}],"wp:term":[{"taxonomy":"category","embeddable":true,"href":"https:\/\/netbakis.net\/tr\/wp-json\/wp\/v2\/categories?post=39366"},{"taxonomy":"post_tag","embeddable":true,"href":"https:\/\/netbakis.net\/tr\/wp-json\/wp\/v2\/tags?post=39366"}],"curies":[{"name":"wp","href":"https:\/\/api.w.org\/{rel}","templated":true}]}}