{"id":39349,"date":"2026-04-23T13:05:08","date_gmt":"2026-04-23T13:05:08","guid":{"rendered":"https:\/\/netbakis.net\/?p=39349"},"modified":"2026-04-23T13:05:09","modified_gmt":"2026-04-23T13:05:09","slug":"arda-guler-sezonu-kapatti-dunya-kupasina-yetisebilir","status":"publish","type":"post","link":"https:\/\/netbakis.net\/tr\/39349\/","title":{"rendered":"Arda G\u00fcler sezonu kapatt\u0131: D\u00fcnya kupas\u0131na yeti\u015febilir"},"content":{"rendered":"<p>Real Madrid, Arda G\u00fcler\u2019in sa\u011f arka adalesinde zedelenme tespit edildi\u011fini a\u00e7\u0131klad\u0131. \u0130spanyol bas\u0131n\u0131 gen\u00e7 oyuncunun sezonu kapatt\u0131\u011f\u0131n\u0131 ama d\u00fcnya kupas\u0131na yeti\u015fme ihtimalinin oldu\u011funu yazd\u0131.<br><br>Real Madrid, Arda G\u00fcler\u2019in sa\u011f arka adalesinde zedelenme tespit edildi\u011fini duyurdu.<\/p>\n\n\n\n<p>Real Madrid, milli futbolcu Arda G\u00fcler\u2019in sakatl\u0131\u011f\u0131na ili\u015fkin resmi a\u00e7\u0131klama yapt\u0131.<\/p>\n\n\n\n<p>\u0130spanyol kul\u00fcb\u00fcnden yap\u0131lan a\u00e7\u0131klamada, &#8220;Bug\u00fcn oyuncumuz Arda G\u00fcler\u2019e Real Madrid Sa\u011fl\u0131k Ekibi taraf\u0131ndan yap\u0131lan testler sonucunda sa\u011f bacak arka adalesinde zedelenme tespit edilmi\u015ftir.&#8221; ifadelerine yer verildi.<\/p>\n\n\n\n<p>Arda G\u00fcler, Real Madrid&#8217;in LaLiga&#8217;da oynad\u0131\u011f\u0131 32 ma\u00e7\u0131n hepsinde s\u00fcre alm\u0131\u015ft\u0131. Milli y\u0131ld\u0131z bu sezon ilk kez bir lig ma\u00e7\u0131nda forma giymeme ihtimali bulunuyor.<\/p>\n\n\n\n<p>21 ya\u015f\u0131ndaki milli oyuncu eflatun-beyaz\u0131lar\u0131n LaLiga&#8217;daki son m\u00fcsabakas\u0131nda, Alaves kar\u015f\u0131s\u0131nda Mbappe&#8217;nin att\u0131\u011f\u0131 gol\u00fcn asistini yapm\u0131\u015ft\u0131.<\/p>\n\n\n\n<p>Real Madrid, LaLiga&#8217;n\u0131n 32. haftas\u0131nda Real Betis&#8217;e konuk olacak. La Cartuja Stad\u0131\u2019ndaki ma\u00e7 saat 22.00&#8217;da ba\u015flayacak.<\/p>\n\n\n\n<p><strong>4 MA\u00c7TA YOK, SEZONU KAPATTI<\/strong><\/p>\n\n\n\n<p>MARCA gazetesinin haberine g\u00f6re; Arda G\u00fcler, ya\u015fad\u0131\u011f\u0131 sakatl\u0131\u011f\u0131n ard\u0131ndan sezonu kapatt\u0131. 21 ya\u015f\u0131ndaki orta saha oyuncusu, Real Madrid&#8217;in La Liga&#8217;da \u00f6n\u00fcm\u00fczdeki 4 hafta i\u00e7inde oynayaca\u011f\u0131 son 6 ma\u00e7ta forma giyemeyecek.<\/p>\n\n\n\n<p>Arda G\u00fcler sakatl\u0131k s\u00fcrecinde Real Betis, Espanyol, Barcelona, Real Oviedo, Sevilla ve Atletico Madrid&#8217;le oynanacak ma\u00e7larda g\u00f6rev alamayacak.<\/p>\n\n\n\n<p><strong>D\u00dcNYA KUPASINA YET\u0130\u015eMES\u0130 BEKLEN\u0130YOR<\/strong><\/p>\n\n\n\n<p>Arda G\u00fcler&#8217;in 2026 D\u00fcnya Kupas\u0131&#8217;na yeti\u015fmesi ve A Milli Tak\u0131m formas\u0131yla boy g\u00f6stermesi bekleniyor.<\/p>\n\n\n\n<p>Bu sezon Real Madrid formas\u0131yla 50 ma\u00e7a \u00e7\u0131kan Arda G\u00fcler, 6 gol at\u0131p 14 de asist \u00fcreterek toplamda 20 gole do\u011frudan katk\u0131 sa\u011flad\u0131.<\/p>","protected":false},"excerpt":{"rendered":"<p>Real Madrid, Arda G\u00fcler\u2019in sa\u011f arka adalesinde zedelenme tespit edildi\u011fini a\u00e7\u0131klad\u0131. \u0130spanyol bas\u0131n\u0131 gen\u00e7 oyuncunun sezonu kapatt\u0131\u011f\u0131n\u0131 ama d\u00fcnya kupas\u0131na yeti\u015fme ihtimalinin oldu\u011funu yazd\u0131. Real Madrid, Arda G\u00fcler\u2019in sa\u011f arka adalesinde zedelenme tespit edildi\u011fini duyurdu. Real Madrid, milli futbolcu Arda G\u00fcler\u2019in sakatl\u0131\u011f\u0131na ili\u015fkin resmi a\u00e7\u0131klama yapt\u0131. \u0130spanyol kul\u00fcb\u00fcnden yap\u0131lan a\u00e7\u0131klamada, &#8220;Bug\u00fcn oyuncumuz Arda G\u00fcler\u2019e Real [&hellip;]<\/p>","protected":false},"author":1,"featured_media":39350,"comment_status":"open","ping_status":"open","sticky":false,"template":"","format":"standard","meta":{"om_disable_all_campaigns":false,"_monsterinsights_skip_tracking":false,"_monsterinsights_sitenote_active":false,"_monsterinsights_sitenote_note":"","_monsterinsights_sitenote_category":0,"_uf_show_specific_survey":0,"_uf_disable_surveys":false,"footnotes":"","jetpack_publicize_message":"","jetpack_publicize_feature_enabled":true,"jetpack_social_post_already_shared":true,"jetpack_social_options":{"image_generator_settings":{"template":"highway","default_image_id":0,"font":"","enabled":false},"version":2}},"categories":[81],"tags":[],"class_list":{"0":"post-39349","1":"post","2":"type-post","3":"status-publish","4":"format-standard","5":"has-post-thumbnail","7":"category-gundem"},"yoast_head":"<!-- This site is optimized with the Yoast SEO plugin v23.8 - https:\/\/yoast.com\/wordpress\/plugins\/seo\/ -->\n<title>Arda G\u00fcler sezonu kapatt\u0131: D\u00fcnya kupas\u0131na yeti\u015febilir - NETBAKIS<\/title>\n<meta name=\"robots\" content=\"index, follow, max-snippet:-1, max-image-preview:large, max-video-preview:-1\" \/>\n<link rel=\"canonical\" href=\"https:\/\/netbakis.net\/tr\/39349\/\" \/>\n<meta property=\"og:locale\" content=\"tr_TR\" \/>\n<meta property=\"og:type\" content=\"article\" \/>\n<meta property=\"og:title\" content=\"Arda G\u00fcler sezonu kapatt\u0131: D\u00fcnya kupas\u0131na yeti\u015febilir - NETBAKIS\" \/>\n<meta property=\"og:description\" content=\"Real Madrid, Arda G\u00fcler\u2019in sa\u011f arka adalesinde zedelenme tespit edildi\u011fini a\u00e7\u0131klad\u0131. \u0130spanyol bas\u0131n\u0131 gen\u00e7 oyuncunun sezonu kapatt\u0131\u011f\u0131n\u0131 ama d\u00fcnya kupas\u0131na yeti\u015fme ihtimalinin oldu\u011funu yazd\u0131. Real Madrid, Arda G\u00fcler\u2019in sa\u011f arka adalesinde zedelenme tespit edildi\u011fini duyurdu. Real Madrid, milli futbolcu Arda G\u00fcler\u2019in sakatl\u0131\u011f\u0131na ili\u015fkin resmi a\u00e7\u0131klama yapt\u0131. \u0130spanyol kul\u00fcb\u00fcnden yap\u0131lan a\u00e7\u0131klamada, &#8220;Bug\u00fcn oyuncumuz Arda G\u00fcler\u2019e Real [&hellip;]\" \/>\n<meta property=\"og:url\" content=\"https:\/\/netbakis.net\/tr\/39349\/\" \/>\n<meta property=\"og:site_name\" content=\"NETBAKIS\" \/>\n<meta property=\"article:published_time\" content=\"2026-04-23T13:05:08+00:00\" \/>\n<meta property=\"article:modified_time\" content=\"2026-04-23T13:05:09+00:00\" \/>\n<meta property=\"og:image\" content=\"https:\/\/netbakis.net\/wp-content\/uploads\/2026\/04\/v2ardagler_1716315424.webp\" \/>\n\t<meta property=\"og:image:width\" content=\"971\" \/>\n\t<meta property=\"og:image:height\" content=\"551\" \/>\n\t<meta property=\"og:image:type\" content=\"image\/webp\" \/>\n<meta name=\"author\" content=\"netbakis.net\" \/>\n<meta name=\"twitter:card\" content=\"summary_large_image\" \/>\n<meta name=\"twitter:label1\" content=\"Yazan:\" \/>\n\t<meta name=\"twitter:data1\" content=\"netbakis.net\" \/>\n\t<meta name=\"twitter:label2\" content=\"Tahmini okuma s\u00fcresi\" \/>\n\t<meta name=\"twitter:data2\" content=\"2 dakika\" \/>\n<script type=\"application\/ld+json\" class=\"yoast-schema-graph\">{\"@context\":\"https:\/\/schema.org\",\"@graph\":[{\"@type\":\"WebPage\",\"@id\":\"https:\/\/netbakis.net\/39349\/\",\"url\":\"https:\/\/netbakis.net\/39349\/\",\"name\":\"Arda G\u00fcler sezonu kapatt\u0131: D\u00fcnya kupas\u0131na yeti\u015febilir - NETBAKIS\",\"isPartOf\":{\"@id\":\"https:\/\/netbakis.net\/#website\"},\"primaryImageOfPage\":{\"@id\":\"https:\/\/netbakis.net\/39349\/#primaryimage\"},\"image\":{\"@id\":\"https:\/\/netbakis.net\/39349\/#primaryimage\"},\"thumbnailUrl\":\"https:\/\/netbakis.net\/wp-content\/uploads\/2026\/04\/v2ardagler_1716315424.webp\",\"datePublished\":\"2026-04-23T13:05:08+00:00\",\"dateModified\":\"2026-04-23T13:05:09+00:00\",\"author\":{\"@id\":\"https:\/\/netbakis.net\/#\/schema\/person\/5d9b5c3f48ca4a3c69967d619fc8c7f4\"},\"breadcrumb\":{\"@id\":\"https:\/\/netbakis.net\/39349\/#breadcrumb\"},\"inLanguage\":\"tr\",\"potentialAction\":[{\"@type\":\"ReadAction\",\"target\":[\"https:\/\/netbakis.net\/39349\/\"]}]},{\"@type\":\"ImageObject\",\"inLanguage\":\"tr\",\"@id\":\"https:\/\/netbakis.net\/39349\/#primaryimage\",\"url\":\"https:\/\/netbakis.net\/wp-content\/uploads\/2026\/04\/v2ardagler_1716315424.webp\",\"contentUrl\":\"https:\/\/netbakis.net\/wp-content\/uploads\/2026\/04\/v2ardagler_1716315424.webp\",\"width\":971,\"height\":551},{\"@type\":\"BreadcrumbList\",\"@id\":\"https:\/\/netbakis.net\/39349\/#breadcrumb\",\"itemListElement\":[{\"@type\":\"ListItem\",\"position\":1,\"name\":\"Home\",\"item\":\"https:\/\/netbakis.net\/\"},{\"@type\":\"ListItem\",\"position\":2,\"name\":\"Arda G\u00fcler sezonu kapatt\u0131: D\u00fcnya kupas\u0131na yeti\u015febilir\"}]},{\"@type\":\"WebSite\",\"@id\":\"https:\/\/netbakis.net\/#website\",\"url\":\"https:\/\/netbakis.net\/\",\"name\":\"NETBAKIS\",\"description\":\"SON DAKIKA\",\"potentialAction\":[{\"@type\":\"SearchAction\",\"target\":{\"@type\":\"EntryPoint\",\"urlTemplate\":\"https:\/\/netbakis.net\/?s={search_term_string}\"},\"query-input\":{\"@type\":\"PropertyValueSpecification\",\"valueRequired\":true,\"valueName\":\"search_term_string\"}}],\"inLanguage\":\"tr\"},{\"@type\":\"Person\",\"@id\":\"https:\/\/netbakis.net\/#\/schema\/person\/5d9b5c3f48ca4a3c69967d619fc8c7f4\",\"name\":\"netbakis.net\",\"image\":{\"@type\":\"ImageObject\",\"inLanguage\":\"tr\",\"@id\":\"https:\/\/netbakis.net\/#\/schema\/person\/image\/\",\"url\":\"https:\/\/secure.gravatar.com\/avatar\/4ddeae49d2d3e3568a8d5b0937642efdf0b72468dbe3f213bc1978faa47af0d1?s=96&d=wp_user_avatar&r=g\",\"contentUrl\":\"https:\/\/secure.gravatar.com\/avatar\/4ddeae49d2d3e3568a8d5b0937642efdf0b72468dbe3f213bc1978faa47af0d1?s=96&d=wp_user_avatar&r=g\",\"caption\":\"netbakis.net\"},\"sameAs\":[\"https:\/\/netbakis.net\"],\"url\":\"https:\/\/netbakis.net\/tr\/author\/netbakis-net\/\"}]}<\/script>\n<!-- \/ Yoast SEO plugin. -->","yoast_head_json":{"title":"Arda G\u00fcler sezonu kapatt\u0131: D\u00fcnya kupas\u0131na yeti\u015febilir - NETBAKIS","robots":{"index":"index","follow":"follow","max-snippet":"max-snippet:-1","max-image-preview":"max-image-preview:large","max-video-preview":"max-video-preview:-1"},"canonical":"https:\/\/netbakis.net\/tr\/39349\/","og_locale":"tr_TR","og_type":"article","og_title":"Arda G\u00fcler sezonu kapatt\u0131: D\u00fcnya kupas\u0131na yeti\u015febilir - NETBAKIS","og_description":"Real Madrid, Arda G\u00fcler\u2019in sa\u011f arka adalesinde zedelenme tespit edildi\u011fini a\u00e7\u0131klad\u0131. \u0130spanyol bas\u0131n\u0131 gen\u00e7 oyuncunun sezonu kapatt\u0131\u011f\u0131n\u0131 ama d\u00fcnya kupas\u0131na yeti\u015fme ihtimalinin oldu\u011funu yazd\u0131. Real Madrid, Arda G\u00fcler\u2019in sa\u011f arka adalesinde zedelenme tespit edildi\u011fini duyurdu. Real Madrid, milli futbolcu Arda G\u00fcler\u2019in sakatl\u0131\u011f\u0131na ili\u015fkin resmi a\u00e7\u0131klama yapt\u0131. \u0130spanyol kul\u00fcb\u00fcnden yap\u0131lan a\u00e7\u0131klamada, &#8220;Bug\u00fcn oyuncumuz Arda G\u00fcler\u2019e Real [&hellip;]","og_url":"https:\/\/netbakis.net\/tr\/39349\/","og_site_name":"NETBAKIS","article_published_time":"2026-04-23T13:05:08+00:00","article_modified_time":"2026-04-23T13:05:09+00:00","og_image":[{"width":971,"height":551,"url":"https:\/\/netbakis.net\/wp-content\/uploads\/2026\/04\/v2ardagler_1716315424.webp","type":"image\/webp"}],"author":"netbakis.net","twitter_card":"summary_large_image","twitter_misc":{"Yazan:":"netbakis.net","Tahmini okuma s\u00fcresi":"2 dakika"},"schema":{"@context":"https:\/\/schema.org","@graph":[{"@type":"WebPage","@id":"https:\/\/netbakis.net\/39349\/","url":"https:\/\/netbakis.net\/39349\/","name":"Arda G\u00fcler sezonu kapatt\u0131: D\u00fcnya kupas\u0131na yeti\u015febilir - NETBAKIS","isPartOf":{"@id":"https:\/\/netbakis.net\/#website"},"primaryImageOfPage":{"@id":"https:\/\/netbakis.net\/39349\/#primaryimage"},"image":{"@id":"https:\/\/netbakis.net\/39349\/#primaryimage"},"thumbnailUrl":"https:\/\/netbakis.net\/wp-content\/uploads\/2026\/04\/v2ardagler_1716315424.webp","datePublished":"2026-04-23T13:05:08+00:00","dateModified":"2026-04-23T13:05:09+00:00","author":{"@id":"https:\/\/netbakis.net\/#\/schema\/person\/5d9b5c3f48ca4a3c69967d619fc8c7f4"},"breadcrumb":{"@id":"https:\/\/netbakis.net\/39349\/#breadcrumb"},"inLanguage":"tr","potentialAction":[{"@type":"ReadAction","target":["https:\/\/netbakis.net\/39349\/"]}]},{"@type":"ImageObject","inLanguage":"tr","@id":"https:\/\/netbakis.net\/39349\/#primaryimage","url":"https:\/\/netbakis.net\/wp-content\/uploads\/2026\/04\/v2ardagler_1716315424.webp","contentUrl":"https:\/\/netbakis.net\/wp-content\/uploads\/2026\/04\/v2ardagler_1716315424.webp","width":971,"height":551},{"@type":"BreadcrumbList","@id":"https:\/\/netbakis.net\/39349\/#breadcrumb","itemListElement":[{"@type":"ListItem","position":1,"name":"Home","item":"https:\/\/netbakis.net\/"},{"@type":"ListItem","position":2,"name":"Arda G\u00fcler sezonu kapatt\u0131: D\u00fcnya kupas\u0131na yeti\u015febilir"}]},{"@type":"WebSite","@id":"https:\/\/netbakis.net\/#website","url":"https:\/\/netbakis.net\/","name":"NETBAKIS","description":"SON DAKIKA","potentialAction":[{"@type":"SearchAction","target":{"@type":"EntryPoint","urlTemplate":"https:\/\/netbakis.net\/?s={search_term_string}"},"query-input":{"@type":"PropertyValueSpecification","valueRequired":true,"valueName":"search_term_string"}}],"inLanguage":"tr"},{"@type":"Person","@id":"https:\/\/netbakis.net\/#\/schema\/person\/5d9b5c3f48ca4a3c69967d619fc8c7f4","name":"netbakis.net","image":{"@type":"ImageObject","inLanguage":"tr","@id":"https:\/\/netbakis.net\/#\/schema\/person\/image\/","url":"https:\/\/secure.gravatar.com\/avatar\/4ddeae49d2d3e3568a8d5b0937642efdf0b72468dbe3f213bc1978faa47af0d1?s=96&d=wp_user_avatar&r=g","contentUrl":"https:\/\/secure.gravatar.com\/avatar\/4ddeae49d2d3e3568a8d5b0937642efdf0b72468dbe3f213bc1978faa47af0d1?s=96&d=wp_user_avatar&r=g","caption":"netbakis.net"},"sameAs":["https:\/\/netbakis.net"],"url":"https:\/\/netbakis.net\/tr\/author\/netbakis-net\/"}]}},"jetpack_publicize_connections":[],"_links":{"self":[{"href":"https:\/\/netbakis.net\/tr\/wp-json\/wp\/v2\/posts\/39349","targetHints":{"allow":["GET"]}}],"collection":[{"href":"https:\/\/netbakis.net\/tr\/wp-json\/wp\/v2\/posts"}],"about":[{"href":"https:\/\/netbakis.net\/tr\/wp-json\/wp\/v2\/types\/post"}],"author":[{"embeddable":true,"href":"https:\/\/netbakis.net\/tr\/wp-json\/wp\/v2\/users\/1"}],"replies":[{"embeddable":true,"href":"https:\/\/netbakis.net\/tr\/wp-json\/wp\/v2\/comments?post=39349"}],"version-history":[{"count":1,"href":"https:\/\/netbakis.net\/tr\/wp-json\/wp\/v2\/posts\/39349\/revisions"}],"predecessor-version":[{"id":39351,"href":"https:\/\/netbakis.net\/tr\/wp-json\/wp\/v2\/posts\/39349\/revisions\/39351"}],"wp:featuredmedia":[{"embeddable":true,"href":"https:\/\/netbakis.net\/tr\/wp-json\/wp\/v2\/media\/39350"}],"wp:attachment":[{"href":"https:\/\/netbakis.net\/tr\/wp-json\/wp\/v2\/media?parent=39349"}],"wp:term":[{"taxonomy":"category","embeddable":true,"href":"https:\/\/netbakis.net\/tr\/wp-json\/wp\/v2\/categories?post=39349"},{"taxonomy":"post_tag","embeddable":true,"href":"https:\/\/netbakis.net\/tr\/wp-json\/wp\/v2\/tags?post=39349"}],"curies":[{"name":"wp","href":"https:\/\/api.w.org\/{rel}","templated":true}]}}