{"id":39344,"date":"2026-04-22T14:24:38","date_gmt":"2026-04-22T14:24:38","guid":{"rendered":"https:\/\/netbakis.net\/?p=39344"},"modified":"2026-04-22T14:24:40","modified_gmt":"2026-04-22T14:24:40","slug":"senkuldan-savasana-yanit-gordugunuz-gibi-salahi-ve-devrim-ile-cok-fena-kavgaliyiz-hic-konusmuyoruz","status":"publish","type":"post","link":"https:\/\/netbakis.net\/tr\/39344\/","title":{"rendered":"\u015eenkul\u2019dan Sava\u015fan\u2019a yan\u0131t: G\u00f6rd\u00fc\u011f\u00fcn\u00fcz gibi Salahi ve Devrim ile \u00e7ok fena kavgal\u0131y\u0131z, hi\u00e7 konu\u015fmuyoruz"},"content":{"rendered":"<p>Girne Belediye Ba\u015fkan\u0131 Murat \u015eenkul, UBP Genel Sekreteri Ahmet Sava\u015fan\u2019\u0131n CTP\u2019ye y\u00f6nelik \u201c\u0130ktidarda olmamalar\u0131na ra\u011fmen kendi i\u00e7lerinde ciddi farkl\u0131l\u0131klar var. \u015eenkul, Bar\u00e7\u0131n ve \u015eahiner\u2019in herkesin g\u00f6z\u00fc \u00f6n\u00fcnde farkl\u0131 davran\u0131\u015flar\u0131 ortadad\u0131r\u201d a\u00e7\u0131klamas\u0131na yan\u0131t verdi. \u015eenkul, CTP Milletvekili Salahi \u015eahiner ile mesajla\u015fmas\u0131n\u0131 payla\u015farak ele\u015ftirilere &#8220;Fotoda da g\u00f6rd\u00fc\u011f\u00fcn\u00fcz gibi Salahi ve Devrim ile \u00e7ok fena kavgal\u0131y\u0131z, hi\u00e7 konu\u015fmuyoruz&#8221; \u015feklinde g\u00f6nderme yapt\u0131.<br><br>Girne Belediye Ba\u015fkan\u0131 Murat \u015eenkul,\u00a0K\u0131br\u0131s Postas\u0131&#8217;nda\u00a0konu\u015fan\u00a0<a href=\"https:\/\/www.kibrispostasi.com\/keyword\/160\" target=\"_blank\" rel=\"noreferrer noopener\"><\/a><a href=\"https:\/\/www.kibrispostasi.com\/keyword\/160\" target=\"_blank\" rel=\"noreferrer noopener\"><\/a><a href=\"https:\/\/www.kibrispostasi.com\/keyword\/160\" target=\"_blank\" rel=\"noreferrer noopener\"><\/a>Ulusal Birlik Partisi\u00a0(<a href=\"https:\/\/www.kibrispostasi.com\/keyword\/160\" target=\"_blank\" rel=\"noreferrer noopener\"><\/a><a href=\"https:\/\/www.kibrispostasi.com\/keyword\/160\" target=\"_blank\" rel=\"noreferrer noopener\"><\/a><a href=\"https:\/\/www.kibrispostasi.com\/keyword\/160\" target=\"_blank\" rel=\"noreferrer noopener\"><\/a>UBP) Genel Sekreteri\u00a0<a href=\"https:\/\/www.kibrispostasi.com\/keyword\/8\" target=\"_blank\" rel=\"noreferrer noopener\"><\/a><a href=\"https:\/\/www.kibrispostasi.com\/keyword\/8\" target=\"_blank\" rel=\"noreferrer noopener\"><\/a>Ahmet Sava\u015fan\u2019\u0131n\u00a0<a href=\"https:\/\/www.kibrispostasi.com\/keyword\/148\" target=\"_blank\" rel=\"noreferrer noopener\"><\/a><a href=\"https:\/\/www.kibrispostasi.com\/keyword\/148\" target=\"_blank\" rel=\"noreferrer noopener\"><\/a>Cumhuriyet\u00e7i T\u00fcrk Partisi\u00a0(<a href=\"https:\/\/www.kibrispostasi.com\/keyword\/148\" target=\"_blank\" rel=\"noreferrer noopener\"><\/a><a href=\"https:\/\/www.kibrispostasi.com\/keyword\/148\" target=\"_blank\" rel=\"noreferrer noopener\"><\/a><a href=\"https:\/\/www.kibrispostasi.com\/keyword\/148\" target=\"_blank\" rel=\"noreferrer noopener\"><\/a>CTP) i\u00e7indeki g\u00f6r\u00fc\u015f ayr\u0131l\u0131klar\u0131na ili\u015fkin a\u00e7\u0131klamalar\u0131na sosyal medya \u00fczerinden yan\u0131t verdi.<\/p>\n\n\n\n<p>Sava\u015fan,\u00a0<a href=\"https:\/\/www.kibrispostasi.com\/keyword\/148\" target=\"_blank\" rel=\"noreferrer noopener\"><\/a><a href=\"https:\/\/www.kibrispostasi.com\/keyword\/148\" target=\"_blank\" rel=\"noreferrer noopener\"><\/a><a href=\"https:\/\/www.kibrispostasi.com\/keyword\/148\" target=\"_blank\" rel=\"noreferrer noopener\"><\/a>CTP\u00a0i\u00e7erisinde ciddi g\u00f6r\u00fc\u015f ayr\u0131l\u0131klar\u0131 oldu\u011funu savunarak, \u201c<a href=\"https:\/\/www.kibrispostasi.com\/keyword\/148\" target=\"_blank\" rel=\"noreferrer noopener\"><\/a><a href=\"https:\/\/www.kibrispostasi.com\/keyword\/148\" target=\"_blank\" rel=\"noreferrer noopener\"><\/a><a href=\"https:\/\/www.kibrispostasi.com\/keyword\/148\" target=\"_blank\" rel=\"noreferrer noopener\"><\/a>CTP\u00a0daha iktidarda olmamas\u0131na ra\u011fmen kendi i\u00e7erisinde ciddi farkl\u0131l\u0131klar ve \u00e7atlaklar var. \u015eenkul, Bar\u00e7\u0131n ve \u015eahiner\u2019in herkesin g\u00f6z\u00fc \u00f6n\u00fcnde farkl\u0131 davran\u0131\u015flar\u0131 ve konular\u0131 ele al\u0131\u015f \u015fekilleri ortadad\u0131r. \u0130ktidar bile olmadan birlik ve b\u00fct\u00fcnl\u00fc\u011f\u00fc sa\u011flayamayan bir yap\u0131n\u0131n, h\u00fck\u00fcmete bu y\u00f6nde ele\u015ftiri y\u00f6neltmesi do\u011fruyu yans\u0131tmamaktad\u0131r\u201d ifadelerini kullanm\u0131\u015ft\u0131.<\/p>\n\n\n\n<figure class=\"wp-block-image\"><img decoding=\"async\" src=\"https:\/\/www.kibrispostasi.com\/upload\/news\/v\/v2\/v2normalhaberboyutuablonsuzkopyaskopyaskopyaskopyaskopyaskopyas-2026-04-22t113151935_1776846796.jpg\" alt=\"\"\/><\/figure>\n\n\n\n<p><strong>MURAT \u015eENKUL&#8217;DAN\u00a0<a href=\"https:\/\/www.kibrispostasi.com\/keyword\/8\" target=\"_blank\" rel=\"noreferrer noopener\"><\/a>Ahmet Sava\u015fan&#8217;A YANIT: FOTODA DA G\u00d6RD\u00dc\u011e\u00dcN\u00dcZ G\u0130B\u0130 SALAH\u0130 VE DEVR\u0130M \u0130LE \u00c7OK FENA KAVGALIYIZ, H\u0130\u00c7 KONU\u015eMUYORUZ<\/strong><\/p>\n\n\n\n<p>\u015eenkul ise s\u00f6z konusu a\u00e7\u0131klamalara ili\u015fkin yapt\u0131\u011f\u0131 payla\u015f\u0131mda\u00a0<a href=\"https:\/\/www.kibrispostasi.com\/keyword\/71\" target=\"_blank\" rel=\"noreferrer noopener\"><\/a><a href=\"https:\/\/www.kibrispostasi.com\/keyword\/71\" target=\"_blank\" rel=\"noreferrer noopener\"><\/a>Salahi \u015eahiner\u00a0ile yapt\u0131\u011f\u0131 mesajla\u015fmay\u0131 da payla\u015ft\u0131. \u015eenul&#8217;un iletti\u011fi mesaj \u00f6ncesinde ise \u015eahiner&#8217;in \u015eenkul&#8217;a g\u00f6nderdi\u011fi \u00e7i\u00e7ek \u00e7\u0131kartmas\u0131 da g\u00f6zlerden ka\u00e7mad\u0131.<\/p>\n\n\n\n<p>\u015eenkul ilgili payla\u015f\u0131m\u0131nda \u015fu ifadeleri kulland\u0131:<\/p>\n\n\n\n<p>\u201cSa\u011fl\u0131kl\u0131 bir\u00a0<a href=\"https:\/\/www.kibrispostasi.com\/keyword\/160\" target=\"_blank\" rel=\"noreferrer noopener\"><\/a><a href=\"https:\/\/www.kibrispostasi.com\/keyword\/160\" target=\"_blank\" rel=\"noreferrer noopener\"><\/a><a href=\"https:\/\/www.kibrispostasi.com\/keyword\/160\" target=\"_blank\" rel=\"noreferrer noopener\"><\/a>Ulusal Birlik Partisi\u00a0\u00fclkemiz i\u00e7in t\u0131pk\u0131 bizim partimiz gibi ihtiya\u00e7t\u0131r.<\/p>\n\n\n\n<p>Son d\u00f6nemlerde s\u0131k\u00e7a g\u00f6rd\u00fc\u011f\u00fcm\u00fcz gayr\u0131 ciddi a\u00e7\u0131klamalardan tez zamanda s\u0131yr\u0131lmalar\u0131n\u0131 temenni ederim.<\/p>\n\n\n\n<p>Fotoda da g\u00f6rd\u00fc\u011f\u00fcn\u00fcz gibi Salahi ve Devrim ile \u00e7ok fena kavgal\u0131y\u0131z, hi\u00e7 konu\u015fmuyoruz. Ah allah\u0131m ahhh\u2026\u201d<\/p>\n\n\n\n<iframe loading=\"lazy\" src=\"https:\/\/www.facebook.com\/plugins\/post.php?href=https%3A%2F%2Fwww.facebook.com%2Fpermalink.php%3Fstory_fbid%3Dpfbid0ecnnpPuQ3RGiWjVsU3QdNhxT3yvWFXyvqUVL38Gd5Eh4NcPq4QUpU49w5gwsHZZgl%26id%3D100009727201419&#038;show_text=true&#038;width=500\" width=\"500\" height=\"679\" style=\"border:none;overflow:hidden\" scrolling=\"no\" frameborder=\"0\" allowfullscreen=\"true\" allow=\"autoplay; clipboard-write; encrypted-media; picture-in-picture; web-share\"><\/iframe>","protected":false},"excerpt":{"rendered":"<p>Girne Belediye Ba\u015fkan\u0131 Murat \u015eenkul, UBP Genel Sekreteri Ahmet Sava\u015fan\u2019\u0131n CTP\u2019ye y\u00f6nelik \u201c\u0130ktidarda olmamalar\u0131na ra\u011fmen kendi i\u00e7lerinde ciddi farkl\u0131l\u0131klar var. \u015eenkul, Bar\u00e7\u0131n ve \u015eahiner\u2019in herkesin g\u00f6z\u00fc \u00f6n\u00fcnde farkl\u0131 davran\u0131\u015flar\u0131 ortadad\u0131r\u201d a\u00e7\u0131klamas\u0131na yan\u0131t verdi. \u015eenkul, CTP Milletvekili Salahi \u015eahiner ile mesajla\u015fmas\u0131n\u0131 payla\u015farak ele\u015ftirilere &#8220;Fotoda da g\u00f6rd\u00fc\u011f\u00fcn\u00fcz gibi Salahi ve Devrim ile \u00e7ok fena kavgal\u0131y\u0131z, hi\u00e7 konu\u015fmuyoruz&#8221; [&hellip;]<\/p>","protected":false},"author":1,"featured_media":0,"comment_status":"open","ping_status":"open","sticky":false,"template":"","format":"standard","meta":{"om_disable_all_campaigns":false,"_monsterinsights_skip_tracking":false,"_monsterinsights_sitenote_active":false,"_monsterinsights_sitenote_note":"","_monsterinsights_sitenote_category":0,"_uf_show_specific_survey":0,"_uf_disable_surveys":false,"footnotes":"","jetpack_publicize_message":"","jetpack_publicize_feature_enabled":true,"jetpack_social_post_already_shared":true,"jetpack_social_options":{"image_generator_settings":{"template":"highway","default_image_id":0,"font":"","enabled":false},"version":2}},"categories":[81],"tags":[],"class_list":{"0":"post-39344","1":"post","2":"type-post","3":"status-publish","4":"format-standard","6":"category-gundem"},"yoast_head":"<!-- This site is optimized with the Yoast SEO plugin v23.8 - https:\/\/yoast.com\/wordpress\/plugins\/seo\/ -->\n<title>\u015eenkul\u2019dan Sava\u015fan\u2019a yan\u0131t: G\u00f6rd\u00fc\u011f\u00fcn\u00fcz gibi Salahi ve Devrim ile \u00e7ok fena kavgal\u0131y\u0131z, hi\u00e7 konu\u015fmuyoruz - NETBAKIS<\/title>\n<meta name=\"robots\" content=\"index, follow, max-snippet:-1, max-image-preview:large, max-video-preview:-1\" \/>\n<link rel=\"canonical\" href=\"https:\/\/netbakis.net\/tr\/39344\/\" \/>\n<meta property=\"og:locale\" content=\"tr_TR\" \/>\n<meta property=\"og:type\" content=\"article\" \/>\n<meta property=\"og:title\" content=\"\u015eenkul\u2019dan Sava\u015fan\u2019a yan\u0131t: G\u00f6rd\u00fc\u011f\u00fcn\u00fcz gibi Salahi ve Devrim ile \u00e7ok fena kavgal\u0131y\u0131z, hi\u00e7 konu\u015fmuyoruz - NETBAKIS\" \/>\n<meta property=\"og:description\" content=\"Girne Belediye Ba\u015fkan\u0131 Murat \u015eenkul, UBP Genel Sekreteri Ahmet Sava\u015fan\u2019\u0131n CTP\u2019ye y\u00f6nelik \u201c\u0130ktidarda olmamalar\u0131na ra\u011fmen kendi i\u00e7lerinde ciddi farkl\u0131l\u0131klar var. \u015eenkul, Bar\u00e7\u0131n ve \u015eahiner\u2019in herkesin g\u00f6z\u00fc \u00f6n\u00fcnde farkl\u0131 davran\u0131\u015flar\u0131 ortadad\u0131r\u201d a\u00e7\u0131klamas\u0131na yan\u0131t verdi. \u015eenkul, CTP Milletvekili Salahi \u015eahiner ile mesajla\u015fmas\u0131n\u0131 payla\u015farak ele\u015ftirilere &#8220;Fotoda da g\u00f6rd\u00fc\u011f\u00fcn\u00fcz gibi Salahi ve Devrim ile \u00e7ok fena kavgal\u0131y\u0131z, hi\u00e7 konu\u015fmuyoruz&#8221; [&hellip;]\" \/>\n<meta property=\"og:url\" content=\"https:\/\/netbakis.net\/tr\/39344\/\" \/>\n<meta property=\"og:site_name\" content=\"NETBAKIS\" \/>\n<meta property=\"article:published_time\" content=\"2026-04-22T14:24:38+00:00\" \/>\n<meta property=\"article:modified_time\" content=\"2026-04-22T14:24:40+00:00\" \/>\n<meta property=\"og:image\" content=\"https:\/\/www.kibrispostasi.com\/upload\/news\/v\/v2\/v2normalhaberboyutuablonsuzkopyaskopyaskopyaskopyaskopyaskopyas-2026-04-22t113151935_1776846796.jpg\" \/>\n<meta name=\"author\" content=\"netbakis.net\" \/>\n<meta name=\"twitter:card\" content=\"summary_large_image\" \/>\n<meta name=\"twitter:label1\" content=\"Yazan:\" \/>\n\t<meta name=\"twitter:data1\" content=\"netbakis.net\" \/>\n\t<meta name=\"twitter:label2\" content=\"Tahmini okuma s\u00fcresi\" \/>\n\t<meta name=\"twitter:data2\" content=\"2 dakika\" \/>\n<script type=\"application\/ld+json\" class=\"yoast-schema-graph\">{\"@context\":\"https:\/\/schema.org\",\"@graph\":[{\"@type\":\"WebPage\",\"@id\":\"https:\/\/netbakis.net\/39344\/\",\"url\":\"https:\/\/netbakis.net\/39344\/\",\"name\":\"\u015eenkul\u2019dan Sava\u015fan\u2019a yan\u0131t: G\u00f6rd\u00fc\u011f\u00fcn\u00fcz gibi Salahi ve Devrim ile \u00e7ok fena kavgal\u0131y\u0131z, hi\u00e7 konu\u015fmuyoruz - NETBAKIS\",\"isPartOf\":{\"@id\":\"https:\/\/netbakis.net\/#website\"},\"primaryImageOfPage\":{\"@id\":\"https:\/\/netbakis.net\/39344\/#primaryimage\"},\"image\":{\"@id\":\"https:\/\/netbakis.net\/39344\/#primaryimage\"},\"thumbnailUrl\":\"https:\/\/www.kibrispostasi.com\/upload\/news\/v\/v2\/v2normalhaberboyutuablonsuzkopyaskopyaskopyaskopyaskopyaskopyas-2026-04-22t113151935_1776846796.jpg\",\"datePublished\":\"2026-04-22T14:24:38+00:00\",\"dateModified\":\"2026-04-22T14:24:40+00:00\",\"author\":{\"@id\":\"https:\/\/netbakis.net\/#\/schema\/person\/5d9b5c3f48ca4a3c69967d619fc8c7f4\"},\"breadcrumb\":{\"@id\":\"https:\/\/netbakis.net\/39344\/#breadcrumb\"},\"inLanguage\":\"tr\",\"potentialAction\":[{\"@type\":\"ReadAction\",\"target\":[\"https:\/\/netbakis.net\/39344\/\"]}]},{\"@type\":\"ImageObject\",\"inLanguage\":\"tr\",\"@id\":\"https:\/\/netbakis.net\/39344\/#primaryimage\",\"url\":\"https:\/\/www.kibrispostasi.com\/upload\/news\/v\/v2\/v2normalhaberboyutuablonsuzkopyaskopyaskopyaskopyaskopyaskopyas-2026-04-22t113151935_1776846796.jpg\",\"contentUrl\":\"https:\/\/www.kibrispostasi.com\/upload\/news\/v\/v2\/v2normalhaberboyutuablonsuzkopyaskopyaskopyaskopyaskopyaskopyas-2026-04-22t113151935_1776846796.jpg\"},{\"@type\":\"BreadcrumbList\",\"@id\":\"https:\/\/netbakis.net\/39344\/#breadcrumb\",\"itemListElement\":[{\"@type\":\"ListItem\",\"position\":1,\"name\":\"Home\",\"item\":\"https:\/\/netbakis.net\/\"},{\"@type\":\"ListItem\",\"position\":2,\"name\":\"\u015eenkul\u2019dan Sava\u015fan\u2019a yan\u0131t: G\u00f6rd\u00fc\u011f\u00fcn\u00fcz gibi Salahi ve Devrim ile \u00e7ok fena kavgal\u0131y\u0131z, hi\u00e7 konu\u015fmuyoruz\"}]},{\"@type\":\"WebSite\",\"@id\":\"https:\/\/netbakis.net\/#website\",\"url\":\"https:\/\/netbakis.net\/\",\"name\":\"NETBAKIS\",\"description\":\"SON DAKIKA\",\"potentialAction\":[{\"@type\":\"SearchAction\",\"target\":{\"@type\":\"EntryPoint\",\"urlTemplate\":\"https:\/\/netbakis.net\/?s={search_term_string}\"},\"query-input\":{\"@type\":\"PropertyValueSpecification\",\"valueRequired\":true,\"valueName\":\"search_term_string\"}}],\"inLanguage\":\"tr\"},{\"@type\":\"Person\",\"@id\":\"https:\/\/netbakis.net\/#\/schema\/person\/5d9b5c3f48ca4a3c69967d619fc8c7f4\",\"name\":\"netbakis.net\",\"image\":{\"@type\":\"ImageObject\",\"inLanguage\":\"tr\",\"@id\":\"https:\/\/netbakis.net\/#\/schema\/person\/image\/\",\"url\":\"https:\/\/secure.gravatar.com\/avatar\/4ddeae49d2d3e3568a8d5b0937642efdf0b72468dbe3f213bc1978faa47af0d1?s=96&d=wp_user_avatar&r=g\",\"contentUrl\":\"https:\/\/secure.gravatar.com\/avatar\/4ddeae49d2d3e3568a8d5b0937642efdf0b72468dbe3f213bc1978faa47af0d1?s=96&d=wp_user_avatar&r=g\",\"caption\":\"netbakis.net\"},\"sameAs\":[\"https:\/\/netbakis.net\"],\"url\":\"https:\/\/netbakis.net\/tr\/author\/netbakis-net\/\"}]}<\/script>\n<!-- \/ Yoast SEO plugin. -->","yoast_head_json":{"title":"\u015eenkul\u2019dan Sava\u015fan\u2019a yan\u0131t: G\u00f6rd\u00fc\u011f\u00fcn\u00fcz gibi Salahi ve Devrim ile \u00e7ok fena kavgal\u0131y\u0131z, hi\u00e7 konu\u015fmuyoruz - NETBAKIS","robots":{"index":"index","follow":"follow","max-snippet":"max-snippet:-1","max-image-preview":"max-image-preview:large","max-video-preview":"max-video-preview:-1"},"canonical":"https:\/\/netbakis.net\/tr\/39344\/","og_locale":"tr_TR","og_type":"article","og_title":"\u015eenkul\u2019dan Sava\u015fan\u2019a yan\u0131t: G\u00f6rd\u00fc\u011f\u00fcn\u00fcz gibi Salahi ve Devrim ile \u00e7ok fena kavgal\u0131y\u0131z, hi\u00e7 konu\u015fmuyoruz - NETBAKIS","og_description":"Girne Belediye Ba\u015fkan\u0131 Murat \u015eenkul, UBP Genel Sekreteri Ahmet Sava\u015fan\u2019\u0131n CTP\u2019ye y\u00f6nelik \u201c\u0130ktidarda olmamalar\u0131na ra\u011fmen kendi i\u00e7lerinde ciddi farkl\u0131l\u0131klar var. \u015eenkul, Bar\u00e7\u0131n ve \u015eahiner\u2019in herkesin g\u00f6z\u00fc \u00f6n\u00fcnde farkl\u0131 davran\u0131\u015flar\u0131 ortadad\u0131r\u201d a\u00e7\u0131klamas\u0131na yan\u0131t verdi. \u015eenkul, CTP Milletvekili Salahi \u015eahiner ile mesajla\u015fmas\u0131n\u0131 payla\u015farak ele\u015ftirilere &#8220;Fotoda da g\u00f6rd\u00fc\u011f\u00fcn\u00fcz gibi Salahi ve Devrim ile \u00e7ok fena kavgal\u0131y\u0131z, hi\u00e7 konu\u015fmuyoruz&#8221; [&hellip;]","og_url":"https:\/\/netbakis.net\/tr\/39344\/","og_site_name":"NETBAKIS","article_published_time":"2026-04-22T14:24:38+00:00","article_modified_time":"2026-04-22T14:24:40+00:00","og_image":[{"url":"https:\/\/www.kibrispostasi.com\/upload\/news\/v\/v2\/v2normalhaberboyutuablonsuzkopyaskopyaskopyaskopyaskopyaskopyas-2026-04-22t113151935_1776846796.jpg"}],"author":"netbakis.net","twitter_card":"summary_large_image","twitter_misc":{"Yazan:":"netbakis.net","Tahmini okuma s\u00fcresi":"2 dakika"},"schema":{"@context":"https:\/\/schema.org","@graph":[{"@type":"WebPage","@id":"https:\/\/netbakis.net\/39344\/","url":"https:\/\/netbakis.net\/39344\/","name":"\u015eenkul\u2019dan Sava\u015fan\u2019a yan\u0131t: G\u00f6rd\u00fc\u011f\u00fcn\u00fcz gibi Salahi ve Devrim ile \u00e7ok fena kavgal\u0131y\u0131z, hi\u00e7 konu\u015fmuyoruz - NETBAKIS","isPartOf":{"@id":"https:\/\/netbakis.net\/#website"},"primaryImageOfPage":{"@id":"https:\/\/netbakis.net\/39344\/#primaryimage"},"image":{"@id":"https:\/\/netbakis.net\/39344\/#primaryimage"},"thumbnailUrl":"https:\/\/www.kibrispostasi.com\/upload\/news\/v\/v2\/v2normalhaberboyutuablonsuzkopyaskopyaskopyaskopyaskopyaskopyas-2026-04-22t113151935_1776846796.jpg","datePublished":"2026-04-22T14:24:38+00:00","dateModified":"2026-04-22T14:24:40+00:00","author":{"@id":"https:\/\/netbakis.net\/#\/schema\/person\/5d9b5c3f48ca4a3c69967d619fc8c7f4"},"breadcrumb":{"@id":"https:\/\/netbakis.net\/39344\/#breadcrumb"},"inLanguage":"tr","potentialAction":[{"@type":"ReadAction","target":["https:\/\/netbakis.net\/39344\/"]}]},{"@type":"ImageObject","inLanguage":"tr","@id":"https:\/\/netbakis.net\/39344\/#primaryimage","url":"https:\/\/www.kibrispostasi.com\/upload\/news\/v\/v2\/v2normalhaberboyutuablonsuzkopyaskopyaskopyaskopyaskopyaskopyas-2026-04-22t113151935_1776846796.jpg","contentUrl":"https:\/\/www.kibrispostasi.com\/upload\/news\/v\/v2\/v2normalhaberboyutuablonsuzkopyaskopyaskopyaskopyaskopyaskopyas-2026-04-22t113151935_1776846796.jpg"},{"@type":"BreadcrumbList","@id":"https:\/\/netbakis.net\/39344\/#breadcrumb","itemListElement":[{"@type":"ListItem","position":1,"name":"Home","item":"https:\/\/netbakis.net\/"},{"@type":"ListItem","position":2,"name":"\u015eenkul\u2019dan Sava\u015fan\u2019a yan\u0131t: G\u00f6rd\u00fc\u011f\u00fcn\u00fcz gibi Salahi ve Devrim ile \u00e7ok fena kavgal\u0131y\u0131z, hi\u00e7 konu\u015fmuyoruz"}]},{"@type":"WebSite","@id":"https:\/\/netbakis.net\/#website","url":"https:\/\/netbakis.net\/","name":"NETBAKIS","description":"SON DAKIKA","potentialAction":[{"@type":"SearchAction","target":{"@type":"EntryPoint","urlTemplate":"https:\/\/netbakis.net\/?s={search_term_string}"},"query-input":{"@type":"PropertyValueSpecification","valueRequired":true,"valueName":"search_term_string"}}],"inLanguage":"tr"},{"@type":"Person","@id":"https:\/\/netbakis.net\/#\/schema\/person\/5d9b5c3f48ca4a3c69967d619fc8c7f4","name":"netbakis.net","image":{"@type":"ImageObject","inLanguage":"tr","@id":"https:\/\/netbakis.net\/#\/schema\/person\/image\/","url":"https:\/\/secure.gravatar.com\/avatar\/4ddeae49d2d3e3568a8d5b0937642efdf0b72468dbe3f213bc1978faa47af0d1?s=96&d=wp_user_avatar&r=g","contentUrl":"https:\/\/secure.gravatar.com\/avatar\/4ddeae49d2d3e3568a8d5b0937642efdf0b72468dbe3f213bc1978faa47af0d1?s=96&d=wp_user_avatar&r=g","caption":"netbakis.net"},"sameAs":["https:\/\/netbakis.net"],"url":"https:\/\/netbakis.net\/tr\/author\/netbakis-net\/"}]}},"jetpack_publicize_connections":[],"_links":{"self":[{"href":"https:\/\/netbakis.net\/tr\/wp-json\/wp\/v2\/posts\/39344","targetHints":{"allow":["GET"]}}],"collection":[{"href":"https:\/\/netbakis.net\/tr\/wp-json\/wp\/v2\/posts"}],"about":[{"href":"https:\/\/netbakis.net\/tr\/wp-json\/wp\/v2\/types\/post"}],"author":[{"embeddable":true,"href":"https:\/\/netbakis.net\/tr\/wp-json\/wp\/v2\/users\/1"}],"replies":[{"embeddable":true,"href":"https:\/\/netbakis.net\/tr\/wp-json\/wp\/v2\/comments?post=39344"}],"version-history":[{"count":1,"href":"https:\/\/netbakis.net\/tr\/wp-json\/wp\/v2\/posts\/39344\/revisions"}],"predecessor-version":[{"id":39345,"href":"https:\/\/netbakis.net\/tr\/wp-json\/wp\/v2\/posts\/39344\/revisions\/39345"}],"wp:attachment":[{"href":"https:\/\/netbakis.net\/tr\/wp-json\/wp\/v2\/media?parent=39344"}],"wp:term":[{"taxonomy":"category","embeddable":true,"href":"https:\/\/netbakis.net\/tr\/wp-json\/wp\/v2\/categories?post=39344"},{"taxonomy":"post_tag","embeddable":true,"href":"https:\/\/netbakis.net\/tr\/wp-json\/wp\/v2\/tags?post=39344"}],"curies":[{"name":"wp","href":"https:\/\/api.w.org\/{rel}","templated":true}]}}