{"id":39334,"date":"2026-04-22T14:21:20","date_gmt":"2026-04-22T14:21:20","guid":{"rendered":"https:\/\/netbakis.net\/?p=39334"},"modified":"2026-04-22T14:21:21","modified_gmt":"2026-04-22T14:21:21","slug":"kibris-goc-ve-multeci-yukunde-nufusa-oranla-avrupada-ikinci-sirada","status":"publish","type":"post","link":"https:\/\/netbakis.net\/tr\/39334\/","title":{"rendered":"K\u0131br\u0131s, g\u00f6\u00e7 ve m\u00fclteci y\u00fck\u00fcnde n\u00fcfusa oranla Avrupa&#8217;da ikinci s\u0131rada!"},"content":{"rendered":"<p>Avrupa Birli\u011fi\u2019nde g\u00f6\u00e7men say\u0131s\u0131 64,2 milyona ula\u015f\u0131rken, K\u0131br\u0131s y\u00fczde 28\u2019lik g\u00f6\u00e7men oran\u0131 ve y\u00fczde 4,8\u2019lik m\u00fclteci pay\u0131yla n\u00fcfusa g\u00f6re en y\u00fcksek bask\u0131y\u0131 ya\u015fayan \u00fclkeler aras\u0131nda yer ald\u0131.<br><br>Avrupa Birli\u011fi\u2019nde ya\u015fayan g\u00f6\u00e7menlerin say\u0131s\u0131 2025\u2019te rekor seviyeye \u00e7\u0131karak 64,2 milyona ula\u015ft\u0131. Rockwool Foundation\u2019a ba\u011fl\u0131 G\u00f6\u00e7 Ara\u015ft\u0131rma ve Analiz Merkezi taraf\u0131ndan yay\u0131mlanan \u201cThe Immigrant Population in the European Union: Growth, Concentration and Dispersion\u201d ba\u015fl\u0131kl\u0131 rapora g\u00f6re bu say\u0131, bir \u00f6nceki y\u0131la g\u00f6re yakla\u015f\u0131k 2,1 milyon art\u0131\u015f anlam\u0131na geliyor. Raporda, 2010\u2019da bu rakam\u0131n 40 milyon civar\u0131nda oldu\u011fu hat\u0131rlat\u0131ld\u0131.<\/p>\n\n\n\n<p>Rapor, Eurostat ve Birle\u015fmi\u015f Milletler M\u00fclteci Ajans\u0131 verilerine dayand\u0131r\u0131l\u0131rken, g\u00f6\u00e7 art\u0131\u015f\u0131n\u0131n \u00fcye \u00fclkeler aras\u0131nda e\u015fit da\u011f\u0131lmad\u0131\u011f\u0131na dikkat \u00e7ekti. Almanya, yakla\u015f\u0131k 18 milyon yabanc\u0131 do\u011fumlu ki\u015fiyle AB\u2019nin en b\u00fcy\u00fck g\u00f6\u00e7men n\u00fcfusuna sahip \u00fclkesi olmaya devam etti. Almanya\u2019daki g\u00f6\u00e7menlerin y\u00fczde 72\u2019sinin \u00e7al\u0131\u015fma \u00e7a\u011f\u0131nda oldu\u011fu belirtilirken, \u0130spanya son d\u00f6nemde en h\u0131zl\u0131 b\u00fcy\u00fcmeyi kaydederek yabanc\u0131 do\u011fumlu n\u00fcfusunu yakla\u015f\u0131k 700 bin ki\u015fi art\u0131rd\u0131 ve 9,5 milyona \u00e7\u0131kard\u0131.<\/p>\n\n\n\n<p>Raporda, g\u00f6\u00e7 bask\u0131s\u0131n\u0131n \u00f6zellikle k\u00fc\u00e7\u00fck \u00fcye devletlerde daha yo\u011fun hissedildi\u011fi vurguland\u0131. N\u00fcfusa oranla g\u00f6\u00e7men yo\u011funlu\u011funun en y\u00fcksek oldu\u011fu \u00fclkeler aras\u0131nda L\u00fcksemburg, Malta ve K\u0131br\u0131s \u00f6ne \u00e7\u0131kt\u0131. L\u00fcksemburg\u2019da g\u00f6\u00e7men n\u00fcfus oran\u0131 yakla\u015f\u0131k y\u00fczde 52, Malta\u2019da y\u00fczde 32, K\u0131br\u0131s\u2019ta ise y\u00fczde 28 olarak kaydedildi. Bu oranlarla K\u0131br\u0131s, AB\u2019de g\u00f6\u00e7\u00fcn n\u00fcfusa etkisinin en belirgin oldu\u011fu \u00fclkelerden biri oldu.<\/p>\n\n\n\n<p><strong>KIBRIS\u2019A G\u00d6RE G\u00d6\u00c7 BASKISI DAHA Y\u00dcKSEK: AB&#8217;YE G\u0130R\u0130\u015eLERDE EN YO\u011eUN \u00dcLKE MALTA OLRUKEN, KIBRIS VE L\u00dcKSEMBURG TAK\u0130P ETT\u0130<\/strong><\/p>\n\n\n\n<p>Raporun \u201cak\u0131\u015flar\u201d b\u00f6l\u00fcm\u00fcnde, yani yeni gelen g\u00f6\u00e7menlerin n\u00fcfusa oran\u0131nda da K\u0131br\u0131s \u00fcst s\u0131ralarda yer ald\u0131. 2024 y\u0131l\u0131nda AB\u2019ye giri\u015flerde en yo\u011fun \u00fclke Malta olurken, onu K\u0131br\u0131s ve L\u00fcksemburg izledi. N\u00fcfusa oranla bak\u0131ld\u0131\u011f\u0131nda Malta\u2019da 1000 ki\u015fi ba\u015f\u0131na yakla\u015f\u0131k 57 geli\u015f, K\u0131br\u0131s\u2019ta 39, L\u00fcksemburg\u2019da ise 36 geli\u015f kaydedildi.<\/p>\n\n\n\n<p>Bu tablo, b\u00fcy\u00fck \u00fclkelerin mutlak say\u0131larda \u00f6ne \u00e7\u0131kmas\u0131na kar\u015f\u0131n, K\u0131br\u0131s gibi k\u00fc\u00e7\u00fck \u00fclkelerin n\u00fcfuslar\u0131na oranla \u00e7ok daha y\u00fcksek g\u00f6\u00e7 bask\u0131s\u0131yla kar\u015f\u0131 kar\u015f\u0131ya kald\u0131\u011f\u0131n\u0131 ortaya koydu. Raporda, bu durumun idari y\u00fck, siyasi dinamikler ve politika se\u00e7enekleri \u00fczerinde de belirleyici oldu\u011fu belirtildi.<\/p>\n\n\n\n<p><strong>AB\u2019DE SI\u011eINMA BA\u015eVURULARI BEL\u0130RL\u0130 \u00dcLKELERDE YO\u011eUNLA\u015eTI<\/strong><\/p>\n\n\n\n<p>Rapora g\u00f6re 2025\u2019te Avrupa Birli\u011fi\u2019nde toplam s\u0131\u011f\u0131nma ba\u015fvurusu say\u0131s\u0131 669 bin 365 oldu. Bu rakam, 2024\u2019e g\u00f6re y\u00fczde 26,6 d\u00fc\u015f\u00fc\u015fe i\u015faret etse de ba\u015fvurular\u0131n b\u00fcy\u00fck b\u00f6l\u00fcm\u00fc yine s\u0131n\u0131rl\u0131 say\u0131da \u00fclkede topland\u0131. \u0130spanya yakla\u015f\u0131k 141 bin ba\u015fvuruyla ilk s\u0131rada yer ald\u0131. Onu \u0130talya 127 bin, Fransa 116 bin ve Almanya 113 bin ba\u015fvuruyla izledi. Bu d\u00f6rt \u00fclke, AB\u2019deki t\u00fcm s\u0131\u011f\u0131nma ba\u015fvurular\u0131n\u0131n yakla\u015f\u0131k y\u00fczde 74\u2019\u00fcn\u00fc olu\u015fturdu.<\/p>\n\n\n\n<p>Almanya, toplamda en fazla m\u00fclteci bar\u0131nd\u0131ran \u00fclke oldu. \u00dclkedeki m\u00fclteci say\u0131s\u0131 yakla\u015f\u0131k 2,7 milyon olarak kaydedildi. Ancak n\u00fcfusa oranla m\u00fclteci y\u00fck\u00fc a\u00e7\u0131s\u0131ndan K\u0131br\u0131s dikkat \u00e7ekti. Rapora g\u00f6re K\u0131br\u0131s\u2019ta m\u00fclteciler toplam n\u00fcfusun y\u00fczde 4,8\u2019ini olu\u015fturuyor ve bu oran, AB i\u00e7inde en y\u00fcksek seviyelerden biri olarak \u00f6ne \u00e7\u0131k\u0131yor.<\/p>\n\n\n\n<p>K\u0131br\u0131s\u2019\u0131 y\u00fczde 3,5 ile \u00c7ekya, y\u00fczde 3,2 ile Almanya izledi. Avusturya, Estonya, Polonya, Slovakya ve \u0130rlanda da m\u00fclteci oran\u0131 y\u00fcksek \u00fclkeler aras\u0131nda s\u0131raland\u0131. Buna kar\u015f\u0131l\u0131k \u0130spanya, Fransa ve \u0130talya, toplam say\u0131lar y\u00fcksek olsa da n\u00fcfusa oranla daha d\u00fc\u015f\u00fck seviyelerde kald\u0131.<\/p>\n\n\n\n<p><strong>RAPORUN \u00d6ZET\u0130<\/strong><\/p>\n\n\n\n<p>Raporda, AB\u2019de g\u00f6\u00e7\u00fcn uzun vadede art\u0131\u015f e\u011filiminde oldu\u011fu, 2015 m\u00fclteci krizi ve Ukrayna sava\u015f\u0131 sonras\u0131 yerinden edilme dalgas\u0131n\u0131n bu y\u00fckseli\u015fi h\u0131zland\u0131rd\u0131\u011f\u0131 belirtildi. 2025\u2019te art\u0131\u015f\u0131n 2,1 milyonla g\u00fc\u00e7l\u00fc seyrini s\u00fcrd\u00fcrd\u00fc\u011f\u00fc, ancak 2023 ile 2024 aras\u0131ndaki 2,6 milyonluk s\u0131\u00e7raman\u0131n biraz gerisinde kald\u0131\u011f\u0131 aktar\u0131ld\u0131.<\/p>\n\n\n\n<p>\u00c7al\u0131\u015fmaya g\u00f6re Almanya ve \u0130spanya mutlak say\u0131larda \u00f6ne \u00e7\u0131karken, L\u00fcksemburg, Malta ve K\u0131br\u0131s gibi k\u00fc\u00e7\u00fck \u00fclkeler n\u00fcfuslar\u0131na oranla \u00e7ok daha b\u00fcy\u00fck bir g\u00f6\u00e7 ve m\u00fclteci y\u00fck\u00fc ta\u015f\u0131yor. Raporda, g\u00f6\u00e7 ve s\u0131\u011f\u0131nma dosyalar\u0131n\u0131n sadece toplam rakamlarla de\u011fil, \u00fclkelerin n\u00fcfus b\u00fcy\u00fckl\u00fc\u011f\u00fc ve kapasitesi dikkate al\u0131narak de\u011ferlendirilmesi gerekti\u011fi vurguland\u0131.<\/p>","protected":false},"excerpt":{"rendered":"<p>Avrupa Birli\u011fi\u2019nde g\u00f6\u00e7men say\u0131s\u0131 64,2 milyona ula\u015f\u0131rken, K\u0131br\u0131s y\u00fczde 28\u2019lik g\u00f6\u00e7men oran\u0131 ve y\u00fczde 4,8\u2019lik m\u00fclteci pay\u0131yla n\u00fcfusa g\u00f6re en y\u00fcksek bask\u0131y\u0131 ya\u015fayan \u00fclkeler aras\u0131nda yer ald\u0131. Avrupa Birli\u011fi\u2019nde ya\u015fayan g\u00f6\u00e7menlerin say\u0131s\u0131 2025\u2019te rekor seviyeye \u00e7\u0131karak 64,2 milyona ula\u015ft\u0131. Rockwool Foundation\u2019a ba\u011fl\u0131 G\u00f6\u00e7 Ara\u015ft\u0131rma ve Analiz Merkezi taraf\u0131ndan yay\u0131mlanan \u201cThe Immigrant Population in the European [&hellip;]<\/p>","protected":false},"author":1,"featured_media":12578,"comment_status":"open","ping_status":"open","sticky":false,"template":"","format":"standard","meta":{"om_disable_all_campaigns":false,"_monsterinsights_skip_tracking":false,"_monsterinsights_sitenote_active":false,"_monsterinsights_sitenote_note":"","_monsterinsights_sitenote_category":0,"_uf_show_specific_survey":0,"_uf_disable_surveys":false,"footnotes":"","jetpack_publicize_message":"","jetpack_publicize_feature_enabled":true,"jetpack_social_post_already_shared":true,"jetpack_social_options":{"image_generator_settings":{"template":"highway","default_image_id":0,"font":"","enabled":false},"version":2}},"categories":[81],"tags":[],"class_list":{"0":"post-39334","1":"post","2":"type-post","3":"status-publish","4":"format-standard","5":"has-post-thumbnail","7":"category-gundem"},"yoast_head":"<!-- This site is optimized with the Yoast SEO plugin v23.8 - https:\/\/yoast.com\/wordpress\/plugins\/seo\/ -->\n<title>K\u0131br\u0131s, g\u00f6\u00e7 ve m\u00fclteci y\u00fck\u00fcnde n\u00fcfusa oranla Avrupa&#039;da ikinci s\u0131rada! - NETBAKIS<\/title>\n<meta name=\"robots\" content=\"index, follow, max-snippet:-1, max-image-preview:large, max-video-preview:-1\" \/>\n<link rel=\"canonical\" href=\"https:\/\/netbakis.net\/tr\/39334\/\" \/>\n<meta property=\"og:locale\" content=\"tr_TR\" \/>\n<meta property=\"og:type\" content=\"article\" \/>\n<meta property=\"og:title\" content=\"K\u0131br\u0131s, g\u00f6\u00e7 ve m\u00fclteci y\u00fck\u00fcnde n\u00fcfusa oranla Avrupa&#039;da ikinci s\u0131rada! - NETBAKIS\" \/>\n<meta property=\"og:description\" content=\"Avrupa Birli\u011fi\u2019nde g\u00f6\u00e7men say\u0131s\u0131 64,2 milyona ula\u015f\u0131rken, K\u0131br\u0131s y\u00fczde 28\u2019lik g\u00f6\u00e7men oran\u0131 ve y\u00fczde 4,8\u2019lik m\u00fclteci pay\u0131yla n\u00fcfusa g\u00f6re en y\u00fcksek bask\u0131y\u0131 ya\u015fayan \u00fclkeler aras\u0131nda yer ald\u0131. Avrupa Birli\u011fi\u2019nde ya\u015fayan g\u00f6\u00e7menlerin say\u0131s\u0131 2025\u2019te rekor seviyeye \u00e7\u0131karak 64,2 milyona ula\u015ft\u0131. Rockwool Foundation\u2019a ba\u011fl\u0131 G\u00f6\u00e7 Ara\u015ft\u0131rma ve Analiz Merkezi taraf\u0131ndan yay\u0131mlanan \u201cThe Immigrant Population in the European [&hellip;]\" \/>\n<meta property=\"og:url\" content=\"https:\/\/netbakis.net\/tr\/39334\/\" \/>\n<meta property=\"og:site_name\" content=\"NETBAKIS\" \/>\n<meta property=\"article:published_time\" content=\"2026-04-22T14:21:20+00:00\" \/>\n<meta property=\"article:modified_time\" content=\"2026-04-22T14:21:21+00:00\" \/>\n<meta property=\"og:image\" content=\"https:\/\/netbakis.net\/wp-content\/uploads\/2023\/03\/duzensiz-gocmen-aa-1984033-750x375-1.jpg\" \/>\n\t<meta property=\"og:image:width\" content=\"750\" \/>\n\t<meta property=\"og:image:height\" content=\"375\" \/>\n\t<meta property=\"og:image:type\" content=\"image\/jpeg\" \/>\n<meta name=\"author\" content=\"netbakis.net\" \/>\n<meta name=\"twitter:card\" content=\"summary_large_image\" \/>\n<meta name=\"twitter:label1\" content=\"Yazan:\" \/>\n\t<meta name=\"twitter:data1\" content=\"netbakis.net\" \/>\n\t<meta name=\"twitter:label2\" content=\"Tahmini okuma s\u00fcresi\" \/>\n\t<meta name=\"twitter:data2\" content=\"3 dakika\" \/>\n<script type=\"application\/ld+json\" class=\"yoast-schema-graph\">{\"@context\":\"https:\/\/schema.org\",\"@graph\":[{\"@type\":\"WebPage\",\"@id\":\"https:\/\/netbakis.net\/39334\/\",\"url\":\"https:\/\/netbakis.net\/39334\/\",\"name\":\"K\u0131br\u0131s, g\u00f6\u00e7 ve m\u00fclteci y\u00fck\u00fcnde n\u00fcfusa oranla Avrupa'da ikinci s\u0131rada! - NETBAKIS\",\"isPartOf\":{\"@id\":\"https:\/\/netbakis.net\/#website\"},\"primaryImageOfPage\":{\"@id\":\"https:\/\/netbakis.net\/39334\/#primaryimage\"},\"image\":{\"@id\":\"https:\/\/netbakis.net\/39334\/#primaryimage\"},\"thumbnailUrl\":\"https:\/\/netbakis.net\/wp-content\/uploads\/2023\/03\/duzensiz-gocmen-aa-1984033-750x375-1.jpg\",\"datePublished\":\"2026-04-22T14:21:20+00:00\",\"dateModified\":\"2026-04-22T14:21:21+00:00\",\"author\":{\"@id\":\"https:\/\/netbakis.net\/#\/schema\/person\/5d9b5c3f48ca4a3c69967d619fc8c7f4\"},\"breadcrumb\":{\"@id\":\"https:\/\/netbakis.net\/39334\/#breadcrumb\"},\"inLanguage\":\"tr\",\"potentialAction\":[{\"@type\":\"ReadAction\",\"target\":[\"https:\/\/netbakis.net\/39334\/\"]}]},{\"@type\":\"ImageObject\",\"inLanguage\":\"tr\",\"@id\":\"https:\/\/netbakis.net\/39334\/#primaryimage\",\"url\":\"https:\/\/netbakis.net\/wp-content\/uploads\/2023\/03\/duzensiz-gocmen-aa-1984033-750x375-1.jpg\",\"contentUrl\":\"https:\/\/netbakis.net\/wp-content\/uploads\/2023\/03\/duzensiz-gocmen-aa-1984033-750x375-1.jpg\",\"width\":750,\"height\":375,\"caption\":\"g\u00f6\u00e7men duzensiz-gocmen-aa-1984033-750x375\"},{\"@type\":\"BreadcrumbList\",\"@id\":\"https:\/\/netbakis.net\/39334\/#breadcrumb\",\"itemListElement\":[{\"@type\":\"ListItem\",\"position\":1,\"name\":\"Home\",\"item\":\"https:\/\/netbakis.net\/\"},{\"@type\":\"ListItem\",\"position\":2,\"name\":\"K\u0131br\u0131s, g\u00f6\u00e7 ve m\u00fclteci y\u00fck\u00fcnde n\u00fcfusa oranla Avrupa&#8217;da ikinci s\u0131rada!\"}]},{\"@type\":\"WebSite\",\"@id\":\"https:\/\/netbakis.net\/#website\",\"url\":\"https:\/\/netbakis.net\/\",\"name\":\"NETBAKIS\",\"description\":\"SON DAKIKA\",\"potentialAction\":[{\"@type\":\"SearchAction\",\"target\":{\"@type\":\"EntryPoint\",\"urlTemplate\":\"https:\/\/netbakis.net\/?s={search_term_string}\"},\"query-input\":{\"@type\":\"PropertyValueSpecification\",\"valueRequired\":true,\"valueName\":\"search_term_string\"}}],\"inLanguage\":\"tr\"},{\"@type\":\"Person\",\"@id\":\"https:\/\/netbakis.net\/#\/schema\/person\/5d9b5c3f48ca4a3c69967d619fc8c7f4\",\"name\":\"netbakis.net\",\"image\":{\"@type\":\"ImageObject\",\"inLanguage\":\"tr\",\"@id\":\"https:\/\/netbakis.net\/#\/schema\/person\/image\/\",\"url\":\"https:\/\/secure.gravatar.com\/avatar\/4ddeae49d2d3e3568a8d5b0937642efdf0b72468dbe3f213bc1978faa47af0d1?s=96&d=wp_user_avatar&r=g\",\"contentUrl\":\"https:\/\/secure.gravatar.com\/avatar\/4ddeae49d2d3e3568a8d5b0937642efdf0b72468dbe3f213bc1978faa47af0d1?s=96&d=wp_user_avatar&r=g\",\"caption\":\"netbakis.net\"},\"sameAs\":[\"https:\/\/netbakis.net\"],\"url\":\"https:\/\/netbakis.net\/tr\/author\/netbakis-net\/\"}]}<\/script>\n<!-- \/ Yoast SEO plugin. -->","yoast_head_json":{"title":"K\u0131br\u0131s, g\u00f6\u00e7 ve m\u00fclteci y\u00fck\u00fcnde n\u00fcfusa oranla Avrupa'da ikinci s\u0131rada! - NETBAKIS","robots":{"index":"index","follow":"follow","max-snippet":"max-snippet:-1","max-image-preview":"max-image-preview:large","max-video-preview":"max-video-preview:-1"},"canonical":"https:\/\/netbakis.net\/tr\/39334\/","og_locale":"tr_TR","og_type":"article","og_title":"K\u0131br\u0131s, g\u00f6\u00e7 ve m\u00fclteci y\u00fck\u00fcnde n\u00fcfusa oranla Avrupa'da ikinci s\u0131rada! - NETBAKIS","og_description":"Avrupa Birli\u011fi\u2019nde g\u00f6\u00e7men say\u0131s\u0131 64,2 milyona ula\u015f\u0131rken, K\u0131br\u0131s y\u00fczde 28\u2019lik g\u00f6\u00e7men oran\u0131 ve y\u00fczde 4,8\u2019lik m\u00fclteci pay\u0131yla n\u00fcfusa g\u00f6re en y\u00fcksek bask\u0131y\u0131 ya\u015fayan \u00fclkeler aras\u0131nda yer ald\u0131. Avrupa Birli\u011fi\u2019nde ya\u015fayan g\u00f6\u00e7menlerin say\u0131s\u0131 2025\u2019te rekor seviyeye \u00e7\u0131karak 64,2 milyona ula\u015ft\u0131. Rockwool Foundation\u2019a ba\u011fl\u0131 G\u00f6\u00e7 Ara\u015ft\u0131rma ve Analiz Merkezi taraf\u0131ndan yay\u0131mlanan \u201cThe Immigrant Population in the European [&hellip;]","og_url":"https:\/\/netbakis.net\/tr\/39334\/","og_site_name":"NETBAKIS","article_published_time":"2026-04-22T14:21:20+00:00","article_modified_time":"2026-04-22T14:21:21+00:00","og_image":[{"width":750,"height":375,"url":"https:\/\/netbakis.net\/wp-content\/uploads\/2023\/03\/duzensiz-gocmen-aa-1984033-750x375-1.jpg","type":"image\/jpeg"}],"author":"netbakis.net","twitter_card":"summary_large_image","twitter_misc":{"Yazan:":"netbakis.net","Tahmini okuma s\u00fcresi":"3 dakika"},"schema":{"@context":"https:\/\/schema.org","@graph":[{"@type":"WebPage","@id":"https:\/\/netbakis.net\/39334\/","url":"https:\/\/netbakis.net\/39334\/","name":"K\u0131br\u0131s, g\u00f6\u00e7 ve m\u00fclteci y\u00fck\u00fcnde n\u00fcfusa oranla Avrupa'da ikinci s\u0131rada! - NETBAKIS","isPartOf":{"@id":"https:\/\/netbakis.net\/#website"},"primaryImageOfPage":{"@id":"https:\/\/netbakis.net\/39334\/#primaryimage"},"image":{"@id":"https:\/\/netbakis.net\/39334\/#primaryimage"},"thumbnailUrl":"https:\/\/netbakis.net\/wp-content\/uploads\/2023\/03\/duzensiz-gocmen-aa-1984033-750x375-1.jpg","datePublished":"2026-04-22T14:21:20+00:00","dateModified":"2026-04-22T14:21:21+00:00","author":{"@id":"https:\/\/netbakis.net\/#\/schema\/person\/5d9b5c3f48ca4a3c69967d619fc8c7f4"},"breadcrumb":{"@id":"https:\/\/netbakis.net\/39334\/#breadcrumb"},"inLanguage":"tr","potentialAction":[{"@type":"ReadAction","target":["https:\/\/netbakis.net\/39334\/"]}]},{"@type":"ImageObject","inLanguage":"tr","@id":"https:\/\/netbakis.net\/39334\/#primaryimage","url":"https:\/\/netbakis.net\/wp-content\/uploads\/2023\/03\/duzensiz-gocmen-aa-1984033-750x375-1.jpg","contentUrl":"https:\/\/netbakis.net\/wp-content\/uploads\/2023\/03\/duzensiz-gocmen-aa-1984033-750x375-1.jpg","width":750,"height":375,"caption":"g\u00f6\u00e7men duzensiz-gocmen-aa-1984033-750x375"},{"@type":"BreadcrumbList","@id":"https:\/\/netbakis.net\/39334\/#breadcrumb","itemListElement":[{"@type":"ListItem","position":1,"name":"Home","item":"https:\/\/netbakis.net\/"},{"@type":"ListItem","position":2,"name":"K\u0131br\u0131s, g\u00f6\u00e7 ve m\u00fclteci y\u00fck\u00fcnde n\u00fcfusa oranla Avrupa&#8217;da ikinci s\u0131rada!"}]},{"@type":"WebSite","@id":"https:\/\/netbakis.net\/#website","url":"https:\/\/netbakis.net\/","name":"NETBAKIS","description":"SON DAKIKA","potentialAction":[{"@type":"SearchAction","target":{"@type":"EntryPoint","urlTemplate":"https:\/\/netbakis.net\/?s={search_term_string}"},"query-input":{"@type":"PropertyValueSpecification","valueRequired":true,"valueName":"search_term_string"}}],"inLanguage":"tr"},{"@type":"Person","@id":"https:\/\/netbakis.net\/#\/schema\/person\/5d9b5c3f48ca4a3c69967d619fc8c7f4","name":"netbakis.net","image":{"@type":"ImageObject","inLanguage":"tr","@id":"https:\/\/netbakis.net\/#\/schema\/person\/image\/","url":"https:\/\/secure.gravatar.com\/avatar\/4ddeae49d2d3e3568a8d5b0937642efdf0b72468dbe3f213bc1978faa47af0d1?s=96&d=wp_user_avatar&r=g","contentUrl":"https:\/\/secure.gravatar.com\/avatar\/4ddeae49d2d3e3568a8d5b0937642efdf0b72468dbe3f213bc1978faa47af0d1?s=96&d=wp_user_avatar&r=g","caption":"netbakis.net"},"sameAs":["https:\/\/netbakis.net"],"url":"https:\/\/netbakis.net\/tr\/author\/netbakis-net\/"}]}},"jetpack_publicize_connections":[],"_links":{"self":[{"href":"https:\/\/netbakis.net\/tr\/wp-json\/wp\/v2\/posts\/39334","targetHints":{"allow":["GET"]}}],"collection":[{"href":"https:\/\/netbakis.net\/tr\/wp-json\/wp\/v2\/posts"}],"about":[{"href":"https:\/\/netbakis.net\/tr\/wp-json\/wp\/v2\/types\/post"}],"author":[{"embeddable":true,"href":"https:\/\/netbakis.net\/tr\/wp-json\/wp\/v2\/users\/1"}],"replies":[{"embeddable":true,"href":"https:\/\/netbakis.net\/tr\/wp-json\/wp\/v2\/comments?post=39334"}],"version-history":[{"count":1,"href":"https:\/\/netbakis.net\/tr\/wp-json\/wp\/v2\/posts\/39334\/revisions"}],"predecessor-version":[{"id":39335,"href":"https:\/\/netbakis.net\/tr\/wp-json\/wp\/v2\/posts\/39334\/revisions\/39335"}],"wp:featuredmedia":[{"embeddable":true,"href":"https:\/\/netbakis.net\/tr\/wp-json\/wp\/v2\/media\/12578"}],"wp:attachment":[{"href":"https:\/\/netbakis.net\/tr\/wp-json\/wp\/v2\/media?parent=39334"}],"wp:term":[{"taxonomy":"category","embeddable":true,"href":"https:\/\/netbakis.net\/tr\/wp-json\/wp\/v2\/categories?post=39334"},{"taxonomy":"post_tag","embeddable":true,"href":"https:\/\/netbakis.net\/tr\/wp-json\/wp\/v2\/tags?post=39334"}],"curies":[{"name":"wp","href":"https:\/\/api.w.org\/{rel}","templated":true}]}}