{"id":39332,"date":"2026-04-22T14:20:56","date_gmt":"2026-04-22T14:20:56","guid":{"rendered":"https:\/\/netbakis.net\/?p=39332"},"modified":"2026-04-22T14:20:58","modified_gmt":"2026-04-22T14:20:58","slug":"hava-sicakligi-26-dereceye-kadar-cikacak-pazar-yagmur-var","status":"publish","type":"post","link":"https:\/\/netbakis.net\/tr\/39332\/","title":{"rendered":"Hava s\u0131cakl\u0131\u011f\u0131 26 dereceye kadar \u00e7\u0131kacak, pazar ya\u011fmur var"},"content":{"rendered":"<p>Meteorolojiye g\u00f6re hafta boyunca hava 23-26 derece dolaylar\u0131nda seyredecek. Yar\u0131n ve cuma sabah saatlerinde sis beklenirken, pazar g\u00fcn\u00fc yer yer sa\u011fanak ya\u011f\u0131\u015f \u00f6ng\u00f6r\u00fcl\u00fcyor.<br><br>Yar\u0131n ve cuma g\u00fcn\u00fc sabah saatlerinde sis, pazar ise yer yer ya\u011fmur bekleniyor. S\u0131cakl\u0131k, 23-26 derece dolaylar\u0131nda seyredecek.<\/p>\n\n\n\n<p>Meteoroloji Dairesi\u2019nin son tahminlerine g\u00f6re, 23-29 Nisan tarihleri aras\u0131nda b\u00f6lge, genellikle al\u00e7ak bas\u0131n\u00e7 sistemi ile periyodun ilk g\u00fcnleri \u0131l\u0131k ve nemli, di\u011fer g\u00fcnlerde \u00fcst atmosferdeki so\u011fuk ve nemli hava k\u00fctlesinin etkisi alt\u0131nda kalacak.<\/p>\n\n\n\n<p>Hava, yar\u0131n ve cuma par\u00e7al\u0131 ve bulutlu, sabah saatleri yer yer sisli, cumartesi par\u00e7al\u0131 ve \u00e7ok bulutlu zamanla az bulutlu, pazar par\u00e7al\u0131 ve \u00e7ok bulutlu, \u00f6\u011fle saatleri yer yer sa\u011fanak ya\u011fmurlu di\u011fer g\u00fcnler par\u00e7al\u0131 veya az bulutlu olacak.<\/p>\n\n\n\n<p>En y\u00fcksek hava s\u0131cakl\u0131\u011f\u0131 i\u00e7 kesimlerde ve sahillerde 23-26 derece dolaylar\u0131nda seyredecek.<\/p>\n\n\n\n<p>R\u00fczg\u00e2r, genellikle g\u00fcney ve bat\u0131 y\u00f6nlerden orta kuvvette zaman zaman kuvvetli olarak esecek.<\/p>","protected":false},"excerpt":{"rendered":"<p>Meteorolojiye g\u00f6re hafta boyunca hava 23-26 derece dolaylar\u0131nda seyredecek. Yar\u0131n ve cuma sabah saatlerinde sis beklenirken, pazar g\u00fcn\u00fc yer yer sa\u011fanak ya\u011f\u0131\u015f \u00f6ng\u00f6r\u00fcl\u00fcyor. Yar\u0131n ve cuma g\u00fcn\u00fc sabah saatlerinde sis, pazar ise yer yer ya\u011fmur bekleniyor. S\u0131cakl\u0131k, 23-26 derece dolaylar\u0131nda seyredecek. Meteoroloji Dairesi\u2019nin son tahminlerine g\u00f6re, 23-29 Nisan tarihleri aras\u0131nda b\u00f6lge, genellikle al\u00e7ak bas\u0131n\u00e7 sistemi [&hellip;]<\/p>","protected":false},"author":1,"featured_media":19831,"comment_status":"open","ping_status":"open","sticky":false,"template":"","format":"standard","meta":{"om_disable_all_campaigns":false,"_monsterinsights_skip_tracking":false,"_monsterinsights_sitenote_active":false,"_monsterinsights_sitenote_note":"","_monsterinsights_sitenote_category":0,"_uf_show_specific_survey":0,"_uf_disable_surveys":false,"footnotes":"","jetpack_publicize_message":"","jetpack_publicize_feature_enabled":true,"jetpack_social_post_already_shared":true,"jetpack_social_options":{"image_generator_settings":{"template":"highway","default_image_id":0,"font":"","enabled":false},"version":2}},"categories":[81],"tags":[],"class_list":{"0":"post-39332","1":"post","2":"type-post","3":"status-publish","4":"format-standard","5":"has-post-thumbnail","7":"category-gundem"},"yoast_head":"<!-- This site is optimized with the Yoast SEO plugin v23.8 - https:\/\/yoast.com\/wordpress\/plugins\/seo\/ -->\n<title>Hava s\u0131cakl\u0131\u011f\u0131 26 dereceye kadar \u00e7\u0131kacak, pazar ya\u011fmur var - NETBAKIS<\/title>\n<meta name=\"robots\" content=\"index, follow, max-snippet:-1, max-image-preview:large, max-video-preview:-1\" \/>\n<link rel=\"canonical\" href=\"https:\/\/netbakis.net\/tr\/39332\/\" \/>\n<meta property=\"og:locale\" content=\"tr_TR\" \/>\n<meta property=\"og:type\" content=\"article\" \/>\n<meta property=\"og:title\" content=\"Hava s\u0131cakl\u0131\u011f\u0131 26 dereceye kadar \u00e7\u0131kacak, pazar ya\u011fmur var - NETBAKIS\" \/>\n<meta property=\"og:description\" content=\"Meteorolojiye g\u00f6re hafta boyunca hava 23-26 derece dolaylar\u0131nda seyredecek. Yar\u0131n ve cuma sabah saatlerinde sis beklenirken, pazar g\u00fcn\u00fc yer yer sa\u011fanak ya\u011f\u0131\u015f \u00f6ng\u00f6r\u00fcl\u00fcyor. Yar\u0131n ve cuma g\u00fcn\u00fc sabah saatlerinde sis, pazar ise yer yer ya\u011fmur bekleniyor. S\u0131cakl\u0131k, 23-26 derece dolaylar\u0131nda seyredecek. Meteoroloji Dairesi\u2019nin son tahminlerine g\u00f6re, 23-29 Nisan tarihleri aras\u0131nda b\u00f6lge, genellikle al\u00e7ak bas\u0131n\u00e7 sistemi [&hellip;]\" \/>\n<meta property=\"og:url\" content=\"https:\/\/netbakis.net\/tr\/39332\/\" \/>\n<meta property=\"og:site_name\" content=\"NETBAKIS\" \/>\n<meta property=\"article:published_time\" content=\"2026-04-22T14:20:56+00:00\" \/>\n<meta property=\"article:modified_time\" content=\"2026-04-22T14:20:58+00:00\" \/>\n<meta property=\"og:image\" content=\"https:\/\/netbakis.net\/wp-content\/uploads\/2024\/11\/ankara-saganak-yagis-aa-2240785.webp\" \/>\n\t<meta property=\"og:image:width\" content=\"1280\" \/>\n\t<meta property=\"og:image:height\" content=\"720\" \/>\n\t<meta property=\"og:image:type\" content=\"image\/webp\" \/>\n<meta name=\"author\" content=\"netbakis.net\" \/>\n<meta name=\"twitter:card\" content=\"summary_large_image\" \/>\n<meta name=\"twitter:label1\" content=\"Yazan:\" \/>\n\t<meta name=\"twitter:data1\" content=\"netbakis.net\" \/>\n\t<meta name=\"twitter:label2\" content=\"Tahmini okuma s\u00fcresi\" \/>\n\t<meta name=\"twitter:data2\" content=\"1 dakika\" \/>\n<script type=\"application\/ld+json\" class=\"yoast-schema-graph\">{\"@context\":\"https:\/\/schema.org\",\"@graph\":[{\"@type\":\"WebPage\",\"@id\":\"https:\/\/netbakis.net\/39332\/\",\"url\":\"https:\/\/netbakis.net\/39332\/\",\"name\":\"Hava s\u0131cakl\u0131\u011f\u0131 26 dereceye kadar \u00e7\u0131kacak, pazar ya\u011fmur var - NETBAKIS\",\"isPartOf\":{\"@id\":\"https:\/\/netbakis.net\/#website\"},\"primaryImageOfPage\":{\"@id\":\"https:\/\/netbakis.net\/39332\/#primaryimage\"},\"image\":{\"@id\":\"https:\/\/netbakis.net\/39332\/#primaryimage\"},\"thumbnailUrl\":\"https:\/\/netbakis.net\/wp-content\/uploads\/2024\/11\/ankara-saganak-yagis-aa-2240785.webp\",\"datePublished\":\"2026-04-22T14:20:56+00:00\",\"dateModified\":\"2026-04-22T14:20:58+00:00\",\"author\":{\"@id\":\"https:\/\/netbakis.net\/#\/schema\/person\/5d9b5c3f48ca4a3c69967d619fc8c7f4\"},\"breadcrumb\":{\"@id\":\"https:\/\/netbakis.net\/39332\/#breadcrumb\"},\"inLanguage\":\"tr\",\"potentialAction\":[{\"@type\":\"ReadAction\",\"target\":[\"https:\/\/netbakis.net\/39332\/\"]}]},{\"@type\":\"ImageObject\",\"inLanguage\":\"tr\",\"@id\":\"https:\/\/netbakis.net\/39332\/#primaryimage\",\"url\":\"https:\/\/netbakis.net\/wp-content\/uploads\/2024\/11\/ankara-saganak-yagis-aa-2240785.webp\",\"contentUrl\":\"https:\/\/netbakis.net\/wp-content\/uploads\/2024\/11\/ankara-saganak-yagis-aa-2240785.webp\",\"width\":1280,\"height\":720,\"caption\":\"ya\u011fmur\"},{\"@type\":\"BreadcrumbList\",\"@id\":\"https:\/\/netbakis.net\/39332\/#breadcrumb\",\"itemListElement\":[{\"@type\":\"ListItem\",\"position\":1,\"name\":\"Home\",\"item\":\"https:\/\/netbakis.net\/\"},{\"@type\":\"ListItem\",\"position\":2,\"name\":\"Hava s\u0131cakl\u0131\u011f\u0131 26 dereceye kadar \u00e7\u0131kacak, pazar ya\u011fmur var\"}]},{\"@type\":\"WebSite\",\"@id\":\"https:\/\/netbakis.net\/#website\",\"url\":\"https:\/\/netbakis.net\/\",\"name\":\"NETBAKIS\",\"description\":\"SON DAKIKA\",\"potentialAction\":[{\"@type\":\"SearchAction\",\"target\":{\"@type\":\"EntryPoint\",\"urlTemplate\":\"https:\/\/netbakis.net\/?s={search_term_string}\"},\"query-input\":{\"@type\":\"PropertyValueSpecification\",\"valueRequired\":true,\"valueName\":\"search_term_string\"}}],\"inLanguage\":\"tr\"},{\"@type\":\"Person\",\"@id\":\"https:\/\/netbakis.net\/#\/schema\/person\/5d9b5c3f48ca4a3c69967d619fc8c7f4\",\"name\":\"netbakis.net\",\"image\":{\"@type\":\"ImageObject\",\"inLanguage\":\"tr\",\"@id\":\"https:\/\/netbakis.net\/#\/schema\/person\/image\/\",\"url\":\"https:\/\/secure.gravatar.com\/avatar\/4ddeae49d2d3e3568a8d5b0937642efdf0b72468dbe3f213bc1978faa47af0d1?s=96&d=wp_user_avatar&r=g\",\"contentUrl\":\"https:\/\/secure.gravatar.com\/avatar\/4ddeae49d2d3e3568a8d5b0937642efdf0b72468dbe3f213bc1978faa47af0d1?s=96&d=wp_user_avatar&r=g\",\"caption\":\"netbakis.net\"},\"sameAs\":[\"https:\/\/netbakis.net\"],\"url\":\"https:\/\/netbakis.net\/tr\/author\/netbakis-net\/\"}]}<\/script>\n<!-- \/ Yoast SEO plugin. -->","yoast_head_json":{"title":"Hava s\u0131cakl\u0131\u011f\u0131 26 dereceye kadar \u00e7\u0131kacak, pazar ya\u011fmur var - NETBAKIS","robots":{"index":"index","follow":"follow","max-snippet":"max-snippet:-1","max-image-preview":"max-image-preview:large","max-video-preview":"max-video-preview:-1"},"canonical":"https:\/\/netbakis.net\/tr\/39332\/","og_locale":"tr_TR","og_type":"article","og_title":"Hava s\u0131cakl\u0131\u011f\u0131 26 dereceye kadar \u00e7\u0131kacak, pazar ya\u011fmur var - NETBAKIS","og_description":"Meteorolojiye g\u00f6re hafta boyunca hava 23-26 derece dolaylar\u0131nda seyredecek. Yar\u0131n ve cuma sabah saatlerinde sis beklenirken, pazar g\u00fcn\u00fc yer yer sa\u011fanak ya\u011f\u0131\u015f \u00f6ng\u00f6r\u00fcl\u00fcyor. Yar\u0131n ve cuma g\u00fcn\u00fc sabah saatlerinde sis, pazar ise yer yer ya\u011fmur bekleniyor. S\u0131cakl\u0131k, 23-26 derece dolaylar\u0131nda seyredecek. Meteoroloji Dairesi\u2019nin son tahminlerine g\u00f6re, 23-29 Nisan tarihleri aras\u0131nda b\u00f6lge, genellikle al\u00e7ak bas\u0131n\u00e7 sistemi [&hellip;]","og_url":"https:\/\/netbakis.net\/tr\/39332\/","og_site_name":"NETBAKIS","article_published_time":"2026-04-22T14:20:56+00:00","article_modified_time":"2026-04-22T14:20:58+00:00","og_image":[{"width":1280,"height":720,"url":"https:\/\/netbakis.net\/wp-content\/uploads\/2024\/11\/ankara-saganak-yagis-aa-2240785.webp","type":"image\/webp"}],"author":"netbakis.net","twitter_card":"summary_large_image","twitter_misc":{"Yazan:":"netbakis.net","Tahmini okuma s\u00fcresi":"1 dakika"},"schema":{"@context":"https:\/\/schema.org","@graph":[{"@type":"WebPage","@id":"https:\/\/netbakis.net\/39332\/","url":"https:\/\/netbakis.net\/39332\/","name":"Hava s\u0131cakl\u0131\u011f\u0131 26 dereceye kadar \u00e7\u0131kacak, pazar ya\u011fmur var - NETBAKIS","isPartOf":{"@id":"https:\/\/netbakis.net\/#website"},"primaryImageOfPage":{"@id":"https:\/\/netbakis.net\/39332\/#primaryimage"},"image":{"@id":"https:\/\/netbakis.net\/39332\/#primaryimage"},"thumbnailUrl":"https:\/\/netbakis.net\/wp-content\/uploads\/2024\/11\/ankara-saganak-yagis-aa-2240785.webp","datePublished":"2026-04-22T14:20:56+00:00","dateModified":"2026-04-22T14:20:58+00:00","author":{"@id":"https:\/\/netbakis.net\/#\/schema\/person\/5d9b5c3f48ca4a3c69967d619fc8c7f4"},"breadcrumb":{"@id":"https:\/\/netbakis.net\/39332\/#breadcrumb"},"inLanguage":"tr","potentialAction":[{"@type":"ReadAction","target":["https:\/\/netbakis.net\/39332\/"]}]},{"@type":"ImageObject","inLanguage":"tr","@id":"https:\/\/netbakis.net\/39332\/#primaryimage","url":"https:\/\/netbakis.net\/wp-content\/uploads\/2024\/11\/ankara-saganak-yagis-aa-2240785.webp","contentUrl":"https:\/\/netbakis.net\/wp-content\/uploads\/2024\/11\/ankara-saganak-yagis-aa-2240785.webp","width":1280,"height":720,"caption":"ya\u011fmur"},{"@type":"BreadcrumbList","@id":"https:\/\/netbakis.net\/39332\/#breadcrumb","itemListElement":[{"@type":"ListItem","position":1,"name":"Home","item":"https:\/\/netbakis.net\/"},{"@type":"ListItem","position":2,"name":"Hava s\u0131cakl\u0131\u011f\u0131 26 dereceye kadar \u00e7\u0131kacak, pazar ya\u011fmur var"}]},{"@type":"WebSite","@id":"https:\/\/netbakis.net\/#website","url":"https:\/\/netbakis.net\/","name":"NETBAKIS","description":"SON DAKIKA","potentialAction":[{"@type":"SearchAction","target":{"@type":"EntryPoint","urlTemplate":"https:\/\/netbakis.net\/?s={search_term_string}"},"query-input":{"@type":"PropertyValueSpecification","valueRequired":true,"valueName":"search_term_string"}}],"inLanguage":"tr"},{"@type":"Person","@id":"https:\/\/netbakis.net\/#\/schema\/person\/5d9b5c3f48ca4a3c69967d619fc8c7f4","name":"netbakis.net","image":{"@type":"ImageObject","inLanguage":"tr","@id":"https:\/\/netbakis.net\/#\/schema\/person\/image\/","url":"https:\/\/secure.gravatar.com\/avatar\/4ddeae49d2d3e3568a8d5b0937642efdf0b72468dbe3f213bc1978faa47af0d1?s=96&d=wp_user_avatar&r=g","contentUrl":"https:\/\/secure.gravatar.com\/avatar\/4ddeae49d2d3e3568a8d5b0937642efdf0b72468dbe3f213bc1978faa47af0d1?s=96&d=wp_user_avatar&r=g","caption":"netbakis.net"},"sameAs":["https:\/\/netbakis.net"],"url":"https:\/\/netbakis.net\/tr\/author\/netbakis-net\/"}]}},"jetpack_publicize_connections":[],"_links":{"self":[{"href":"https:\/\/netbakis.net\/tr\/wp-json\/wp\/v2\/posts\/39332","targetHints":{"allow":["GET"]}}],"collection":[{"href":"https:\/\/netbakis.net\/tr\/wp-json\/wp\/v2\/posts"}],"about":[{"href":"https:\/\/netbakis.net\/tr\/wp-json\/wp\/v2\/types\/post"}],"author":[{"embeddable":true,"href":"https:\/\/netbakis.net\/tr\/wp-json\/wp\/v2\/users\/1"}],"replies":[{"embeddable":true,"href":"https:\/\/netbakis.net\/tr\/wp-json\/wp\/v2\/comments?post=39332"}],"version-history":[{"count":1,"href":"https:\/\/netbakis.net\/tr\/wp-json\/wp\/v2\/posts\/39332\/revisions"}],"predecessor-version":[{"id":39333,"href":"https:\/\/netbakis.net\/tr\/wp-json\/wp\/v2\/posts\/39332\/revisions\/39333"}],"wp:featuredmedia":[{"embeddable":true,"href":"https:\/\/netbakis.net\/tr\/wp-json\/wp\/v2\/media\/19831"}],"wp:attachment":[{"href":"https:\/\/netbakis.net\/tr\/wp-json\/wp\/v2\/media?parent=39332"}],"wp:term":[{"taxonomy":"category","embeddable":true,"href":"https:\/\/netbakis.net\/tr\/wp-json\/wp\/v2\/categories?post=39332"},{"taxonomy":"post_tag","embeddable":true,"href":"https:\/\/netbakis.net\/tr\/wp-json\/wp\/v2\/tags?post=39332"}],"curies":[{"name":"wp","href":"https:\/\/api.w.org\/{rel}","templated":true}]}}