{"id":39322,"date":"2026-04-22T14:18:54","date_gmt":"2026-04-22T14:18:54","guid":{"rendered":"https:\/\/netbakis.net\/?p=39322"},"modified":"2026-04-22T14:18:56","modified_gmt":"2026-04-22T14:18:56","slug":"mark-rutte-turkiyenin-savunma-sanayisinden-cok-sey-ogrenebiliriz","status":"publish","type":"post","link":"https:\/\/netbakis.net\/tr\/39322\/","title":{"rendered":"Mark Rutte: T\u00fcrkiye\u2019nin savunma sanayisinden \u00e7ok \u015fey \u00f6\u011frenebiliriz"},"content":{"rendered":"<p>NATO Genel Sekreteri Mark Rutte, Ankara\u2019daki ASELSAN ziyaretinde T\u00fcrkiye\u2019nin savunma sanayisinde \u00f6nemli bir d\u00f6n\u00fc\u015f\u00fcm ya\u015fad\u0131\u011f\u0131n\u0131 belirterek, \u00fcretimin art\u0131r\u0131lmas\u0131 ve yenilik\u00e7ili\u011fin NATO\u2019nun \u00f6ncelikleri aras\u0131nda oldu\u011funu s\u00f6yledi.<br><br>NATO Genel Sekreteri Mark Rutte, savunma sanayisinde \u00fcretimin \u00f6nemine i\u015faret ederek &#8220;\u00c7\u00fcnk\u00fc daha iyisini ve daha fazlas\u0131n\u0131 yapmal\u0131y\u0131z. Bu konuda T\u00fcrkiye\u2019nin yapt\u0131klar\u0131ndan \u00e7ok \u015fey \u00f6\u011frenebiliriz. Buna ihtiya\u00e7 var \u00e7\u00fcnk\u00fc tehlikeli bir d\u00fcnyada ya\u015f\u0131yoruz.&#8221; dedi.<\/p>\n\n\n\n<p>Rutte, Ankara temaslar\u0131 kapsam\u0131nda d\u00fczenlenen ASELSAN ziyaretinde konu\u015ftu.<\/p>\n\n\n\n<p>Savunma sanayisinde \u00fcretimi h\u0131zland\u0131rman\u0131n ve ayn\u0131 zamanda yenilik\u00e7ili\u011fi de te\u015fvik etmenin \u00f6nemine i\u015faret eden Rutte, &#8220;Bu, NATO i\u00e7in en \u00f6nemli \u00f6nceliklerden biridir. Ayr\u0131ca, temmuz ay\u0131nda Ankara\u2019da d\u00fczenlenecek NATO zirvesinin ana g\u00fcndem maddelerinden biri olacakt\u0131r.&#8221; diye konu\u015ftu.<\/p>\n\n\n\n<p>Rutte, savunma sanayisinde \u00fcretimin \u00f6nemini vurgulayarak &#8220;\u00c7\u00fcnk\u00fc daha iyisini ve daha fazlas\u0131n\u0131 yapmal\u0131y\u0131z. Bu konuda T\u00fcrkiye\u2019nin yapt\u0131klar\u0131ndan \u00e7ok \u015fey \u00f6\u011frenebiliriz. Buna ihtiya\u00e7 var \u00e7\u00fcnk\u00fc tehlikeli bir d\u00fcnyada ya\u015f\u0131yoruz.&#8221; de\u011ferlendirmesini yapt\u0131.<\/p>\n\n\n\n<p>G\u00fcvenlik i\u00e7in sa\u011flam savunma sistemlerine ihtiya\u00e7 oldu\u011funu belirten Rutte, \u015funlar\u0131 s\u00f6yledi:<\/p>\n\n\n\n<p>&#8220;En iyi yetkinliklere ihtiyac\u0131m\u0131z var, en son teknolojileri i\u015fimize entegre etmeliyiz. Bu nedenle de en yarat\u0131c\u0131 ve en yenilik\u00e7i beyinlere ihtiyac\u0131m\u0131z var. Bu y\u00fczden burada oldu\u011funuz ve gen\u00e7ler olarak savunma sanayisinde \u00e7al\u0131\u015fmay\u0131 se\u00e7ti\u011finiz i\u00e7in \u00e7ok mutluyum. Burada yapt\u0131\u011f\u0131n\u0131z her \u015fey T\u00fcrkiye&#8217;nin g\u00fcvenli\u011fini sa\u011flamaya yard\u0131mc\u0131 oluyor, ayn\u0131 zamanda T\u00fcrkiye&#8217;yi son derece de\u011ferli bir m\u00fcttefik olarak g\u00f6ren \u00fclkelerin g\u00fcvenli\u011fini de koruyor.&#8221;<\/p>\n\n\n\n<p>NATO Genel Sekreteri, &#8220;T\u00fcrkiye bir savunma sanayisi devrimi ya\u015fad\u0131.&#8221; diyerek ASELSAN&#8217;\u0131n bu devrimin \u00f6n saflar\u0131nda yer ald\u0131\u011f\u0131na dikkati \u00e7ekti.<\/p>\n\n\n\n<p>Bu gayretin s\u00fcrd\u00fcr\u00fclmesinin, daha fazla ve h\u0131zl\u0131 \u00fcretim yap\u0131lmas\u0131n\u0131n \u00f6nemine dikkati \u00e7eken Rutte; Rusya, \u00c7in ve \u0130ran\u2019la ilgili &#8220;b\u00fcy\u00fck tehlikelerle kar\u015f\u0131 kar\u015f\u0131ya olduklar\u0131&#8221; de\u011ferlendirmesinde bulundu.<\/p>\n\n\n\n<p>Rutte, NATO&#8217;nun \u0130ran&#8217;dan ate\u015flenen ve T\u00fcrk hava sahas\u0131na giren balistik m\u00fchimmat\u0131 ba\u015far\u0131yla durdurdu\u011funu hat\u0131rlatarak &#8220;NATO bu t\u00fcr tehditlere kar\u015f\u0131 haz\u0131rl\u0131kl\u0131d\u0131r ve T\u00fcrkiye\u2019yi ve t\u00fcm m\u00fcttefiklerini savunmak i\u00e7in her zaman gerekli olan\u0131 yapacakt\u0131r.&#8221; ifadesini kulland\u0131.<\/p>\n\n\n\n<p>Avrupa ve Kuzey Amerika&#8217;da 1 milyar insan\u0131n g\u00fcvenli\u011fini sa\u011flaman\u0131n yaln\u0131zca NATO ve m\u00fcttefik ordular\u0131n g\u00f6revi olmad\u0131\u011f\u0131n\u0131 s\u00f6yleyen NATO Genel Sekreteri, &#8220;Sekt\u00f6r\u00fcn de bu konuda bir sorumlulu\u011fu var. NATO&#8217;daki siyasi liderlerimiz savunma harcamalar\u0131n\u0131 art\u0131rma taahh\u00fcd\u00fcnde bulundular ve \u015fu anda savunma sekt\u00f6r\u00fcne ger\u00e7ekten de daha fazla kaynak aktar\u0131l\u0131yor, bu harika bir geli\u015fme.&#8221; dedi.<\/p>\n\n\n\n<p>Rutte, ASELSAN&#8217;da &#8220;\u00e7\u0131\u011f\u0131r a\u00e7an&#8221; teknolojiler geli\u015ftirildi\u011fini belirterek, \u015f\u00f6yle devam etti:<\/p>\n\n\n\n<p>&#8220;Ben bunu T\u00fcrkiye genelinde bir savunma sanayisi \u00fcss\u00fc olarak g\u00f6r\u00fcyorum. Bu yeteneklerin \u00e7o\u011funu bu \u015fekilde ger\u00e7ekle\u015ftiriyorsunuz ve bizim ihtiyac\u0131m\u0131z olan da budur. Ayr\u0131ca Avrupa ve Kuzey Amerika genelinde, kelimenin tam anlam\u0131yla Alaska&#8217;dan Ankara&#8217;ya kadar uzanan bir savunma sanayisine ihtiyac\u0131m\u0131z var. Birlikte \u00fcretmeye, birlikte yenilikler yapmaya ve birbirimizden al\u0131m yapmaya devam etmeliyiz.&#8221;<\/p>\n\n\n\n<p>NATO Genel Sekreteri, ASELSAN&#8217;\u0131n Polonya, Arnavutluk, Romanya ve H\u0131rvatistan&#8217;la olan faaliyetlerini hat\u0131rlatarak &#8220;Bu y\u00fczden, t\u00fcm bunlar\u0131 m\u00fcmk\u00fcn k\u0131lan siz gen\u00e7 m\u00fchendislere hitap etmekten mutluluk duyuyorum.&#8221; diye konu\u015ftu.<\/p>\n\n\n\n<p>T\u00fcm \u015firketlerin gen\u00e7leri b\u00fcnyelerine katmak i\u00e7in ad\u0131m atmas\u0131 gerekti\u011fine i\u015faret eden Rutte, \u015funlar\u0131 kaydetti:<\/p>\n\n\n\n<p>&#8220;Dolay\u0131s\u0131yla h\u00fck\u00fcmetler ve \u015firketler, t\u00fcm bunlar\u0131n m\u00fcmk\u00fcn olabilmesi i\u00e7in e\u011fitime ve mesleki geli\u015fime yat\u0131r\u0131m yapmal\u0131d\u0131r ve sizler, gen\u00e7lerin kolektif g\u00fcvenli\u011fimize nas\u0131l katk\u0131da bulundu\u011funun parlak bir \u00f6rne\u011fisiniz. Transatlantik sanayi i\u015fletmeleri, ekonominiz ve her \u015feyden \u00f6nce sizin, dolay\u0131s\u0131yla da hepimizin ortak g\u00fcvenli\u011fi i\u00e7in b\u00fcy\u00fck faydalar sa\u011fl\u0131yor. Bu, ileriye d\u00f6n\u00fck ba\u015far\u0131l\u0131 bir yol ve Ankara Zirvesi\u2019nin (NATO Zirvesi) temel \u00f6nceli\u011fidir.&#8221;<\/p>","protected":false},"excerpt":{"rendered":"<p>NATO Genel Sekreteri Mark Rutte, Ankara\u2019daki ASELSAN ziyaretinde T\u00fcrkiye\u2019nin savunma sanayisinde \u00f6nemli bir d\u00f6n\u00fc\u015f\u00fcm ya\u015fad\u0131\u011f\u0131n\u0131 belirterek, \u00fcretimin art\u0131r\u0131lmas\u0131 ve yenilik\u00e7ili\u011fin NATO\u2019nun \u00f6ncelikleri aras\u0131nda oldu\u011funu s\u00f6yledi. NATO Genel Sekreteri Mark Rutte, savunma sanayisinde \u00fcretimin \u00f6nemine i\u015faret ederek &#8220;\u00c7\u00fcnk\u00fc daha iyisini ve daha fazlas\u0131n\u0131 yapmal\u0131y\u0131z. Bu konuda T\u00fcrkiye\u2019nin yapt\u0131klar\u0131ndan \u00e7ok \u015fey \u00f6\u011frenebiliriz. Buna ihtiya\u00e7 var \u00e7\u00fcnk\u00fc tehlikeli [&hellip;]<\/p>","protected":false},"author":1,"featured_media":19543,"comment_status":"open","ping_status":"open","sticky":false,"template":"","format":"standard","meta":{"om_disable_all_campaigns":false,"_monsterinsights_skip_tracking":false,"_monsterinsights_sitenote_active":false,"_monsterinsights_sitenote_note":"","_monsterinsights_sitenote_category":0,"_uf_show_specific_survey":0,"_uf_disable_surveys":false,"footnotes":"","jetpack_publicize_message":"","jetpack_publicize_feature_enabled":true,"jetpack_social_post_already_shared":true,"jetpack_social_options":{"image_generator_settings":{"template":"highway","default_image_id":0,"font":"","enabled":false},"version":2}},"categories":[85],"tags":[],"class_list":{"0":"post-39322","1":"post","2":"type-post","3":"status-publish","4":"format-standard","5":"has-post-thumbnail","7":"category-dunya"},"yoast_head":"<!-- This site is optimized with the Yoast SEO plugin v23.8 - https:\/\/yoast.com\/wordpress\/plugins\/seo\/ -->\n<title>Mark Rutte: T\u00fcrkiye\u2019nin savunma sanayisinden \u00e7ok \u015fey \u00f6\u011frenebiliriz - NETBAKIS<\/title>\n<meta name=\"robots\" content=\"index, follow, max-snippet:-1, max-image-preview:large, max-video-preview:-1\" \/>\n<link rel=\"canonical\" href=\"https:\/\/netbakis.net\/tr\/39322\/\" \/>\n<meta property=\"og:locale\" content=\"tr_TR\" \/>\n<meta property=\"og:type\" content=\"article\" \/>\n<meta property=\"og:title\" content=\"Mark Rutte: T\u00fcrkiye\u2019nin savunma sanayisinden \u00e7ok \u015fey \u00f6\u011frenebiliriz - NETBAKIS\" \/>\n<meta property=\"og:description\" content=\"NATO Genel Sekreteri Mark Rutte, Ankara\u2019daki ASELSAN ziyaretinde T\u00fcrkiye\u2019nin savunma sanayisinde \u00f6nemli bir d\u00f6n\u00fc\u015f\u00fcm ya\u015fad\u0131\u011f\u0131n\u0131 belirterek, \u00fcretimin art\u0131r\u0131lmas\u0131 ve yenilik\u00e7ili\u011fin NATO\u2019nun \u00f6ncelikleri aras\u0131nda oldu\u011funu s\u00f6yledi. NATO Genel Sekreteri Mark Rutte, savunma sanayisinde \u00fcretimin \u00f6nemine i\u015faret ederek &#8220;\u00c7\u00fcnk\u00fc daha iyisini ve daha fazlas\u0131n\u0131 yapmal\u0131y\u0131z. Bu konuda T\u00fcrkiye\u2019nin yapt\u0131klar\u0131ndan \u00e7ok \u015fey \u00f6\u011frenebiliriz. Buna ihtiya\u00e7 var \u00e7\u00fcnk\u00fc tehlikeli [&hellip;]\" \/>\n<meta property=\"og:url\" content=\"https:\/\/netbakis.net\/tr\/39322\/\" \/>\n<meta property=\"og:site_name\" content=\"NETBAKIS\" \/>\n<meta property=\"article:published_time\" content=\"2026-04-22T14:18:54+00:00\" \/>\n<meta property=\"article:modified_time\" content=\"2026-04-22T14:18:56+00:00\" \/>\n<meta property=\"og:image\" content=\"https:\/\/netbakis.net\/wp-content\/uploads\/2024\/10\/671911b1266802cd351bd408.webp\" \/>\n\t<meta property=\"og:image:width\" content=\"750\" \/>\n\t<meta property=\"og:image:height\" content=\"422\" \/>\n\t<meta property=\"og:image:type\" content=\"image\/webp\" \/>\n<meta name=\"author\" content=\"netbakis.net\" \/>\n<meta name=\"twitter:card\" content=\"summary_large_image\" \/>\n<meta name=\"twitter:label1\" content=\"Yazan:\" \/>\n\t<meta name=\"twitter:data1\" content=\"netbakis.net\" \/>\n\t<meta name=\"twitter:label2\" content=\"Tahmini okuma s\u00fcresi\" \/>\n\t<meta name=\"twitter:data2\" content=\"3 dakika\" \/>\n<script type=\"application\/ld+json\" class=\"yoast-schema-graph\">{\"@context\":\"https:\/\/schema.org\",\"@graph\":[{\"@type\":\"WebPage\",\"@id\":\"https:\/\/netbakis.net\/39322\/\",\"url\":\"https:\/\/netbakis.net\/39322\/\",\"name\":\"Mark Rutte: T\u00fcrkiye\u2019nin savunma sanayisinden \u00e7ok \u015fey \u00f6\u011frenebiliriz - NETBAKIS\",\"isPartOf\":{\"@id\":\"https:\/\/netbakis.net\/#website\"},\"primaryImageOfPage\":{\"@id\":\"https:\/\/netbakis.net\/39322\/#primaryimage\"},\"image\":{\"@id\":\"https:\/\/netbakis.net\/39322\/#primaryimage\"},\"thumbnailUrl\":\"https:\/\/netbakis.net\/wp-content\/uploads\/2024\/10\/671911b1266802cd351bd408.webp\",\"datePublished\":\"2026-04-22T14:18:54+00:00\",\"dateModified\":\"2026-04-22T14:18:56+00:00\",\"author\":{\"@id\":\"https:\/\/netbakis.net\/#\/schema\/person\/5d9b5c3f48ca4a3c69967d619fc8c7f4\"},\"breadcrumb\":{\"@id\":\"https:\/\/netbakis.net\/39322\/#breadcrumb\"},\"inLanguage\":\"tr\",\"potentialAction\":[{\"@type\":\"ReadAction\",\"target\":[\"https:\/\/netbakis.net\/39322\/\"]}]},{\"@type\":\"ImageObject\",\"inLanguage\":\"tr\",\"@id\":\"https:\/\/netbakis.net\/39322\/#primaryimage\",\"url\":\"https:\/\/netbakis.net\/wp-content\/uploads\/2024\/10\/671911b1266802cd351bd408.webp\",\"contentUrl\":\"https:\/\/netbakis.net\/wp-content\/uploads\/2024\/10\/671911b1266802cd351bd408.webp\",\"width\":750,\"height\":422,\"caption\":\"NATO Genel Sekreteri Rutte: M\u00fcttefikimiz T\u00fcrkiye'nin yan\u0131nday\u0131z\"},{\"@type\":\"BreadcrumbList\",\"@id\":\"https:\/\/netbakis.net\/39322\/#breadcrumb\",\"itemListElement\":[{\"@type\":\"ListItem\",\"position\":1,\"name\":\"Home\",\"item\":\"https:\/\/netbakis.net\/\"},{\"@type\":\"ListItem\",\"position\":2,\"name\":\"Mark Rutte: T\u00fcrkiye\u2019nin savunma sanayisinden \u00e7ok \u015fey \u00f6\u011frenebiliriz\"}]},{\"@type\":\"WebSite\",\"@id\":\"https:\/\/netbakis.net\/#website\",\"url\":\"https:\/\/netbakis.net\/\",\"name\":\"NETBAKIS\",\"description\":\"SON DAKIKA\",\"potentialAction\":[{\"@type\":\"SearchAction\",\"target\":{\"@type\":\"EntryPoint\",\"urlTemplate\":\"https:\/\/netbakis.net\/?s={search_term_string}\"},\"query-input\":{\"@type\":\"PropertyValueSpecification\",\"valueRequired\":true,\"valueName\":\"search_term_string\"}}],\"inLanguage\":\"tr\"},{\"@type\":\"Person\",\"@id\":\"https:\/\/netbakis.net\/#\/schema\/person\/5d9b5c3f48ca4a3c69967d619fc8c7f4\",\"name\":\"netbakis.net\",\"image\":{\"@type\":\"ImageObject\",\"inLanguage\":\"tr\",\"@id\":\"https:\/\/netbakis.net\/#\/schema\/person\/image\/\",\"url\":\"https:\/\/secure.gravatar.com\/avatar\/4ddeae49d2d3e3568a8d5b0937642efdf0b72468dbe3f213bc1978faa47af0d1?s=96&d=wp_user_avatar&r=g\",\"contentUrl\":\"https:\/\/secure.gravatar.com\/avatar\/4ddeae49d2d3e3568a8d5b0937642efdf0b72468dbe3f213bc1978faa47af0d1?s=96&d=wp_user_avatar&r=g\",\"caption\":\"netbakis.net\"},\"sameAs\":[\"https:\/\/netbakis.net\"],\"url\":\"https:\/\/netbakis.net\/tr\/author\/netbakis-net\/\"}]}<\/script>\n<!-- \/ Yoast SEO plugin. -->","yoast_head_json":{"title":"Mark Rutte: T\u00fcrkiye\u2019nin savunma sanayisinden \u00e7ok \u015fey \u00f6\u011frenebiliriz - NETBAKIS","robots":{"index":"index","follow":"follow","max-snippet":"max-snippet:-1","max-image-preview":"max-image-preview:large","max-video-preview":"max-video-preview:-1"},"canonical":"https:\/\/netbakis.net\/tr\/39322\/","og_locale":"tr_TR","og_type":"article","og_title":"Mark Rutte: T\u00fcrkiye\u2019nin savunma sanayisinden \u00e7ok \u015fey \u00f6\u011frenebiliriz - NETBAKIS","og_description":"NATO Genel Sekreteri Mark Rutte, Ankara\u2019daki ASELSAN ziyaretinde T\u00fcrkiye\u2019nin savunma sanayisinde \u00f6nemli bir d\u00f6n\u00fc\u015f\u00fcm ya\u015fad\u0131\u011f\u0131n\u0131 belirterek, \u00fcretimin art\u0131r\u0131lmas\u0131 ve yenilik\u00e7ili\u011fin NATO\u2019nun \u00f6ncelikleri aras\u0131nda oldu\u011funu s\u00f6yledi. NATO Genel Sekreteri Mark Rutte, savunma sanayisinde \u00fcretimin \u00f6nemine i\u015faret ederek &#8220;\u00c7\u00fcnk\u00fc daha iyisini ve daha fazlas\u0131n\u0131 yapmal\u0131y\u0131z. Bu konuda T\u00fcrkiye\u2019nin yapt\u0131klar\u0131ndan \u00e7ok \u015fey \u00f6\u011frenebiliriz. Buna ihtiya\u00e7 var \u00e7\u00fcnk\u00fc tehlikeli [&hellip;]","og_url":"https:\/\/netbakis.net\/tr\/39322\/","og_site_name":"NETBAKIS","article_published_time":"2026-04-22T14:18:54+00:00","article_modified_time":"2026-04-22T14:18:56+00:00","og_image":[{"width":750,"height":422,"url":"https:\/\/netbakis.net\/wp-content\/uploads\/2024\/10\/671911b1266802cd351bd408.webp","type":"image\/webp"}],"author":"netbakis.net","twitter_card":"summary_large_image","twitter_misc":{"Yazan:":"netbakis.net","Tahmini okuma s\u00fcresi":"3 dakika"},"schema":{"@context":"https:\/\/schema.org","@graph":[{"@type":"WebPage","@id":"https:\/\/netbakis.net\/39322\/","url":"https:\/\/netbakis.net\/39322\/","name":"Mark Rutte: T\u00fcrkiye\u2019nin savunma sanayisinden \u00e7ok \u015fey \u00f6\u011frenebiliriz - NETBAKIS","isPartOf":{"@id":"https:\/\/netbakis.net\/#website"},"primaryImageOfPage":{"@id":"https:\/\/netbakis.net\/39322\/#primaryimage"},"image":{"@id":"https:\/\/netbakis.net\/39322\/#primaryimage"},"thumbnailUrl":"https:\/\/netbakis.net\/wp-content\/uploads\/2024\/10\/671911b1266802cd351bd408.webp","datePublished":"2026-04-22T14:18:54+00:00","dateModified":"2026-04-22T14:18:56+00:00","author":{"@id":"https:\/\/netbakis.net\/#\/schema\/person\/5d9b5c3f48ca4a3c69967d619fc8c7f4"},"breadcrumb":{"@id":"https:\/\/netbakis.net\/39322\/#breadcrumb"},"inLanguage":"tr","potentialAction":[{"@type":"ReadAction","target":["https:\/\/netbakis.net\/39322\/"]}]},{"@type":"ImageObject","inLanguage":"tr","@id":"https:\/\/netbakis.net\/39322\/#primaryimage","url":"https:\/\/netbakis.net\/wp-content\/uploads\/2024\/10\/671911b1266802cd351bd408.webp","contentUrl":"https:\/\/netbakis.net\/wp-content\/uploads\/2024\/10\/671911b1266802cd351bd408.webp","width":750,"height":422,"caption":"NATO Genel Sekreteri Rutte: M\u00fcttefikimiz T\u00fcrkiye'nin yan\u0131nday\u0131z"},{"@type":"BreadcrumbList","@id":"https:\/\/netbakis.net\/39322\/#breadcrumb","itemListElement":[{"@type":"ListItem","position":1,"name":"Home","item":"https:\/\/netbakis.net\/"},{"@type":"ListItem","position":2,"name":"Mark Rutte: T\u00fcrkiye\u2019nin savunma sanayisinden \u00e7ok \u015fey \u00f6\u011frenebiliriz"}]},{"@type":"WebSite","@id":"https:\/\/netbakis.net\/#website","url":"https:\/\/netbakis.net\/","name":"NETBAKIS","description":"SON DAKIKA","potentialAction":[{"@type":"SearchAction","target":{"@type":"EntryPoint","urlTemplate":"https:\/\/netbakis.net\/?s={search_term_string}"},"query-input":{"@type":"PropertyValueSpecification","valueRequired":true,"valueName":"search_term_string"}}],"inLanguage":"tr"},{"@type":"Person","@id":"https:\/\/netbakis.net\/#\/schema\/person\/5d9b5c3f48ca4a3c69967d619fc8c7f4","name":"netbakis.net","image":{"@type":"ImageObject","inLanguage":"tr","@id":"https:\/\/netbakis.net\/#\/schema\/person\/image\/","url":"https:\/\/secure.gravatar.com\/avatar\/4ddeae49d2d3e3568a8d5b0937642efdf0b72468dbe3f213bc1978faa47af0d1?s=96&d=wp_user_avatar&r=g","contentUrl":"https:\/\/secure.gravatar.com\/avatar\/4ddeae49d2d3e3568a8d5b0937642efdf0b72468dbe3f213bc1978faa47af0d1?s=96&d=wp_user_avatar&r=g","caption":"netbakis.net"},"sameAs":["https:\/\/netbakis.net"],"url":"https:\/\/netbakis.net\/tr\/author\/netbakis-net\/"}]}},"jetpack_publicize_connections":[],"_links":{"self":[{"href":"https:\/\/netbakis.net\/tr\/wp-json\/wp\/v2\/posts\/39322","targetHints":{"allow":["GET"]}}],"collection":[{"href":"https:\/\/netbakis.net\/tr\/wp-json\/wp\/v2\/posts"}],"about":[{"href":"https:\/\/netbakis.net\/tr\/wp-json\/wp\/v2\/types\/post"}],"author":[{"embeddable":true,"href":"https:\/\/netbakis.net\/tr\/wp-json\/wp\/v2\/users\/1"}],"replies":[{"embeddable":true,"href":"https:\/\/netbakis.net\/tr\/wp-json\/wp\/v2\/comments?post=39322"}],"version-history":[{"count":1,"href":"https:\/\/netbakis.net\/tr\/wp-json\/wp\/v2\/posts\/39322\/revisions"}],"predecessor-version":[{"id":39323,"href":"https:\/\/netbakis.net\/tr\/wp-json\/wp\/v2\/posts\/39322\/revisions\/39323"}],"wp:featuredmedia":[{"embeddable":true,"href":"https:\/\/netbakis.net\/tr\/wp-json\/wp\/v2\/media\/19543"}],"wp:attachment":[{"href":"https:\/\/netbakis.net\/tr\/wp-json\/wp\/v2\/media?parent=39322"}],"wp:term":[{"taxonomy":"category","embeddable":true,"href":"https:\/\/netbakis.net\/tr\/wp-json\/wp\/v2\/categories?post=39322"},{"taxonomy":"post_tag","embeddable":true,"href":"https:\/\/netbakis.net\/tr\/wp-json\/wp\/v2\/tags?post=39322"}],"curies":[{"name":"wp","href":"https:\/\/api.w.org\/{rel}","templated":true}]}}