{"id":39317,"date":"2026-04-22T14:17:31","date_gmt":"2026-04-22T14:17:31","guid":{"rendered":"https:\/\/netbakis.net\/?p=39317"},"modified":"2026-04-22T14:17:33","modified_gmt":"2026-04-22T14:17:33","slug":"recep-tayyip-erdogan-nato-genel-sekreteri-mark-rutteyi-kabul-etti","status":"publish","type":"post","link":"https:\/\/netbakis.net\/tr\/39317\/","title":{"rendered":"Recep Tayyip Erdo\u011fan, NATO Genel Sekreteri Mark Rutte\u2019yi kabul etti"},"content":{"rendered":"<p>T\u00fcrkiye Cumhurba\u015fkan\u0131 Recep Tayyip Erdo\u011fan, NATO Genel Sekreteri Mark Rutte\u2019yi Cumhurba\u015fkanl\u0131\u011f\u0131 K\u00fclliyesi\u2019nde kabul etti. G\u00f6r\u00fc\u015fme bas\u0131na kapal\u0131 ger\u00e7ekle\u015fti.<br><br>T\u00fcrkiye Cumhurba\u015fkan\u0131 Recep Tayyip Erdo\u011fan, NATO Genel Sekreteri Mark Rutte&#8217;yi kabul etti.<\/p>\n\n\n\n<p>T\u00fcrkiye Cumhuriyeti Cumhurba\u015fkanl\u0131\u011f\u0131 K\u00fclliyesi&#8217;ndeki kabul, bas\u0131na kapal\u0131 ger\u00e7ekle\u015fti.<\/p>\n\n\n\n<p>Kabulde, T\u00fcrkiye\u2019nin D\u0131\u015fi\u015fleri Bakan\u0131 Hakan Fidan, Milli Savunma Bakan\u0131 Ya\u015far G\u00fcler ve Cumhurba\u015fkan\u0131 D\u0131\u015f Politika ve G\u00fcvenlik Ba\u015fdan\u0131\u015fman\u0131 Akif \u00c7a\u011fatay K\u0131l\u0131\u00e7 da haz\u0131r bulundu.<\/p>","protected":false},"excerpt":{"rendered":"<p>T\u00fcrkiye Cumhurba\u015fkan\u0131 Recep Tayyip Erdo\u011fan, NATO Genel Sekreteri Mark Rutte\u2019yi Cumhurba\u015fkanl\u0131\u011f\u0131 K\u00fclliyesi\u2019nde kabul etti. G\u00f6r\u00fc\u015fme bas\u0131na kapal\u0131 ger\u00e7ekle\u015fti. T\u00fcrkiye Cumhurba\u015fkan\u0131 Recep Tayyip Erdo\u011fan, NATO Genel Sekreteri Mark Rutte&#8217;yi kabul etti. T\u00fcrkiye Cumhuriyeti Cumhurba\u015fkanl\u0131\u011f\u0131 K\u00fclliyesi&#8217;ndeki kabul, bas\u0131na kapal\u0131 ger\u00e7ekle\u015fti. Kabulde, T\u00fcrkiye\u2019nin D\u0131\u015fi\u015fleri Bakan\u0131 Hakan Fidan, Milli Savunma Bakan\u0131 Ya\u015far G\u00fcler ve Cumhurba\u015fkan\u0131 D\u0131\u015f Politika ve G\u00fcvenlik [&hellip;]<\/p>","protected":false},"author":1,"featured_media":39318,"comment_status":"open","ping_status":"open","sticky":false,"template":"","format":"standard","meta":{"om_disable_all_campaigns":false,"_monsterinsights_skip_tracking":false,"_monsterinsights_sitenote_active":false,"_monsterinsights_sitenote_note":"","_monsterinsights_sitenote_category":0,"_uf_show_specific_survey":0,"_uf_disable_surveys":false,"footnotes":"","jetpack_publicize_message":"","jetpack_publicize_feature_enabled":true,"jetpack_social_post_already_shared":true,"jetpack_social_options":{"image_generator_settings":{"template":"highway","default_image_id":0,"font":"","enabled":false},"version":2}},"categories":[83],"tags":[],"class_list":{"0":"post-39317","1":"post","2":"type-post","3":"status-publish","4":"format-standard","5":"has-post-thumbnail","7":"category-turkiye"},"yoast_head":"<!-- This site is optimized with the Yoast SEO plugin v23.8 - https:\/\/yoast.com\/wordpress\/plugins\/seo\/ -->\n<title>Recep Tayyip Erdo\u011fan, NATO Genel Sekreteri Mark Rutte\u2019yi kabul etti - NETBAKIS<\/title>\n<meta name=\"robots\" content=\"index, follow, max-snippet:-1, max-image-preview:large, max-video-preview:-1\" \/>\n<link rel=\"canonical\" href=\"https:\/\/netbakis.net\/tr\/39317\/\" \/>\n<meta property=\"og:locale\" content=\"tr_TR\" \/>\n<meta property=\"og:type\" content=\"article\" \/>\n<meta property=\"og:title\" content=\"Recep Tayyip Erdo\u011fan, NATO Genel Sekreteri Mark Rutte\u2019yi kabul etti - NETBAKIS\" \/>\n<meta property=\"og:description\" content=\"T\u00fcrkiye Cumhurba\u015fkan\u0131 Recep Tayyip Erdo\u011fan, NATO Genel Sekreteri Mark Rutte\u2019yi Cumhurba\u015fkanl\u0131\u011f\u0131 K\u00fclliyesi\u2019nde kabul etti. G\u00f6r\u00fc\u015fme bas\u0131na kapal\u0131 ger\u00e7ekle\u015fti. T\u00fcrkiye Cumhurba\u015fkan\u0131 Recep Tayyip Erdo\u011fan, NATO Genel Sekreteri Mark Rutte&#8217;yi kabul etti. T\u00fcrkiye Cumhuriyeti Cumhurba\u015fkanl\u0131\u011f\u0131 K\u00fclliyesi&#8217;ndeki kabul, bas\u0131na kapal\u0131 ger\u00e7ekle\u015fti. Kabulde, T\u00fcrkiye\u2019nin D\u0131\u015fi\u015fleri Bakan\u0131 Hakan Fidan, Milli Savunma Bakan\u0131 Ya\u015far G\u00fcler ve Cumhurba\u015fkan\u0131 D\u0131\u015f Politika ve G\u00fcvenlik [&hellip;]\" \/>\n<meta property=\"og:url\" content=\"https:\/\/netbakis.net\/tr\/39317\/\" \/>\n<meta property=\"og:site_name\" content=\"NETBAKIS\" \/>\n<meta property=\"article:published_time\" content=\"2026-04-22T14:17:31+00:00\" \/>\n<meta property=\"article:modified_time\" content=\"2026-04-22T14:17:33+00:00\" \/>\n<meta property=\"og:image\" content=\"https:\/\/netbakis.net\/wp-content\/uploads\/2026\/04\/v2normalhaberboyutuablonsuzkopyas-2026-04-22t162512017_1776864421.webp\" \/>\n\t<meta property=\"og:image:width\" content=\"971\" \/>\n\t<meta property=\"og:image:height\" content=\"551\" \/>\n\t<meta property=\"og:image:type\" content=\"image\/webp\" \/>\n<meta name=\"author\" content=\"netbakis.net\" \/>\n<meta name=\"twitter:card\" content=\"summary_large_image\" \/>\n<meta name=\"twitter:label1\" content=\"Yazan:\" \/>\n\t<meta name=\"twitter:data1\" content=\"netbakis.net\" \/>\n\t<meta name=\"twitter:label2\" content=\"Tahmini okuma s\u00fcresi\" \/>\n\t<meta name=\"twitter:data2\" content=\"1 dakika\" \/>\n<script type=\"application\/ld+json\" class=\"yoast-schema-graph\">{\"@context\":\"https:\/\/schema.org\",\"@graph\":[{\"@type\":\"WebPage\",\"@id\":\"https:\/\/netbakis.net\/39317\/\",\"url\":\"https:\/\/netbakis.net\/39317\/\",\"name\":\"Recep Tayyip Erdo\u011fan, NATO Genel Sekreteri Mark Rutte\u2019yi kabul etti - NETBAKIS\",\"isPartOf\":{\"@id\":\"https:\/\/netbakis.net\/#website\"},\"primaryImageOfPage\":{\"@id\":\"https:\/\/netbakis.net\/39317\/#primaryimage\"},\"image\":{\"@id\":\"https:\/\/netbakis.net\/39317\/#primaryimage\"},\"thumbnailUrl\":\"https:\/\/netbakis.net\/wp-content\/uploads\/2026\/04\/v2normalhaberboyutuablonsuzkopyas-2026-04-22t162512017_1776864421.webp\",\"datePublished\":\"2026-04-22T14:17:31+00:00\",\"dateModified\":\"2026-04-22T14:17:33+00:00\",\"author\":{\"@id\":\"https:\/\/netbakis.net\/#\/schema\/person\/5d9b5c3f48ca4a3c69967d619fc8c7f4\"},\"breadcrumb\":{\"@id\":\"https:\/\/netbakis.net\/39317\/#breadcrumb\"},\"inLanguage\":\"tr\",\"potentialAction\":[{\"@type\":\"ReadAction\",\"target\":[\"https:\/\/netbakis.net\/39317\/\"]}]},{\"@type\":\"ImageObject\",\"inLanguage\":\"tr\",\"@id\":\"https:\/\/netbakis.net\/39317\/#primaryimage\",\"url\":\"https:\/\/netbakis.net\/wp-content\/uploads\/2026\/04\/v2normalhaberboyutuablonsuzkopyas-2026-04-22t162512017_1776864421.webp\",\"contentUrl\":\"https:\/\/netbakis.net\/wp-content\/uploads\/2026\/04\/v2normalhaberboyutuablonsuzkopyas-2026-04-22t162512017_1776864421.webp\",\"width\":971,\"height\":551},{\"@type\":\"BreadcrumbList\",\"@id\":\"https:\/\/netbakis.net\/39317\/#breadcrumb\",\"itemListElement\":[{\"@type\":\"ListItem\",\"position\":1,\"name\":\"Home\",\"item\":\"https:\/\/netbakis.net\/\"},{\"@type\":\"ListItem\",\"position\":2,\"name\":\"Recep Tayyip Erdo\u011fan, NATO Genel Sekreteri Mark Rutte\u2019yi kabul etti\"}]},{\"@type\":\"WebSite\",\"@id\":\"https:\/\/netbakis.net\/#website\",\"url\":\"https:\/\/netbakis.net\/\",\"name\":\"NETBAKIS\",\"description\":\"SON DAKIKA\",\"potentialAction\":[{\"@type\":\"SearchAction\",\"target\":{\"@type\":\"EntryPoint\",\"urlTemplate\":\"https:\/\/netbakis.net\/?s={search_term_string}\"},\"query-input\":{\"@type\":\"PropertyValueSpecification\",\"valueRequired\":true,\"valueName\":\"search_term_string\"}}],\"inLanguage\":\"tr\"},{\"@type\":\"Person\",\"@id\":\"https:\/\/netbakis.net\/#\/schema\/person\/5d9b5c3f48ca4a3c69967d619fc8c7f4\",\"name\":\"netbakis.net\",\"image\":{\"@type\":\"ImageObject\",\"inLanguage\":\"tr\",\"@id\":\"https:\/\/netbakis.net\/#\/schema\/person\/image\/\",\"url\":\"https:\/\/secure.gravatar.com\/avatar\/4ddeae49d2d3e3568a8d5b0937642efdf0b72468dbe3f213bc1978faa47af0d1?s=96&d=wp_user_avatar&r=g\",\"contentUrl\":\"https:\/\/secure.gravatar.com\/avatar\/4ddeae49d2d3e3568a8d5b0937642efdf0b72468dbe3f213bc1978faa47af0d1?s=96&d=wp_user_avatar&r=g\",\"caption\":\"netbakis.net\"},\"sameAs\":[\"https:\/\/netbakis.net\"],\"url\":\"https:\/\/netbakis.net\/tr\/author\/netbakis-net\/\"}]}<\/script>\n<!-- \/ Yoast SEO plugin. -->","yoast_head_json":{"title":"Recep Tayyip Erdo\u011fan, NATO Genel Sekreteri Mark Rutte\u2019yi kabul etti - NETBAKIS","robots":{"index":"index","follow":"follow","max-snippet":"max-snippet:-1","max-image-preview":"max-image-preview:large","max-video-preview":"max-video-preview:-1"},"canonical":"https:\/\/netbakis.net\/tr\/39317\/","og_locale":"tr_TR","og_type":"article","og_title":"Recep Tayyip Erdo\u011fan, NATO Genel Sekreteri Mark Rutte\u2019yi kabul etti - NETBAKIS","og_description":"T\u00fcrkiye Cumhurba\u015fkan\u0131 Recep Tayyip Erdo\u011fan, NATO Genel Sekreteri Mark Rutte\u2019yi Cumhurba\u015fkanl\u0131\u011f\u0131 K\u00fclliyesi\u2019nde kabul etti. G\u00f6r\u00fc\u015fme bas\u0131na kapal\u0131 ger\u00e7ekle\u015fti. T\u00fcrkiye Cumhurba\u015fkan\u0131 Recep Tayyip Erdo\u011fan, NATO Genel Sekreteri Mark Rutte&#8217;yi kabul etti. T\u00fcrkiye Cumhuriyeti Cumhurba\u015fkanl\u0131\u011f\u0131 K\u00fclliyesi&#8217;ndeki kabul, bas\u0131na kapal\u0131 ger\u00e7ekle\u015fti. Kabulde, T\u00fcrkiye\u2019nin D\u0131\u015fi\u015fleri Bakan\u0131 Hakan Fidan, Milli Savunma Bakan\u0131 Ya\u015far G\u00fcler ve Cumhurba\u015fkan\u0131 D\u0131\u015f Politika ve G\u00fcvenlik [&hellip;]","og_url":"https:\/\/netbakis.net\/tr\/39317\/","og_site_name":"NETBAKIS","article_published_time":"2026-04-22T14:17:31+00:00","article_modified_time":"2026-04-22T14:17:33+00:00","og_image":[{"width":971,"height":551,"url":"https:\/\/netbakis.net\/wp-content\/uploads\/2026\/04\/v2normalhaberboyutuablonsuzkopyas-2026-04-22t162512017_1776864421.webp","type":"image\/webp"}],"author":"netbakis.net","twitter_card":"summary_large_image","twitter_misc":{"Yazan:":"netbakis.net","Tahmini okuma s\u00fcresi":"1 dakika"},"schema":{"@context":"https:\/\/schema.org","@graph":[{"@type":"WebPage","@id":"https:\/\/netbakis.net\/39317\/","url":"https:\/\/netbakis.net\/39317\/","name":"Recep Tayyip Erdo\u011fan, NATO Genel Sekreteri Mark Rutte\u2019yi kabul etti - NETBAKIS","isPartOf":{"@id":"https:\/\/netbakis.net\/#website"},"primaryImageOfPage":{"@id":"https:\/\/netbakis.net\/39317\/#primaryimage"},"image":{"@id":"https:\/\/netbakis.net\/39317\/#primaryimage"},"thumbnailUrl":"https:\/\/netbakis.net\/wp-content\/uploads\/2026\/04\/v2normalhaberboyutuablonsuzkopyas-2026-04-22t162512017_1776864421.webp","datePublished":"2026-04-22T14:17:31+00:00","dateModified":"2026-04-22T14:17:33+00:00","author":{"@id":"https:\/\/netbakis.net\/#\/schema\/person\/5d9b5c3f48ca4a3c69967d619fc8c7f4"},"breadcrumb":{"@id":"https:\/\/netbakis.net\/39317\/#breadcrumb"},"inLanguage":"tr","potentialAction":[{"@type":"ReadAction","target":["https:\/\/netbakis.net\/39317\/"]}]},{"@type":"ImageObject","inLanguage":"tr","@id":"https:\/\/netbakis.net\/39317\/#primaryimage","url":"https:\/\/netbakis.net\/wp-content\/uploads\/2026\/04\/v2normalhaberboyutuablonsuzkopyas-2026-04-22t162512017_1776864421.webp","contentUrl":"https:\/\/netbakis.net\/wp-content\/uploads\/2026\/04\/v2normalhaberboyutuablonsuzkopyas-2026-04-22t162512017_1776864421.webp","width":971,"height":551},{"@type":"BreadcrumbList","@id":"https:\/\/netbakis.net\/39317\/#breadcrumb","itemListElement":[{"@type":"ListItem","position":1,"name":"Home","item":"https:\/\/netbakis.net\/"},{"@type":"ListItem","position":2,"name":"Recep Tayyip Erdo\u011fan, NATO Genel Sekreteri Mark Rutte\u2019yi kabul etti"}]},{"@type":"WebSite","@id":"https:\/\/netbakis.net\/#website","url":"https:\/\/netbakis.net\/","name":"NETBAKIS","description":"SON DAKIKA","potentialAction":[{"@type":"SearchAction","target":{"@type":"EntryPoint","urlTemplate":"https:\/\/netbakis.net\/?s={search_term_string}"},"query-input":{"@type":"PropertyValueSpecification","valueRequired":true,"valueName":"search_term_string"}}],"inLanguage":"tr"},{"@type":"Person","@id":"https:\/\/netbakis.net\/#\/schema\/person\/5d9b5c3f48ca4a3c69967d619fc8c7f4","name":"netbakis.net","image":{"@type":"ImageObject","inLanguage":"tr","@id":"https:\/\/netbakis.net\/#\/schema\/person\/image\/","url":"https:\/\/secure.gravatar.com\/avatar\/4ddeae49d2d3e3568a8d5b0937642efdf0b72468dbe3f213bc1978faa47af0d1?s=96&d=wp_user_avatar&r=g","contentUrl":"https:\/\/secure.gravatar.com\/avatar\/4ddeae49d2d3e3568a8d5b0937642efdf0b72468dbe3f213bc1978faa47af0d1?s=96&d=wp_user_avatar&r=g","caption":"netbakis.net"},"sameAs":["https:\/\/netbakis.net"],"url":"https:\/\/netbakis.net\/tr\/author\/netbakis-net\/"}]}},"jetpack_publicize_connections":[],"_links":{"self":[{"href":"https:\/\/netbakis.net\/tr\/wp-json\/wp\/v2\/posts\/39317","targetHints":{"allow":["GET"]}}],"collection":[{"href":"https:\/\/netbakis.net\/tr\/wp-json\/wp\/v2\/posts"}],"about":[{"href":"https:\/\/netbakis.net\/tr\/wp-json\/wp\/v2\/types\/post"}],"author":[{"embeddable":true,"href":"https:\/\/netbakis.net\/tr\/wp-json\/wp\/v2\/users\/1"}],"replies":[{"embeddable":true,"href":"https:\/\/netbakis.net\/tr\/wp-json\/wp\/v2\/comments?post=39317"}],"version-history":[{"count":1,"href":"https:\/\/netbakis.net\/tr\/wp-json\/wp\/v2\/posts\/39317\/revisions"}],"predecessor-version":[{"id":39319,"href":"https:\/\/netbakis.net\/tr\/wp-json\/wp\/v2\/posts\/39317\/revisions\/39319"}],"wp:featuredmedia":[{"embeddable":true,"href":"https:\/\/netbakis.net\/tr\/wp-json\/wp\/v2\/media\/39318"}],"wp:attachment":[{"href":"https:\/\/netbakis.net\/tr\/wp-json\/wp\/v2\/media?parent=39317"}],"wp:term":[{"taxonomy":"category","embeddable":true,"href":"https:\/\/netbakis.net\/tr\/wp-json\/wp\/v2\/categories?post=39317"},{"taxonomy":"post_tag","embeddable":true,"href":"https:\/\/netbakis.net\/tr\/wp-json\/wp\/v2\/tags?post=39317"}],"curies":[{"name":"wp","href":"https:\/\/api.w.org\/{rel}","templated":true}]}}