{"id":39299,"date":"2026-04-21T14:37:03","date_gmt":"2026-04-21T14:37:03","guid":{"rendered":"https:\/\/netbakis.net\/?p=39299"},"modified":"2026-04-21T14:37:05","modified_gmt":"2026-04-21T14:37:05","slug":"oguz-gazimagusanin-gelir-gider-dengesi-reformla-duzeltildi-su-satarak-belediye-baskanligi-yapilmaz","status":"publish","type":"post","link":"https:\/\/netbakis.net\/tr\/39299\/","title":{"rendered":"O\u011fuz: Gazima\u011fusa&#8217;n\u0131n gelir-gider dengesi reformla d\u00fczeltildi; su satarak belediye ba\u015fkanl\u0131\u011f\u0131 yap\u0131lmaz"},"content":{"rendered":"<p>CTP Milletvekili Devrim Bar\u00e7\u0131n, CTP\u2019nin \u201cbat\u0131r\u0131lm\u0131\u015f bir kurumdaki\u201d ekonomik y\u00f6netimine \u00f6rnek olarak Ma\u011fusa Belediyesi\u2019ni g\u00f6stererek ele\u015ftirilerde bulundu. \u0130\u00e7i\u015fleri Bakan\u0131 Dursun O\u011fuz ise iddialara yan\u0131t vererek, Ma\u011fusa Belediyesi\u2019nin bat\u0131r\u0131lmas\u0131 konusunda yasal mevzuata ayk\u0131r\u0131l\u0131k olup olmad\u0131\u011f\u0131n\u0131n sorgulanmas\u0131 gerekti\u011fini, b\u00f6yle bir durum yoksa su\u00e7 isnat edilmemesi gerekti\u011fini s\u00f6yledi. O\u011fuz ayr\u0131ca \u201cSu satarak belediye ba\u015fkanl\u0131\u011f\u0131 yap\u0131lmaz\u201d dedi.<\/p>\n\n\n\n<p>Meclis Genel Kurulu\u2019nda ilk s\u00f6z\u00fc Cumhuriyet\u00e7i T\u00fcrk Partisi (CTP) Milletvekili Devrim Bar\u00e7\u0131n alarak, \u201cKararnameler Anayasal D\u00fczeni Y\u0131kmaya \u00c7al\u0131\u015fan H\u00fck\u00fcmete Kar\u015f\u0131, Hukuk Devletini Savunaca\u011f\u0131z\u201d konulu g\u00fcncel konu\u015fma yapt\u0131.<\/p>\n\n\n\n<p>DEVR\u0130M BAR\u00c7IN<\/p>\n\n\n\n<p>H\u00fck\u00fcmet\u2019in kuruldu\u011fu g\u00fcnden bug\u00fcne kadar, \u201canayasal d\u00fczeni y\u0131kmak i\u00e7in adeta canla ba\u015fla \u00e7al\u0131\u015ft\u0131\u011f\u0131n\u0131\u201d s\u00f6yleyen Devrim Bar\u00e7\u0131n, Yasa G\u00fcc\u00fcnde Kararnameler konusunda y\u00fcr\u00fct\u00fclen politikay\u0131 ele\u015ftirdi. Bar\u00e7\u0131n, bu konuda Anayasa Mahkemesi karar\u0131na i\u015faret etti.<\/p>\n\n\n\n<p>2025 y\u0131l\u0131nda 55 yasa ve 51 Yasa G\u00fcc\u00fcnde Kararname, 2024 y\u0131l\u0131nda ise 65 yasa, 63 Yasa G\u00fcc\u00fcnde Kararname yap\u0131ld\u0131\u011f\u0131n\u0131 anlatan Bar\u00e7\u0131n, 2025 y\u0131l\u0131nda y\u00fcr\u00fcrl\u00fc\u011fe konulan kararnamelerden sadece ikisinin y\u00fcr\u00fcrl\u00fckten kald\u0131r\u0131ld\u0131\u011f\u0131n\u0131 ve birinin yasala\u015ft\u0131\u011f\u0131n\u0131 ifade etti.<\/p>\n\n\n\n<p>Yasa G\u00fcc\u00fcnde Kararname y\u00fcr\u00fcrl\u00fckten kalkt\u0131\u011f\u0131 i\u00e7in Gelir Vergisi Matrahlar\u0131yla ilgili yasan\u0131n ivedili\u011finin al\u0131narak y\u00fcr\u00fcrl\u00fc\u011fe konmas\u0131 gerekti\u011fini ifade eden Bar\u00e7\u0131n, \u00f6zel ve kamu sekt\u00f6r\u00fc \u00e7al\u0131\u015fanlar\u0131n\u0131n, esnaf\u0131n ve i\u015f insanlar\u0131n\u0131n bu durumdan etkilenece\u011fini belirtti.<\/p>\n\n\n\n<p>Yasan\u0131n y\u00fcr\u00fcrl\u00fc\u011fe girmemesi durumunda kamu ve \u00f6zel sekt\u00f6r \u00e7al\u0131\u015fanlar\u0131n\u0131n net maa\u015f miktar\u0131nda kesinti ya\u015fanaca\u011f\u0131n\u0131 belirten Bar\u00e7\u0131n, \u201cAnayasal d\u00fczene darbe nitelikli kararlar \u00fcretiyorsunuz.\u201d dedi. Bar\u00e7\u0131n, vergi indirimi konusunda \u00e7\u0131kar\u0131lan kararnameleri ele\u015ftirerek y\u00fcr\u00fct\u00fclen politikan\u0131n yanl\u0131\u015f oldu\u011funu ifade etti.<\/p>\n\n\n\n<p>Yasa G\u00fcc\u00fcnde Kararnamelerin, 90 g\u00fcn dolmadan tekrar \u00e7\u0131kar\u0131lmas\u0131 uygulamas\u0131n\u0131 da ele\u015ftiren Bar\u00e7\u0131n, \u201cDiktat\u00f6rl\u00fck m\u00fc oras\u0131?\u201d \u015feklinde konu\u015ftu. Sendikalar ve halk\u0131n h\u00fck\u00fcmetin \u201cyolsuzluk, usuls\u00fczl\u00fck, anayasal tan\u0131maz tav\u0131rlarla bat\u0131rd\u0131\u011f\u0131 kamu maliyesinin bedelini \u00f6demeye\u201d isyan etti\u011fini savundu.<\/p>\n\n\n\n<p>\u00dclke ekonomisinde y\u00f6netsel anlamda da s\u0131k\u0131nt\u0131lar ya\u015fand\u0131\u011f\u0131n\u0131 s\u00f6yleyen Bar\u00e7\u0131n, Ba\u015fbakan \u00dcnal \u00dcstel\u2019in, \u201cson bir bu\u00e7uk y\u0131lda akaryak\u0131t zamm\u0131 yap\u0131lmad\u0131\u201d a\u00e7\u0131klamalar\u0131n\u0131n yalan oldu\u011funu s\u00f6yledi. Bar\u00e7\u0131n, \u201c\u00dcnal Bey erkini ve iradesini kaybetmi\u015ftir\u201d dedi.<\/p>\n\n\n\n<p>Bar\u00e7\u0131n, 5 milyar TL i\u00e7 bor\u00e7lanmaya gidildi\u011fini belirterek, geri \u00f6deme tarihinin se\u00e7inden sonra b\u0131rak\u0131laca\u011f\u0131na dikkat \u00e7ekerek ele\u015ftirdi. Maliye Bakanl\u0131\u011f\u0131 taraf\u0131ndan yay\u0131mlanan verilerin yalan oldu\u011funu savunan Bar\u00e7\u0131n, maliyenin art\u0131da olmad\u0131\u011f\u0131n\u0131, 13. maa\u015flar\u0131n 4 y\u0131ld\u0131r Merkez Bankas\u0131\u2019n\u0131n kar pay\u0131 kullan\u0131larak \u00f6dendi\u011fini ifade etti.<\/p>\n\n\n\n<p>Halk\u0131n art\u0131k h\u00fck\u00fcmete g\u00fcvenmedi\u011fini s\u00f6yleyen Bar\u00e7\u0131n, hukukun \u00fcst\u00fcnl\u00fc\u011f\u00fcn\u00fcn de uygulanmad\u0131\u011f\u0131n\u0131 ifade ederek erken se\u00e7im \u00e7a\u011fr\u0131s\u0131 yapt\u0131. CTP\u2019nin \u201cbat\u0131r\u0131lm\u0131\u015f bir kurumdaki\u201d ekonomik y\u00f6netimine \u00f6rnek olarak Ma\u011fusa Belediyesi\u2019ne bak\u0131labilece\u011fini s\u00f6yleyen Bar\u00e7\u0131n, talep etti\u011fi verileri Maliye Bakanl\u0131\u011f\u0131\u2019ndan alamad\u0131\u011f\u0131 i\u00e7in ele\u015ftirilerde bulundu.<\/p>\n\n\n\n<p>Dursun O\u011fuz<\/p>\n\n\n\n<p>\u0130\u00e7i\u015fleri Bakan\u0131 Dursun O\u011fuz, Yasa G\u00fcc\u00fcnde Kararnameler hakk\u0131ndaki mahkeme karar\u0131na uyulaca\u011f\u0131n\u0131 vurgulayarak Bakanl\u0131klarda \u00e7al\u0131\u015fmalar yap\u0131ld\u0131\u011f\u0131n\u0131 s\u00f6yledi. Vergi matrahlar\u0131 hakk\u0131nda toplant\u0131 yap\u0131larak, sorun i\u00e7im \u00e7\u00f6z\u00fcm arand\u0131\u011f\u0131n\u0131 s\u00f6yleyen O\u011fuz, komitede ivedilik al\u0131nmas\u0131yla ilgili \u00e7a\u011fr\u0131n\u0131n g\u00f6r\u00fc\u015f\u00fclece\u011fini kaydetti.<\/p>\n\n\n\n<p>\u00c7al\u0131\u015fanlar\u0131n ve emek\u00e7inin vergiyle ilgili ma\u011fduriyet ya\u015famas\u0131n\u0131 istemediklerini ve Maliye Bakanl\u0131\u011f\u0131\u2019n\u0131n konu \u00fczerinde \u00e7al\u0131\u015ft\u0131\u011f\u0131n\u0131 belirten O\u011fuz, \u201cGereken yap\u0131lacak.\u201d dedi.<\/p>\n\n\n\n<p>\u201cDualar\u0131m\u0131z sava\u015f b\u00f6lgesindeki insanlarla\u201d diyen O\u011fuz, \u00f6nlem ve tedbirlere ra\u011fmen art\u0131\u015f yapmaya mecbur kal\u0131nabilece\u011fini belirtti. Akaryak\u0131t zamlar\u0131n\u0131n b\u00fct\u00e7e a\u00e7\u0131\u011f\u0131n\u0131 kapatmak i\u00e7in yap\u0131ld\u0131\u011f\u0131 iddialar\u0131na i\u015faret eden O\u011fuz, h\u00fck\u00fcmetin fiyat istikrar fonundan, KDV\u2019de ve vergilerden zam yapmamak i\u00e7in vazge\u00e7ti\u011fini vurgulad\u0131.<\/p>\n\n\n\n<p>Tedbir uygulamalar\u0131n\u0131n yap\u0131las\u0131 gerekti\u011fini ve h\u00fck\u00fcmetin gelir kaybetmek ve b\u00fct\u00e7e hedef beklentisinin alt\u0131nda kalmak u\u011fruna zam yapmamaya \u00e7al\u0131\u015ft\u0131\u011f\u0131n\u0131 s\u00f6yledi.<\/p>\n\n\n\n<p>Ma\u011fusa Belediyesi\u2019nin bat\u0131r\u0131lmas\u0131 konusunda yasal mevzuata ayk\u0131r\u0131l\u0131k olup olmad\u0131\u011f\u0131n\u0131 sorgulayan O\u011fuz, b\u00f6yle bir durum yoksa su\u00e7 y\u00f6neltilmemesi gerekti\u011fini belirtti. Belediyelerin talep etti\u011fi su paras\u0131 miktarlar\u0131n\u0131 da ele\u015ftiren O\u011fuz, \u201cSu satarak belediye ba\u015fkanl\u0131\u011f\u0131 yap\u0131lmaz\u201d dedi.<\/p>\n\n\n\n<p>O\u011fuz, belediyelerin gelir-gider dengesinin reformla d\u00fczeltildi\u011fini belirtti.<\/p>","protected":false},"excerpt":{"rendered":"<p>CTP Milletvekili Devrim Bar\u00e7\u0131n, CTP\u2019nin \u201cbat\u0131r\u0131lm\u0131\u015f bir kurumdaki\u201d ekonomik y\u00f6netimine \u00f6rnek olarak Ma\u011fusa Belediyesi\u2019ni g\u00f6stererek ele\u015ftirilerde bulundu. \u0130\u00e7i\u015fleri Bakan\u0131 Dursun O\u011fuz ise iddialara yan\u0131t vererek, Ma\u011fusa Belediyesi\u2019nin bat\u0131r\u0131lmas\u0131 konusunda yasal mevzuata ayk\u0131r\u0131l\u0131k olup olmad\u0131\u011f\u0131n\u0131n sorgulanmas\u0131 gerekti\u011fini, b\u00f6yle bir durum yoksa su\u00e7 isnat edilmemesi gerekti\u011fini s\u00f6yledi. O\u011fuz ayr\u0131ca \u201cSu satarak belediye ba\u015fkanl\u0131\u011f\u0131 yap\u0131lmaz\u201d dedi. Meclis Genel [&hellip;]<\/p>","protected":false},"author":1,"featured_media":5446,"comment_status":"open","ping_status":"open","sticky":false,"template":"","format":"standard","meta":{"om_disable_all_campaigns":false,"_monsterinsights_skip_tracking":false,"_monsterinsights_sitenote_active":false,"_monsterinsights_sitenote_note":"","_monsterinsights_sitenote_category":0,"_uf_show_specific_survey":0,"_uf_disable_surveys":false,"footnotes":"","jetpack_publicize_message":"","jetpack_publicize_feature_enabled":true,"jetpack_social_post_already_shared":true,"jetpack_social_options":{"image_generator_settings":{"template":"highway","default_image_id":0,"font":"","enabled":false},"version":2}},"categories":[81],"tags":[],"class_list":{"0":"post-39299","1":"post","2":"type-post","3":"status-publish","4":"format-standard","5":"has-post-thumbnail","7":"category-gundem"},"yoast_head":"<!-- This site is optimized with the Yoast SEO plugin v23.8 - https:\/\/yoast.com\/wordpress\/plugins\/seo\/ -->\n<title>O\u011fuz: Gazima\u011fusa&#039;n\u0131n gelir-gider dengesi reformla d\u00fczeltildi; su satarak belediye ba\u015fkanl\u0131\u011f\u0131 yap\u0131lmaz - NETBAKIS<\/title>\n<meta name=\"robots\" content=\"index, follow, max-snippet:-1, max-image-preview:large, max-video-preview:-1\" \/>\n<link rel=\"canonical\" href=\"https:\/\/netbakis.net\/tr\/39299\/\" \/>\n<meta property=\"og:locale\" content=\"tr_TR\" \/>\n<meta property=\"og:type\" content=\"article\" \/>\n<meta property=\"og:title\" content=\"O\u011fuz: Gazima\u011fusa&#039;n\u0131n gelir-gider dengesi reformla d\u00fczeltildi; su satarak belediye ba\u015fkanl\u0131\u011f\u0131 yap\u0131lmaz - NETBAKIS\" \/>\n<meta property=\"og:description\" content=\"CTP Milletvekili Devrim Bar\u00e7\u0131n, CTP\u2019nin \u201cbat\u0131r\u0131lm\u0131\u015f bir kurumdaki\u201d ekonomik y\u00f6netimine \u00f6rnek olarak Ma\u011fusa Belediyesi\u2019ni g\u00f6stererek ele\u015ftirilerde bulundu. \u0130\u00e7i\u015fleri Bakan\u0131 Dursun O\u011fuz ise iddialara yan\u0131t vererek, Ma\u011fusa Belediyesi\u2019nin bat\u0131r\u0131lmas\u0131 konusunda yasal mevzuata ayk\u0131r\u0131l\u0131k olup olmad\u0131\u011f\u0131n\u0131n sorgulanmas\u0131 gerekti\u011fini, b\u00f6yle bir durum yoksa su\u00e7 isnat edilmemesi gerekti\u011fini s\u00f6yledi. O\u011fuz ayr\u0131ca \u201cSu satarak belediye ba\u015fkanl\u0131\u011f\u0131 yap\u0131lmaz\u201d dedi. Meclis Genel [&hellip;]\" \/>\n<meta property=\"og:url\" content=\"https:\/\/netbakis.net\/tr\/39299\/\" \/>\n<meta property=\"og:site_name\" content=\"NETBAKIS\" \/>\n<meta property=\"article:published_time\" content=\"2026-04-21T14:37:03+00:00\" \/>\n<meta property=\"article:modified_time\" content=\"2026-04-21T14:37:05+00:00\" \/>\n<meta property=\"og:image\" content=\"https:\/\/netbakis.net\/wp-content\/uploads\/2021\/05\/yeniproje-2021-02-14t164753898_1613314100.jpg\" \/>\n\t<meta property=\"og:image:width\" content=\"971\" \/>\n\t<meta property=\"og:image:height\" content=\"551\" \/>\n\t<meta property=\"og:image:type\" content=\"image\/jpeg\" \/>\n<meta name=\"author\" content=\"netbakis.net\" \/>\n<meta name=\"twitter:card\" content=\"summary_large_image\" \/>\n<meta name=\"twitter:label1\" content=\"Yazan:\" \/>\n\t<meta name=\"twitter:data1\" content=\"netbakis.net\" \/>\n\t<meta name=\"twitter:label2\" content=\"Tahmini okuma s\u00fcresi\" \/>\n\t<meta name=\"twitter:data2\" content=\"3 dakika\" \/>\n<script type=\"application\/ld+json\" class=\"yoast-schema-graph\">{\"@context\":\"https:\/\/schema.org\",\"@graph\":[{\"@type\":\"WebPage\",\"@id\":\"https:\/\/netbakis.net\/39299\/\",\"url\":\"https:\/\/netbakis.net\/39299\/\",\"name\":\"O\u011fuz: Gazima\u011fusa'n\u0131n gelir-gider dengesi reformla d\u00fczeltildi; su satarak belediye ba\u015fkanl\u0131\u011f\u0131 yap\u0131lmaz - NETBAKIS\",\"isPartOf\":{\"@id\":\"https:\/\/netbakis.net\/#website\"},\"primaryImageOfPage\":{\"@id\":\"https:\/\/netbakis.net\/39299\/#primaryimage\"},\"image\":{\"@id\":\"https:\/\/netbakis.net\/39299\/#primaryimage\"},\"thumbnailUrl\":\"https:\/\/netbakis.net\/wp-content\/uploads\/2021\/05\/yeniproje-2021-02-14t164753898_1613314100.jpg\",\"datePublished\":\"2026-04-21T14:37:03+00:00\",\"dateModified\":\"2026-04-21T14:37:05+00:00\",\"author\":{\"@id\":\"https:\/\/netbakis.net\/#\/schema\/person\/5d9b5c3f48ca4a3c69967d619fc8c7f4\"},\"breadcrumb\":{\"@id\":\"https:\/\/netbakis.net\/39299\/#breadcrumb\"},\"inLanguage\":\"tr\",\"potentialAction\":[{\"@type\":\"ReadAction\",\"target\":[\"https:\/\/netbakis.net\/39299\/\"]}]},{\"@type\":\"ImageObject\",\"inLanguage\":\"tr\",\"@id\":\"https:\/\/netbakis.net\/39299\/#primaryimage\",\"url\":\"https:\/\/netbakis.net\/wp-content\/uploads\/2021\/05\/yeniproje-2021-02-14t164753898_1613314100.jpg\",\"contentUrl\":\"https:\/\/netbakis.net\/wp-content\/uploads\/2021\/05\/yeniproje-2021-02-14t164753898_1613314100.jpg\",\"width\":971,\"height\":551,\"caption\":\"Dursun O\u011fuz\"},{\"@type\":\"BreadcrumbList\",\"@id\":\"https:\/\/netbakis.net\/39299\/#breadcrumb\",\"itemListElement\":[{\"@type\":\"ListItem\",\"position\":1,\"name\":\"Home\",\"item\":\"https:\/\/netbakis.net\/\"},{\"@type\":\"ListItem\",\"position\":2,\"name\":\"O\u011fuz: Gazima\u011fusa&#8217;n\u0131n gelir-gider dengesi reformla d\u00fczeltildi; su satarak belediye ba\u015fkanl\u0131\u011f\u0131 yap\u0131lmaz\"}]},{\"@type\":\"WebSite\",\"@id\":\"https:\/\/netbakis.net\/#website\",\"url\":\"https:\/\/netbakis.net\/\",\"name\":\"NETBAKIS\",\"description\":\"SON DAKIKA\",\"potentialAction\":[{\"@type\":\"SearchAction\",\"target\":{\"@type\":\"EntryPoint\",\"urlTemplate\":\"https:\/\/netbakis.net\/?s={search_term_string}\"},\"query-input\":{\"@type\":\"PropertyValueSpecification\",\"valueRequired\":true,\"valueName\":\"search_term_string\"}}],\"inLanguage\":\"tr\"},{\"@type\":\"Person\",\"@id\":\"https:\/\/netbakis.net\/#\/schema\/person\/5d9b5c3f48ca4a3c69967d619fc8c7f4\",\"name\":\"netbakis.net\",\"image\":{\"@type\":\"ImageObject\",\"inLanguage\":\"tr\",\"@id\":\"https:\/\/netbakis.net\/#\/schema\/person\/image\/\",\"url\":\"https:\/\/secure.gravatar.com\/avatar\/4ddeae49d2d3e3568a8d5b0937642efdf0b72468dbe3f213bc1978faa47af0d1?s=96&d=wp_user_avatar&r=g\",\"contentUrl\":\"https:\/\/secure.gravatar.com\/avatar\/4ddeae49d2d3e3568a8d5b0937642efdf0b72468dbe3f213bc1978faa47af0d1?s=96&d=wp_user_avatar&r=g\",\"caption\":\"netbakis.net\"},\"sameAs\":[\"https:\/\/netbakis.net\"],\"url\":\"https:\/\/netbakis.net\/tr\/author\/netbakis-net\/\"}]}<\/script>\n<!-- \/ Yoast SEO plugin. -->","yoast_head_json":{"title":"O\u011fuz: Gazima\u011fusa'n\u0131n gelir-gider dengesi reformla d\u00fczeltildi; su satarak belediye ba\u015fkanl\u0131\u011f\u0131 yap\u0131lmaz - NETBAKIS","robots":{"index":"index","follow":"follow","max-snippet":"max-snippet:-1","max-image-preview":"max-image-preview:large","max-video-preview":"max-video-preview:-1"},"canonical":"https:\/\/netbakis.net\/tr\/39299\/","og_locale":"tr_TR","og_type":"article","og_title":"O\u011fuz: Gazima\u011fusa'n\u0131n gelir-gider dengesi reformla d\u00fczeltildi; su satarak belediye ba\u015fkanl\u0131\u011f\u0131 yap\u0131lmaz - NETBAKIS","og_description":"CTP Milletvekili Devrim Bar\u00e7\u0131n, CTP\u2019nin \u201cbat\u0131r\u0131lm\u0131\u015f bir kurumdaki\u201d ekonomik y\u00f6netimine \u00f6rnek olarak Ma\u011fusa Belediyesi\u2019ni g\u00f6stererek ele\u015ftirilerde bulundu. \u0130\u00e7i\u015fleri Bakan\u0131 Dursun O\u011fuz ise iddialara yan\u0131t vererek, Ma\u011fusa Belediyesi\u2019nin bat\u0131r\u0131lmas\u0131 konusunda yasal mevzuata ayk\u0131r\u0131l\u0131k olup olmad\u0131\u011f\u0131n\u0131n sorgulanmas\u0131 gerekti\u011fini, b\u00f6yle bir durum yoksa su\u00e7 isnat edilmemesi gerekti\u011fini s\u00f6yledi. O\u011fuz ayr\u0131ca \u201cSu satarak belediye ba\u015fkanl\u0131\u011f\u0131 yap\u0131lmaz\u201d dedi. Meclis Genel [&hellip;]","og_url":"https:\/\/netbakis.net\/tr\/39299\/","og_site_name":"NETBAKIS","article_published_time":"2026-04-21T14:37:03+00:00","article_modified_time":"2026-04-21T14:37:05+00:00","og_image":[{"width":971,"height":551,"url":"https:\/\/netbakis.net\/wp-content\/uploads\/2021\/05\/yeniproje-2021-02-14t164753898_1613314100.jpg","type":"image\/jpeg"}],"author":"netbakis.net","twitter_card":"summary_large_image","twitter_misc":{"Yazan:":"netbakis.net","Tahmini okuma s\u00fcresi":"3 dakika"},"schema":{"@context":"https:\/\/schema.org","@graph":[{"@type":"WebPage","@id":"https:\/\/netbakis.net\/39299\/","url":"https:\/\/netbakis.net\/39299\/","name":"O\u011fuz: Gazima\u011fusa'n\u0131n gelir-gider dengesi reformla d\u00fczeltildi; su satarak belediye ba\u015fkanl\u0131\u011f\u0131 yap\u0131lmaz - NETBAKIS","isPartOf":{"@id":"https:\/\/netbakis.net\/#website"},"primaryImageOfPage":{"@id":"https:\/\/netbakis.net\/39299\/#primaryimage"},"image":{"@id":"https:\/\/netbakis.net\/39299\/#primaryimage"},"thumbnailUrl":"https:\/\/netbakis.net\/wp-content\/uploads\/2021\/05\/yeniproje-2021-02-14t164753898_1613314100.jpg","datePublished":"2026-04-21T14:37:03+00:00","dateModified":"2026-04-21T14:37:05+00:00","author":{"@id":"https:\/\/netbakis.net\/#\/schema\/person\/5d9b5c3f48ca4a3c69967d619fc8c7f4"},"breadcrumb":{"@id":"https:\/\/netbakis.net\/39299\/#breadcrumb"},"inLanguage":"tr","potentialAction":[{"@type":"ReadAction","target":["https:\/\/netbakis.net\/39299\/"]}]},{"@type":"ImageObject","inLanguage":"tr","@id":"https:\/\/netbakis.net\/39299\/#primaryimage","url":"https:\/\/netbakis.net\/wp-content\/uploads\/2021\/05\/yeniproje-2021-02-14t164753898_1613314100.jpg","contentUrl":"https:\/\/netbakis.net\/wp-content\/uploads\/2021\/05\/yeniproje-2021-02-14t164753898_1613314100.jpg","width":971,"height":551,"caption":"Dursun O\u011fuz"},{"@type":"BreadcrumbList","@id":"https:\/\/netbakis.net\/39299\/#breadcrumb","itemListElement":[{"@type":"ListItem","position":1,"name":"Home","item":"https:\/\/netbakis.net\/"},{"@type":"ListItem","position":2,"name":"O\u011fuz: Gazima\u011fusa&#8217;n\u0131n gelir-gider dengesi reformla d\u00fczeltildi; su satarak belediye ba\u015fkanl\u0131\u011f\u0131 yap\u0131lmaz"}]},{"@type":"WebSite","@id":"https:\/\/netbakis.net\/#website","url":"https:\/\/netbakis.net\/","name":"NETBAKIS","description":"SON DAKIKA","potentialAction":[{"@type":"SearchAction","target":{"@type":"EntryPoint","urlTemplate":"https:\/\/netbakis.net\/?s={search_term_string}"},"query-input":{"@type":"PropertyValueSpecification","valueRequired":true,"valueName":"search_term_string"}}],"inLanguage":"tr"},{"@type":"Person","@id":"https:\/\/netbakis.net\/#\/schema\/person\/5d9b5c3f48ca4a3c69967d619fc8c7f4","name":"netbakis.net","image":{"@type":"ImageObject","inLanguage":"tr","@id":"https:\/\/netbakis.net\/#\/schema\/person\/image\/","url":"https:\/\/secure.gravatar.com\/avatar\/4ddeae49d2d3e3568a8d5b0937642efdf0b72468dbe3f213bc1978faa47af0d1?s=96&d=wp_user_avatar&r=g","contentUrl":"https:\/\/secure.gravatar.com\/avatar\/4ddeae49d2d3e3568a8d5b0937642efdf0b72468dbe3f213bc1978faa47af0d1?s=96&d=wp_user_avatar&r=g","caption":"netbakis.net"},"sameAs":["https:\/\/netbakis.net"],"url":"https:\/\/netbakis.net\/tr\/author\/netbakis-net\/"}]}},"jetpack_publicize_connections":[],"_links":{"self":[{"href":"https:\/\/netbakis.net\/tr\/wp-json\/wp\/v2\/posts\/39299","targetHints":{"allow":["GET"]}}],"collection":[{"href":"https:\/\/netbakis.net\/tr\/wp-json\/wp\/v2\/posts"}],"about":[{"href":"https:\/\/netbakis.net\/tr\/wp-json\/wp\/v2\/types\/post"}],"author":[{"embeddable":true,"href":"https:\/\/netbakis.net\/tr\/wp-json\/wp\/v2\/users\/1"}],"replies":[{"embeddable":true,"href":"https:\/\/netbakis.net\/tr\/wp-json\/wp\/v2\/comments?post=39299"}],"version-history":[{"count":1,"href":"https:\/\/netbakis.net\/tr\/wp-json\/wp\/v2\/posts\/39299\/revisions"}],"predecessor-version":[{"id":39300,"href":"https:\/\/netbakis.net\/tr\/wp-json\/wp\/v2\/posts\/39299\/revisions\/39300"}],"wp:featuredmedia":[{"embeddable":true,"href":"https:\/\/netbakis.net\/tr\/wp-json\/wp\/v2\/media\/5446"}],"wp:attachment":[{"href":"https:\/\/netbakis.net\/tr\/wp-json\/wp\/v2\/media?parent=39299"}],"wp:term":[{"taxonomy":"category","embeddable":true,"href":"https:\/\/netbakis.net\/tr\/wp-json\/wp\/v2\/categories?post=39299"},{"taxonomy":"post_tag","embeddable":true,"href":"https:\/\/netbakis.net\/tr\/wp-json\/wp\/v2\/tags?post=39299"}],"curies":[{"name":"wp","href":"https:\/\/api.w.org\/{rel}","templated":true}]}}