{"id":39290,"date":"2026-04-20T16:42:32","date_gmt":"2026-04-20T16:42:32","guid":{"rendered":"https:\/\/netbakis.net\/?p=39290"},"modified":"2026-04-20T16:42:34","modified_gmt":"2026-04-20T16:42:34","slug":"sicaklik-27-dereceye-cikacak-pazar-saganak-bekleniyor","status":"publish","type":"post","link":"https:\/\/netbakis.net\/tr\/39290\/","title":{"rendered":"S\u0131cakl\u0131k 27 dereceye \u00e7\u0131kacak, pazar sa\u011fanak bekleniyor"},"content":{"rendered":"<p>Meteoroloji Dairesi, 21\u201327 Nisan haftas\u0131nda hava s\u0131cakl\u0131klar\u0131n\u0131n 24\u201327 dereceye y\u00fckselece\u011fini, pazar g\u00fcn\u00fc ise \u00f6\u011fle saatlerinde yer yer sa\u011fanak ya\u011f\u0131\u015f beklendi\u011fini a\u00e7\u0131klad\u0131.<br><br>Meteoroloji Dairesi, 21 \u2013 27 Nisan tarihleri aras\u0131nda, hava s\u0131cakl\u0131\u011f\u0131n\u0131n y\u00fckselerek, 24 \u2013 27 derece dolaylar\u0131nda seyredece\u011fini; pazar \u00f6\u011fle saatlerinde yer yer sa\u011fanak beklendi\u011fini duyurdu.<\/p>\n\n\n\n<p>Meteoroloji Dairesi\u2019nin 21 \u2013 27 Nisan tarihlerini kapsayan Haftal\u0131k Hava Tahmin Raporu\u2019na g\u00f6re, b\u00f6lge periyodun ilk yar\u0131s\u0131 \u0131l\u0131k ve nispeten nemli, di\u011fer yar\u0131s\u0131nda ise so\u011fuk ve nemli hava k\u00fctlesinin etkisi alt\u0131nda kalacak. Hafta boyunca i\u00e7 kesimlerde ve sahillerde en y\u00fcksek hava s\u0131cakl\u0131\u011f\u0131n\u0131n 24 \u2013 27 derece dolaylar\u0131nda olmas\u0131 bekleniyor.<\/p>\n\n\n\n<p>Periyot boyunca havan\u0131n bulutlu, \u00e7ar\u015famba ve per\u015fembe g\u00fcnleri sabah saatleri yer yer sisli olacak; pazar g\u00fcn\u00fc ise \u00f6\u011fle saatlerinde yer yer sa\u011fanak bekleniyor.<\/p>\n\n\n\n<p>R\u00fczgar genellikle g\u00fcney ve bat\u0131 y\u00f6nlerden orta kuvvette zaman zaman kuvvetli olarak esecek.<\/p>","protected":false},"excerpt":{"rendered":"<p>Meteoroloji Dairesi, 21\u201327 Nisan haftas\u0131nda hava s\u0131cakl\u0131klar\u0131n\u0131n 24\u201327 dereceye y\u00fckselece\u011fini, pazar g\u00fcn\u00fc ise \u00f6\u011fle saatlerinde yer yer sa\u011fanak ya\u011f\u0131\u015f beklendi\u011fini a\u00e7\u0131klad\u0131. Meteoroloji Dairesi, 21 \u2013 27 Nisan tarihleri aras\u0131nda, hava s\u0131cakl\u0131\u011f\u0131n\u0131n y\u00fckselerek, 24 \u2013 27 derece dolaylar\u0131nda seyredece\u011fini; pazar \u00f6\u011fle saatlerinde yer yer sa\u011fanak beklendi\u011fini duyurdu. Meteoroloji Dairesi\u2019nin 21 \u2013 27 Nisan tarihlerini kapsayan Haftal\u0131k [&hellip;]<\/p>","protected":false},"author":1,"featured_media":23062,"comment_status":"open","ping_status":"open","sticky":false,"template":"","format":"standard","meta":{"om_disable_all_campaigns":false,"_monsterinsights_skip_tracking":false,"_monsterinsights_sitenote_active":false,"_monsterinsights_sitenote_note":"","_monsterinsights_sitenote_category":0,"_uf_show_specific_survey":0,"_uf_disable_surveys":false,"footnotes":"","jetpack_publicize_message":"","jetpack_publicize_feature_enabled":true,"jetpack_social_post_already_shared":true,"jetpack_social_options":{"image_generator_settings":{"template":"highway","default_image_id":0,"font":"","enabled":false},"version":2}},"categories":[81],"tags":[],"class_list":{"0":"post-39290","1":"post","2":"type-post","3":"status-publish","4":"format-standard","5":"has-post-thumbnail","7":"category-gundem"},"yoast_head":"<!-- This site is optimized with the Yoast SEO plugin v23.8 - https:\/\/yoast.com\/wordpress\/plugins\/seo\/ -->\n<title>S\u0131cakl\u0131k 27 dereceye \u00e7\u0131kacak, pazar sa\u011fanak bekleniyor - NETBAKIS<\/title>\n<meta name=\"robots\" content=\"index, follow, max-snippet:-1, max-image-preview:large, max-video-preview:-1\" \/>\n<link rel=\"canonical\" href=\"https:\/\/netbakis.net\/tr\/39290\/\" \/>\n<meta property=\"og:locale\" content=\"tr_TR\" \/>\n<meta property=\"og:type\" content=\"article\" \/>\n<meta property=\"og:title\" content=\"S\u0131cakl\u0131k 27 dereceye \u00e7\u0131kacak, pazar sa\u011fanak bekleniyor - NETBAKIS\" \/>\n<meta property=\"og:description\" content=\"Meteoroloji Dairesi, 21\u201327 Nisan haftas\u0131nda hava s\u0131cakl\u0131klar\u0131n\u0131n 24\u201327 dereceye y\u00fckselece\u011fini, pazar g\u00fcn\u00fc ise \u00f6\u011fle saatlerinde yer yer sa\u011fanak ya\u011f\u0131\u015f beklendi\u011fini a\u00e7\u0131klad\u0131. Meteoroloji Dairesi, 21 \u2013 27 Nisan tarihleri aras\u0131nda, hava s\u0131cakl\u0131\u011f\u0131n\u0131n y\u00fckselerek, 24 \u2013 27 derece dolaylar\u0131nda seyredece\u011fini; pazar \u00f6\u011fle saatlerinde yer yer sa\u011fanak beklendi\u011fini duyurdu. Meteoroloji Dairesi\u2019nin 21 \u2013 27 Nisan tarihlerini kapsayan Haftal\u0131k [&hellip;]\" \/>\n<meta property=\"og:url\" content=\"https:\/\/netbakis.net\/tr\/39290\/\" \/>\n<meta property=\"og:site_name\" content=\"NETBAKIS\" \/>\n<meta property=\"article:published_time\" content=\"2026-04-20T16:42:32+00:00\" \/>\n<meta property=\"article:modified_time\" content=\"2026-04-20T16:42:34+00:00\" \/>\n<meta property=\"og:image\" content=\"https:\/\/netbakis.net\/wp-content\/uploads\/2025\/01\/v2saralarm_1635777275.webp\" \/>\n\t<meta property=\"og:image:width\" content=\"971\" \/>\n\t<meta property=\"og:image:height\" content=\"551\" \/>\n\t<meta property=\"og:image:type\" content=\"image\/webp\" \/>\n<meta name=\"author\" content=\"netbakis.net\" \/>\n<meta name=\"twitter:card\" content=\"summary_large_image\" \/>\n<meta name=\"twitter:label1\" content=\"Yazan:\" \/>\n\t<meta name=\"twitter:data1\" content=\"netbakis.net\" \/>\n\t<meta name=\"twitter:label2\" content=\"Tahmini okuma s\u00fcresi\" \/>\n\t<meta name=\"twitter:data2\" content=\"1 dakika\" \/>\n<script type=\"application\/ld+json\" class=\"yoast-schema-graph\">{\"@context\":\"https:\/\/schema.org\",\"@graph\":[{\"@type\":\"WebPage\",\"@id\":\"https:\/\/netbakis.net\/39290\/\",\"url\":\"https:\/\/netbakis.net\/39290\/\",\"name\":\"S\u0131cakl\u0131k 27 dereceye \u00e7\u0131kacak, pazar sa\u011fanak bekleniyor - NETBAKIS\",\"isPartOf\":{\"@id\":\"https:\/\/netbakis.net\/#website\"},\"primaryImageOfPage\":{\"@id\":\"https:\/\/netbakis.net\/39290\/#primaryimage\"},\"image\":{\"@id\":\"https:\/\/netbakis.net\/39290\/#primaryimage\"},\"thumbnailUrl\":\"https:\/\/netbakis.net\/wp-content\/uploads\/2025\/01\/v2saralarm_1635777275.webp\",\"datePublished\":\"2026-04-20T16:42:32+00:00\",\"dateModified\":\"2026-04-20T16:42:34+00:00\",\"author\":{\"@id\":\"https:\/\/netbakis.net\/#\/schema\/person\/5d9b5c3f48ca4a3c69967d619fc8c7f4\"},\"breadcrumb\":{\"@id\":\"https:\/\/netbakis.net\/39290\/#breadcrumb\"},\"inLanguage\":\"tr\",\"potentialAction\":[{\"@type\":\"ReadAction\",\"target\":[\"https:\/\/netbakis.net\/39290\/\"]}]},{\"@type\":\"ImageObject\",\"inLanguage\":\"tr\",\"@id\":\"https:\/\/netbakis.net\/39290\/#primaryimage\",\"url\":\"https:\/\/netbakis.net\/wp-content\/uploads\/2025\/01\/v2saralarm_1635777275.webp\",\"contentUrl\":\"https:\/\/netbakis.net\/wp-content\/uploads\/2025\/01\/v2saralarm_1635777275.webp\",\"width\":971,\"height\":551,\"caption\":\"Rum Meteoroloji Dairesi'nden Sar\u0131 Alarm\"},{\"@type\":\"BreadcrumbList\",\"@id\":\"https:\/\/netbakis.net\/39290\/#breadcrumb\",\"itemListElement\":[{\"@type\":\"ListItem\",\"position\":1,\"name\":\"Home\",\"item\":\"https:\/\/netbakis.net\/\"},{\"@type\":\"ListItem\",\"position\":2,\"name\":\"S\u0131cakl\u0131k 27 dereceye \u00e7\u0131kacak, pazar sa\u011fanak bekleniyor\"}]},{\"@type\":\"WebSite\",\"@id\":\"https:\/\/netbakis.net\/#website\",\"url\":\"https:\/\/netbakis.net\/\",\"name\":\"NETBAKIS\",\"description\":\"SON DAKIKA\",\"potentialAction\":[{\"@type\":\"SearchAction\",\"target\":{\"@type\":\"EntryPoint\",\"urlTemplate\":\"https:\/\/netbakis.net\/?s={search_term_string}\"},\"query-input\":{\"@type\":\"PropertyValueSpecification\",\"valueRequired\":true,\"valueName\":\"search_term_string\"}}],\"inLanguage\":\"tr\"},{\"@type\":\"Person\",\"@id\":\"https:\/\/netbakis.net\/#\/schema\/person\/5d9b5c3f48ca4a3c69967d619fc8c7f4\",\"name\":\"netbakis.net\",\"image\":{\"@type\":\"ImageObject\",\"inLanguage\":\"tr\",\"@id\":\"https:\/\/netbakis.net\/#\/schema\/person\/image\/\",\"url\":\"https:\/\/secure.gravatar.com\/avatar\/4ddeae49d2d3e3568a8d5b0937642efdf0b72468dbe3f213bc1978faa47af0d1?s=96&d=wp_user_avatar&r=g\",\"contentUrl\":\"https:\/\/secure.gravatar.com\/avatar\/4ddeae49d2d3e3568a8d5b0937642efdf0b72468dbe3f213bc1978faa47af0d1?s=96&d=wp_user_avatar&r=g\",\"caption\":\"netbakis.net\"},\"sameAs\":[\"https:\/\/netbakis.net\"],\"url\":\"https:\/\/netbakis.net\/tr\/author\/netbakis-net\/\"}]}<\/script>\n<!-- \/ Yoast SEO plugin. -->","yoast_head_json":{"title":"S\u0131cakl\u0131k 27 dereceye \u00e7\u0131kacak, pazar sa\u011fanak bekleniyor - NETBAKIS","robots":{"index":"index","follow":"follow","max-snippet":"max-snippet:-1","max-image-preview":"max-image-preview:large","max-video-preview":"max-video-preview:-1"},"canonical":"https:\/\/netbakis.net\/tr\/39290\/","og_locale":"tr_TR","og_type":"article","og_title":"S\u0131cakl\u0131k 27 dereceye \u00e7\u0131kacak, pazar sa\u011fanak bekleniyor - NETBAKIS","og_description":"Meteoroloji Dairesi, 21\u201327 Nisan haftas\u0131nda hava s\u0131cakl\u0131klar\u0131n\u0131n 24\u201327 dereceye y\u00fckselece\u011fini, pazar g\u00fcn\u00fc ise \u00f6\u011fle saatlerinde yer yer sa\u011fanak ya\u011f\u0131\u015f beklendi\u011fini a\u00e7\u0131klad\u0131. Meteoroloji Dairesi, 21 \u2013 27 Nisan tarihleri aras\u0131nda, hava s\u0131cakl\u0131\u011f\u0131n\u0131n y\u00fckselerek, 24 \u2013 27 derece dolaylar\u0131nda seyredece\u011fini; pazar \u00f6\u011fle saatlerinde yer yer sa\u011fanak beklendi\u011fini duyurdu. Meteoroloji Dairesi\u2019nin 21 \u2013 27 Nisan tarihlerini kapsayan Haftal\u0131k [&hellip;]","og_url":"https:\/\/netbakis.net\/tr\/39290\/","og_site_name":"NETBAKIS","article_published_time":"2026-04-20T16:42:32+00:00","article_modified_time":"2026-04-20T16:42:34+00:00","og_image":[{"width":971,"height":551,"url":"https:\/\/netbakis.net\/wp-content\/uploads\/2025\/01\/v2saralarm_1635777275.webp","type":"image\/webp"}],"author":"netbakis.net","twitter_card":"summary_large_image","twitter_misc":{"Yazan:":"netbakis.net","Tahmini okuma s\u00fcresi":"1 dakika"},"schema":{"@context":"https:\/\/schema.org","@graph":[{"@type":"WebPage","@id":"https:\/\/netbakis.net\/39290\/","url":"https:\/\/netbakis.net\/39290\/","name":"S\u0131cakl\u0131k 27 dereceye \u00e7\u0131kacak, pazar sa\u011fanak bekleniyor - NETBAKIS","isPartOf":{"@id":"https:\/\/netbakis.net\/#website"},"primaryImageOfPage":{"@id":"https:\/\/netbakis.net\/39290\/#primaryimage"},"image":{"@id":"https:\/\/netbakis.net\/39290\/#primaryimage"},"thumbnailUrl":"https:\/\/netbakis.net\/wp-content\/uploads\/2025\/01\/v2saralarm_1635777275.webp","datePublished":"2026-04-20T16:42:32+00:00","dateModified":"2026-04-20T16:42:34+00:00","author":{"@id":"https:\/\/netbakis.net\/#\/schema\/person\/5d9b5c3f48ca4a3c69967d619fc8c7f4"},"breadcrumb":{"@id":"https:\/\/netbakis.net\/39290\/#breadcrumb"},"inLanguage":"tr","potentialAction":[{"@type":"ReadAction","target":["https:\/\/netbakis.net\/39290\/"]}]},{"@type":"ImageObject","inLanguage":"tr","@id":"https:\/\/netbakis.net\/39290\/#primaryimage","url":"https:\/\/netbakis.net\/wp-content\/uploads\/2025\/01\/v2saralarm_1635777275.webp","contentUrl":"https:\/\/netbakis.net\/wp-content\/uploads\/2025\/01\/v2saralarm_1635777275.webp","width":971,"height":551,"caption":"Rum Meteoroloji Dairesi'nden Sar\u0131 Alarm"},{"@type":"BreadcrumbList","@id":"https:\/\/netbakis.net\/39290\/#breadcrumb","itemListElement":[{"@type":"ListItem","position":1,"name":"Home","item":"https:\/\/netbakis.net\/"},{"@type":"ListItem","position":2,"name":"S\u0131cakl\u0131k 27 dereceye \u00e7\u0131kacak, pazar sa\u011fanak bekleniyor"}]},{"@type":"WebSite","@id":"https:\/\/netbakis.net\/#website","url":"https:\/\/netbakis.net\/","name":"NETBAKIS","description":"SON DAKIKA","potentialAction":[{"@type":"SearchAction","target":{"@type":"EntryPoint","urlTemplate":"https:\/\/netbakis.net\/?s={search_term_string}"},"query-input":{"@type":"PropertyValueSpecification","valueRequired":true,"valueName":"search_term_string"}}],"inLanguage":"tr"},{"@type":"Person","@id":"https:\/\/netbakis.net\/#\/schema\/person\/5d9b5c3f48ca4a3c69967d619fc8c7f4","name":"netbakis.net","image":{"@type":"ImageObject","inLanguage":"tr","@id":"https:\/\/netbakis.net\/#\/schema\/person\/image\/","url":"https:\/\/secure.gravatar.com\/avatar\/4ddeae49d2d3e3568a8d5b0937642efdf0b72468dbe3f213bc1978faa47af0d1?s=96&d=wp_user_avatar&r=g","contentUrl":"https:\/\/secure.gravatar.com\/avatar\/4ddeae49d2d3e3568a8d5b0937642efdf0b72468dbe3f213bc1978faa47af0d1?s=96&d=wp_user_avatar&r=g","caption":"netbakis.net"},"sameAs":["https:\/\/netbakis.net"],"url":"https:\/\/netbakis.net\/tr\/author\/netbakis-net\/"}]}},"jetpack_publicize_connections":[],"_links":{"self":[{"href":"https:\/\/netbakis.net\/tr\/wp-json\/wp\/v2\/posts\/39290","targetHints":{"allow":["GET"]}}],"collection":[{"href":"https:\/\/netbakis.net\/tr\/wp-json\/wp\/v2\/posts"}],"about":[{"href":"https:\/\/netbakis.net\/tr\/wp-json\/wp\/v2\/types\/post"}],"author":[{"embeddable":true,"href":"https:\/\/netbakis.net\/tr\/wp-json\/wp\/v2\/users\/1"}],"replies":[{"embeddable":true,"href":"https:\/\/netbakis.net\/tr\/wp-json\/wp\/v2\/comments?post=39290"}],"version-history":[{"count":1,"href":"https:\/\/netbakis.net\/tr\/wp-json\/wp\/v2\/posts\/39290\/revisions"}],"predecessor-version":[{"id":39291,"href":"https:\/\/netbakis.net\/tr\/wp-json\/wp\/v2\/posts\/39290\/revisions\/39291"}],"wp:featuredmedia":[{"embeddable":true,"href":"https:\/\/netbakis.net\/tr\/wp-json\/wp\/v2\/media\/23062"}],"wp:attachment":[{"href":"https:\/\/netbakis.net\/tr\/wp-json\/wp\/v2\/media?parent=39290"}],"wp:term":[{"taxonomy":"category","embeddable":true,"href":"https:\/\/netbakis.net\/tr\/wp-json\/wp\/v2\/categories?post=39290"},{"taxonomy":"post_tag","embeddable":true,"href":"https:\/\/netbakis.net\/tr\/wp-json\/wp\/v2\/tags?post=39290"}],"curies":[{"name":"wp","href":"https:\/\/api.w.org\/{rel}","templated":true}]}}