{"id":38494,"date":"2026-03-15T12:05:59","date_gmt":"2026-03-15T12:05:59","guid":{"rendered":"https:\/\/netbakis.net\/?p=38494"},"modified":"2026-03-15T12:06:00","modified_gmt":"2026-03-15T12:06:00","slug":"polis-uyardi-sis-nedeniyle-bazi-ana-yollarda-gorus-mesafesi-dustu","status":"publish","type":"post","link":"https:\/\/netbakis.net\/tr\/38494\/","title":{"rendered":"Polis uyard\u0131: Sis nedeniyle baz\u0131 ana yollarda g\u00f6r\u00fc\u015f mesafesi d\u00fc\u015ft\u00fc"},"content":{"rendered":"<p>Polis Bas\u0131n Subayl\u0131\u011f\u0131, yo\u011fun sis nedeniyle Girne\u2013Lefko\u015fa Anayolu\u2019nun Ciklos Mevkii ile Bo\u011fazk\u00f6y Kav\u015fa\u011f\u0131 aras\u0131nda ve Girne\u2013De\u011firmenlik Anayolu\u2019nun zirve k\u0131sm\u0131nda g\u00f6r\u00fc\u015f mesafesinin yer yer azald\u0131\u011f\u0131n\u0131 duyurdu. S\u00fcr\u00fcc\u00fclerden yava\u015f ve dikkatli seyretmeleri istendi.<br><br>Polis Bas\u0131n Subayl\u0131\u011f\u0131, baz\u0131 ana yollarda etkili olan yo\u011fun sis nedeniyle s\u00fcr\u00fcc\u00fcleri dikkatli olmalar\u0131 konusunda uyard\u0131.<\/p>\n\n\n\n<p>Polisten yap\u0131lan a\u00e7\u0131klamaya g\u00f6re, Girne\u2013Lefko\u015fa Anayolu\u2019nun Ciklos Mevkii ile Bo\u011fazk\u00f6y Kav\u015fa\u011f\u0131 aras\u0131nda ve Girne\u2013De\u011firmenlik Anayolu\u2019nun zirve k\u0131sm\u0131nda g\u00f6r\u00fc\u015f mesafesi yer yer azal\u0131yor.<\/p>\n\n\n\n<p>Polis, s\u00f6z konusu g\u00fczergahlar\u0131 kullanacak s\u00fcr\u00fcc\u00fclerin yava\u015f ve dikkatli seyretmelerinin \u00f6nemle rica edildi\u011fini bildirdi.<\/p>","protected":false},"excerpt":{"rendered":"<p>Polis Bas\u0131n Subayl\u0131\u011f\u0131, yo\u011fun sis nedeniyle Girne\u2013Lefko\u015fa Anayolu\u2019nun Ciklos Mevkii ile Bo\u011fazk\u00f6y Kav\u015fa\u011f\u0131 aras\u0131nda ve Girne\u2013De\u011firmenlik Anayolu\u2019nun zirve k\u0131sm\u0131nda g\u00f6r\u00fc\u015f mesafesinin yer yer azald\u0131\u011f\u0131n\u0131 duyurdu. S\u00fcr\u00fcc\u00fclerden yava\u015f ve dikkatli seyretmeleri istendi. Polis Bas\u0131n Subayl\u0131\u011f\u0131, baz\u0131 ana yollarda etkili olan yo\u011fun sis nedeniyle s\u00fcr\u00fcc\u00fcleri dikkatli olmalar\u0131 konusunda uyard\u0131. Polisten yap\u0131lan a\u00e7\u0131klamaya g\u00f6re, Girne\u2013Lefko\u015fa Anayolu\u2019nun Ciklos Mevkii [&hellip;]<\/p>","protected":false},"author":1,"featured_media":10667,"comment_status":"open","ping_status":"open","sticky":false,"template":"","format":"standard","meta":{"om_disable_all_campaigns":false,"_monsterinsights_skip_tracking":false,"_monsterinsights_sitenote_active":false,"_monsterinsights_sitenote_note":"","_monsterinsights_sitenote_category":0,"_uf_show_specific_survey":0,"_uf_disable_surveys":false,"footnotes":"","jetpack_publicize_message":"","jetpack_publicize_feature_enabled":true,"jetpack_social_post_already_shared":true,"jetpack_social_options":{"image_generator_settings":{"template":"highway","default_image_id":0,"font":"","enabled":false},"version":2}},"categories":[81],"tags":[],"class_list":{"0":"post-38494","1":"post","2":"type-post","3":"status-publish","4":"format-standard","5":"has-post-thumbnail","7":"category-gundem"},"yoast_head":"<!-- This site is optimized with the Yoast SEO plugin v23.8 - https:\/\/yoast.com\/wordpress\/plugins\/seo\/ -->\n<title>Polis uyard\u0131: Sis nedeniyle baz\u0131 ana yollarda g\u00f6r\u00fc\u015f mesafesi d\u00fc\u015ft\u00fc - NETBAKIS<\/title>\n<meta name=\"robots\" content=\"index, follow, max-snippet:-1, max-image-preview:large, max-video-preview:-1\" \/>\n<link rel=\"canonical\" href=\"https:\/\/netbakis.net\/tr\/38494\/\" \/>\n<meta property=\"og:locale\" content=\"tr_TR\" \/>\n<meta property=\"og:type\" content=\"article\" \/>\n<meta property=\"og:title\" content=\"Polis uyard\u0131: Sis nedeniyle baz\u0131 ana yollarda g\u00f6r\u00fc\u015f mesafesi d\u00fc\u015ft\u00fc - NETBAKIS\" \/>\n<meta property=\"og:description\" content=\"Polis Bas\u0131n Subayl\u0131\u011f\u0131, yo\u011fun sis nedeniyle Girne\u2013Lefko\u015fa Anayolu\u2019nun Ciklos Mevkii ile Bo\u011fazk\u00f6y Kav\u015fa\u011f\u0131 aras\u0131nda ve Girne\u2013De\u011firmenlik Anayolu\u2019nun zirve k\u0131sm\u0131nda g\u00f6r\u00fc\u015f mesafesinin yer yer azald\u0131\u011f\u0131n\u0131 duyurdu. S\u00fcr\u00fcc\u00fclerden yava\u015f ve dikkatli seyretmeleri istendi. Polis Bas\u0131n Subayl\u0131\u011f\u0131, baz\u0131 ana yollarda etkili olan yo\u011fun sis nedeniyle s\u00fcr\u00fcc\u00fcleri dikkatli olmalar\u0131 konusunda uyard\u0131. Polisten yap\u0131lan a\u00e7\u0131klamaya g\u00f6re, Girne\u2013Lefko\u015fa Anayolu\u2019nun Ciklos Mevkii [&hellip;]\" \/>\n<meta property=\"og:url\" content=\"https:\/\/netbakis.net\/tr\/38494\/\" \/>\n<meta property=\"og:site_name\" content=\"NETBAKIS\" \/>\n<meta property=\"article:published_time\" content=\"2026-03-15T12:05:59+00:00\" \/>\n<meta property=\"article:modified_time\" content=\"2026-03-15T12:06:00+00:00\" \/>\n<meta property=\"og:image\" content=\"https:\/\/netbakis.net\/wp-content\/uploads\/2022\/12\/dag-yolu.jpg\" \/>\n\t<meta property=\"og:image:width\" content=\"768\" \/>\n\t<meta property=\"og:image:height\" content=\"518\" \/>\n\t<meta property=\"og:image:type\" content=\"image\/jpeg\" \/>\n<meta name=\"author\" content=\"netbakis.net\" \/>\n<meta name=\"twitter:card\" content=\"summary_large_image\" \/>\n<meta name=\"twitter:label1\" content=\"Yazan:\" \/>\n\t<meta name=\"twitter:data1\" content=\"netbakis.net\" \/>\n\t<meta name=\"twitter:label2\" content=\"Tahmini okuma s\u00fcresi\" \/>\n\t<meta name=\"twitter:data2\" content=\"1 dakika\" \/>\n<script type=\"application\/ld+json\" class=\"yoast-schema-graph\">{\"@context\":\"https:\/\/schema.org\",\"@graph\":[{\"@type\":\"WebPage\",\"@id\":\"https:\/\/netbakis.net\/38494\/\",\"url\":\"https:\/\/netbakis.net\/38494\/\",\"name\":\"Polis uyard\u0131: Sis nedeniyle baz\u0131 ana yollarda g\u00f6r\u00fc\u015f mesafesi d\u00fc\u015ft\u00fc - NETBAKIS\",\"isPartOf\":{\"@id\":\"https:\/\/netbakis.net\/#website\"},\"primaryImageOfPage\":{\"@id\":\"https:\/\/netbakis.net\/38494\/#primaryimage\"},\"image\":{\"@id\":\"https:\/\/netbakis.net\/38494\/#primaryimage\"},\"thumbnailUrl\":\"https:\/\/netbakis.net\/wp-content\/uploads\/2022\/12\/dag-yolu.jpg\",\"datePublished\":\"2026-03-15T12:05:59+00:00\",\"dateModified\":\"2026-03-15T12:06:00+00:00\",\"author\":{\"@id\":\"https:\/\/netbakis.net\/#\/schema\/person\/5d9b5c3f48ca4a3c69967d619fc8c7f4\"},\"breadcrumb\":{\"@id\":\"https:\/\/netbakis.net\/38494\/#breadcrumb\"},\"inLanguage\":\"tr\",\"potentialAction\":[{\"@type\":\"ReadAction\",\"target\":[\"https:\/\/netbakis.net\/38494\/\"]}]},{\"@type\":\"ImageObject\",\"inLanguage\":\"tr\",\"@id\":\"https:\/\/netbakis.net\/38494\/#primaryimage\",\"url\":\"https:\/\/netbakis.net\/wp-content\/uploads\/2022\/12\/dag-yolu.jpg\",\"contentUrl\":\"https:\/\/netbakis.net\/wp-content\/uploads\/2022\/12\/dag-yolu.jpg\",\"width\":768,\"height\":518,\"caption\":\"Polis uyard\u0131: Yo\u011fun sis nedeniyle g\u00f6r\u00fc\u015f mesafesi azald\u0131\"},{\"@type\":\"BreadcrumbList\",\"@id\":\"https:\/\/netbakis.net\/38494\/#breadcrumb\",\"itemListElement\":[{\"@type\":\"ListItem\",\"position\":1,\"name\":\"Home\",\"item\":\"https:\/\/netbakis.net\/\"},{\"@type\":\"ListItem\",\"position\":2,\"name\":\"Polis uyard\u0131: Sis nedeniyle baz\u0131 ana yollarda g\u00f6r\u00fc\u015f mesafesi d\u00fc\u015ft\u00fc\"}]},{\"@type\":\"WebSite\",\"@id\":\"https:\/\/netbakis.net\/#website\",\"url\":\"https:\/\/netbakis.net\/\",\"name\":\"NETBAKIS\",\"description\":\"SON DAKIKA\",\"potentialAction\":[{\"@type\":\"SearchAction\",\"target\":{\"@type\":\"EntryPoint\",\"urlTemplate\":\"https:\/\/netbakis.net\/?s={search_term_string}\"},\"query-input\":{\"@type\":\"PropertyValueSpecification\",\"valueRequired\":true,\"valueName\":\"search_term_string\"}}],\"inLanguage\":\"tr\"},{\"@type\":\"Person\",\"@id\":\"https:\/\/netbakis.net\/#\/schema\/person\/5d9b5c3f48ca4a3c69967d619fc8c7f4\",\"name\":\"netbakis.net\",\"image\":{\"@type\":\"ImageObject\",\"inLanguage\":\"tr\",\"@id\":\"https:\/\/netbakis.net\/#\/schema\/person\/image\/\",\"url\":\"https:\/\/secure.gravatar.com\/avatar\/4ddeae49d2d3e3568a8d5b0937642efdf0b72468dbe3f213bc1978faa47af0d1?s=96&d=wp_user_avatar&r=g\",\"contentUrl\":\"https:\/\/secure.gravatar.com\/avatar\/4ddeae49d2d3e3568a8d5b0937642efdf0b72468dbe3f213bc1978faa47af0d1?s=96&d=wp_user_avatar&r=g\",\"caption\":\"netbakis.net\"},\"sameAs\":[\"https:\/\/netbakis.net\"],\"url\":\"https:\/\/netbakis.net\/tr\/author\/netbakis-net\/\"}]}<\/script>\n<!-- \/ Yoast SEO plugin. -->","yoast_head_json":{"title":"Polis uyard\u0131: Sis nedeniyle baz\u0131 ana yollarda g\u00f6r\u00fc\u015f mesafesi d\u00fc\u015ft\u00fc - NETBAKIS","robots":{"index":"index","follow":"follow","max-snippet":"max-snippet:-1","max-image-preview":"max-image-preview:large","max-video-preview":"max-video-preview:-1"},"canonical":"https:\/\/netbakis.net\/tr\/38494\/","og_locale":"tr_TR","og_type":"article","og_title":"Polis uyard\u0131: Sis nedeniyle baz\u0131 ana yollarda g\u00f6r\u00fc\u015f mesafesi d\u00fc\u015ft\u00fc - NETBAKIS","og_description":"Polis Bas\u0131n Subayl\u0131\u011f\u0131, yo\u011fun sis nedeniyle Girne\u2013Lefko\u015fa Anayolu\u2019nun Ciklos Mevkii ile Bo\u011fazk\u00f6y Kav\u015fa\u011f\u0131 aras\u0131nda ve Girne\u2013De\u011firmenlik Anayolu\u2019nun zirve k\u0131sm\u0131nda g\u00f6r\u00fc\u015f mesafesinin yer yer azald\u0131\u011f\u0131n\u0131 duyurdu. S\u00fcr\u00fcc\u00fclerden yava\u015f ve dikkatli seyretmeleri istendi. Polis Bas\u0131n Subayl\u0131\u011f\u0131, baz\u0131 ana yollarda etkili olan yo\u011fun sis nedeniyle s\u00fcr\u00fcc\u00fcleri dikkatli olmalar\u0131 konusunda uyard\u0131. Polisten yap\u0131lan a\u00e7\u0131klamaya g\u00f6re, Girne\u2013Lefko\u015fa Anayolu\u2019nun Ciklos Mevkii [&hellip;]","og_url":"https:\/\/netbakis.net\/tr\/38494\/","og_site_name":"NETBAKIS","article_published_time":"2026-03-15T12:05:59+00:00","article_modified_time":"2026-03-15T12:06:00+00:00","og_image":[{"width":768,"height":518,"url":"https:\/\/netbakis.net\/wp-content\/uploads\/2022\/12\/dag-yolu.jpg","type":"image\/jpeg"}],"author":"netbakis.net","twitter_card":"summary_large_image","twitter_misc":{"Yazan:":"netbakis.net","Tahmini okuma s\u00fcresi":"1 dakika"},"schema":{"@context":"https:\/\/schema.org","@graph":[{"@type":"WebPage","@id":"https:\/\/netbakis.net\/38494\/","url":"https:\/\/netbakis.net\/38494\/","name":"Polis uyard\u0131: Sis nedeniyle baz\u0131 ana yollarda g\u00f6r\u00fc\u015f mesafesi d\u00fc\u015ft\u00fc - NETBAKIS","isPartOf":{"@id":"https:\/\/netbakis.net\/#website"},"primaryImageOfPage":{"@id":"https:\/\/netbakis.net\/38494\/#primaryimage"},"image":{"@id":"https:\/\/netbakis.net\/38494\/#primaryimage"},"thumbnailUrl":"https:\/\/netbakis.net\/wp-content\/uploads\/2022\/12\/dag-yolu.jpg","datePublished":"2026-03-15T12:05:59+00:00","dateModified":"2026-03-15T12:06:00+00:00","author":{"@id":"https:\/\/netbakis.net\/#\/schema\/person\/5d9b5c3f48ca4a3c69967d619fc8c7f4"},"breadcrumb":{"@id":"https:\/\/netbakis.net\/38494\/#breadcrumb"},"inLanguage":"tr","potentialAction":[{"@type":"ReadAction","target":["https:\/\/netbakis.net\/38494\/"]}]},{"@type":"ImageObject","inLanguage":"tr","@id":"https:\/\/netbakis.net\/38494\/#primaryimage","url":"https:\/\/netbakis.net\/wp-content\/uploads\/2022\/12\/dag-yolu.jpg","contentUrl":"https:\/\/netbakis.net\/wp-content\/uploads\/2022\/12\/dag-yolu.jpg","width":768,"height":518,"caption":"Polis uyard\u0131: Yo\u011fun sis nedeniyle g\u00f6r\u00fc\u015f mesafesi azald\u0131"},{"@type":"BreadcrumbList","@id":"https:\/\/netbakis.net\/38494\/#breadcrumb","itemListElement":[{"@type":"ListItem","position":1,"name":"Home","item":"https:\/\/netbakis.net\/"},{"@type":"ListItem","position":2,"name":"Polis uyard\u0131: Sis nedeniyle baz\u0131 ana yollarda g\u00f6r\u00fc\u015f mesafesi d\u00fc\u015ft\u00fc"}]},{"@type":"WebSite","@id":"https:\/\/netbakis.net\/#website","url":"https:\/\/netbakis.net\/","name":"NETBAKIS","description":"SON DAKIKA","potentialAction":[{"@type":"SearchAction","target":{"@type":"EntryPoint","urlTemplate":"https:\/\/netbakis.net\/?s={search_term_string}"},"query-input":{"@type":"PropertyValueSpecification","valueRequired":true,"valueName":"search_term_string"}}],"inLanguage":"tr"},{"@type":"Person","@id":"https:\/\/netbakis.net\/#\/schema\/person\/5d9b5c3f48ca4a3c69967d619fc8c7f4","name":"netbakis.net","image":{"@type":"ImageObject","inLanguage":"tr","@id":"https:\/\/netbakis.net\/#\/schema\/person\/image\/","url":"https:\/\/secure.gravatar.com\/avatar\/4ddeae49d2d3e3568a8d5b0937642efdf0b72468dbe3f213bc1978faa47af0d1?s=96&d=wp_user_avatar&r=g","contentUrl":"https:\/\/secure.gravatar.com\/avatar\/4ddeae49d2d3e3568a8d5b0937642efdf0b72468dbe3f213bc1978faa47af0d1?s=96&d=wp_user_avatar&r=g","caption":"netbakis.net"},"sameAs":["https:\/\/netbakis.net"],"url":"https:\/\/netbakis.net\/tr\/author\/netbakis-net\/"}]}},"jetpack_publicize_connections":[],"_links":{"self":[{"href":"https:\/\/netbakis.net\/tr\/wp-json\/wp\/v2\/posts\/38494","targetHints":{"allow":["GET"]}}],"collection":[{"href":"https:\/\/netbakis.net\/tr\/wp-json\/wp\/v2\/posts"}],"about":[{"href":"https:\/\/netbakis.net\/tr\/wp-json\/wp\/v2\/types\/post"}],"author":[{"embeddable":true,"href":"https:\/\/netbakis.net\/tr\/wp-json\/wp\/v2\/users\/1"}],"replies":[{"embeddable":true,"href":"https:\/\/netbakis.net\/tr\/wp-json\/wp\/v2\/comments?post=38494"}],"version-history":[{"count":1,"href":"https:\/\/netbakis.net\/tr\/wp-json\/wp\/v2\/posts\/38494\/revisions"}],"predecessor-version":[{"id":38495,"href":"https:\/\/netbakis.net\/tr\/wp-json\/wp\/v2\/posts\/38494\/revisions\/38495"}],"wp:featuredmedia":[{"embeddable":true,"href":"https:\/\/netbakis.net\/tr\/wp-json\/wp\/v2\/media\/10667"}],"wp:attachment":[{"href":"https:\/\/netbakis.net\/tr\/wp-json\/wp\/v2\/media?parent=38494"}],"wp:term":[{"taxonomy":"category","embeddable":true,"href":"https:\/\/netbakis.net\/tr\/wp-json\/wp\/v2\/categories?post=38494"},{"taxonomy":"post_tag","embeddable":true,"href":"https:\/\/netbakis.net\/tr\/wp-json\/wp\/v2\/tags?post=38494"}],"curies":[{"name":"wp","href":"https:\/\/api.w.org\/{rel}","templated":true}]}}