{"id":38488,"date":"2026-03-15T12:03:36","date_gmt":"2026-03-15T12:03:36","guid":{"rendered":"https:\/\/netbakis.net\/?p=38488"},"modified":"2026-03-15T12:03:37","modified_gmt":"2026-03-15T12:03:37","slug":"ctp-yeni-donemin-yol-haritasi-icin-ilk-bulusmasini-yapti-gelecegi-birlikte-kuruyoruz","status":"publish","type":"post","link":"https:\/\/netbakis.net\/tr\/38488\/","title":{"rendered":"CTP, \u201cYeni d\u00f6nemin yol haritas\u0131\u201d i\u00e7in ilk bulu\u015fmas\u0131n\u0131 yapt\u0131: Gelece\u011fi birlikte kuruyoruz"},"content":{"rendered":"<p>Cumhuriyet\u00e7i T\u00fcrk Partisi, \u201cYar\u0131n \u0130\u00e7in \u015eimdi \u2013 Gelece\u011fi Birlikte Kuruyoruz\u201d ba\u015fl\u0131\u011f\u0131yla \u00fclkenin gelece\u011fine y\u00f6nelik kapsaml\u0131 siyasal program haz\u0131rl\u0131\u011f\u0131 i\u00e7in ilk \u00e7al\u0131\u015ftay\u0131n\u0131 ger\u00e7ekle\u015ftirdi. Gen\u00e7lik, spor ve e\u011fitim ba\u015fl\u0131klar\u0131n\u0131n ele al\u0131nd\u0131\u011f\u0131 \u00e7al\u0131\u015ftayda, yeni d\u00f6nem vizyonunun toplumun farkl\u0131 kesimlerinin katk\u0131s\u0131yla \u015fekillendirilmesi hedefleniyor.<br><br>CTP, \u201cYeni d\u00f6nemin yol haritas\u0131\u201d i\u00e7in ilk bulu\u015fmas\u0131n\u0131 yapt\u0131<\/p>\n\n\n\n<p>\u201cYar\u0131n \u0130\u00e7in \u015eimdi \u2013 Gelece\u011fi Birlikte Kuruyoruz\u201d<\/p>\n\n\n\n<p>Cumhuriyet\u00e7i T\u00fcrk Partisi (CTP), \u00fclkenin gelece\u011fine ili\u015fkin kapsaml\u0131 bir siyasal program haz\u0131rl\u0131\u011f\u0131 i\u00e7in yola \u00e7\u0131kt\u0131. \u201cYar\u0131n \u0130\u00e7in \u015eimdi \u2013 Gelece\u011fi Birlikte Kuruyoruz\u201d ba\u015fl\u0131\u011f\u0131yla ba\u015flat\u0131lan \u00e7al\u0131\u015ftay kapsam\u0131nda parti, ekonomiden kamu y\u00f6netimine, e\u011fitimden sa\u011fl\u0131\u011fa, enerjiden ula\u015f\u0131ma ve sosyal politikalardan kurumsal yap\u0131ya kadar geni\u015f bir alanda ve 16 temel ba\u015fl\u0131k alt\u0131nda onlarca alt ba\u015fl\u0131k \u00fczerinden y\u00fczlerce uzman, siyaset\u00e7i, akademisyen, sivil toplum temsilcisi ile \u00e7al\u0131\u015fmalar\u0131n\u0131 son a\u015famaya getirdi.<\/p>\n\n\n\n<p>\u00c7al\u0131\u015ftay, ilk g\u00fcn\u00fcnde \u201cgen\u00e7lik, spor ve e\u011fitim\u201d konu ba\u015fl\u0131klar\u0131nda ileriki g\u00fcnlerde halk\u0131n katk\u0131s\u0131na a\u00e7\u0131lacak olan temel metinler ve somut projelerin \u00fcretimi ve sunumu yap\u0131ld\u0131. Yeni d\u00f6nem vizyonunu toplumun t\u00fcm kesimleri ile birlikte ve payda\u015flar\u0131n kat\u0131l\u0131m\u0131 ile \u015fekillendirmeyi hedefleyen CTP, bu s\u00fcre\u00e7te yaln\u0131zca bir se\u00e7im program\u0131 a\u00e7\u0131klamak yerine, uzmanlar\u0131n, sivil toplumun ve yurtta\u015flar\u0131n katk\u0131s\u0131yla haz\u0131rlanacak bir \u201cyeni d\u00f6nem yol haritas\u0131\u201d ortaya koymay\u0131 ama\u00e7l\u0131yor. Yeni d\u00f6nem vizyonunu toplumla birlikte \u015fekillendirmeyi hedefleyen CTP, komite masalar\u0131n\u0131n konu ba\u015fl\u0131klar\u0131n\u0131 tart\u0131\u015fmas\u0131 ve yeni fikirler, politikalar \u00fcretmesinin ard\u0131ndan sunumlar ve soru cevap k\u0131sm\u0131yla ilk g\u00fcn\u00fc tamamlad\u0131.<\/p>\n\n\n\n<p>SILA USAR \u0130NC\u0130RL\u0130: DE\u011e\u0130\u015e\u0130M\u0130, ORTAK AKIL VE ORTAK SORUMLULUKLA GET\u0130RECE\u011e\u0130Z<\/p>\n\n\n\n<p>CTP Genel Ba\u015fkan\u0131 S\u0131la Usar \u0130ncirli, burada yapt\u0131\u011f\u0131 konu\u015fmada, \u00fclkede g\u00fc\u00e7l\u00fc bir de\u011fi\u015fim arzusunun olu\u015ftu\u011funu belirterek bu de\u011fi\u015fimin ortak ak\u0131l ve ortak sorumlulukla ger\u00e7ekle\u015ftirilece\u011fini vurgulayarak \u201cDe\u011fi\u015fimi, ortak ak\u0131l ve sorumlulukla getirece\u011fiz\u201d dedi. Ayr\u0131ca \u0130ncirli, \u00fclkenin i\u00e7inde bulundu\u011fu ekonomik ve toplumsal sorunlara dikkat \u00e7ekerek hayat pahal\u0131l\u0131\u011f\u0131, gen\u00e7lerin gelecek kayg\u0131s\u0131 ve \u00fcreticilerin ya\u015fad\u0131\u011f\u0131 zorluklar\u0131n toplumda ciddi bir endi\u015fe yaratt\u0131\u011f\u0131n\u0131 ifade etti. K\u0131br\u0131sl\u0131 T\u00fcrk toplumunun mevcut yozla\u015fm\u0131\u015f d\u00fczenden memnun olmad\u0131\u011f\u0131n\u0131 belirten \u0130ncirli, \u00fclkenin gelece\u011fini yeniden kurmak i\u00e7in birlikte \u00e7al\u0131\u015fman\u0131n \u00f6nemine i\u015faret etti ve \u201cK\u0131br\u0131sl\u0131 T\u00fcrklerin aya\u011fa kalkmas\u0131n\u0131n ve memleketi kurtarmas\u0131n\u0131n zaman\u0131d\u0131r. Bunun i\u00e7in \u00e7al\u0131\u015f\u0131yoruz, bu \u00fclkenin gelece\u011fini beraber in\u015fa edece\u011fiz\u201d dedi.<\/p>\n\n\n\n<p>CTP\u2019nin haz\u0131rlad\u0131\u011f\u0131 \u00e7al\u0131\u015ftay\u0131n yaln\u0131zca bir toplant\u0131 olmad\u0131\u011f\u0131n\u0131, \u00fclkenin gelece\u011fini birlikte kurmak i\u00e7in ba\u015flat\u0131lan bir s\u00fcre\u00e7 oldu\u011funu belirten \u0130ncirli, akademisyenler, uzmanlar ve toplumun farkl\u0131 kesimleriyle kurulan ileti\u015fimin devam edece\u011fini s\u00f6yledi. \u0130ncirli, \u201cBu \u00fclkeyi sizlerle birlikte y\u00f6netece\u011fiz, sorunlar\u0131 birlikte \u00e7\u00f6zece\u011fiz ve ger\u00e7ek\u00e7i projeleri birlikte hayata ge\u00e7irece\u011fiz\u201d diyerek ortak ak\u0131l ve kat\u0131l\u0131mc\u0131 y\u00f6netim anlay\u0131\u015f\u0131yla \u00fclkenin yeniden aya\u011fa kald\u0131r\u0131laca\u011f\u0131na inand\u0131klar\u0131n\u0131 ifade etti. \u0130ncirli konu\u015fmas\u0131n\u0131 \u201cGen\u00e7lerin e\u011fitim sorunu, gelecek sorunu ya\u015famayaca\u011f\u0131, insanlar\u0131n sa\u011fl\u0131k hizmeti alabilece\u011fi, g\u00fcvenli bir \u00fclke, \u00fcreticinin \u00fcretmeye devam edece\u011fi, ekonominin geli\u015fece\u011fi, b\u00fcy\u00fcyece\u011fi ve gelece\u011fini birlikte kurulaca\u011f\u0131m\u0131z bir \u00fclke i\u00e7in yola \u00e7\u0131kt\u0131k. Bu de\u011fi\u015fimi bug\u00fcn ba\u015flatt\u0131k. Yar\u0131n i\u00e7in \u00e7al\u0131\u015f\u0131yoruz\u201d ifadeleriyle tamamlad\u0131.<\/p>\n\n\n\n<p>MEHMET KALE K\u0130\u015e\u0130: CTP SE\u00c7\u0130M HAZIRLI\u011eINDA DE\u011e\u0130L, \u0130KT\u0130DAR YOLUNDA H\u00dcK\u00dcMET PROGRAMI YAZIYOR<\/p>\n\n\n\n<p>CTP Genel Sekreteri Mehmet Kale Ki\u015fi ise yapt\u0131\u011f\u0131 konu\u015fmada b\u00fct\u00fcn komitelerin aral\u0131ks\u0131z bir \u015fekilde \u00e7al\u0131\u015ft\u0131\u011f\u0131n\u0131 belirterek toplumun her kesimiyle temas ve isti\u015fare i\u00e7erisinde olduklar\u0131n\u0131 ifade etti. Halk\u0131n derin bir kayg\u0131 ve umutsuzluk hissetti\u011fini s\u00f6yleyen Ki\u015fi, erken se\u00e7imin ka\u00e7\u0131n\u0131lmaz oldu\u011funu vurgulad\u0131.<\/p>\n\n\n\n<p>Ki\u015fi, CTP\u2019nin se\u00e7im haz\u0131rl\u0131\u011f\u0131 de\u011fil h\u00fck\u00fcmet program\u0131 yazd\u0131\u011f\u0131n\u0131, bu \u00e7al\u0131\u015ftay\u0131n ise at\u0131lan en \u00f6nemli ad\u0131mlardan biri oldu\u011funu ifade etti ve \u201cSe\u00e7im haz\u0131rl\u0131\u011f\u0131nda de\u011filiz. CTP iktidara gelecek ve iktidara haz\u0131r olmak i\u00e7in \u00e7al\u0131\u015fmalar\u0131m\u0131za \u015fimdiden ba\u015flad\u0131. \u0130ktidar yolunda h\u00fck\u00fcmet program\u0131n\u0131 bug\u00fcn sizlerle beraber yaz\u0131yoruz\u201d dedi. \u00c7al\u0131\u015ftaylarla beraber ortaya konacak raporlar\u0131n \u00f6nemine de i\u015faret eden Ki\u015fi, bu raporlarla beraber kapsaml\u0131, yenilik\u00e7i, halk\u0131n taleplerini kar\u015f\u0131layan yeni politikalar \u00fcreteceklerini s\u00f6zlerine ekledi.<\/p>\n\n\n\n<ol start=\"2\" class=\"wp-block-list\">\n<li>G\u00dcN TUR\u0130ZM, \u00c7EVRE VE ENERJ\u0130 KONULARI ELE ALINACAK<\/li>\n<\/ol>\n\n\n\n<p>Ayr\u0131ca \u00e7al\u0131\u015ftay 15 Mart 2026 Pazar g\u00fcn\u00fc de devam edecek. Program kapsam\u0131nda bu sefer enerji, \u00e7evre ve turizm komiteleri temel metin ve \u00f6nerileri somutla\u015ft\u0131rmak i\u00e7in bir araya gelecek.<\/p>\n\n\n\n<p>\u00c7al\u0131\u015ftaylar kapsam\u0131nda se\u00e7im program\u0131 a\u00e7\u0131klamak yerine, uzmanlar\u0131n, sivil toplumun ve yurtta\u015flar\u0131n katk\u0131s\u0131yla haz\u0131rlanacak bir \u201cyeni d\u00f6nem yol haritas\u0131\u201d ortaya koymak ama\u00e7lan\u0131yor. Geriye kalan ba\u015fl\u0131klar ise \u00f6n\u00fcm\u00fczdeki haftalarda ele al\u0131nacak.<\/p>","protected":false},"excerpt":{"rendered":"<p>Cumhuriyet\u00e7i T\u00fcrk Partisi, \u201cYar\u0131n \u0130\u00e7in \u015eimdi \u2013 Gelece\u011fi Birlikte Kuruyoruz\u201d ba\u015fl\u0131\u011f\u0131yla \u00fclkenin gelece\u011fine y\u00f6nelik kapsaml\u0131 siyasal program haz\u0131rl\u0131\u011f\u0131 i\u00e7in ilk \u00e7al\u0131\u015ftay\u0131n\u0131 ger\u00e7ekle\u015ftirdi. Gen\u00e7lik, spor ve e\u011fitim ba\u015fl\u0131klar\u0131n\u0131n ele al\u0131nd\u0131\u011f\u0131 \u00e7al\u0131\u015ftayda, yeni d\u00f6nem vizyonunun toplumun farkl\u0131 kesimlerinin katk\u0131s\u0131yla \u015fekillendirilmesi hedefleniyor. CTP, \u201cYeni d\u00f6nemin yol haritas\u0131\u201d i\u00e7in ilk bulu\u015fmas\u0131n\u0131 yapt\u0131 \u201cYar\u0131n \u0130\u00e7in \u015eimdi \u2013 Gelece\u011fi Birlikte Kuruyoruz\u201d [&hellip;]<\/p>","protected":false},"author":1,"featured_media":38489,"comment_status":"open","ping_status":"open","sticky":false,"template":"","format":"standard","meta":{"om_disable_all_campaigns":false,"_monsterinsights_skip_tracking":false,"_monsterinsights_sitenote_active":false,"_monsterinsights_sitenote_note":"","_monsterinsights_sitenote_category":0,"_uf_show_specific_survey":0,"_uf_disable_surveys":false,"footnotes":"","jetpack_publicize_message":"","jetpack_publicize_feature_enabled":true,"jetpack_social_post_already_shared":true,"jetpack_social_options":{"image_generator_settings":{"template":"highway","default_image_id":0,"font":"","enabled":false},"version":2}},"categories":[81],"tags":[],"class_list":{"0":"post-38488","1":"post","2":"type-post","3":"status-publish","4":"format-standard","5":"has-post-thumbnail","7":"category-gundem"},"yoast_head":"<!-- This site is optimized with the Yoast SEO plugin v23.8 - https:\/\/yoast.com\/wordpress\/plugins\/seo\/ -->\n<title>CTP, \u201cYeni d\u00f6nemin yol haritas\u0131\u201d i\u00e7in ilk bulu\u015fmas\u0131n\u0131 yapt\u0131: Gelece\u011fi birlikte kuruyoruz - NETBAKIS<\/title>\n<meta name=\"robots\" content=\"index, follow, max-snippet:-1, max-image-preview:large, max-video-preview:-1\" \/>\n<link rel=\"canonical\" href=\"https:\/\/netbakis.net\/tr\/38488\/\" \/>\n<meta property=\"og:locale\" content=\"tr_TR\" \/>\n<meta property=\"og:type\" content=\"article\" \/>\n<meta property=\"og:title\" content=\"CTP, \u201cYeni d\u00f6nemin yol haritas\u0131\u201d i\u00e7in ilk bulu\u015fmas\u0131n\u0131 yapt\u0131: Gelece\u011fi birlikte kuruyoruz - NETBAKIS\" \/>\n<meta property=\"og:description\" content=\"Cumhuriyet\u00e7i T\u00fcrk Partisi, \u201cYar\u0131n \u0130\u00e7in \u015eimdi \u2013 Gelece\u011fi Birlikte Kuruyoruz\u201d ba\u015fl\u0131\u011f\u0131yla \u00fclkenin gelece\u011fine y\u00f6nelik kapsaml\u0131 siyasal program haz\u0131rl\u0131\u011f\u0131 i\u00e7in ilk \u00e7al\u0131\u015ftay\u0131n\u0131 ger\u00e7ekle\u015ftirdi. Gen\u00e7lik, spor ve e\u011fitim ba\u015fl\u0131klar\u0131n\u0131n ele al\u0131nd\u0131\u011f\u0131 \u00e7al\u0131\u015ftayda, yeni d\u00f6nem vizyonunun toplumun farkl\u0131 kesimlerinin katk\u0131s\u0131yla \u015fekillendirilmesi hedefleniyor. CTP, \u201cYeni d\u00f6nemin yol haritas\u0131\u201d i\u00e7in ilk bulu\u015fmas\u0131n\u0131 yapt\u0131 \u201cYar\u0131n \u0130\u00e7in \u015eimdi \u2013 Gelece\u011fi Birlikte Kuruyoruz\u201d [&hellip;]\" \/>\n<meta property=\"og:url\" content=\"https:\/\/netbakis.net\/tr\/38488\/\" \/>\n<meta property=\"og:site_name\" content=\"NETBAKIS\" \/>\n<meta property=\"article:published_time\" content=\"2026-03-15T12:03:36+00:00\" \/>\n<meta property=\"article:modified_time\" content=\"2026-03-15T12:03:37+00:00\" \/>\n<meta property=\"og:image\" content=\"https:\/\/netbakis.net\/wp-content\/uploads\/2026\/03\/v2normalhaberboyutuablonsuzkopyaskopyaskopyaskopyaskopyas-2026-03-15t104325513_1773564233.webp\" \/>\n\t<meta property=\"og:image:width\" content=\"971\" \/>\n\t<meta property=\"og:image:height\" content=\"551\" \/>\n\t<meta property=\"og:image:type\" content=\"image\/webp\" \/>\n<meta name=\"author\" content=\"netbakis.net\" \/>\n<meta name=\"twitter:card\" content=\"summary_large_image\" \/>\n<meta name=\"twitter:label1\" content=\"Yazan:\" \/>\n\t<meta name=\"twitter:data1\" content=\"netbakis.net\" \/>\n\t<meta name=\"twitter:label2\" content=\"Tahmini okuma s\u00fcresi\" \/>\n\t<meta name=\"twitter:data2\" content=\"1 dakika\" \/>\n<script type=\"application\/ld+json\" class=\"yoast-schema-graph\">{\"@context\":\"https:\/\/schema.org\",\"@graph\":[{\"@type\":\"WebPage\",\"@id\":\"https:\/\/netbakis.net\/38488\/\",\"url\":\"https:\/\/netbakis.net\/38488\/\",\"name\":\"CTP, \u201cYeni d\u00f6nemin yol haritas\u0131\u201d i\u00e7in ilk bulu\u015fmas\u0131n\u0131 yapt\u0131: Gelece\u011fi birlikte kuruyoruz - NETBAKIS\",\"isPartOf\":{\"@id\":\"https:\/\/netbakis.net\/#website\"},\"primaryImageOfPage\":{\"@id\":\"https:\/\/netbakis.net\/38488\/#primaryimage\"},\"image\":{\"@id\":\"https:\/\/netbakis.net\/38488\/#primaryimage\"},\"thumbnailUrl\":\"https:\/\/netbakis.net\/wp-content\/uploads\/2026\/03\/v2normalhaberboyutuablonsuzkopyaskopyaskopyaskopyaskopyas-2026-03-15t104325513_1773564233.webp\",\"datePublished\":\"2026-03-15T12:03:36+00:00\",\"dateModified\":\"2026-03-15T12:03:37+00:00\",\"author\":{\"@id\":\"https:\/\/netbakis.net\/#\/schema\/person\/5d9b5c3f48ca4a3c69967d619fc8c7f4\"},\"breadcrumb\":{\"@id\":\"https:\/\/netbakis.net\/38488\/#breadcrumb\"},\"inLanguage\":\"tr\",\"potentialAction\":[{\"@type\":\"ReadAction\",\"target\":[\"https:\/\/netbakis.net\/38488\/\"]}]},{\"@type\":\"ImageObject\",\"inLanguage\":\"tr\",\"@id\":\"https:\/\/netbakis.net\/38488\/#primaryimage\",\"url\":\"https:\/\/netbakis.net\/wp-content\/uploads\/2026\/03\/v2normalhaberboyutuablonsuzkopyaskopyaskopyaskopyaskopyas-2026-03-15t104325513_1773564233.webp\",\"contentUrl\":\"https:\/\/netbakis.net\/wp-content\/uploads\/2026\/03\/v2normalhaberboyutuablonsuzkopyaskopyaskopyaskopyaskopyas-2026-03-15t104325513_1773564233.webp\",\"width\":971,\"height\":551},{\"@type\":\"BreadcrumbList\",\"@id\":\"https:\/\/netbakis.net\/38488\/#breadcrumb\",\"itemListElement\":[{\"@type\":\"ListItem\",\"position\":1,\"name\":\"Home\",\"item\":\"https:\/\/netbakis.net\/\"},{\"@type\":\"ListItem\",\"position\":2,\"name\":\"CTP, \u201cYeni d\u00f6nemin yol haritas\u0131\u201d i\u00e7in ilk bulu\u015fmas\u0131n\u0131 yapt\u0131: Gelece\u011fi birlikte kuruyoruz\"}]},{\"@type\":\"WebSite\",\"@id\":\"https:\/\/netbakis.net\/#website\",\"url\":\"https:\/\/netbakis.net\/\",\"name\":\"NETBAKIS\",\"description\":\"SON DAKIKA\",\"potentialAction\":[{\"@type\":\"SearchAction\",\"target\":{\"@type\":\"EntryPoint\",\"urlTemplate\":\"https:\/\/netbakis.net\/?s={search_term_string}\"},\"query-input\":{\"@type\":\"PropertyValueSpecification\",\"valueRequired\":true,\"valueName\":\"search_term_string\"}}],\"inLanguage\":\"tr\"},{\"@type\":\"Person\",\"@id\":\"https:\/\/netbakis.net\/#\/schema\/person\/5d9b5c3f48ca4a3c69967d619fc8c7f4\",\"name\":\"netbakis.net\",\"image\":{\"@type\":\"ImageObject\",\"inLanguage\":\"tr\",\"@id\":\"https:\/\/netbakis.net\/#\/schema\/person\/image\/\",\"url\":\"https:\/\/secure.gravatar.com\/avatar\/4ddeae49d2d3e3568a8d5b0937642efdf0b72468dbe3f213bc1978faa47af0d1?s=96&d=wp_user_avatar&r=g\",\"contentUrl\":\"https:\/\/secure.gravatar.com\/avatar\/4ddeae49d2d3e3568a8d5b0937642efdf0b72468dbe3f213bc1978faa47af0d1?s=96&d=wp_user_avatar&r=g\",\"caption\":\"netbakis.net\"},\"sameAs\":[\"https:\/\/netbakis.net\"],\"url\":\"https:\/\/netbakis.net\/tr\/author\/netbakis-net\/\"}]}<\/script>\n<!-- \/ Yoast SEO plugin. -->","yoast_head_json":{"title":"CTP, \u201cYeni d\u00f6nemin yol haritas\u0131\u201d i\u00e7in ilk bulu\u015fmas\u0131n\u0131 yapt\u0131: Gelece\u011fi birlikte kuruyoruz - NETBAKIS","robots":{"index":"index","follow":"follow","max-snippet":"max-snippet:-1","max-image-preview":"max-image-preview:large","max-video-preview":"max-video-preview:-1"},"canonical":"https:\/\/netbakis.net\/tr\/38488\/","og_locale":"tr_TR","og_type":"article","og_title":"CTP, \u201cYeni d\u00f6nemin yol haritas\u0131\u201d i\u00e7in ilk bulu\u015fmas\u0131n\u0131 yapt\u0131: Gelece\u011fi birlikte kuruyoruz - NETBAKIS","og_description":"Cumhuriyet\u00e7i T\u00fcrk Partisi, \u201cYar\u0131n \u0130\u00e7in \u015eimdi \u2013 Gelece\u011fi Birlikte Kuruyoruz\u201d ba\u015fl\u0131\u011f\u0131yla \u00fclkenin gelece\u011fine y\u00f6nelik kapsaml\u0131 siyasal program haz\u0131rl\u0131\u011f\u0131 i\u00e7in ilk \u00e7al\u0131\u015ftay\u0131n\u0131 ger\u00e7ekle\u015ftirdi. Gen\u00e7lik, spor ve e\u011fitim ba\u015fl\u0131klar\u0131n\u0131n ele al\u0131nd\u0131\u011f\u0131 \u00e7al\u0131\u015ftayda, yeni d\u00f6nem vizyonunun toplumun farkl\u0131 kesimlerinin katk\u0131s\u0131yla \u015fekillendirilmesi hedefleniyor. CTP, \u201cYeni d\u00f6nemin yol haritas\u0131\u201d i\u00e7in ilk bulu\u015fmas\u0131n\u0131 yapt\u0131 \u201cYar\u0131n \u0130\u00e7in \u015eimdi \u2013 Gelece\u011fi Birlikte Kuruyoruz\u201d [&hellip;]","og_url":"https:\/\/netbakis.net\/tr\/38488\/","og_site_name":"NETBAKIS","article_published_time":"2026-03-15T12:03:36+00:00","article_modified_time":"2026-03-15T12:03:37+00:00","og_image":[{"width":971,"height":551,"url":"https:\/\/netbakis.net\/wp-content\/uploads\/2026\/03\/v2normalhaberboyutuablonsuzkopyaskopyaskopyaskopyaskopyas-2026-03-15t104325513_1773564233.webp","type":"image\/webp"}],"author":"netbakis.net","twitter_card":"summary_large_image","twitter_misc":{"Yazan:":"netbakis.net","Tahmini okuma s\u00fcresi":"1 dakika"},"schema":{"@context":"https:\/\/schema.org","@graph":[{"@type":"WebPage","@id":"https:\/\/netbakis.net\/38488\/","url":"https:\/\/netbakis.net\/38488\/","name":"CTP, \u201cYeni d\u00f6nemin yol haritas\u0131\u201d i\u00e7in ilk bulu\u015fmas\u0131n\u0131 yapt\u0131: Gelece\u011fi birlikte kuruyoruz - NETBAKIS","isPartOf":{"@id":"https:\/\/netbakis.net\/#website"},"primaryImageOfPage":{"@id":"https:\/\/netbakis.net\/38488\/#primaryimage"},"image":{"@id":"https:\/\/netbakis.net\/38488\/#primaryimage"},"thumbnailUrl":"https:\/\/netbakis.net\/wp-content\/uploads\/2026\/03\/v2normalhaberboyutuablonsuzkopyaskopyaskopyaskopyaskopyas-2026-03-15t104325513_1773564233.webp","datePublished":"2026-03-15T12:03:36+00:00","dateModified":"2026-03-15T12:03:37+00:00","author":{"@id":"https:\/\/netbakis.net\/#\/schema\/person\/5d9b5c3f48ca4a3c69967d619fc8c7f4"},"breadcrumb":{"@id":"https:\/\/netbakis.net\/38488\/#breadcrumb"},"inLanguage":"tr","potentialAction":[{"@type":"ReadAction","target":["https:\/\/netbakis.net\/38488\/"]}]},{"@type":"ImageObject","inLanguage":"tr","@id":"https:\/\/netbakis.net\/38488\/#primaryimage","url":"https:\/\/netbakis.net\/wp-content\/uploads\/2026\/03\/v2normalhaberboyutuablonsuzkopyaskopyaskopyaskopyaskopyas-2026-03-15t104325513_1773564233.webp","contentUrl":"https:\/\/netbakis.net\/wp-content\/uploads\/2026\/03\/v2normalhaberboyutuablonsuzkopyaskopyaskopyaskopyaskopyas-2026-03-15t104325513_1773564233.webp","width":971,"height":551},{"@type":"BreadcrumbList","@id":"https:\/\/netbakis.net\/38488\/#breadcrumb","itemListElement":[{"@type":"ListItem","position":1,"name":"Home","item":"https:\/\/netbakis.net\/"},{"@type":"ListItem","position":2,"name":"CTP, \u201cYeni d\u00f6nemin yol haritas\u0131\u201d i\u00e7in ilk bulu\u015fmas\u0131n\u0131 yapt\u0131: Gelece\u011fi birlikte kuruyoruz"}]},{"@type":"WebSite","@id":"https:\/\/netbakis.net\/#website","url":"https:\/\/netbakis.net\/","name":"NETBAKIS","description":"SON DAKIKA","potentialAction":[{"@type":"SearchAction","target":{"@type":"EntryPoint","urlTemplate":"https:\/\/netbakis.net\/?s={search_term_string}"},"query-input":{"@type":"PropertyValueSpecification","valueRequired":true,"valueName":"search_term_string"}}],"inLanguage":"tr"},{"@type":"Person","@id":"https:\/\/netbakis.net\/#\/schema\/person\/5d9b5c3f48ca4a3c69967d619fc8c7f4","name":"netbakis.net","image":{"@type":"ImageObject","inLanguage":"tr","@id":"https:\/\/netbakis.net\/#\/schema\/person\/image\/","url":"https:\/\/secure.gravatar.com\/avatar\/4ddeae49d2d3e3568a8d5b0937642efdf0b72468dbe3f213bc1978faa47af0d1?s=96&d=wp_user_avatar&r=g","contentUrl":"https:\/\/secure.gravatar.com\/avatar\/4ddeae49d2d3e3568a8d5b0937642efdf0b72468dbe3f213bc1978faa47af0d1?s=96&d=wp_user_avatar&r=g","caption":"netbakis.net"},"sameAs":["https:\/\/netbakis.net"],"url":"https:\/\/netbakis.net\/tr\/author\/netbakis-net\/"}]}},"jetpack_publicize_connections":[],"_links":{"self":[{"href":"https:\/\/netbakis.net\/tr\/wp-json\/wp\/v2\/posts\/38488","targetHints":{"allow":["GET"]}}],"collection":[{"href":"https:\/\/netbakis.net\/tr\/wp-json\/wp\/v2\/posts"}],"about":[{"href":"https:\/\/netbakis.net\/tr\/wp-json\/wp\/v2\/types\/post"}],"author":[{"embeddable":true,"href":"https:\/\/netbakis.net\/tr\/wp-json\/wp\/v2\/users\/1"}],"replies":[{"embeddable":true,"href":"https:\/\/netbakis.net\/tr\/wp-json\/wp\/v2\/comments?post=38488"}],"version-history":[{"count":1,"href":"https:\/\/netbakis.net\/tr\/wp-json\/wp\/v2\/posts\/38488\/revisions"}],"predecessor-version":[{"id":38490,"href":"https:\/\/netbakis.net\/tr\/wp-json\/wp\/v2\/posts\/38488\/revisions\/38490"}],"wp:featuredmedia":[{"embeddable":true,"href":"https:\/\/netbakis.net\/tr\/wp-json\/wp\/v2\/media\/38489"}],"wp:attachment":[{"href":"https:\/\/netbakis.net\/tr\/wp-json\/wp\/v2\/media?parent=38488"}],"wp:term":[{"taxonomy":"category","embeddable":true,"href":"https:\/\/netbakis.net\/tr\/wp-json\/wp\/v2\/categories?post=38488"},{"taxonomy":"post_tag","embeddable":true,"href":"https:\/\/netbakis.net\/tr\/wp-json\/wp\/v2\/tags?post=38488"}],"curies":[{"name":"wp","href":"https:\/\/api.w.org\/{rel}","templated":true}]}}