{"id":38465,"date":"2026-03-15T11:57:42","date_gmt":"2026-03-15T11:57:42","guid":{"rendered":"https:\/\/netbakis.net\/?p=38465"},"modified":"2026-03-15T11:57:43","modified_gmt":"2026-03-15T11:57:43","slug":"rum-basini-kibrista-yunanistan-ve-avrupanin-askeri-varligi-kalici-olsun-sesleri-yukseliyor","status":"publish","type":"post","link":"https:\/\/netbakis.net\/tr\/38465\/","title":{"rendered":"Rum bas\u0131n\u0131: &#8220;K\u0131br\u0131s&#8217;ta, Yunanistan ve Avrupa\u2019n\u0131n askeri varl\u0131\u011f\u0131 kal\u0131c\u0131 olsun&#8221; sesleri y\u00fckseliyor"},"content":{"rendered":"<p>G\u00fcney K\u0131br\u0131s\u2019ta A\u011frotur\u2019daki \u0130ngiliz \u00fcss\u00fcne y\u00f6nelik \u0130HA sald\u0131r\u0131s\u0131n\u0131n ard\u0131ndan b\u00f6lgeye gelen Avrupa askeri g\u00fc\u00e7lerinin kal\u0131c\u0131 olmas\u0131 y\u00f6n\u00fcnde \u00e7a\u011fr\u0131lar yap\u0131lmaya ba\u015fland\u0131. Rum siyaset\u00e7iler, Avrupa dayan\u0131\u015fmas\u0131n\u0131n \u0130ran kriziyle s\u0131n\u0131rl\u0131 kalmamas\u0131 ve K\u0131br\u0131s meselesinde de s\u00fcrmesi gerekti\u011fini savundu.<br><br>G\u00fcney K\u0131br\u0131s\u2019ta, \u0130ngiliz egemen askeri \u00fcss\u00fc A\u011frotur\u2019a \u0130ran \u0130HA\u2019s\u0131 ile yap\u0131lan sald\u0131r\u0131 sonras\u0131nda Rum Y\u00f6netimi Ba\u015fkan\u0131 Nikos Hristodulidis\u2019in \u00e7a\u011fr\u0131s\u0131 ile Yunanistan ba\u015fta olmak \u00fczere baz\u0131 AB \u00fcyesi \u00fclkelerin G\u00fcney K\u0131br\u0131s\u2019a yapt\u0131\u011f\u0131 askeri y\u0131\u011f\u0131na\u011f\u0131n ABD-\u0130srail \u0130ran krizi sonras\u0131nda da kalmas\u0131ndan yana sesler y\u00fckselmeye ba\u015flad\u0131.<\/p>\n\n\n\n<p>Fileleftheros\u2019a g\u00f6re eski D\u0130S\u0130 Ba\u015fkan\u0131, Milletvekili Averof Neofitu, Yunanistan Ba\u015fbakan\u0131 Kiriakos Mi\u00e7otakis ve Hristodulidis\u2019in \u00e7a\u011fr\u0131s\u0131na olumlu cevap veren di\u011fer Avrupal\u0131 liderlere minnettarl\u0131k belirterek, \u201cAvrupa dayan\u0131\u015fmas\u0131n\u0131n, \u0130ran sava\u015f\u0131n\u0131n \u00f6tesinde, Tr\u00fck i\u015fgalinden kurtulma m\u00fccadelemizde de y\u00fcr\u00fcrl\u00fckte olmas\u0131n\u0131 diliyor, bekliyoruz.\u201d dedi.<\/p>\n\n\n\n<p>Neofitu bu gazeteye yapt\u0131\u011f\u0131 a\u00e7\u0131klamada \u201cBu m\u00fccadelemizde Yunanistan\u2019\u0131n deste\u011fi kesindir ancak bu deste\u011fi b\u00fct\u00fcn AB \u00e7er\u00e7evelemelidir.\u201d dedi, \u015funlar\u0131 ekledi:<\/p>\n\n\n\n<p>\u201cMevcut kriz \u00fclkemize, uluslararas\u0131 topluma, K\u0131br\u0131s sorununun i\u015fgal ordusu ve 60 garantileri olmadan \u00e7\u00f6z\u00fclmesinin, yaln\u0131z G\u00fcney Do\u011fu Akdeniz ve Orta Do\u011fu i\u00e7in de\u011fil Avrupa i\u00e7in de kritik ve yegane g\u00fcvenlik baca\u011f\u0131 olaca\u011f\u0131n\u0131 g\u00f6stermesine f\u0131rsat tan\u0131yor. Yine, K\u0131br\u0131s\u2019\u0131n b\u00fct\u00fcn\u00fcn\u00fcn g\u00fcvenli\u011fi i\u00e7in K\u0131br\u0131s Cumhuriyeti\u2019nin NATO\u2019ya \u00fcyeli\u011finin \u015fart oldu\u011funu anlamam\u0131z i\u00e7in de bir f\u0131rsatt\u0131r.\u201d<\/p>\n\n\n\n<p>\u00d6te yandan haftal\u0131k Simerini eski Yunanistan Ba\u015fbakan\u0131 Antonis Samaras\u2019\u0131n Atina\u2019n\u0131n G\u00fcney K\u0131br\u0131s\u2019a sava\u015f u\u00e7a\u011f\u0131 ve f\u0131rkateyn g\u00f6ndermesini ve Kerpe adas\u0131na Patriot yerle\u015ftirmesini olumlu ve hakl\u0131 oldu\u011funu a\u00e7\u0131klad\u0131.<\/p>\n\n\n\n<p>Gazeteye g\u00f6re, Yunan Meclisi Genel Kurulu\u2019nda yapt\u0131\u011f\u0131 konu\u015fmada \u201cmevcut konjonkt\u00fcre ge\u00e7ici alarm g\u00f6z\u00fcyle de\u011fil, Helenizm\u2019in b\u00f6lgedeki cayd\u0131r\u0131c\u0131 varl\u0131\u011f\u0131n\u0131n kal\u0131c\u0131 olarak d\u00fczenlenmesine f\u0131rsat olarak bak\u0131lmas\u0131 gerekti\u011fini\u201d \u00f6ne s\u00fcren Samaras, \u201ceski savunma mimarilerinin art\u0131k yeni tehditlere kar\u015f\u0131 yeterli olmad\u0131\u011f\u0131\u201d g\u00f6r\u00fc\u015f\u00fcn dile getirdi.<\/p>\n\n\n\n<p>Ayn\u0131 gazete, Savvas Yakovidis\u2019in \u201c\u2019K\u0131br\u0131s Uzak De\u011fil Yak\u0131n Oldu\u011funa G\u00f6re Yunan Ordusu Burada Daimi Konu\u015flans\u0131n\u201d ba\u015fl\u0131kl\u0131 makalesine yer verdi.<\/p>\n\n\n\n<p>Yakovidis \u201c\u015eu an Yunanistan\u2019\u0131n garant\u00f6r ama daha da \u00f6nemlisi bir anne olarak K\u0131br\u0131s\u2019a kar\u015f\u0131 taahh\u00fctlerini sava\u015f u\u00e7aklar\u0131n\u0131 ve f\u0131rkateynlerini kal\u0131c\u0131 varl\u0131\u011fa d\u00f6n\u00fc\u015ft\u00fcrmesi, Ortak Savunma Doktrini\u2019ni K\u0131br\u0131sl\u0131lar\u0131n da etkin katk\u0131s\u0131yla ulusal ve ana vatan y\u00fck\u00fcml\u00fck olarak yeniden i\u015fletmesi i\u00e7in tarihi bir f\u0131rsatt\u0131r.\u201d ifadelerini kulland\u0131.<\/p>\n\n\n\n<p>\u00d6te yandan Fileleftheros Rum y\u00f6netiminin Yunanistan\u2019dan (Hellenic Aerospace Industry) Centauros \u0130HA-savar sistemi sat\u0131n alma, 4 tane de ba\u015fka sistem sipari\u015f etme prosed\u00fcr\u00fcn\u00fc ilerletti\u011fini yazd\u0131.<\/p>\n\n\n\n<p>Yunanistan\u2019\u0131n bu sistemleri bir y\u0131l i\u00e7erisinde haz\u0131r edebilece\u011fine i\u015faret edilen haberde, b\u00f6lgedeki durum sebebiyle Rum y\u00f6netiminin bunlar\u0131 AB\u2019nin SAFE program\u0131 d\u0131\u015f\u0131nda, \u00f6z kaynaklar\u0131yla sat\u0131n alma olas\u0131l\u0131\u011f\u0131 bulundu\u011fu kaydedildi.<\/p>\n\n\n\n<p>Habere g\u00f6re, Rum y\u00f6netimi Baf\u2019taki Andreas Papandreu hava \u00fcss\u00fc ve Mari\u2019deki Evangelos deniz \u00fcss\u00fcn\u00fc b\u00fcy\u00fck bir s\u00fcratle geli\u015ftiriyor. Silahlanma program\u0131n\u0131n y\u00fczde 80\u2019ini Fransa\u2019dan kar\u015f\u0131layan Rum y\u00f6netimi Yunanistan, \u0130srail ve di\u011fer \u00fclkelerden de silah sistemleri al\u0131yor.<\/p>\n\n\n\n<p>Rum y\u00f6netiminin \u201cK\u0131br\u0131s\u2019\u0131n g\u00fcvenli\u011fi\u201d meselesini geni\u015f \u00f6l\u00e7ekte ele ald\u0131\u011f\u0131n\u0131 belirten gazete, \u201cT\u00fcrkiye\u2019nin s\u00fcregelen i\u015fgalini birinci \u00f6ncelik alarak eylemlerini \u00f6zellikle yak\u0131n\u0131m\u0131zda olup bitenlerle ba\u011flant\u0131l\u0131 y\u00fcr\u00fct\u00fcyor.\u201d ifadesini kulland\u0131.<\/p>","protected":false},"excerpt":{"rendered":"<p>G\u00fcney K\u0131br\u0131s\u2019ta A\u011frotur\u2019daki \u0130ngiliz \u00fcss\u00fcne y\u00f6nelik \u0130HA sald\u0131r\u0131s\u0131n\u0131n ard\u0131ndan b\u00f6lgeye gelen Avrupa askeri g\u00fc\u00e7lerinin kal\u0131c\u0131 olmas\u0131 y\u00f6n\u00fcnde \u00e7a\u011fr\u0131lar yap\u0131lmaya ba\u015fland\u0131. Rum siyaset\u00e7iler, Avrupa dayan\u0131\u015fmas\u0131n\u0131n \u0130ran kriziyle s\u0131n\u0131rl\u0131 kalmamas\u0131 ve K\u0131br\u0131s meselesinde de s\u00fcrmesi gerekti\u011fini savundu. G\u00fcney K\u0131br\u0131s\u2019ta, \u0130ngiliz egemen askeri \u00fcss\u00fc A\u011frotur\u2019a \u0130ran \u0130HA\u2019s\u0131 ile yap\u0131lan sald\u0131r\u0131 sonras\u0131nda Rum Y\u00f6netimi Ba\u015fkan\u0131 Nikos Hristodulidis\u2019in \u00e7a\u011fr\u0131s\u0131 ile [&hellip;]<\/p>","protected":false},"author":1,"featured_media":38466,"comment_status":"open","ping_status":"open","sticky":false,"template":"","format":"standard","meta":{"om_disable_all_campaigns":false,"_monsterinsights_skip_tracking":false,"_monsterinsights_sitenote_active":false,"_monsterinsights_sitenote_note":"","_monsterinsights_sitenote_category":0,"_uf_show_specific_survey":0,"_uf_disable_surveys":false,"footnotes":"","jetpack_publicize_message":"","jetpack_publicize_feature_enabled":true,"jetpack_social_post_already_shared":true,"jetpack_social_options":{"image_generator_settings":{"template":"highway","default_image_id":0,"font":"","enabled":false},"version":2}},"categories":[85],"tags":[],"class_list":{"0":"post-38465","1":"post","2":"type-post","3":"status-publish","4":"format-standard","5":"has-post-thumbnail","7":"category-dunya"},"yoast_head":"<!-- This site is optimized with the Yoast SEO plugin v23.8 - https:\/\/yoast.com\/wordpress\/plugins\/seo\/ -->\n<title>Rum bas\u0131n\u0131: &quot;K\u0131br\u0131s&#039;ta, Yunanistan ve Avrupa\u2019n\u0131n askeri varl\u0131\u011f\u0131 kal\u0131c\u0131 olsun&quot; sesleri y\u00fckseliyor - NETBAKIS<\/title>\n<meta name=\"robots\" content=\"index, follow, max-snippet:-1, max-image-preview:large, max-video-preview:-1\" \/>\n<link rel=\"canonical\" href=\"https:\/\/netbakis.net\/tr\/38465\/\" \/>\n<meta property=\"og:locale\" content=\"tr_TR\" \/>\n<meta property=\"og:type\" content=\"article\" \/>\n<meta property=\"og:title\" content=\"Rum bas\u0131n\u0131: &quot;K\u0131br\u0131s&#039;ta, Yunanistan ve Avrupa\u2019n\u0131n askeri varl\u0131\u011f\u0131 kal\u0131c\u0131 olsun&quot; sesleri y\u00fckseliyor - NETBAKIS\" \/>\n<meta property=\"og:description\" content=\"G\u00fcney K\u0131br\u0131s\u2019ta A\u011frotur\u2019daki \u0130ngiliz \u00fcss\u00fcne y\u00f6nelik \u0130HA sald\u0131r\u0131s\u0131n\u0131n ard\u0131ndan b\u00f6lgeye gelen Avrupa askeri g\u00fc\u00e7lerinin kal\u0131c\u0131 olmas\u0131 y\u00f6n\u00fcnde \u00e7a\u011fr\u0131lar yap\u0131lmaya ba\u015fland\u0131. Rum siyaset\u00e7iler, Avrupa dayan\u0131\u015fmas\u0131n\u0131n \u0130ran kriziyle s\u0131n\u0131rl\u0131 kalmamas\u0131 ve K\u0131br\u0131s meselesinde de s\u00fcrmesi gerekti\u011fini savundu. G\u00fcney K\u0131br\u0131s\u2019ta, \u0130ngiliz egemen askeri \u00fcss\u00fc A\u011frotur\u2019a \u0130ran \u0130HA\u2019s\u0131 ile yap\u0131lan sald\u0131r\u0131 sonras\u0131nda Rum Y\u00f6netimi Ba\u015fkan\u0131 Nikos Hristodulidis\u2019in \u00e7a\u011fr\u0131s\u0131 ile [&hellip;]\" \/>\n<meta property=\"og:url\" content=\"https:\/\/netbakis.net\/tr\/38465\/\" \/>\n<meta property=\"og:site_name\" content=\"NETBAKIS\" \/>\n<meta property=\"article:published_time\" content=\"2026-03-15T11:57:42+00:00\" \/>\n<meta property=\"article:modified_time\" content=\"2026-03-15T11:57:43+00:00\" \/>\n<meta property=\"og:image\" content=\"https:\/\/netbakis.net\/wp-content\/uploads\/2026\/03\/untitled-2_1590582530.webp\" \/>\n\t<meta property=\"og:image:width\" content=\"971\" \/>\n\t<meta property=\"og:image:height\" content=\"551\" \/>\n\t<meta property=\"og:image:type\" content=\"image\/webp\" \/>\n<meta name=\"author\" content=\"netbakis.net\" \/>\n<meta name=\"twitter:card\" content=\"summary_large_image\" \/>\n<meta name=\"twitter:label1\" content=\"Yazan:\" \/>\n\t<meta name=\"twitter:data1\" content=\"netbakis.net\" \/>\n\t<meta name=\"twitter:label2\" content=\"Tahmini okuma s\u00fcresi\" \/>\n\t<meta name=\"twitter:data2\" content=\"1 dakika\" \/>\n<script type=\"application\/ld+json\" class=\"yoast-schema-graph\">{\"@context\":\"https:\/\/schema.org\",\"@graph\":[{\"@type\":\"WebPage\",\"@id\":\"https:\/\/netbakis.net\/38465\/\",\"url\":\"https:\/\/netbakis.net\/38465\/\",\"name\":\"Rum bas\u0131n\u0131: \\\"K\u0131br\u0131s'ta, Yunanistan ve Avrupa\u2019n\u0131n askeri varl\u0131\u011f\u0131 kal\u0131c\u0131 olsun\\\" sesleri y\u00fckseliyor - NETBAKIS\",\"isPartOf\":{\"@id\":\"https:\/\/netbakis.net\/#website\"},\"primaryImageOfPage\":{\"@id\":\"https:\/\/netbakis.net\/38465\/#primaryimage\"},\"image\":{\"@id\":\"https:\/\/netbakis.net\/38465\/#primaryimage\"},\"thumbnailUrl\":\"https:\/\/netbakis.net\/wp-content\/uploads\/2026\/03\/untitled-2_1590582530.webp\",\"datePublished\":\"2026-03-15T11:57:42+00:00\",\"dateModified\":\"2026-03-15T11:57:43+00:00\",\"author\":{\"@id\":\"https:\/\/netbakis.net\/#\/schema\/person\/5d9b5c3f48ca4a3c69967d619fc8c7f4\"},\"breadcrumb\":{\"@id\":\"https:\/\/netbakis.net\/38465\/#breadcrumb\"},\"inLanguage\":\"tr\",\"potentialAction\":[{\"@type\":\"ReadAction\",\"target\":[\"https:\/\/netbakis.net\/38465\/\"]}]},{\"@type\":\"ImageObject\",\"inLanguage\":\"tr\",\"@id\":\"https:\/\/netbakis.net\/38465\/#primaryimage\",\"url\":\"https:\/\/netbakis.net\/wp-content\/uploads\/2026\/03\/untitled-2_1590582530.webp\",\"contentUrl\":\"https:\/\/netbakis.net\/wp-content\/uploads\/2026\/03\/untitled-2_1590582530.webp\",\"width\":971,\"height\":551},{\"@type\":\"BreadcrumbList\",\"@id\":\"https:\/\/netbakis.net\/38465\/#breadcrumb\",\"itemListElement\":[{\"@type\":\"ListItem\",\"position\":1,\"name\":\"Home\",\"item\":\"https:\/\/netbakis.net\/\"},{\"@type\":\"ListItem\",\"position\":2,\"name\":\"Rum bas\u0131n\u0131: &#8220;K\u0131br\u0131s&#8217;ta, Yunanistan ve Avrupa\u2019n\u0131n askeri varl\u0131\u011f\u0131 kal\u0131c\u0131 olsun&#8221; sesleri y\u00fckseliyor\"}]},{\"@type\":\"WebSite\",\"@id\":\"https:\/\/netbakis.net\/#website\",\"url\":\"https:\/\/netbakis.net\/\",\"name\":\"NETBAKIS\",\"description\":\"SON DAKIKA\",\"potentialAction\":[{\"@type\":\"SearchAction\",\"target\":{\"@type\":\"EntryPoint\",\"urlTemplate\":\"https:\/\/netbakis.net\/?s={search_term_string}\"},\"query-input\":{\"@type\":\"PropertyValueSpecification\",\"valueRequired\":true,\"valueName\":\"search_term_string\"}}],\"inLanguage\":\"tr\"},{\"@type\":\"Person\",\"@id\":\"https:\/\/netbakis.net\/#\/schema\/person\/5d9b5c3f48ca4a3c69967d619fc8c7f4\",\"name\":\"netbakis.net\",\"image\":{\"@type\":\"ImageObject\",\"inLanguage\":\"tr\",\"@id\":\"https:\/\/netbakis.net\/#\/schema\/person\/image\/\",\"url\":\"https:\/\/secure.gravatar.com\/avatar\/4ddeae49d2d3e3568a8d5b0937642efdf0b72468dbe3f213bc1978faa47af0d1?s=96&d=wp_user_avatar&r=g\",\"contentUrl\":\"https:\/\/secure.gravatar.com\/avatar\/4ddeae49d2d3e3568a8d5b0937642efdf0b72468dbe3f213bc1978faa47af0d1?s=96&d=wp_user_avatar&r=g\",\"caption\":\"netbakis.net\"},\"sameAs\":[\"https:\/\/netbakis.net\"],\"url\":\"https:\/\/netbakis.net\/tr\/author\/netbakis-net\/\"}]}<\/script>\n<!-- \/ Yoast SEO plugin. -->","yoast_head_json":{"title":"Rum bas\u0131n\u0131: \"K\u0131br\u0131s'ta, Yunanistan ve Avrupa\u2019n\u0131n askeri varl\u0131\u011f\u0131 kal\u0131c\u0131 olsun\" sesleri y\u00fckseliyor - NETBAKIS","robots":{"index":"index","follow":"follow","max-snippet":"max-snippet:-1","max-image-preview":"max-image-preview:large","max-video-preview":"max-video-preview:-1"},"canonical":"https:\/\/netbakis.net\/tr\/38465\/","og_locale":"tr_TR","og_type":"article","og_title":"Rum bas\u0131n\u0131: \"K\u0131br\u0131s'ta, Yunanistan ve Avrupa\u2019n\u0131n askeri varl\u0131\u011f\u0131 kal\u0131c\u0131 olsun\" sesleri y\u00fckseliyor - NETBAKIS","og_description":"G\u00fcney K\u0131br\u0131s\u2019ta A\u011frotur\u2019daki \u0130ngiliz \u00fcss\u00fcne y\u00f6nelik \u0130HA sald\u0131r\u0131s\u0131n\u0131n ard\u0131ndan b\u00f6lgeye gelen Avrupa askeri g\u00fc\u00e7lerinin kal\u0131c\u0131 olmas\u0131 y\u00f6n\u00fcnde \u00e7a\u011fr\u0131lar yap\u0131lmaya ba\u015fland\u0131. Rum siyaset\u00e7iler, Avrupa dayan\u0131\u015fmas\u0131n\u0131n \u0130ran kriziyle s\u0131n\u0131rl\u0131 kalmamas\u0131 ve K\u0131br\u0131s meselesinde de s\u00fcrmesi gerekti\u011fini savundu. G\u00fcney K\u0131br\u0131s\u2019ta, \u0130ngiliz egemen askeri \u00fcss\u00fc A\u011frotur\u2019a \u0130ran \u0130HA\u2019s\u0131 ile yap\u0131lan sald\u0131r\u0131 sonras\u0131nda Rum Y\u00f6netimi Ba\u015fkan\u0131 Nikos Hristodulidis\u2019in \u00e7a\u011fr\u0131s\u0131 ile [&hellip;]","og_url":"https:\/\/netbakis.net\/tr\/38465\/","og_site_name":"NETBAKIS","article_published_time":"2026-03-15T11:57:42+00:00","article_modified_time":"2026-03-15T11:57:43+00:00","og_image":[{"width":971,"height":551,"url":"https:\/\/netbakis.net\/wp-content\/uploads\/2026\/03\/untitled-2_1590582530.webp","type":"image\/webp"}],"author":"netbakis.net","twitter_card":"summary_large_image","twitter_misc":{"Yazan:":"netbakis.net","Tahmini okuma s\u00fcresi":"1 dakika"},"schema":{"@context":"https:\/\/schema.org","@graph":[{"@type":"WebPage","@id":"https:\/\/netbakis.net\/38465\/","url":"https:\/\/netbakis.net\/38465\/","name":"Rum bas\u0131n\u0131: \"K\u0131br\u0131s'ta, Yunanistan ve Avrupa\u2019n\u0131n askeri varl\u0131\u011f\u0131 kal\u0131c\u0131 olsun\" sesleri y\u00fckseliyor - NETBAKIS","isPartOf":{"@id":"https:\/\/netbakis.net\/#website"},"primaryImageOfPage":{"@id":"https:\/\/netbakis.net\/38465\/#primaryimage"},"image":{"@id":"https:\/\/netbakis.net\/38465\/#primaryimage"},"thumbnailUrl":"https:\/\/netbakis.net\/wp-content\/uploads\/2026\/03\/untitled-2_1590582530.webp","datePublished":"2026-03-15T11:57:42+00:00","dateModified":"2026-03-15T11:57:43+00:00","author":{"@id":"https:\/\/netbakis.net\/#\/schema\/person\/5d9b5c3f48ca4a3c69967d619fc8c7f4"},"breadcrumb":{"@id":"https:\/\/netbakis.net\/38465\/#breadcrumb"},"inLanguage":"tr","potentialAction":[{"@type":"ReadAction","target":["https:\/\/netbakis.net\/38465\/"]}]},{"@type":"ImageObject","inLanguage":"tr","@id":"https:\/\/netbakis.net\/38465\/#primaryimage","url":"https:\/\/netbakis.net\/wp-content\/uploads\/2026\/03\/untitled-2_1590582530.webp","contentUrl":"https:\/\/netbakis.net\/wp-content\/uploads\/2026\/03\/untitled-2_1590582530.webp","width":971,"height":551},{"@type":"BreadcrumbList","@id":"https:\/\/netbakis.net\/38465\/#breadcrumb","itemListElement":[{"@type":"ListItem","position":1,"name":"Home","item":"https:\/\/netbakis.net\/"},{"@type":"ListItem","position":2,"name":"Rum bas\u0131n\u0131: &#8220;K\u0131br\u0131s&#8217;ta, Yunanistan ve Avrupa\u2019n\u0131n askeri varl\u0131\u011f\u0131 kal\u0131c\u0131 olsun&#8221; sesleri y\u00fckseliyor"}]},{"@type":"WebSite","@id":"https:\/\/netbakis.net\/#website","url":"https:\/\/netbakis.net\/","name":"NETBAKIS","description":"SON DAKIKA","potentialAction":[{"@type":"SearchAction","target":{"@type":"EntryPoint","urlTemplate":"https:\/\/netbakis.net\/?s={search_term_string}"},"query-input":{"@type":"PropertyValueSpecification","valueRequired":true,"valueName":"search_term_string"}}],"inLanguage":"tr"},{"@type":"Person","@id":"https:\/\/netbakis.net\/#\/schema\/person\/5d9b5c3f48ca4a3c69967d619fc8c7f4","name":"netbakis.net","image":{"@type":"ImageObject","inLanguage":"tr","@id":"https:\/\/netbakis.net\/#\/schema\/person\/image\/","url":"https:\/\/secure.gravatar.com\/avatar\/4ddeae49d2d3e3568a8d5b0937642efdf0b72468dbe3f213bc1978faa47af0d1?s=96&d=wp_user_avatar&r=g","contentUrl":"https:\/\/secure.gravatar.com\/avatar\/4ddeae49d2d3e3568a8d5b0937642efdf0b72468dbe3f213bc1978faa47af0d1?s=96&d=wp_user_avatar&r=g","caption":"netbakis.net"},"sameAs":["https:\/\/netbakis.net"],"url":"https:\/\/netbakis.net\/tr\/author\/netbakis-net\/"}]}},"jetpack_publicize_connections":[],"_links":{"self":[{"href":"https:\/\/netbakis.net\/tr\/wp-json\/wp\/v2\/posts\/38465","targetHints":{"allow":["GET"]}}],"collection":[{"href":"https:\/\/netbakis.net\/tr\/wp-json\/wp\/v2\/posts"}],"about":[{"href":"https:\/\/netbakis.net\/tr\/wp-json\/wp\/v2\/types\/post"}],"author":[{"embeddable":true,"href":"https:\/\/netbakis.net\/tr\/wp-json\/wp\/v2\/users\/1"}],"replies":[{"embeddable":true,"href":"https:\/\/netbakis.net\/tr\/wp-json\/wp\/v2\/comments?post=38465"}],"version-history":[{"count":1,"href":"https:\/\/netbakis.net\/tr\/wp-json\/wp\/v2\/posts\/38465\/revisions"}],"predecessor-version":[{"id":38467,"href":"https:\/\/netbakis.net\/tr\/wp-json\/wp\/v2\/posts\/38465\/revisions\/38467"}],"wp:featuredmedia":[{"embeddable":true,"href":"https:\/\/netbakis.net\/tr\/wp-json\/wp\/v2\/media\/38466"}],"wp:attachment":[{"href":"https:\/\/netbakis.net\/tr\/wp-json\/wp\/v2\/media?parent=38465"}],"wp:term":[{"taxonomy":"category","embeddable":true,"href":"https:\/\/netbakis.net\/tr\/wp-json\/wp\/v2\/categories?post=38465"},{"taxonomy":"post_tag","embeddable":true,"href":"https:\/\/netbakis.net\/tr\/wp-json\/wp\/v2\/tags?post=38465"}],"curies":[{"name":"wp","href":"https:\/\/api.w.org\/{rel}","templated":true}]}}