{"id":38342,"date":"2026-03-10T17:32:56","date_gmt":"2026-03-10T17:32:56","guid":{"rendered":"https:\/\/netbakis.net\/?p=38342"},"modified":"2026-03-10T17:32:58","modified_gmt":"2026-03-10T17:32:58","slug":"hakan-fidan-iranli-mevkidasi-ile-gorustu-turk-hava-sahasinin-ihlali-kabul-edilemez","status":"publish","type":"post","link":"https:\/\/netbakis.net\/tr\/38342\/","title":{"rendered":"Hakan Fidan, \u0130ranl\u0131 mevkida\u015f\u0131 ile g\u00f6r\u00fc\u015ft\u00fc: T\u00fcrk hava sahas\u0131n\u0131n ihlali kabul edilemez"},"content":{"rendered":"<p>T\u00fcrkiye D\u0131\u015fi\u015fleri Bakan\u0131 Hakan Fidan, \u0130ranl\u0131 mevkida\u015f\u0131 Abbas Erak\u00e7i ile telefon g\u00f6r\u00fc\u015fmesinde T\u00fcrk hava sahas\u0131n\u0131n ihlal edilmesinin kabul edilemez oldu\u011funu belirterek T\u00fcrkiye\u2019nin gerekli t\u00fcm tedbirleri almaya devam edece\u011fini s\u00f6yledi. \u0130ran taraf\u0131 ise hava sahas\u0131na y\u00f6nelen f\u00fczelerin \u0130ran kaynakl\u0131 olmad\u0131\u011f\u0131n\u0131 bildirdi.<br><br>T\u00fcrkiye D\u0131\u015fi\u015fleri Bakan\u0131 Hakan&nbsp;Fidan, \u0130ran D\u0131\u015fi\u015fleri Bakan\u0131 Abbas Erak\u00e7i ile yapt\u0131\u011f\u0131 telefon g\u00f6r\u00fc\u015fmesinde, T\u00fcrk hava sahas\u0131n\u0131n ihlal edilmesinin kabul edilemez oldu\u011funu belirterek, T\u00fcrkiye&#8217;nin buna kar\u015f\u0131 gerekli t\u00fcm tedbirleri almaya devam edece\u011fini bildirdi.<\/p>\n\n\n\n<p>AA\u2019n\u0131n T\u00fcrkiye Cumhuriyeti D\u0131\u015fi\u015fleri Bakanl\u0131\u011f\u0131 kaynaklar\u0131ndan edindi\u011fi bilgiye g\u00f6re, Fidan, \u0130ranl\u0131 mevkida\u015f\u0131yla telefon g\u00f6r\u00fc\u015fmesi yapt\u0131.<\/p>\n\n\n\n<p>G\u00f6r\u00fc\u015fmede, T\u00fcrk hava sahas\u0131n\u0131n ihlal edilmesinin kabul edilemez oldu\u011funu vurgulayan&nbsp;Fidan, T\u00fcrkiye&#8217;nin buna kar\u015f\u0131 gerekli t\u00fcm tedbirleri almaya devam edece\u011finin alt\u0131n\u0131 \u00e7izdi.<\/p>\n\n\n\n<p>Fidan, t\u00fcm taraflar\u0131n, b\u00f6lgesel g\u00fcvenli\u011fi zedeleyebilecek ve siviller i\u00e7in risk olu\u015fturabilecek ad\u0131mlardan uzak durmas\u0131 gerekti\u011fini kaydetti.<\/p>\n\n\n\n<p>Bakan Erak\u00e7i de T\u00fcrk hava sahas\u0131na y\u00f6nelen f\u00fczelerin \u0130ran kaynakl\u0131 olmad\u0131\u011f\u0131n\u0131, konuyla ilgili geni\u015f kapsaml\u0131 ara\u015ft\u0131rma yap\u0131laca\u011f\u0131n\u0131 belirtti.<\/p>","protected":false},"excerpt":{"rendered":"<p>T\u00fcrkiye D\u0131\u015fi\u015fleri Bakan\u0131 Hakan Fidan, \u0130ranl\u0131 mevkida\u015f\u0131 Abbas Erak\u00e7i ile telefon g\u00f6r\u00fc\u015fmesinde T\u00fcrk hava sahas\u0131n\u0131n ihlal edilmesinin kabul edilemez oldu\u011funu belirterek T\u00fcrkiye\u2019nin gerekli t\u00fcm tedbirleri almaya devam edece\u011fini s\u00f6yledi. \u0130ran taraf\u0131 ise hava sahas\u0131na y\u00f6nelen f\u00fczelerin \u0130ran kaynakl\u0131 olmad\u0131\u011f\u0131n\u0131 bildirdi. T\u00fcrkiye D\u0131\u015fi\u015fleri Bakan\u0131 Hakan&nbsp;Fidan, \u0130ran D\u0131\u015fi\u015fleri Bakan\u0131 Abbas Erak\u00e7i ile yapt\u0131\u011f\u0131 telefon g\u00f6r\u00fc\u015fmesinde, T\u00fcrk hava [&hellip;]<\/p>","protected":false},"author":1,"featured_media":17232,"comment_status":"open","ping_status":"open","sticky":false,"template":"","format":"standard","meta":{"om_disable_all_campaigns":false,"_monsterinsights_skip_tracking":false,"_monsterinsights_sitenote_active":false,"_monsterinsights_sitenote_note":"","_monsterinsights_sitenote_category":0,"_uf_show_specific_survey":0,"_uf_disable_surveys":false,"footnotes":"","jetpack_publicize_message":"","jetpack_publicize_feature_enabled":true,"jetpack_social_post_already_shared":true,"jetpack_social_options":{"image_generator_settings":{"template":"highway","default_image_id":0,"font":"","enabled":false},"version":2}},"categories":[83],"tags":[],"class_list":{"0":"post-38342","1":"post","2":"type-post","3":"status-publish","4":"format-standard","5":"has-post-thumbnail","7":"category-turkiye"},"yoast_head":"<!-- This site is optimized with the Yoast SEO plugin v23.8 - https:\/\/yoast.com\/wordpress\/plugins\/seo\/ -->\n<title>Hakan Fidan, \u0130ranl\u0131 mevkida\u015f\u0131 ile g\u00f6r\u00fc\u015ft\u00fc: T\u00fcrk hava sahas\u0131n\u0131n ihlali kabul edilemez - NETBAKIS<\/title>\n<meta name=\"robots\" content=\"index, follow, max-snippet:-1, max-image-preview:large, max-video-preview:-1\" \/>\n<link rel=\"canonical\" href=\"https:\/\/netbakis.net\/tr\/38342\/\" \/>\n<meta property=\"og:locale\" content=\"tr_TR\" \/>\n<meta property=\"og:type\" content=\"article\" \/>\n<meta property=\"og:title\" content=\"Hakan Fidan, \u0130ranl\u0131 mevkida\u015f\u0131 ile g\u00f6r\u00fc\u015ft\u00fc: T\u00fcrk hava sahas\u0131n\u0131n ihlali kabul edilemez - NETBAKIS\" \/>\n<meta property=\"og:description\" content=\"T\u00fcrkiye D\u0131\u015fi\u015fleri Bakan\u0131 Hakan Fidan, \u0130ranl\u0131 mevkida\u015f\u0131 Abbas Erak\u00e7i ile telefon g\u00f6r\u00fc\u015fmesinde T\u00fcrk hava sahas\u0131n\u0131n ihlal edilmesinin kabul edilemez oldu\u011funu belirterek T\u00fcrkiye\u2019nin gerekli t\u00fcm tedbirleri almaya devam edece\u011fini s\u00f6yledi. \u0130ran taraf\u0131 ise hava sahas\u0131na y\u00f6nelen f\u00fczelerin \u0130ran kaynakl\u0131 olmad\u0131\u011f\u0131n\u0131 bildirdi. T\u00fcrkiye D\u0131\u015fi\u015fleri Bakan\u0131 Hakan&nbsp;Fidan, \u0130ran D\u0131\u015fi\u015fleri Bakan\u0131 Abbas Erak\u00e7i ile yapt\u0131\u011f\u0131 telefon g\u00f6r\u00fc\u015fmesinde, T\u00fcrk hava [&hellip;]\" \/>\n<meta property=\"og:url\" content=\"https:\/\/netbakis.net\/tr\/38342\/\" \/>\n<meta property=\"og:site_name\" content=\"NETBAKIS\" \/>\n<meta property=\"article:published_time\" content=\"2026-03-10T17:32:56+00:00\" \/>\n<meta property=\"article:modified_time\" content=\"2026-03-10T17:32:58+00:00\" \/>\n<meta property=\"og:image\" content=\"https:\/\/netbakis.net\/wp-content\/uploads\/2024\/03\/hakan-fidan-aa-2108073.webp\" \/>\n\t<meta property=\"og:image:width\" content=\"1280\" \/>\n\t<meta property=\"og:image:height\" content=\"720\" \/>\n\t<meta property=\"og:image:type\" content=\"image\/webp\" \/>\n<meta name=\"author\" content=\"netbakis.net\" \/>\n<meta name=\"twitter:card\" content=\"summary_large_image\" \/>\n<meta name=\"twitter:label1\" content=\"Yazan:\" \/>\n\t<meta name=\"twitter:data1\" content=\"netbakis.net\" \/>\n\t<meta name=\"twitter:label2\" content=\"Tahmini okuma s\u00fcresi\" \/>\n\t<meta name=\"twitter:data2\" content=\"1 dakika\" \/>\n<script type=\"application\/ld+json\" class=\"yoast-schema-graph\">{\"@context\":\"https:\/\/schema.org\",\"@graph\":[{\"@type\":\"WebPage\",\"@id\":\"https:\/\/netbakis.net\/38342\/\",\"url\":\"https:\/\/netbakis.net\/38342\/\",\"name\":\"Hakan Fidan, \u0130ranl\u0131 mevkida\u015f\u0131 ile g\u00f6r\u00fc\u015ft\u00fc: T\u00fcrk hava sahas\u0131n\u0131n ihlali kabul edilemez - NETBAKIS\",\"isPartOf\":{\"@id\":\"https:\/\/netbakis.net\/#website\"},\"primaryImageOfPage\":{\"@id\":\"https:\/\/netbakis.net\/38342\/#primaryimage\"},\"image\":{\"@id\":\"https:\/\/netbakis.net\/38342\/#primaryimage\"},\"thumbnailUrl\":\"https:\/\/netbakis.net\/wp-content\/uploads\/2024\/03\/hakan-fidan-aa-2108073.webp\",\"datePublished\":\"2026-03-10T17:32:56+00:00\",\"dateModified\":\"2026-03-10T17:32:58+00:00\",\"author\":{\"@id\":\"https:\/\/netbakis.net\/#\/schema\/person\/5d9b5c3f48ca4a3c69967d619fc8c7f4\"},\"breadcrumb\":{\"@id\":\"https:\/\/netbakis.net\/38342\/#breadcrumb\"},\"inLanguage\":\"tr\",\"potentialAction\":[{\"@type\":\"ReadAction\",\"target\":[\"https:\/\/netbakis.net\/38342\/\"]}]},{\"@type\":\"ImageObject\",\"inLanguage\":\"tr\",\"@id\":\"https:\/\/netbakis.net\/38342\/#primaryimage\",\"url\":\"https:\/\/netbakis.net\/wp-content\/uploads\/2024\/03\/hakan-fidan-aa-2108073.webp\",\"contentUrl\":\"https:\/\/netbakis.net\/wp-content\/uploads\/2024\/03\/hakan-fidan-aa-2108073.webp\",\"width\":1280,\"height\":720,\"caption\":\"T\u00fcrkiye D\u0131\u015fi\u015fleri Bakan\u0131 Hakan Fidan\"},{\"@type\":\"BreadcrumbList\",\"@id\":\"https:\/\/netbakis.net\/38342\/#breadcrumb\",\"itemListElement\":[{\"@type\":\"ListItem\",\"position\":1,\"name\":\"Home\",\"item\":\"https:\/\/netbakis.net\/\"},{\"@type\":\"ListItem\",\"position\":2,\"name\":\"Hakan Fidan, \u0130ranl\u0131 mevkida\u015f\u0131 ile g\u00f6r\u00fc\u015ft\u00fc: T\u00fcrk hava sahas\u0131n\u0131n ihlali kabul edilemez\"}]},{\"@type\":\"WebSite\",\"@id\":\"https:\/\/netbakis.net\/#website\",\"url\":\"https:\/\/netbakis.net\/\",\"name\":\"NETBAKIS\",\"description\":\"SON DAKIKA\",\"potentialAction\":[{\"@type\":\"SearchAction\",\"target\":{\"@type\":\"EntryPoint\",\"urlTemplate\":\"https:\/\/netbakis.net\/?s={search_term_string}\"},\"query-input\":{\"@type\":\"PropertyValueSpecification\",\"valueRequired\":true,\"valueName\":\"search_term_string\"}}],\"inLanguage\":\"tr\"},{\"@type\":\"Person\",\"@id\":\"https:\/\/netbakis.net\/#\/schema\/person\/5d9b5c3f48ca4a3c69967d619fc8c7f4\",\"name\":\"netbakis.net\",\"image\":{\"@type\":\"ImageObject\",\"inLanguage\":\"tr\",\"@id\":\"https:\/\/netbakis.net\/#\/schema\/person\/image\/\",\"url\":\"https:\/\/secure.gravatar.com\/avatar\/4ddeae49d2d3e3568a8d5b0937642efdf0b72468dbe3f213bc1978faa47af0d1?s=96&d=wp_user_avatar&r=g\",\"contentUrl\":\"https:\/\/secure.gravatar.com\/avatar\/4ddeae49d2d3e3568a8d5b0937642efdf0b72468dbe3f213bc1978faa47af0d1?s=96&d=wp_user_avatar&r=g\",\"caption\":\"netbakis.net\"},\"sameAs\":[\"https:\/\/netbakis.net\"],\"url\":\"https:\/\/netbakis.net\/tr\/author\/netbakis-net\/\"}]}<\/script>\n<!-- \/ Yoast SEO plugin. -->","yoast_head_json":{"title":"Hakan Fidan, \u0130ranl\u0131 mevkida\u015f\u0131 ile g\u00f6r\u00fc\u015ft\u00fc: T\u00fcrk hava sahas\u0131n\u0131n ihlali kabul edilemez - NETBAKIS","robots":{"index":"index","follow":"follow","max-snippet":"max-snippet:-1","max-image-preview":"max-image-preview:large","max-video-preview":"max-video-preview:-1"},"canonical":"https:\/\/netbakis.net\/tr\/38342\/","og_locale":"tr_TR","og_type":"article","og_title":"Hakan Fidan, \u0130ranl\u0131 mevkida\u015f\u0131 ile g\u00f6r\u00fc\u015ft\u00fc: T\u00fcrk hava sahas\u0131n\u0131n ihlali kabul edilemez - NETBAKIS","og_description":"T\u00fcrkiye D\u0131\u015fi\u015fleri Bakan\u0131 Hakan Fidan, \u0130ranl\u0131 mevkida\u015f\u0131 Abbas Erak\u00e7i ile telefon g\u00f6r\u00fc\u015fmesinde T\u00fcrk hava sahas\u0131n\u0131n ihlal edilmesinin kabul edilemez oldu\u011funu belirterek T\u00fcrkiye\u2019nin gerekli t\u00fcm tedbirleri almaya devam edece\u011fini s\u00f6yledi. \u0130ran taraf\u0131 ise hava sahas\u0131na y\u00f6nelen f\u00fczelerin \u0130ran kaynakl\u0131 olmad\u0131\u011f\u0131n\u0131 bildirdi. T\u00fcrkiye D\u0131\u015fi\u015fleri Bakan\u0131 Hakan&nbsp;Fidan, \u0130ran D\u0131\u015fi\u015fleri Bakan\u0131 Abbas Erak\u00e7i ile yapt\u0131\u011f\u0131 telefon g\u00f6r\u00fc\u015fmesinde, T\u00fcrk hava [&hellip;]","og_url":"https:\/\/netbakis.net\/tr\/38342\/","og_site_name":"NETBAKIS","article_published_time":"2026-03-10T17:32:56+00:00","article_modified_time":"2026-03-10T17:32:58+00:00","og_image":[{"width":1280,"height":720,"url":"https:\/\/netbakis.net\/wp-content\/uploads\/2024\/03\/hakan-fidan-aa-2108073.webp","type":"image\/webp"}],"author":"netbakis.net","twitter_card":"summary_large_image","twitter_misc":{"Yazan:":"netbakis.net","Tahmini okuma s\u00fcresi":"1 dakika"},"schema":{"@context":"https:\/\/schema.org","@graph":[{"@type":"WebPage","@id":"https:\/\/netbakis.net\/38342\/","url":"https:\/\/netbakis.net\/38342\/","name":"Hakan Fidan, \u0130ranl\u0131 mevkida\u015f\u0131 ile g\u00f6r\u00fc\u015ft\u00fc: T\u00fcrk hava sahas\u0131n\u0131n ihlali kabul edilemez - NETBAKIS","isPartOf":{"@id":"https:\/\/netbakis.net\/#website"},"primaryImageOfPage":{"@id":"https:\/\/netbakis.net\/38342\/#primaryimage"},"image":{"@id":"https:\/\/netbakis.net\/38342\/#primaryimage"},"thumbnailUrl":"https:\/\/netbakis.net\/wp-content\/uploads\/2024\/03\/hakan-fidan-aa-2108073.webp","datePublished":"2026-03-10T17:32:56+00:00","dateModified":"2026-03-10T17:32:58+00:00","author":{"@id":"https:\/\/netbakis.net\/#\/schema\/person\/5d9b5c3f48ca4a3c69967d619fc8c7f4"},"breadcrumb":{"@id":"https:\/\/netbakis.net\/38342\/#breadcrumb"},"inLanguage":"tr","potentialAction":[{"@type":"ReadAction","target":["https:\/\/netbakis.net\/38342\/"]}]},{"@type":"ImageObject","inLanguage":"tr","@id":"https:\/\/netbakis.net\/38342\/#primaryimage","url":"https:\/\/netbakis.net\/wp-content\/uploads\/2024\/03\/hakan-fidan-aa-2108073.webp","contentUrl":"https:\/\/netbakis.net\/wp-content\/uploads\/2024\/03\/hakan-fidan-aa-2108073.webp","width":1280,"height":720,"caption":"T\u00fcrkiye D\u0131\u015fi\u015fleri Bakan\u0131 Hakan Fidan"},{"@type":"BreadcrumbList","@id":"https:\/\/netbakis.net\/38342\/#breadcrumb","itemListElement":[{"@type":"ListItem","position":1,"name":"Home","item":"https:\/\/netbakis.net\/"},{"@type":"ListItem","position":2,"name":"Hakan Fidan, \u0130ranl\u0131 mevkida\u015f\u0131 ile g\u00f6r\u00fc\u015ft\u00fc: T\u00fcrk hava sahas\u0131n\u0131n ihlali kabul edilemez"}]},{"@type":"WebSite","@id":"https:\/\/netbakis.net\/#website","url":"https:\/\/netbakis.net\/","name":"NETBAKIS","description":"SON DAKIKA","potentialAction":[{"@type":"SearchAction","target":{"@type":"EntryPoint","urlTemplate":"https:\/\/netbakis.net\/?s={search_term_string}"},"query-input":{"@type":"PropertyValueSpecification","valueRequired":true,"valueName":"search_term_string"}}],"inLanguage":"tr"},{"@type":"Person","@id":"https:\/\/netbakis.net\/#\/schema\/person\/5d9b5c3f48ca4a3c69967d619fc8c7f4","name":"netbakis.net","image":{"@type":"ImageObject","inLanguage":"tr","@id":"https:\/\/netbakis.net\/#\/schema\/person\/image\/","url":"https:\/\/secure.gravatar.com\/avatar\/4ddeae49d2d3e3568a8d5b0937642efdf0b72468dbe3f213bc1978faa47af0d1?s=96&d=wp_user_avatar&r=g","contentUrl":"https:\/\/secure.gravatar.com\/avatar\/4ddeae49d2d3e3568a8d5b0937642efdf0b72468dbe3f213bc1978faa47af0d1?s=96&d=wp_user_avatar&r=g","caption":"netbakis.net"},"sameAs":["https:\/\/netbakis.net"],"url":"https:\/\/netbakis.net\/tr\/author\/netbakis-net\/"}]}},"jetpack_publicize_connections":[],"_links":{"self":[{"href":"https:\/\/netbakis.net\/tr\/wp-json\/wp\/v2\/posts\/38342","targetHints":{"allow":["GET"]}}],"collection":[{"href":"https:\/\/netbakis.net\/tr\/wp-json\/wp\/v2\/posts"}],"about":[{"href":"https:\/\/netbakis.net\/tr\/wp-json\/wp\/v2\/types\/post"}],"author":[{"embeddable":true,"href":"https:\/\/netbakis.net\/tr\/wp-json\/wp\/v2\/users\/1"}],"replies":[{"embeddable":true,"href":"https:\/\/netbakis.net\/tr\/wp-json\/wp\/v2\/comments?post=38342"}],"version-history":[{"count":1,"href":"https:\/\/netbakis.net\/tr\/wp-json\/wp\/v2\/posts\/38342\/revisions"}],"predecessor-version":[{"id":38343,"href":"https:\/\/netbakis.net\/tr\/wp-json\/wp\/v2\/posts\/38342\/revisions\/38343"}],"wp:featuredmedia":[{"embeddable":true,"href":"https:\/\/netbakis.net\/tr\/wp-json\/wp\/v2\/media\/17232"}],"wp:attachment":[{"href":"https:\/\/netbakis.net\/tr\/wp-json\/wp\/v2\/media?parent=38342"}],"wp:term":[{"taxonomy":"category","embeddable":true,"href":"https:\/\/netbakis.net\/tr\/wp-json\/wp\/v2\/categories?post=38342"},{"taxonomy":"post_tag","embeddable":true,"href":"https:\/\/netbakis.net\/tr\/wp-json\/wp\/v2\/tags?post=38342"}],"curies":[{"name":"wp","href":"https:\/\/api.w.org\/{rel}","templated":true}]}}