{"id":38144,"date":"2026-03-02T18:15:52","date_gmt":"2026-03-02T18:15:52","guid":{"rendered":"https:\/\/netbakis.net\/?p=38144"},"modified":"2026-03-02T18:15:53","modified_gmt":"2026-03-02T18:15:53","slug":"recep-tayyip-erdogan-biz-sulhun-tarafindayiz-savasi-durdurmak-icin-calisiyoruz","status":"publish","type":"post","link":"https:\/\/netbakis.net\/tr\/38144\/","title":{"rendered":"Recep Tayyip Erdo\u011fan: Biz sulhun taraf\u0131nday\u0131z, sava\u015f\u0131 durdurmak i\u00e7in \u00e7al\u0131\u015f\u0131yoruz"},"content":{"rendered":"<p>T\u00fcrkiye Cumhuriyeti Cumhurba\u015fkan\u0131 Erdo\u011fan, &#8220;Biz sulhun taraf\u0131nday\u0131z, kan akmas\u0131n, g\u00f6zya\u015flar\u0131 dinsin, b\u00f6lgemiz art\u0131k y\u0131llard\u0131r hasretini \u00e7ekti\u011fi kal\u0131c\u0131 huzura kavu\u015fsun istiyoruz&#8221; dedi.<br><br>T\u00fcrkiye Cumhuriyeti Cumhurba\u015fkan\u0131 Recep Tayyip Erdo\u011fan, AK Parti Te\u015fkilat\u0131 ile \u0130ftar program\u0131nda konu\u015ftu.<\/p>\n\n\n\n<p><strong>Cumhurba\u015fkan\u0131 Erdo\u011fan&#8217;\u0131n konu\u015fmas\u0131ndan \u00f6ne \u00e7\u0131kanlar \u015fu \u015fekilde:<\/strong><\/p>\n\n\n\n<p>&#8220;B\u00f6yle m\u00fcbarek bir ak\u015famda, b\u00f6ylesine g\u00fczel bir atmosferde sizlerle beraber olmaktan duydu\u011fum memnuniyeti \u00f6zellikle ifade etmek istiyorum.<\/p>\n\n\n\n<p>G\u00f6n\u00fcllerimizi bu bereket sofras\u0131nda bir araya getiren partimizin genel sekreterli\u011fine te\u015fekk\u00fcr ediyor, davetimize icabet eden siz karde\u015flerime de \u015f\u00fckranlar\u0131m\u0131 sunuyorum.<\/p>\n\n\n\n<p>AK Parti olarak manevi duygular\u0131n doruk noktas\u0131na \u00e7\u0131kt\u0131\u011f\u0131; sevginin, muhabbetin, yard\u0131mla\u015fman\u0131n, dayan\u0131\u015fman\u0131n daha bir anlam kazand\u0131\u011f\u0131 Ramazan ay\u0131n\u0131 en g\u00fczel \u015fekilde idrak etmenin \u00e7abas\u0131nday\u0131z.<\/p>\n\n\n\n<p>Genel merkez birimlerimiz, milletvekillerimiz, kad\u0131n kollar\u0131m\u0131z, gen\u00e7lik kollar\u0131m\u0131z ve yerel y\u00f6netimlerimizle tam kadro sahaday\u0131z.<\/p>\n\n\n\n<p>Yurt i\u00e7indeki vatanda\u015flar\u0131m\u0131zla iftar\u0131n ve sahurun bereketini payla\u015f\u0131rken yurt d\u0131\u015f\u0131nda ya\u015fayan karde\u015flerimizi ve soyda\u015flar\u0131m\u0131z\u0131 da ihmal etmiyoruz.<\/p>\n\n\n\n<p>Halep&#8217;ten Saraybosna&#8217;ya, Varna&#8217;dan Prizren&#8217;e kadar kalbimizin birlikte att\u0131\u011f\u0131 karde\u015flerimizin oldu\u011fu her yerde Ramazan co\u015fkusunu birlikte payla\u015f\u0131yoruz.<\/p>\n\n\n\n<p>G\u00f6r\u00fcyorum ki Ankara te\u015fkilat\u0131m\u0131z da b\u00fcy\u00fck bir samimiyetle \u015fehrimizin her semtine, her mahallesine ve her hanesine ula\u015fmaya gayret ediyor.<\/p>\n\n\n\n<p><strong>&#8220;\u0130N\u015eALLAH AYNI \u00c7\u0130ZG\u0130DE \u0130LERLEYECE\u011e\u0130Z&#8221;<\/strong><\/p>\n\n\n\n<p>&#8216;G\u00f6n\u00fclden G\u00f6n\u00fcle&#8217; projesiyle ge\u00e7en Ramazan&#8217;da 150 bin haneye ve 500 bin vatanda\u015f\u0131m\u0131za ula\u015fan te\u015fkilat\u0131m\u0131z\u0131n hizmetleri takdire \u015fayand\u0131r.<\/p>\n\n\n\n<p>Ramazan&#8217;\u0131n ilk 10 g\u00fcn\u00fcnde 75 bine yak\u0131n haneye ve yakla\u015f\u0131k 300 bin karde\u015fimize selam\u0131m\u0131z\u0131 g\u00f6t\u00fcrmenizden ayr\u0131ca memnuniyet duydum. Her birinizi tebrik ediyor, Allah sizlerden raz\u0131 olsun diyorum.<\/p>\n\n\n\n<p>Ankara te\u015fkilat\u0131m\u0131zla birlikte partimizin karde\u015flik siyasetini g\u00f6n\u00fcl ve k\u00fclt\u00fcr co\u011frafyam\u0131z\u0131n d\u00f6rt bir k\u00f6\u015fesine ta\u015f\u0131yan belediyelerimizi de ayn\u0131 \u015fekilde y\u00fcrekten tebrik ediyorum.<\/p>\n\n\n\n<p>Hep s\u00f6yledi\u011fim gibi; bizim temel misyonumuz her zaman ve her yerde vatanda\u015f\u0131m\u0131zla birlikte olmak, hemhal ve hemdert olmakt\u0131r. E\u011fer yaralar\u0131 sarabiliyorsak, dertlere derman olabiliyorsak, sorunlara \u00e7\u00f6z\u00fcm \u00fcretebiliyorsak, milletimizin hay\u0131r duas\u0131n\u0131 alabiliyorsak i\u015fte o zaman vazifemizi yerine getiriyor, bulundu\u011fumuz makam\u0131n hakk\u0131n\u0131 veriyoruz demektir.<\/p>\n\n\n\n<p>Biz 23 y\u0131ld\u0131r hep bunu yapt\u0131k. \u0130n\u015fallah ayn\u0131 \u00e7izgide ilerleyece\u011fiz.<\/p>\n\n\n\n<p><strong>&#8220;\u00c7ITAYI B\u0130RAZ DAHA Y\u00dcKSE\u011eE \u00c7IKARMAK ZORUNDAYIZ&#8221;<\/strong><\/p>\n\n\n\n<p>Burada \u015funu da alt\u0131n\u0131 \u00e7izerek ifade etmek isterim: 86 milyonun emanetini ve y\u00fcz milyonlarca mazlumun umudunu ta\u015f\u0131yan bir kadro olarak durmak, duraklamak, rehavet i\u00e7ine girmek gibi bir \u015fans\u0131m\u0131z, b\u00f6yle bir l\u00fcks\u00fcm\u00fcz yok.<\/p>\n\n\n\n<p>\u00d6zellikle \u00e7\u0131kar ama\u00e7l\u0131 su\u00e7 \u00f6rg\u00fctlerinin dikte etti\u011fi g\u00fcndemlere hapsolmu\u015f muhalefetin vizyonsuzlu\u011funa bakarak h\u0131z\u0131m\u0131z\u0131 d\u00fc\u015f\u00fcremeyiz.<\/p>\n\n\n\n<p>Tempoyu s\u00fcrekli art\u0131rmak, \u00e7\u0131tay\u0131 biraz daha y\u00fckse\u011fe \u00e7\u0131karmak zorunday\u0131z. Dolay\u0131s\u0131yla ko\u015fturmaya devam edece\u011fiz. Daha fazla kalbe dokunmaya devam edece\u011fiz. Daha \u00e7ok insan\u0131m\u0131z\u0131n elini tutmaya devam edece\u011fiz.<\/p>\n\n\n\n<p>Durmadan, dinlenmeden, \u00f6zellikle hi\u00e7bir insan\u0131m\u0131z\u0131 ay\u0131rmadan 86 milyonu muhabbetle kucaklamay\u0131 s\u00fcrd\u00fcrece\u011fiz.<\/p>\n\n\n\n<p>Son g\u00fcn\u00fcne kadar in\u015fallah Ramazan-\u0131 \u015eerif&#8217;i bu \u015fekilde de\u011ferlendirmenin, sab\u0131r ve samimiyet s\u0131nav\u0131n\u0131 vermenin m\u00fccadelesi i\u00e7inde olaca\u011f\u0131z.<\/p>\n\n\n\n<p>Ramazan vesilesiyle \u00e7ok daha s\u0131k\u0131 sar\u0131ld\u0131\u011f\u0131m\u0131z dayan\u0131\u015fma ve payla\u015fma k\u00fclt\u00fcr\u00fcm\u00fcz\u00fc y\u0131l\u0131n geri kalan\u0131nda da devam ettirmenizi sizlerden bekliyorum.<\/p>\n\n\n\n<p>Aziz karde\u015flerim; d\u00fcnyan\u0131n stratejik oldu\u011fu kadar en zorlu b\u00f6lgelerinden birinde ya\u015f\u0131yoruz. Halihaz\u0131rda uluslararas\u0131 g\u00fcndemi me\u015fgul eden sorun, kriz ve \u00e7at\u0131\u015fmalar\u0131n kahir ekseriyeti bizim co\u011frafyam\u0131zda vuku buluyor.<\/p>\n\n\n\n<p><strong>&#8220;F\u0130L\u0130ST\u0130N MESELES\u0130 80 YILDIR KANAMAYA DEVAM ED\u0130YOR&#8221;<\/strong><\/p>\n\n\n\n<p>Mesela \u00fcmmetin kalbinde kapanmayan bir yara olan Filistin meselesi 80 y\u0131ld\u0131r kanamaya devam ediyor.<\/p>\n\n\n\n<p>72 binden fazla \u015fehit verilen katliamlar\u0131n ard\u0131ndan Gazzeli karde\u015flerimiz son derece \u00e7etin \u015fartlarda hayata tutunmaya \u00e7al\u0131\u015f\u0131yor.<\/p>\n\n\n\n<p>Sudan&#8217;da d\u00f6k\u00fclen karde\u015f kan\u0131 hepimizin y\u00fcre\u011fini da\u011fl\u0131yor. Ge\u00e7en y\u0131lki sald\u0131r\u0131lar\u0131n ard\u0131ndan L\u00fcbnan&#8217;daki istikrar ortam\u0131 maalesef tam olarak tesis edilemedi.<\/p>\n\n\n\n<p>Suriye&#8217;deki kom\u015fular\u0131m\u0131z, 1 milyon Suriyelinin hayat\u0131na mal olan 13,5 y\u0131ll\u0131k zul\u00fcmden sonra yeniden aya\u011fa kalkmak, yeniden huzura kavu\u015fmak i\u00e7in yo\u011fun bir m\u00fccadele i\u00e7indeler.<\/p>\n\n\n\n<p>Kuzeyimiz ayn\u0131 \u015fekilde; ge\u00e7en hafta 5. y\u0131l\u0131na giren Rusya-Ukrayna sava\u015f\u0131nda g\u00f6sterilen t\u00fcm diplomatik \u00e7abalara ra\u011fmen bar\u0131\u015fa giden yol hen\u00fcz a\u00e7\u0131lmad\u0131.<\/p>\n\n\n\n<p>Do\u011fu Akdeniz&#8217;den Karadeniz&#8217;e ve Basra K\u00f6rfezi&#8217;ne uzanan geni\u015f b\u00f6lgemiz sorunlarla, gerilimlerle ve ard\u0131 arkas\u0131 kesilmeyen krizlerle bo\u011fu\u015fuyor.<\/p>\n\n\n\n<p>De\u011ferli yol ve dava arkada\u015flar\u0131m; t\u00fcm bunlara cumartesi g\u00fcn\u00fc kom\u015fumuz \u0130ran&#8217;a y\u00f6nelik uluslararas\u0131 hukuku a\u00e7\u0131k\u00e7a ihlal eden sald\u0131r\u0131lar eklendi.<\/p>\n\n\n\n<p>\u015eimdiye kadar sald\u0131r\u0131larda aralar\u0131nda \u0130ran dini lideri Ali Hamaney&#8217;in yan\u0131 s\u0131ra sivil ve askeri yetkililer ile masum \u00e7ocuklar\u0131n da oldu\u011fu \u00e7ok say\u0131da \u0130ranl\u0131 karde\u015fimiz hayat\u0131n\u0131 kaybetti.<\/p>\n\n\n\n<p>Merhum Hamaney ba\u015fta olmak \u00fczere sald\u0131r\u0131larda hayat\u0131n\u0131 kaybeden \u0130ranl\u0131 karde\u015flerimize Cenab-\u0131 Allah&#8217;tan rahmet, \u0130ran halk\u0131na \u00fclkem ve milletim ad\u0131na ba\u015fsa\u011fl\u0131\u011f\u0131 diliyorum.<\/p>\n\n\n\n<p>Kom\u015fular\u0131 ve karde\u015fleri olarak \u0130ran halk\u0131n\u0131n ac\u0131s\u0131n\u0131 payla\u015f\u0131yoruz.<\/p>\n\n\n\n<p>Her sava\u015fta oldu\u011fu gibi burada da \u00e7at\u0131\u015fmalar\u0131n t\u00fcm y\u00fck\u00fcn\u00fc sivillerin ve hi\u00e7bir g\u00fcnah\u0131 olmayan masum sabilerin \u00e7ekti\u011fi bu ac\u0131y\u0131 g\u00f6rmekten b\u00fcy\u00fck \u00fcz\u00fcnt\u00fc duyuyoruz.<\/p>\n\n\n\n<p>Biliyorsunuz T\u00fcrkiye olarak ilk g\u00fcnden itibaren ihtilafa diplomatik yollarla \u00e7\u00f6z\u00fcm bulunmas\u0131 i\u00e7in gayret g\u00f6sterdik.<\/p>\n\n\n\n<p><strong>&#8220;KAR\u015eILIKLI M\u0130S\u0130LLEMELERDEN K\u00d6RFEZDEK\u0130 KARDE\u015eLER\u0130M\u0130Z DE OLUMSUZ ETK\u0130LEND\u0130&#8221;<\/strong><\/p>\n\n\n\n<p>Taraflar aras\u0131ndaki tansiyonun daha fazla t\u0131rmanmamas\u0131 i\u00e7in b\u00f6lgedeki dost ve karde\u015f \u00fclkelerle birlikte elimizden geleni yapt\u0131k.<\/p>\n\n\n\n<p>Fakat m\u00fczakere masas\u0131ndan umut edilen netice \u00e7\u0131kmad\u0131. Kandan ve kaostan beslenen \u0130srail&#8217;in de tahrikleriyle maalesef anla\u015fmazl\u0131k b\u00fcy\u00fcyerek s\u0131cak \u00e7at\u0131\u015fmaya d\u00f6n\u00fc\u015ft\u00fc. Kar\u015f\u0131l\u0131kl\u0131 misillemelerden k\u00f6rfezdeki karde\u015flerimiz de olumsuz etkilendi.<\/p>\n\n\n\n<p>Bunun \u00fczerinde hemen harekete ge\u00e7tik. Cumartesiden bu yana Amerikan Ba\u015fkan\u0131 Say\u0131n Trump, Katar Emiri \u015eeyh Temim, Kuveyt Emiri \u015eeyh Me\u015fal, Birle\u015fik Arap Emirlikleri Ba\u015fkan\u0131 Muhammed bin Zayed, Suudi Arabistan Ba\u015fbakan\u0131 ve Veliaht Prensi Muhammed bin Selman, Avrupa Birli\u011fi Komisyon Ba\u015fkan\u0131 von der Leyen, Almanya \u015eans\u00f6lyesi Merz, NATO Genel Sekreteri Rutte gibi bir\u00e7ok liderle kapsaml\u0131 g\u00f6r\u00fc\u015fmelerimiz ve isti\u015farelerimiz oldu.<\/p>\n\n\n\n<p>Bu g\u00f6r\u00fc\u015fmelerde k\u00f6rfezdeki karde\u015flerimize ge\u00e7mi\u015f olsun dileklerimizi iletmenin yan\u0131 s\u0131ra sava\u015f\u0131 durdurmak i\u00e7in neler yapabilece\u011fimizi ele ald\u0131k.<\/p>\n\n\n\n<p>Ate\u015fkes tesis edilene, b\u00f6lgemizde tekrar s\u00fckunet hakim olana kadar her d\u00fczeyde temaslar\u0131m\u0131z\u0131 yo\u011funla\u015ft\u0131raca\u011f\u0131z.<\/p>\n\n\n\n<p>De\u011ferli karde\u015flerim; bir defa \u015funun herkes taraf\u0131ndan bilinmesinde fayda g\u00f6r\u00fcyorum: Biz millet olarak kendimiz i\u00e7in istedi\u011fimizi kom\u015fumuz i\u00e7in de isteriz.<\/p>\n\n\n\n<p>Tarihimizin hi\u00e7bir d\u00f6neminde kom\u015fular\u0131m\u0131z\u0131n evindeki yang\u0131nlara bigane kalmad\u0131k. \u0130lkeli, onurlu, insan hayat\u0131n\u0131 merkeze alan bar\u0131\u015f\u00e7\u0131l bir politika izledik. Bizim 23 y\u0131ld\u0131r b\u00f6lgesel bar\u0131\u015f ve istikrar i\u00e7in nas\u0131l samimiyetle \u00e7al\u0131\u015ft\u0131\u011f\u0131m\u0131z\u0131, uluslararas\u0131 siyaseti nas\u0131l takip eden bir politika g\u00fctt\u00fc\u011f\u00fcm\u00fcz\u00fc herkes biliyor.<\/p>\n\n\n\n<p>Hi\u00e7bir kar\u015f\u0131l\u0131k beklemeden y\u00fcr\u00fctt\u00fc\u011f\u00fcm\u00fcz bu \u00e7abalar\u0131n hakl\u0131l\u0131\u011f\u0131 bug\u00fcn \u00e7ok daha iyi anla\u015f\u0131l\u0131yor.<br>Tekrar ediyorum: Biz sulhun taraf\u0131nday\u0131z. Kan akmas\u0131n, g\u00f6zya\u015flar\u0131 dinsin, b\u00f6lgemiz art\u0131k y\u0131llard\u0131r hasretini \u00e7ekti\u011fi kal\u0131c\u0131 huzura kavu\u015fsun istiyoruz.<\/p>\n\n\n\n<p>Bilhassa \u015fu m\u00fcbarek Ramazan-\u0131 \u015eerif&#8217;te hemen yan\u0131 ba\u015f\u0131m\u0131zda \u00e7at\u0131\u015fma, sava\u015f, gerilim, katliam g\u00f6rmek istemiyoruz.<\/p>\n\n\n\n<p>\u0130ran&#8217;\u0131 hedef alan gayri hukuki sald\u0131r\u0131larla b\u00fct\u00fcn ilgili tutumumuz da bu y\u00f6ndedir. \u0130ran bizim kom\u015fumuzdur. 1639&#8217;dan beri sulh-\u00fc salah i\u00e7inde oldu\u011fumuz \u0130ran halk\u0131 da b\u00f6lgedeki di\u011fer halklar gibi bizim karde\u015fimizdir.<\/p>\n\n\n\n<p>As\u0131rlard\u0131r yan yana bar\u0131\u015f i\u00e7inde ya\u015fad\u0131k. \u0130n\u015fallah daha nice as\u0131rlar boyunca \u0130ranl\u0131 karde\u015flerimizle yan yana sulh ve s\u00fckun i\u00e7inde ya\u015fayaca\u011f\u0131z. \u00d6nceli\u011fimiz ate\u015fkesin sa\u011flanmas\u0131 ve diyalog kap\u0131s\u0131n\u0131n a\u00e7\u0131lmas\u0131d\u0131r.<\/p>\n\n\n\n<p>Bak\u0131n \u00e7ok a\u00e7\u0131k s\u00f6yl\u00fcyorum: \u015eayet gerekli m\u00fcdahalede bulunulmazsa \u00e7at\u0131\u015fma s\u00fcrecinin b\u00f6lgesel ve k\u00fcresel g\u00fcvenlik a\u00e7\u0131s\u0131ndan ciddi neticeleri olacakt\u0131r.<\/p>\n\n\n\n<p>B\u00f6yle bir s\u00fcrecin ortaya \u00e7\u0131kartaca\u011f\u0131 ekonomik ve jeopolitik belirsizlikleri ise kimse ta\u015f\u0131yamaz. Bunun i\u00e7in yang\u0131n\u0131n daha fazla b\u00fcy\u00fcmeden s\u00f6nd\u00fcr\u00fclmesi gerekiyor.<\/p>\n\n\n\n<p><strong>&#8220;M\u0130LLET\u0130M\u0130Z B\u0130ZE G\u00dcVENMEYE, DEVLET\u0130NE G\u00dcVENMEYE DEVAM ETS\u0130N&#8221;<\/strong><\/p>\n\n\n\n<p>Elbette bu hassas s\u00fcre\u00e7te \u00fclkemizin ve vatanda\u015flar\u0131m\u0131z\u0131n g\u00fcvenli\u011fiyle ilgili t\u00fcm tedbirleri de al\u0131yoruz. Hi\u00e7bir ihtimali g\u00f6z ard\u0131 etmeden her geli\u015fmeyi dikkatle analiz ediyor, her hadiseyi en ince ayr\u0131nt\u0131s\u0131na kadar tetkik ve tahlil ediyoruz.<\/p>\n\n\n\n<p>G\u00fcvenlik ve istihbarat birimlerimiz sahadaki geli\u015fmeleri zaten \u00e7ok dikkatli bi\u00e7imde takip ediyorlar. Yani 86 milyonun k\u0131l\u0131na zarar gelmemesi ad\u0131na devletimize d\u00fc\u015fen g\u00f6rev neyse, bize hangi sorumluluk d\u00fc\u015f\u00fcyorsa harfiyen yerine getiriyoruz.<\/p>\n\n\n\n<p>Buradan te\u015fkilat\u0131mla birlikte 86 milyon vatanda\u015f\u0131m\u0131za da sesleniyorum: Milletimiz bize g\u00fcvenmeye, devletine g\u00fcvenmeye devam etsin. T\u00fcrkiye kriz y\u00f6netiminde ciddi tecr\u00fcbe sahibi; dirayetli, liyakatli ve umur g\u00f6rm\u00fc\u015f kadrolar\u0131n riyasetinde elhamd\u00fclillah emniyettedir.<\/p>\n\n\n\n<p>\u0130ttifak ve iktidar olarak ne yap\u0131lmaya \u00e7al\u0131\u015f\u0131ld\u0131\u011f\u0131n\u0131 biliyoruz. Kapal\u0131 kap\u0131lar ard\u0131nda yaz\u0131lan senaryolar\u0131 biliyoruz. Kurulan tuzaklar\u0131, yap\u0131lan sinsi hesaplar\u0131 gayet iyi biliyoruz. Hangi ham hayallerin pe\u015finde ko\u015fuldu\u011funu \u00e7ok iyi biliyoruz. T\u00fcm bunlarla birlikte ne yapt\u0131\u011f\u0131m\u0131z\u0131 ve ne yapaca\u011f\u0131m\u0131z\u0131 da gayet iyi biliyoruz.<\/p>\n\n\n\n<p><strong>&#8220;RABB\u0130M B\u0130RL\u0130\u011e\u0130M\u0130Z\u0130 VE D\u0130RL\u0130\u011e\u0130M\u0130Z\u0130 DA\u0130M EYLES\u0130N D\u0130YORUM&#8221;<\/strong><\/p>\n\n\n\n<p>B\u00f6lgemizdeki di\u011fer t\u00fcm krizlerde oldu\u011fu gibi in\u015fallah bu f\u0131rt\u0131nal\u0131 sulardan da \u00fclkemizi sahil-i selamete \u00e7\u0131kartaca\u011f\u0131z.<\/p>\n\n\n\n<p>G\u00fc\u00e7l\u00fc d\u0131\u015f politikas\u0131yla, g\u00fc\u00e7l\u00fc ekonomisiyle, g\u00fc\u00e7l\u00fc savunma sanayisiyle, g\u00fc\u00e7l\u00fc askeri kapasitesiyle, hepsinden \u00f6nemlisi g\u00fc\u00e7lendirilmi\u015f i\u00e7 cephesiyle T\u00fcrkiye in\u015fallah her t\u00fcrl\u00fc badirenin \u00fcstesinden aln\u0131n\u0131n ak\u0131yla gelecektir.<\/p>\n\n\n\n<p>Hi\u00e7 kimse endi\u015fe etmesin. Allah&#8217;\u0131n izniyle istikbal T\u00fcrkiye&#8217;nindir. \u0130stikbal 86 milyon ferdiyle aziz milletimizindir. Yeter ki biz birlik ve beraberlik i\u00e7inde hareket edelim. Yeter ki biz g\u00f6r\u00fc\u015f ayr\u0131l\u0131klar\u0131m\u0131z\u0131; mezhep, me\u015frep, k\u00f6ken farkl\u0131l\u0131klar\u0131m\u0131z\u0131 bir yana b\u0131rak\u0131p daha ayd\u0131nl\u0131k, daha mutlu, daha m\u00fcreffeh bir gelece\u011fi hep birlikte in\u015fa etme irademizi muhafaza edelim.<\/p>\n\n\n\n<p>Rabbim birli\u011fimizi ve dirli\u011fimizi daim eylesin diyorum. Rabbim \u00fclkemizi, milletimizi, b\u00f6lgemizi her t\u00fcrl\u00fc beladan korusun.<\/p>\n\n\n\n<p>Bu d\u00fc\u015f\u00fcncelerle bir kez daha Ramazan-\u0131 \u015eerif&#8217;inizi tebrik ediyor; oru\u00e7lar\u0131n\u0131z\u0131n, yapt\u0131\u011f\u0131n\u0131z ibadetlerin Allah kat\u0131nda kabul ve karin olmas\u0131n\u0131 niyaz ediyor, hepinizi sevgiyle, sayg\u0131yla selaml\u0131yorum. Kal\u0131n sa\u011fl\u0131cakla.<\/p>","protected":false},"excerpt":{"rendered":"<p>T\u00fcrkiye Cumhuriyeti Cumhurba\u015fkan\u0131 Erdo\u011fan, &#8220;Biz sulhun taraf\u0131nday\u0131z, kan akmas\u0131n, g\u00f6zya\u015flar\u0131 dinsin, b\u00f6lgemiz art\u0131k y\u0131llard\u0131r hasretini \u00e7ekti\u011fi kal\u0131c\u0131 huzura kavu\u015fsun istiyoruz&#8221; dedi. T\u00fcrkiye Cumhuriyeti Cumhurba\u015fkan\u0131 Recep Tayyip Erdo\u011fan, AK Parti Te\u015fkilat\u0131 ile \u0130ftar program\u0131nda konu\u015ftu. Cumhurba\u015fkan\u0131 Erdo\u011fan&#8217;\u0131n konu\u015fmas\u0131ndan \u00f6ne \u00e7\u0131kanlar \u015fu \u015fekilde: &#8220;B\u00f6yle m\u00fcbarek bir ak\u015famda, b\u00f6ylesine g\u00fczel bir atmosferde sizlerle beraber olmaktan duydu\u011fum memnuniyeti \u00f6zellikle [&hellip;]<\/p>","protected":false},"author":1,"featured_media":38145,"comment_status":"open","ping_status":"open","sticky":false,"template":"","format":"standard","meta":{"om_disable_all_campaigns":false,"_monsterinsights_skip_tracking":false,"_monsterinsights_sitenote_active":false,"_monsterinsights_sitenote_note":"","_monsterinsights_sitenote_category":0,"_uf_show_specific_survey":0,"_uf_disable_surveys":false,"footnotes":"","jetpack_publicize_message":"","jetpack_publicize_feature_enabled":true,"jetpack_social_post_already_shared":true,"jetpack_social_options":{"image_generator_settings":{"template":"highway","default_image_id":0,"font":"","enabled":false},"version":2}},"categories":[83],"tags":[],"class_list":{"0":"post-38144","1":"post","2":"type-post","3":"status-publish","4":"format-standard","5":"has-post-thumbnail","7":"category-turkiye"},"yoast_head":"<!-- This site is optimized with the Yoast SEO plugin v23.8 - https:\/\/yoast.com\/wordpress\/plugins\/seo\/ -->\n<title>Recep Tayyip Erdo\u011fan: Biz sulhun taraf\u0131nday\u0131z, sava\u015f\u0131 durdurmak i\u00e7in \u00e7al\u0131\u015f\u0131yoruz - NETBAKIS<\/title>\n<meta name=\"robots\" content=\"index, follow, max-snippet:-1, max-image-preview:large, max-video-preview:-1\" \/>\n<link rel=\"canonical\" href=\"https:\/\/netbakis.net\/tr\/38144\/\" \/>\n<meta property=\"og:locale\" content=\"tr_TR\" \/>\n<meta property=\"og:type\" content=\"article\" \/>\n<meta property=\"og:title\" content=\"Recep Tayyip Erdo\u011fan: Biz sulhun taraf\u0131nday\u0131z, sava\u015f\u0131 durdurmak i\u00e7in \u00e7al\u0131\u015f\u0131yoruz - NETBAKIS\" \/>\n<meta property=\"og:description\" content=\"T\u00fcrkiye Cumhuriyeti Cumhurba\u015fkan\u0131 Erdo\u011fan, &#8220;Biz sulhun taraf\u0131nday\u0131z, kan akmas\u0131n, g\u00f6zya\u015flar\u0131 dinsin, b\u00f6lgemiz art\u0131k y\u0131llard\u0131r hasretini \u00e7ekti\u011fi kal\u0131c\u0131 huzura kavu\u015fsun istiyoruz&#8221; dedi. T\u00fcrkiye Cumhuriyeti Cumhurba\u015fkan\u0131 Recep Tayyip Erdo\u011fan, AK Parti Te\u015fkilat\u0131 ile \u0130ftar program\u0131nda konu\u015ftu. Cumhurba\u015fkan\u0131 Erdo\u011fan&#8217;\u0131n konu\u015fmas\u0131ndan \u00f6ne \u00e7\u0131kanlar \u015fu \u015fekilde: &#8220;B\u00f6yle m\u00fcbarek bir ak\u015famda, b\u00f6ylesine g\u00fczel bir atmosferde sizlerle beraber olmaktan duydu\u011fum memnuniyeti \u00f6zellikle [&hellip;]\" \/>\n<meta property=\"og:url\" content=\"https:\/\/netbakis.net\/tr\/38144\/\" \/>\n<meta property=\"og:site_name\" content=\"NETBAKIS\" \/>\n<meta property=\"article:published_time\" content=\"2026-03-02T18:15:52+00:00\" \/>\n<meta property=\"article:modified_time\" content=\"2026-03-02T18:15:53+00:00\" \/>\n<meta property=\"og:image\" content=\"https:\/\/netbakis.net\/wp-content\/uploads\/2026\/03\/v2yeniproje13_1772473862.webp\" \/>\n\t<meta property=\"og:image:width\" content=\"971\" \/>\n\t<meta property=\"og:image:height\" content=\"551\" \/>\n\t<meta property=\"og:image:type\" content=\"image\/webp\" \/>\n<meta name=\"author\" content=\"netbakis.net\" \/>\n<meta name=\"twitter:card\" content=\"summary_large_image\" \/>\n<meta name=\"twitter:label1\" content=\"Yazan:\" \/>\n\t<meta name=\"twitter:data1\" content=\"netbakis.net\" \/>\n\t<meta name=\"twitter:label2\" content=\"Tahmini okuma s\u00fcresi\" \/>\n\t<meta name=\"twitter:data2\" content=\"1 dakika\" \/>\n<script type=\"application\/ld+json\" class=\"yoast-schema-graph\">{\"@context\":\"https:\/\/schema.org\",\"@graph\":[{\"@type\":\"WebPage\",\"@id\":\"https:\/\/netbakis.net\/38144\/\",\"url\":\"https:\/\/netbakis.net\/38144\/\",\"name\":\"Recep Tayyip Erdo\u011fan: Biz sulhun taraf\u0131nday\u0131z, sava\u015f\u0131 durdurmak i\u00e7in \u00e7al\u0131\u015f\u0131yoruz - NETBAKIS\",\"isPartOf\":{\"@id\":\"https:\/\/netbakis.net\/#website\"},\"primaryImageOfPage\":{\"@id\":\"https:\/\/netbakis.net\/38144\/#primaryimage\"},\"image\":{\"@id\":\"https:\/\/netbakis.net\/38144\/#primaryimage\"},\"thumbnailUrl\":\"https:\/\/netbakis.net\/wp-content\/uploads\/2026\/03\/v2yeniproje13_1772473862.webp\",\"datePublished\":\"2026-03-02T18:15:52+00:00\",\"dateModified\":\"2026-03-02T18:15:53+00:00\",\"author\":{\"@id\":\"https:\/\/netbakis.net\/#\/schema\/person\/5d9b5c3f48ca4a3c69967d619fc8c7f4\"},\"breadcrumb\":{\"@id\":\"https:\/\/netbakis.net\/38144\/#breadcrumb\"},\"inLanguage\":\"tr\",\"potentialAction\":[{\"@type\":\"ReadAction\",\"target\":[\"https:\/\/netbakis.net\/38144\/\"]}]},{\"@type\":\"ImageObject\",\"inLanguage\":\"tr\",\"@id\":\"https:\/\/netbakis.net\/38144\/#primaryimage\",\"url\":\"https:\/\/netbakis.net\/wp-content\/uploads\/2026\/03\/v2yeniproje13_1772473862.webp\",\"contentUrl\":\"https:\/\/netbakis.net\/wp-content\/uploads\/2026\/03\/v2yeniproje13_1772473862.webp\",\"width\":971,\"height\":551},{\"@type\":\"BreadcrumbList\",\"@id\":\"https:\/\/netbakis.net\/38144\/#breadcrumb\",\"itemListElement\":[{\"@type\":\"ListItem\",\"position\":1,\"name\":\"Home\",\"item\":\"https:\/\/netbakis.net\/\"},{\"@type\":\"ListItem\",\"position\":2,\"name\":\"Recep Tayyip Erdo\u011fan: Biz sulhun taraf\u0131nday\u0131z, sava\u015f\u0131 durdurmak i\u00e7in \u00e7al\u0131\u015f\u0131yoruz\"}]},{\"@type\":\"WebSite\",\"@id\":\"https:\/\/netbakis.net\/#website\",\"url\":\"https:\/\/netbakis.net\/\",\"name\":\"NETBAKIS\",\"description\":\"SON DAKIKA\",\"potentialAction\":[{\"@type\":\"SearchAction\",\"target\":{\"@type\":\"EntryPoint\",\"urlTemplate\":\"https:\/\/netbakis.net\/?s={search_term_string}\"},\"query-input\":{\"@type\":\"PropertyValueSpecification\",\"valueRequired\":true,\"valueName\":\"search_term_string\"}}],\"inLanguage\":\"tr\"},{\"@type\":\"Person\",\"@id\":\"https:\/\/netbakis.net\/#\/schema\/person\/5d9b5c3f48ca4a3c69967d619fc8c7f4\",\"name\":\"netbakis.net\",\"image\":{\"@type\":\"ImageObject\",\"inLanguage\":\"tr\",\"@id\":\"https:\/\/netbakis.net\/#\/schema\/person\/image\/\",\"url\":\"https:\/\/secure.gravatar.com\/avatar\/4ddeae49d2d3e3568a8d5b0937642efdf0b72468dbe3f213bc1978faa47af0d1?s=96&d=wp_user_avatar&r=g\",\"contentUrl\":\"https:\/\/secure.gravatar.com\/avatar\/4ddeae49d2d3e3568a8d5b0937642efdf0b72468dbe3f213bc1978faa47af0d1?s=96&d=wp_user_avatar&r=g\",\"caption\":\"netbakis.net\"},\"sameAs\":[\"https:\/\/netbakis.net\"],\"url\":\"https:\/\/netbakis.net\/tr\/author\/netbakis-net\/\"}]}<\/script>\n<!-- \/ Yoast SEO plugin. -->","yoast_head_json":{"title":"Recep Tayyip Erdo\u011fan: Biz sulhun taraf\u0131nday\u0131z, sava\u015f\u0131 durdurmak i\u00e7in \u00e7al\u0131\u015f\u0131yoruz - NETBAKIS","robots":{"index":"index","follow":"follow","max-snippet":"max-snippet:-1","max-image-preview":"max-image-preview:large","max-video-preview":"max-video-preview:-1"},"canonical":"https:\/\/netbakis.net\/tr\/38144\/","og_locale":"tr_TR","og_type":"article","og_title":"Recep Tayyip Erdo\u011fan: Biz sulhun taraf\u0131nday\u0131z, sava\u015f\u0131 durdurmak i\u00e7in \u00e7al\u0131\u015f\u0131yoruz - NETBAKIS","og_description":"T\u00fcrkiye Cumhuriyeti Cumhurba\u015fkan\u0131 Erdo\u011fan, &#8220;Biz sulhun taraf\u0131nday\u0131z, kan akmas\u0131n, g\u00f6zya\u015flar\u0131 dinsin, b\u00f6lgemiz art\u0131k y\u0131llard\u0131r hasretini \u00e7ekti\u011fi kal\u0131c\u0131 huzura kavu\u015fsun istiyoruz&#8221; dedi. T\u00fcrkiye Cumhuriyeti Cumhurba\u015fkan\u0131 Recep Tayyip Erdo\u011fan, AK Parti Te\u015fkilat\u0131 ile \u0130ftar program\u0131nda konu\u015ftu. Cumhurba\u015fkan\u0131 Erdo\u011fan&#8217;\u0131n konu\u015fmas\u0131ndan \u00f6ne \u00e7\u0131kanlar \u015fu \u015fekilde: &#8220;B\u00f6yle m\u00fcbarek bir ak\u015famda, b\u00f6ylesine g\u00fczel bir atmosferde sizlerle beraber olmaktan duydu\u011fum memnuniyeti \u00f6zellikle [&hellip;]","og_url":"https:\/\/netbakis.net\/tr\/38144\/","og_site_name":"NETBAKIS","article_published_time":"2026-03-02T18:15:52+00:00","article_modified_time":"2026-03-02T18:15:53+00:00","og_image":[{"width":971,"height":551,"url":"https:\/\/netbakis.net\/wp-content\/uploads\/2026\/03\/v2yeniproje13_1772473862.webp","type":"image\/webp"}],"author":"netbakis.net","twitter_card":"summary_large_image","twitter_misc":{"Yazan:":"netbakis.net","Tahmini okuma s\u00fcresi":"1 dakika"},"schema":{"@context":"https:\/\/schema.org","@graph":[{"@type":"WebPage","@id":"https:\/\/netbakis.net\/38144\/","url":"https:\/\/netbakis.net\/38144\/","name":"Recep Tayyip Erdo\u011fan: Biz sulhun taraf\u0131nday\u0131z, sava\u015f\u0131 durdurmak i\u00e7in \u00e7al\u0131\u015f\u0131yoruz - NETBAKIS","isPartOf":{"@id":"https:\/\/netbakis.net\/#website"},"primaryImageOfPage":{"@id":"https:\/\/netbakis.net\/38144\/#primaryimage"},"image":{"@id":"https:\/\/netbakis.net\/38144\/#primaryimage"},"thumbnailUrl":"https:\/\/netbakis.net\/wp-content\/uploads\/2026\/03\/v2yeniproje13_1772473862.webp","datePublished":"2026-03-02T18:15:52+00:00","dateModified":"2026-03-02T18:15:53+00:00","author":{"@id":"https:\/\/netbakis.net\/#\/schema\/person\/5d9b5c3f48ca4a3c69967d619fc8c7f4"},"breadcrumb":{"@id":"https:\/\/netbakis.net\/38144\/#breadcrumb"},"inLanguage":"tr","potentialAction":[{"@type":"ReadAction","target":["https:\/\/netbakis.net\/38144\/"]}]},{"@type":"ImageObject","inLanguage":"tr","@id":"https:\/\/netbakis.net\/38144\/#primaryimage","url":"https:\/\/netbakis.net\/wp-content\/uploads\/2026\/03\/v2yeniproje13_1772473862.webp","contentUrl":"https:\/\/netbakis.net\/wp-content\/uploads\/2026\/03\/v2yeniproje13_1772473862.webp","width":971,"height":551},{"@type":"BreadcrumbList","@id":"https:\/\/netbakis.net\/38144\/#breadcrumb","itemListElement":[{"@type":"ListItem","position":1,"name":"Home","item":"https:\/\/netbakis.net\/"},{"@type":"ListItem","position":2,"name":"Recep Tayyip Erdo\u011fan: Biz sulhun taraf\u0131nday\u0131z, sava\u015f\u0131 durdurmak i\u00e7in \u00e7al\u0131\u015f\u0131yoruz"}]},{"@type":"WebSite","@id":"https:\/\/netbakis.net\/#website","url":"https:\/\/netbakis.net\/","name":"NETBAKIS","description":"SON DAKIKA","potentialAction":[{"@type":"SearchAction","target":{"@type":"EntryPoint","urlTemplate":"https:\/\/netbakis.net\/?s={search_term_string}"},"query-input":{"@type":"PropertyValueSpecification","valueRequired":true,"valueName":"search_term_string"}}],"inLanguage":"tr"},{"@type":"Person","@id":"https:\/\/netbakis.net\/#\/schema\/person\/5d9b5c3f48ca4a3c69967d619fc8c7f4","name":"netbakis.net","image":{"@type":"ImageObject","inLanguage":"tr","@id":"https:\/\/netbakis.net\/#\/schema\/person\/image\/","url":"https:\/\/secure.gravatar.com\/avatar\/4ddeae49d2d3e3568a8d5b0937642efdf0b72468dbe3f213bc1978faa47af0d1?s=96&d=wp_user_avatar&r=g","contentUrl":"https:\/\/secure.gravatar.com\/avatar\/4ddeae49d2d3e3568a8d5b0937642efdf0b72468dbe3f213bc1978faa47af0d1?s=96&d=wp_user_avatar&r=g","caption":"netbakis.net"},"sameAs":["https:\/\/netbakis.net"],"url":"https:\/\/netbakis.net\/tr\/author\/netbakis-net\/"}]}},"jetpack_publicize_connections":[],"_links":{"self":[{"href":"https:\/\/netbakis.net\/tr\/wp-json\/wp\/v2\/posts\/38144","targetHints":{"allow":["GET"]}}],"collection":[{"href":"https:\/\/netbakis.net\/tr\/wp-json\/wp\/v2\/posts"}],"about":[{"href":"https:\/\/netbakis.net\/tr\/wp-json\/wp\/v2\/types\/post"}],"author":[{"embeddable":true,"href":"https:\/\/netbakis.net\/tr\/wp-json\/wp\/v2\/users\/1"}],"replies":[{"embeddable":true,"href":"https:\/\/netbakis.net\/tr\/wp-json\/wp\/v2\/comments?post=38144"}],"version-history":[{"count":1,"href":"https:\/\/netbakis.net\/tr\/wp-json\/wp\/v2\/posts\/38144\/revisions"}],"predecessor-version":[{"id":38146,"href":"https:\/\/netbakis.net\/tr\/wp-json\/wp\/v2\/posts\/38144\/revisions\/38146"}],"wp:featuredmedia":[{"embeddable":true,"href":"https:\/\/netbakis.net\/tr\/wp-json\/wp\/v2\/media\/38145"}],"wp:attachment":[{"href":"https:\/\/netbakis.net\/tr\/wp-json\/wp\/v2\/media?parent=38144"}],"wp:term":[{"taxonomy":"category","embeddable":true,"href":"https:\/\/netbakis.net\/tr\/wp-json\/wp\/v2\/categories?post=38144"},{"taxonomy":"post_tag","embeddable":true,"href":"https:\/\/netbakis.net\/tr\/wp-json\/wp\/v2\/tags?post=38144"}],"curies":[{"name":"wp","href":"https:\/\/api.w.org\/{rel}","templated":true}]}}