{"id":37432,"date":"2026-02-11T16:40:34","date_gmt":"2026-02-11T16:40:34","guid":{"rendered":"https:\/\/netbakis.net\/?p=37432"},"modified":"2026-02-11T16:40:35","modified_gmt":"2026-02-11T16:40:35","slug":"erdogan-micotakis-gorusmesi-ege-ve-dogu-akdenizde-tutumlarimizi-samimi-sekilde-ele-aldik","status":"publish","type":"post","link":"https:\/\/netbakis.net\/tr\/37432\/","title":{"rendered":"Erdo\u011fan-Mi\u00e7otakis g\u00f6r\u00fc\u015fmesi: Ege ve Do\u011fu Akdeniz&#8217;de tutumlar\u0131m\u0131z\u0131 samimi \u015fekilde ele ald\u0131k"},"content":{"rendered":"<p>T\u00fcrkiye Cumhuriyeti Cumhurba\u015fkan\u0131 Recep Tayyip Erdo\u011fan, Yunanistan Ba\u015fbakan\u0131 Kiryakos Mi\u00e7otakis ile ortak bir bas\u0131n toplant\u0131s\u0131 d\u00fczenledi.<br><br>T\u00fcrkiye ile Yunanistan aras\u0131nda yat\u0131r\u0131m, deniz ticareti, ekonomik i\u015fbirli\u011fi, deprem, k\u00fclt\u00fcr, bilim ve teknoloji alan\u0131nda anla\u015fmalar imzaland\u0131.<\/p>\n\n\n\n<p>Cumhurba\u015fkan\u0131 Recep Tayyip Erdo\u011fan ve Yunanistan Ba\u015fbakan\u0131 Kiryakos Mi\u00e7otakis, ikili g\u00f6r\u00fc\u015fmenin ard\u0131ndan T\u00fcrkiye-Yunanistan 6. Y\u00fcksek D\u00fczeyli \u0130\u015fbirli\u011fi Konseyi Heyetleraras\u0131 G\u00f6r\u00fc\u015fme Oturumu&#8217;na ba\u015fkanl\u0131k etti.<\/p>\n\n\n\n<p>Oturumun ard\u0131ndan iki \u00fclke aras\u0131nda anla\u015fmalar\u0131n imza t\u00f6reni d\u00fczenlendi.<\/p>\n\n\n\n<p>Cumhurba\u015fkan\u0131 Erdo\u011fan ile Mi\u00e7otakis, T\u00fcrkiye Cumhuriyeti H\u00fck\u00fcmeti ile Yunanistan Cumhuriyeti H\u00fck\u00fcmeti Aras\u0131nda Ortak Bildiri&#8217;yi imzalad\u0131.<\/p>\n\n\n\n<p>T\u00fcrkiye Cumhuriyeti Cumhurba\u015fkanl\u0131\u011f\u0131 Yat\u0131r\u0131m ve Finans Ofisi ile Yunanistan Yat\u0131r\u0131m ve D\u0131\u015f Ticaret Ajans\u0131 Aras\u0131ndaki \u0130\u015fbirli\u011fi Hakk\u0131nda Mutabakat Zapt\u0131, Cumhurba\u015fkanl\u0131\u011f\u0131 Yat\u0131r\u0131m ve Finans Ofisi Ba\u015fkan\u0131 Burak Da\u011fl\u0131o\u011flu ile Yunanistan D\u0131\u015fi\u015fleri Bakan Yard\u0131mc\u0131s\u0131 Haris Theoharis imza att\u0131.<\/p>\n\n\n\n<p>\u0130zmir Liman\u0131 ile Selanik Liman\u0131 Aras\u0131nda Ro-Ro Seferlerinin Ba\u015flat\u0131lmas\u0131n\u0131n Te\u015fvik Edilmesine \u0130li\u015fkin Mutabakat Zapt\u0131&#8217;n\u0131, D\u0131\u015fi\u015fleri Bakan Yard\u0131mc\u0131s\u0131 Mehmet Kemal Bozay ile Theoharis imzalad\u0131.<\/p>\n\n\n\n<p>Karadeniz Ekonomik \u0130\u015fbirli\u011fi Te\u015fkilat\u0131 \u00c7er\u00e7evesinde \u0130\u015fbirli\u011finin G\u00fc\u00e7lendirilmesine \u0130li\u015fkin Mutabakat Zapt\u0131, Bozay ve Theoharis taraf\u0131ndan imzaland\u0131.<\/p>\n\n\n\n<p>Depreme Haz\u0131rl\u0131k Konusunda \u0130kili \u0130\u015fbirli\u011finin G\u00fc\u00e7lendirilmesine \u0130li\u015fkin Mutabakat Zapt\u0131&#8217;na, \u0130\u00e7i\u015fleri Bakan\u0131 Mustafa \u00c7ift\u00e7i ile Yunanistan \u0130klim Krizi ve Sivil Koruma Bakan\u0131 Ioannis Kefalogiannis imza att\u0131.<\/p>\n\n\n\n<p>K\u00fclt\u00fcr Alan\u0131nda \u0130\u015fbirli\u011fi Hakk\u0131nda Mutabakat Zapt\u0131&#8217;n\u0131, K\u00fclt\u00fcr ve Turizm Bakan\u0131 Mehmet Nuri Ersoy ile Yunanistan K\u00fclt\u00fcr Bakan\u0131 Lina Mendoni imzalad\u0131.<\/p>\n\n\n\n<p>T\u00fcrkiye Cumhuriyeti Sanayi ve Teknoloji Bakanl\u0131\u011f\u0131 ile Yunanistan Cumhuriyeti Kalk\u0131nma Bakanl\u0131\u011f\u0131 Aras\u0131nda Bilim ve Teknoloji Alan\u0131nda \u0130\u015fbirli\u011fine Dair Ortak Niyet Beyan\u0131, Sanayi ve Teknoloji Bakan\u0131 Mehmet Fatih Kac\u0131r ile Yunanistan Kalk\u0131nma Bakan\u0131 Takis Theodorikakos taraf\u0131ndan imzaland\u0131.<\/p>\n\n\n\n<p><strong>&#8220;MESELELER \u00c7ETREF\u0130L OLMAKLA B\u0130RL\u0130KTE ULUSLARARASI HUKUK TEMEL\u0130NDE \u00c7\u00d6Z\u00dcMS\u00dcZ DE\u011e\u0130L&#8221;<\/strong><\/p>\n\n\n\n<p>\u0130mza t\u00f6renin ard\u0131ndan&nbsp;Cumhurba\u015fkan\u0131 Recep Tayyip Erdo\u011fan ve Yunanistan Ba\u015fbakan\u0131 Kiryakos Mi\u00e7otakis ortak bas\u0131n toplant\u0131s\u0131 d\u00fczenledi.<\/p>\n\n\n\n<p>Cumhurba\u015fkan\u0131 Recep Tayyip Erdo\u011fan&#8217;\u0131n konu\u015fmas\u0131ndan \u00f6ne \u00e7\u0131kanlar \u015fu \u015fekilde:<\/p>\n\n\n\n<p>&#8220;Pozitif g\u00fcndem maddeleri \u00fczerinden ili\u015fkilerimizi nas\u0131l ileriye g\u00f6t\u00fcrebilece\u011fimizi g\u00f6r\u00fc\u015ft\u00fck. Ge\u00e7ti\u011fimiz y\u0131l yakla\u015f\u0131k 7 milyar dolara ula\u015fan ikili ticaretimizi 10 milyar dolara \u00e7\u0131karmak istiyoruz. \u0130\u015f f\u0131rsatlar\u0131n\u0131 iki \u00fclke temsilcileri g\u00f6r\u00fc\u015ft\u00fc. Ege ve Do\u011fu Akdeniz&#8217;deki durumu g\u00f6r\u00fc\u015ft\u00fck. Mevcut meseleler uluslararas\u0131 hukuk zemininde \u00e7\u00f6z\u00fcms\u00fcz de\u011fildir. Yeter ki iyi niyet olsun. De\u011ferli dostum da ayn\u0131 \u015fekilde d\u00fc\u015f\u00fcn\u00fcyor.<\/p>\n\n\n\n<p>Ege&#8217;de birbiriyle ba\u011flant\u0131l\u0131 sorunlar\u0131n\u0131 \u00e7\u00f6z\u00fclebilece\u011fine inan\u0131yorum. Ter\u00f6rle ve organize su\u00e7larla m\u00fccadelede yapabileceklerimizi say\u0131n Ba\u015fbakana ilettim. Bat\u0131 Trakya T\u00fcrk az\u0131nl\u0131\u011f\u0131n\u0131n dini \u00f6zg\u00fcrl\u00fckler ve e\u011fitim haklar\u0131ndan tam yararlanmas\u0131 i\u00e7in beklentilerimizi payla\u015ft\u0131k.<\/p>\n\n\n\n<p>T\u00fcrkiye olarak Avrupa&#8217;da son d\u00f6nemde ba\u015flat\u0131lan savunma giri\u015fimlerinde yer almam\u0131z gerekti\u011fini d\u00fc\u015f\u00fcn\u00fcyoruz. \u0130srail&#8217;in Bat\u0131 \u015eeria&#8217;da kontrol\u00fcn\u00fc geni\u015fletme ve Filistin y\u00f6netimini zay\u0131flatma kararlar\u0131n\u0131 reddediyoruz. Orta Do\u011fu&#8217;da kal\u0131c\u0131 bar\u0131\u015f ve istikrar, iki devlet temelinde adil ve kal\u0131c\u0131 \u00e7\u00f6z\u00fcmden ge\u00e7iyor. Suriye&#8217;de ya\u015fanan son geli\u015fmeleri de\u011ferlendirdik. Bu durumunun Avrupa ve Yunanistan&#8217;\u0131n g\u00fcvenli\u011fi i\u00e7in \u00f6nemli oldu\u011fu ortadad\u0131r.<\/p>\n\n\n\n<p>\u0130ki kom\u015fu olarak i\u015f birli\u011fini temel alan anlay\u0131\u015fla diyalog kanallar\u0131n\u0131n a\u00e7\u0131k tutulmas\u0131n\u0131n \u00f6nemli oldu\u011funa inan\u0131yorum.&#8221;<\/p>\n\n\n\n<p><strong>M\u0130\u00c7OTAK\u0130S: \u0130\u015eB\u0130RL\u0130\u011e\u0130M\u0130Z S\u00dcREKL\u0130 OLMAK DURUMUNDA<\/strong><\/p>\n\n\n\n<p>Kriakos Mi\u00e7otakis&#8217;in konu\u015fmas\u0131ndan sat\u0131r ba\u015flar\u0131 da \u015f\u00f6yle:<\/p>\n\n\n\n<p>\u201cSak\u0131z Adas\u0131&#8217;ndaki g\u00f6\u00e7men teknesinin bat\u0131\u015f\u0131 da i\u015fbirli\u011finin \u00f6nemini g\u00f6stermekte. Bu da i\u015fbirli\u011fimizin s\u00fcrekli olmak durumunda oldu\u011funu g\u00f6steriyor.<\/p>\n\n\n\n<p>Sadece iklim kriziyle ilgili olarak de\u011fil, bizim iklim kriziyle ilgili i\u015fbirli\u011fimizin t\u00fcm b\u00f6lge i\u00e7in \u00f6rnek te\u015fkil etti\u011fini d\u00fc\u015f\u00fcn\u00fcyorum.<\/p>\n\n\n\n<p>Filistin sorununda kesinlikle iki devletli \u00e7\u00f6z\u00fcmden yanay\u0131z. Ancak Hamas&#8217;\u0131n silahs\u0131zlanmas\u0131 gerekiyor.<\/p>\n\n\n\n<p>T\u00fcm kom\u015fular\u0131m\u0131zla samimi ili\u015fkilerden yanay\u0131z. B\u00f6lgedeki istikrar konusunda yine i\u015fbirli\u011fi yapabiliriz. T\u00fcrkiye ve Yunanistan b\u00f6lgede iki \u00f6nemli \u00fclke olarak, hem uluslararas\u0131 hukuk hem az\u0131nl\u0131k haklar\u0131 konusunda i\u015fbirli\u011fi yapabilir.<\/p>\n\n\n\n<p>Suriye&#8217;nin yeniden in\u015fa edilmesi i\u00e7in hem T\u00fcrkiye hem Yunanistan&#8217;daki g\u00f6\u00e7menler Suriye&#8217;ye d\u00f6nebilir.<\/p>\n\n\n\n<p>Kader bizi ayn\u0131 mahallenin sakinleri olarak belirlemi\u015f, biz bu co\u011frafyay\u0131 de\u011fi\u015ftiremeyiz ama bir ittifak olu\u015fturabiliriz.<\/p>\n\n\n\n<p>Biz Mustafa Kemal&#8217;in miras\u0131na sahip \u00e7\u0131kmak durumunday\u0131z.\u201d<\/p>","protected":false},"excerpt":{"rendered":"<p>T\u00fcrkiye Cumhuriyeti Cumhurba\u015fkan\u0131 Recep Tayyip Erdo\u011fan, Yunanistan Ba\u015fbakan\u0131 Kiryakos Mi\u00e7otakis ile ortak bir bas\u0131n toplant\u0131s\u0131 d\u00fczenledi. T\u00fcrkiye ile Yunanistan aras\u0131nda yat\u0131r\u0131m, deniz ticareti, ekonomik i\u015fbirli\u011fi, deprem, k\u00fclt\u00fcr, bilim ve teknoloji alan\u0131nda anla\u015fmalar imzaland\u0131. Cumhurba\u015fkan\u0131 Recep Tayyip Erdo\u011fan ve Yunanistan Ba\u015fbakan\u0131 Kiryakos Mi\u00e7otakis, ikili g\u00f6r\u00fc\u015fmenin ard\u0131ndan T\u00fcrkiye-Yunanistan 6. Y\u00fcksek D\u00fczeyli \u0130\u015fbirli\u011fi Konseyi Heyetleraras\u0131 G\u00f6r\u00fc\u015fme Oturumu&#8217;na ba\u015fkanl\u0131k [&hellip;]<\/p>","protected":false},"author":1,"featured_media":37416,"comment_status":"open","ping_status":"open","sticky":false,"template":"","format":"standard","meta":{"om_disable_all_campaigns":false,"_monsterinsights_skip_tracking":false,"_monsterinsights_sitenote_active":false,"_monsterinsights_sitenote_note":"","_monsterinsights_sitenote_category":0,"_uf_show_specific_survey":0,"_uf_disable_surveys":false,"footnotes":"","jetpack_publicize_message":"","jetpack_publicize_feature_enabled":true,"jetpack_social_post_already_shared":true,"jetpack_social_options":{"image_generator_settings":{"template":"highway","default_image_id":0,"font":"","enabled":false},"version":2}},"categories":[85],"tags":[],"class_list":{"0":"post-37432","1":"post","2":"type-post","3":"status-publish","4":"format-standard","5":"has-post-thumbnail","7":"category-dunya"},"yoast_head":"<!-- This site is optimized with the Yoast SEO plugin v23.8 - https:\/\/yoast.com\/wordpress\/plugins\/seo\/ -->\n<title>Erdo\u011fan-Mi\u00e7otakis g\u00f6r\u00fc\u015fmesi: Ege ve Do\u011fu Akdeniz&#039;de tutumlar\u0131m\u0131z\u0131 samimi \u015fekilde ele ald\u0131k - NETBAKIS<\/title>\n<meta name=\"robots\" content=\"index, follow, max-snippet:-1, max-image-preview:large, max-video-preview:-1\" \/>\n<link rel=\"canonical\" href=\"https:\/\/netbakis.net\/tr\/37432\/\" \/>\n<meta property=\"og:locale\" content=\"tr_TR\" \/>\n<meta property=\"og:type\" content=\"article\" \/>\n<meta property=\"og:title\" content=\"Erdo\u011fan-Mi\u00e7otakis g\u00f6r\u00fc\u015fmesi: Ege ve Do\u011fu Akdeniz&#039;de tutumlar\u0131m\u0131z\u0131 samimi \u015fekilde ele ald\u0131k - NETBAKIS\" \/>\n<meta property=\"og:description\" content=\"T\u00fcrkiye Cumhuriyeti Cumhurba\u015fkan\u0131 Recep Tayyip Erdo\u011fan, Yunanistan Ba\u015fbakan\u0131 Kiryakos Mi\u00e7otakis ile ortak bir bas\u0131n toplant\u0131s\u0131 d\u00fczenledi. T\u00fcrkiye ile Yunanistan aras\u0131nda yat\u0131r\u0131m, deniz ticareti, ekonomik i\u015fbirli\u011fi, deprem, k\u00fclt\u00fcr, bilim ve teknoloji alan\u0131nda anla\u015fmalar imzaland\u0131. Cumhurba\u015fkan\u0131 Recep Tayyip Erdo\u011fan ve Yunanistan Ba\u015fbakan\u0131 Kiryakos Mi\u00e7otakis, ikili g\u00f6r\u00fc\u015fmenin ard\u0131ndan T\u00fcrkiye-Yunanistan 6. Y\u00fcksek D\u00fczeyli \u0130\u015fbirli\u011fi Konseyi Heyetleraras\u0131 G\u00f6r\u00fc\u015fme Oturumu&#8217;na ba\u015fkanl\u0131k [&hellip;]\" \/>\n<meta property=\"og:url\" content=\"https:\/\/netbakis.net\/tr\/37432\/\" \/>\n<meta property=\"og:site_name\" content=\"NETBAKIS\" \/>\n<meta property=\"article:published_time\" content=\"2026-02-11T16:40:34+00:00\" \/>\n<meta property=\"article:modified_time\" content=\"2026-02-11T16:40:35+00:00\" \/>\n<meta property=\"og:image\" content=\"https:\/\/netbakis.net\/wp-content\/uploads\/2026\/02\/v2yeniproje-2024-05-13t180123894_1715612499.webp\" \/>\n\t<meta property=\"og:image:width\" content=\"971\" \/>\n\t<meta property=\"og:image:height\" content=\"551\" \/>\n\t<meta property=\"og:image:type\" content=\"image\/webp\" \/>\n<meta name=\"author\" content=\"netbakis.net\" \/>\n<meta name=\"twitter:card\" content=\"summary_large_image\" \/>\n<meta name=\"twitter:label1\" content=\"Yazan:\" \/>\n\t<meta name=\"twitter:data1\" content=\"netbakis.net\" \/>\n\t<meta name=\"twitter:label2\" content=\"Tahmini okuma s\u00fcresi\" \/>\n\t<meta name=\"twitter:data2\" content=\"3 dakika\" \/>\n<script type=\"application\/ld+json\" class=\"yoast-schema-graph\">{\"@context\":\"https:\/\/schema.org\",\"@graph\":[{\"@type\":\"WebPage\",\"@id\":\"https:\/\/netbakis.net\/37432\/\",\"url\":\"https:\/\/netbakis.net\/37432\/\",\"name\":\"Erdo\u011fan-Mi\u00e7otakis g\u00f6r\u00fc\u015fmesi: Ege ve Do\u011fu Akdeniz'de tutumlar\u0131m\u0131z\u0131 samimi \u015fekilde ele ald\u0131k - NETBAKIS\",\"isPartOf\":{\"@id\":\"https:\/\/netbakis.net\/#website\"},\"primaryImageOfPage\":{\"@id\":\"https:\/\/netbakis.net\/37432\/#primaryimage\"},\"image\":{\"@id\":\"https:\/\/netbakis.net\/37432\/#primaryimage\"},\"thumbnailUrl\":\"https:\/\/netbakis.net\/wp-content\/uploads\/2026\/02\/v2yeniproje-2024-05-13t180123894_1715612499.webp\",\"datePublished\":\"2026-02-11T16:40:34+00:00\",\"dateModified\":\"2026-02-11T16:40:35+00:00\",\"author\":{\"@id\":\"https:\/\/netbakis.net\/#\/schema\/person\/5d9b5c3f48ca4a3c69967d619fc8c7f4\"},\"breadcrumb\":{\"@id\":\"https:\/\/netbakis.net\/37432\/#breadcrumb\"},\"inLanguage\":\"tr\",\"potentialAction\":[{\"@type\":\"ReadAction\",\"target\":[\"https:\/\/netbakis.net\/37432\/\"]}]},{\"@type\":\"ImageObject\",\"inLanguage\":\"tr\",\"@id\":\"https:\/\/netbakis.net\/37432\/#primaryimage\",\"url\":\"https:\/\/netbakis.net\/wp-content\/uploads\/2026\/02\/v2yeniproje-2024-05-13t180123894_1715612499.webp\",\"contentUrl\":\"https:\/\/netbakis.net\/wp-content\/uploads\/2026\/02\/v2yeniproje-2024-05-13t180123894_1715612499.webp\",\"width\":971,\"height\":551},{\"@type\":\"BreadcrumbList\",\"@id\":\"https:\/\/netbakis.net\/37432\/#breadcrumb\",\"itemListElement\":[{\"@type\":\"ListItem\",\"position\":1,\"name\":\"Home\",\"item\":\"https:\/\/netbakis.net\/\"},{\"@type\":\"ListItem\",\"position\":2,\"name\":\"Erdo\u011fan-Mi\u00e7otakis g\u00f6r\u00fc\u015fmesi: Ege ve Do\u011fu Akdeniz&#8217;de tutumlar\u0131m\u0131z\u0131 samimi \u015fekilde ele ald\u0131k\"}]},{\"@type\":\"WebSite\",\"@id\":\"https:\/\/netbakis.net\/#website\",\"url\":\"https:\/\/netbakis.net\/\",\"name\":\"NETBAKIS\",\"description\":\"SON DAKIKA\",\"potentialAction\":[{\"@type\":\"SearchAction\",\"target\":{\"@type\":\"EntryPoint\",\"urlTemplate\":\"https:\/\/netbakis.net\/?s={search_term_string}\"},\"query-input\":{\"@type\":\"PropertyValueSpecification\",\"valueRequired\":true,\"valueName\":\"search_term_string\"}}],\"inLanguage\":\"tr\"},{\"@type\":\"Person\",\"@id\":\"https:\/\/netbakis.net\/#\/schema\/person\/5d9b5c3f48ca4a3c69967d619fc8c7f4\",\"name\":\"netbakis.net\",\"image\":{\"@type\":\"ImageObject\",\"inLanguage\":\"tr\",\"@id\":\"https:\/\/netbakis.net\/#\/schema\/person\/image\/\",\"url\":\"https:\/\/secure.gravatar.com\/avatar\/4ddeae49d2d3e3568a8d5b0937642efdf0b72468dbe3f213bc1978faa47af0d1?s=96&d=wp_user_avatar&r=g\",\"contentUrl\":\"https:\/\/secure.gravatar.com\/avatar\/4ddeae49d2d3e3568a8d5b0937642efdf0b72468dbe3f213bc1978faa47af0d1?s=96&d=wp_user_avatar&r=g\",\"caption\":\"netbakis.net\"},\"sameAs\":[\"https:\/\/netbakis.net\"],\"url\":\"https:\/\/netbakis.net\/tr\/author\/netbakis-net\/\"}]}<\/script>\n<!-- \/ Yoast SEO plugin. -->","yoast_head_json":{"title":"Erdo\u011fan-Mi\u00e7otakis g\u00f6r\u00fc\u015fmesi: Ege ve Do\u011fu Akdeniz'de tutumlar\u0131m\u0131z\u0131 samimi \u015fekilde ele ald\u0131k - NETBAKIS","robots":{"index":"index","follow":"follow","max-snippet":"max-snippet:-1","max-image-preview":"max-image-preview:large","max-video-preview":"max-video-preview:-1"},"canonical":"https:\/\/netbakis.net\/tr\/37432\/","og_locale":"tr_TR","og_type":"article","og_title":"Erdo\u011fan-Mi\u00e7otakis g\u00f6r\u00fc\u015fmesi: Ege ve Do\u011fu Akdeniz'de tutumlar\u0131m\u0131z\u0131 samimi \u015fekilde ele ald\u0131k - NETBAKIS","og_description":"T\u00fcrkiye Cumhuriyeti Cumhurba\u015fkan\u0131 Recep Tayyip Erdo\u011fan, Yunanistan Ba\u015fbakan\u0131 Kiryakos Mi\u00e7otakis ile ortak bir bas\u0131n toplant\u0131s\u0131 d\u00fczenledi. T\u00fcrkiye ile Yunanistan aras\u0131nda yat\u0131r\u0131m, deniz ticareti, ekonomik i\u015fbirli\u011fi, deprem, k\u00fclt\u00fcr, bilim ve teknoloji alan\u0131nda anla\u015fmalar imzaland\u0131. Cumhurba\u015fkan\u0131 Recep Tayyip Erdo\u011fan ve Yunanistan Ba\u015fbakan\u0131 Kiryakos Mi\u00e7otakis, ikili g\u00f6r\u00fc\u015fmenin ard\u0131ndan T\u00fcrkiye-Yunanistan 6. Y\u00fcksek D\u00fczeyli \u0130\u015fbirli\u011fi Konseyi Heyetleraras\u0131 G\u00f6r\u00fc\u015fme Oturumu&#8217;na ba\u015fkanl\u0131k [&hellip;]","og_url":"https:\/\/netbakis.net\/tr\/37432\/","og_site_name":"NETBAKIS","article_published_time":"2026-02-11T16:40:34+00:00","article_modified_time":"2026-02-11T16:40:35+00:00","og_image":[{"width":971,"height":551,"url":"https:\/\/netbakis.net\/wp-content\/uploads\/2026\/02\/v2yeniproje-2024-05-13t180123894_1715612499.webp","type":"image\/webp"}],"author":"netbakis.net","twitter_card":"summary_large_image","twitter_misc":{"Yazan:":"netbakis.net","Tahmini okuma s\u00fcresi":"3 dakika"},"schema":{"@context":"https:\/\/schema.org","@graph":[{"@type":"WebPage","@id":"https:\/\/netbakis.net\/37432\/","url":"https:\/\/netbakis.net\/37432\/","name":"Erdo\u011fan-Mi\u00e7otakis g\u00f6r\u00fc\u015fmesi: Ege ve Do\u011fu Akdeniz'de tutumlar\u0131m\u0131z\u0131 samimi \u015fekilde ele ald\u0131k - NETBAKIS","isPartOf":{"@id":"https:\/\/netbakis.net\/#website"},"primaryImageOfPage":{"@id":"https:\/\/netbakis.net\/37432\/#primaryimage"},"image":{"@id":"https:\/\/netbakis.net\/37432\/#primaryimage"},"thumbnailUrl":"https:\/\/netbakis.net\/wp-content\/uploads\/2026\/02\/v2yeniproje-2024-05-13t180123894_1715612499.webp","datePublished":"2026-02-11T16:40:34+00:00","dateModified":"2026-02-11T16:40:35+00:00","author":{"@id":"https:\/\/netbakis.net\/#\/schema\/person\/5d9b5c3f48ca4a3c69967d619fc8c7f4"},"breadcrumb":{"@id":"https:\/\/netbakis.net\/37432\/#breadcrumb"},"inLanguage":"tr","potentialAction":[{"@type":"ReadAction","target":["https:\/\/netbakis.net\/37432\/"]}]},{"@type":"ImageObject","inLanguage":"tr","@id":"https:\/\/netbakis.net\/37432\/#primaryimage","url":"https:\/\/netbakis.net\/wp-content\/uploads\/2026\/02\/v2yeniproje-2024-05-13t180123894_1715612499.webp","contentUrl":"https:\/\/netbakis.net\/wp-content\/uploads\/2026\/02\/v2yeniproje-2024-05-13t180123894_1715612499.webp","width":971,"height":551},{"@type":"BreadcrumbList","@id":"https:\/\/netbakis.net\/37432\/#breadcrumb","itemListElement":[{"@type":"ListItem","position":1,"name":"Home","item":"https:\/\/netbakis.net\/"},{"@type":"ListItem","position":2,"name":"Erdo\u011fan-Mi\u00e7otakis g\u00f6r\u00fc\u015fmesi: Ege ve Do\u011fu Akdeniz&#8217;de tutumlar\u0131m\u0131z\u0131 samimi \u015fekilde ele ald\u0131k"}]},{"@type":"WebSite","@id":"https:\/\/netbakis.net\/#website","url":"https:\/\/netbakis.net\/","name":"NETBAKIS","description":"SON DAKIKA","potentialAction":[{"@type":"SearchAction","target":{"@type":"EntryPoint","urlTemplate":"https:\/\/netbakis.net\/?s={search_term_string}"},"query-input":{"@type":"PropertyValueSpecification","valueRequired":true,"valueName":"search_term_string"}}],"inLanguage":"tr"},{"@type":"Person","@id":"https:\/\/netbakis.net\/#\/schema\/person\/5d9b5c3f48ca4a3c69967d619fc8c7f4","name":"netbakis.net","image":{"@type":"ImageObject","inLanguage":"tr","@id":"https:\/\/netbakis.net\/#\/schema\/person\/image\/","url":"https:\/\/secure.gravatar.com\/avatar\/4ddeae49d2d3e3568a8d5b0937642efdf0b72468dbe3f213bc1978faa47af0d1?s=96&d=wp_user_avatar&r=g","contentUrl":"https:\/\/secure.gravatar.com\/avatar\/4ddeae49d2d3e3568a8d5b0937642efdf0b72468dbe3f213bc1978faa47af0d1?s=96&d=wp_user_avatar&r=g","caption":"netbakis.net"},"sameAs":["https:\/\/netbakis.net"],"url":"https:\/\/netbakis.net\/tr\/author\/netbakis-net\/"}]}},"jetpack_publicize_connections":[],"_links":{"self":[{"href":"https:\/\/netbakis.net\/tr\/wp-json\/wp\/v2\/posts\/37432","targetHints":{"allow":["GET"]}}],"collection":[{"href":"https:\/\/netbakis.net\/tr\/wp-json\/wp\/v2\/posts"}],"about":[{"href":"https:\/\/netbakis.net\/tr\/wp-json\/wp\/v2\/types\/post"}],"author":[{"embeddable":true,"href":"https:\/\/netbakis.net\/tr\/wp-json\/wp\/v2\/users\/1"}],"replies":[{"embeddable":true,"href":"https:\/\/netbakis.net\/tr\/wp-json\/wp\/v2\/comments?post=37432"}],"version-history":[{"count":1,"href":"https:\/\/netbakis.net\/tr\/wp-json\/wp\/v2\/posts\/37432\/revisions"}],"predecessor-version":[{"id":37433,"href":"https:\/\/netbakis.net\/tr\/wp-json\/wp\/v2\/posts\/37432\/revisions\/37433"}],"wp:featuredmedia":[{"embeddable":true,"href":"https:\/\/netbakis.net\/tr\/wp-json\/wp\/v2\/media\/37416"}],"wp:attachment":[{"href":"https:\/\/netbakis.net\/tr\/wp-json\/wp\/v2\/media?parent=37432"}],"wp:term":[{"taxonomy":"category","embeddable":true,"href":"https:\/\/netbakis.net\/tr\/wp-json\/wp\/v2\/categories?post=37432"},{"taxonomy":"post_tag","embeddable":true,"href":"https:\/\/netbakis.net\/tr\/wp-json\/wp\/v2\/tags?post=37432"}],"curies":[{"name":"wp","href":"https:\/\/api.w.org\/{rel}","templated":true}]}}