{"id":36897,"date":"2026-01-30T12:26:55","date_gmt":"2026-01-30T12:26:55","guid":{"rendered":"https:\/\/netbakis.net\/?p=36897"},"modified":"2026-01-30T12:26:57","modified_gmt":"2026-01-30T12:26:57","slug":"uluhan-oto-galeri-saldirisinda-motoru-guneyden-getirmekle-itham-edilen-zanli-3-gun-tutuklu-kalacak","status":"publish","type":"post","link":"https:\/\/netbakis.net\/tr\/36897\/","title":{"rendered":"Uluhan Oto Galeri sald\u0131r\u0131s\u0131nda motoru G\u00fcney&#8217;den getirmekle itham edilen zanl\u0131 3 g\u00fcn tutuklu kalacak"},"content":{"rendered":"<p class=\"wp-block-paragraph\">Lefko\u015fa K\u00fc\u00e7\u00fck Kaymakl\u0131\u2019da 6 Ocak\u2019ta oto galeriye d\u00fczenlenen silahl\u0131 sald\u0131r\u0131yla ba\u011flant\u0131l\u0131 olmakla itham edilen Bora Ayd\u0131ner, mahkemeye \u00e7\u0131kar\u0131ld\u0131. Motorun G\u00fcney&#8217;den getirilmesinde rol oynad\u0131\u011f\u0131 iddia edilen zanl\u0131 mahkeme karar\u0131yla 3 g\u00fcn daha tutuklu kalacak.<br><br>Lefko\u015fa\u2019da Uluhan Oto Galeri\u2019de meydana gelen \u201ckur\u015funlama\u201d olay\u0131 ile ilgili olarak bir ki\u015fi daha tutukland\u0131. Su\u00e7la ba\u011flant\u0131l\u0131 tutuklanan Bora Ayd\u0131ner mahkemeye \u00e7\u0131kar\u0131ld\u0131.<\/p>\n\n\n\n<p class=\"wp-block-paragraph\">Mahkemede mesele ile ilgili olarak \u015fahadet veren M\u00fcfetti\u015f Muavini \u00d6mer Faruk \u015eengil, olayla ilgili bulgular\u0131 aktard\u0131. \u015eengil, zanl\u0131n\u0131n 6 Ocak 2026\u2019da Lefko\u015fa\u2019da meydana gelen \u201cTaamm\u00fcden Adam \u00d6ld\u00fcrmeye Te\u015febb\u00fcs\u201d, \u201cA\u011f\u0131r Yaralama\u201d, \u201cYaralama\u201d, \u201cKanunsuz Ate\u015fli Silah Tasarrufu\u201d, \u201cKanunsuz Patlay\u0131c\u0131 Madde Tasarrufu\u201d, \u201cMesk\u00fbn Mahalde Ate\u015f A\u00e7ma\u201d ve \u201cKasti Hasar\u201d su\u00e7lar\u0131yla ba\u011flant\u0131l\u0131 olarak tutukland\u0131\u011f\u0131n\u0131 belirtti.<\/p>\n\n\n\n<p class=\"wp-block-paragraph\">\u015eengil, A. K\u2019\u00fcn 6 Ocak tarihinde Lefko\u015fa\u2019n\u0131n K\u00fc\u00e7\u00fck Kaymakl\u0131 b\u00f6lgesinde faaliyet g\u00f6steren Uluhan Oto Galeri\u2019ye saat 10.00 s\u0131ralar\u0131nda silahl\u0131 sald\u0131r\u0131 d\u00fczenledi\u011fini, i\u015fletmeye 6 el ate\u015f a\u00e7arak galeri i\u00e7erisinde bulunan Hidayet Duran\u2019\u0131n sol ayak bile\u011fi ve kal\u00e7as\u0131ndan, Ey\u00fcp Bilgi\u2019nin ise sa\u011f baca\u011f\u0131ndan vuruldu\u011funu kaydetti.<\/p>\n\n\n\n<p class=\"wp-block-paragraph\">Polis, meydana gelen olay\u0131n ard\u0131ndan ba\u015flat\u0131lan geni\u015f \u00e7apl\u0131 soru\u015fturma sonucu, 22 Ocak 2026\u2019da olayda kullan\u0131lan motosikleti G\u00fcney K\u0131br\u0131s\u2019tan Kuzey K\u0131br\u0131s\u2019a getiren Ahmet D\u00fczova ile Halil Batuhan E\u011fmez\u2019in tespit edildi\u011fini belirtti. Polis, 23 Ocak\u2019ta ise motosikleti aranan bir \u015fah\u0131s ile birlikte Alayk\u00f6y \u00c7emberi\u2019ne Mercedes Vito ara\u00e7la b\u0131rakan Ertan Y\u0131lmaz\u2019\u0131n yakaland\u0131\u011f\u0131n\u0131 an\u0131msatt\u0131.<\/p>\n\n\n\n<p class=\"wp-block-paragraph\">Polis, motosikletin g\u00fcneyden getirilmesine ve \u0130ncirli k\u00f6y\u00fcne ula\u015ft\u0131r\u0131lmas\u0131na yard\u0131m eden, 15 Ocak\u2019tan beri aranan Bora Ayd\u0131ner\u2019in ise 29 Ocak\u2019ta Metehan S\u0131n\u0131r Kap\u0131s\u0131\u2019ndan \u00fclkeye giri\u015f yaparken tutukland\u0131\u011f\u0131n\u0131 kaydetti. Polis, tutuklanan zanl\u0131dan cep telefonu istendi\u011finde kaybetti\u011fini s\u00f6yledi\u011fini a\u00e7\u0131klad\u0131.<\/p>\n\n\n\n<p class=\"wp-block-paragraph\">Polis, mesele ile ilgili di\u011fer zanl\u0131lar\u0131n ifadelerinin Ayd\u0131ner\u2019e okundu\u011funu ve zanl\u0131n\u0131n da baz\u0131 beyanlarda bulundu\u011funu belirtti. Soru\u015fturman\u0131n devam etti\u011fini ve aranan \u015fah\u0131slar bulundu\u011funu kaydeden \u015eengil, zanl\u0131n\u0131n 3 g\u00fcn s\u00fcreyle tutuklu kalmas\u0131n\u0131 talep etti.<\/p>\n\n\n\n<p class=\"wp-block-paragraph\">Huzurundaki \u015fahadeti de\u011ferlendiren Yarg\u0131\u00e7 \u015eevket Gazi, zanl\u0131n\u0131n 3 g\u00fcn s\u00fcreyle tutuklu kalmas\u0131na emir verdi.<\/p>","protected":false},"excerpt":{"rendered":"<p>Lefko\u015fa K\u00fc\u00e7\u00fck Kaymakl\u0131\u2019da 6 Ocak\u2019ta oto galeriye d\u00fczenlenen silahl\u0131 sald\u0131r\u0131yla ba\u011flant\u0131l\u0131 olmakla itham edilen Bora Ayd\u0131ner, mahkemeye \u00e7\u0131kar\u0131ld\u0131. Motorun G\u00fcney&#8217;den getirilmesinde rol oynad\u0131\u011f\u0131 iddia edilen zanl\u0131 mahkeme karar\u0131yla 3 g\u00fcn daha tutuklu kalacak. Lefko\u015fa\u2019da Uluhan Oto Galeri\u2019de meydana gelen \u201ckur\u015funlama\u201d olay\u0131 ile ilgili olarak bir ki\u015fi daha tutukland\u0131. Su\u00e7la ba\u011flant\u0131l\u0131 tutuklanan Bora Ayd\u0131ner mahkemeye \u00e7\u0131kar\u0131ld\u0131. [&hellip;]<\/p>","protected":false},"author":1,"featured_media":36898,"comment_status":"open","ping_status":"open","sticky":false,"template":"","format":"standard","meta":{"om_disable_all_campaigns":false,"_monsterinsights_skip_tracking":false,"_monsterinsights_sitenote_active":false,"_monsterinsights_sitenote_note":"","_monsterinsights_sitenote_category":0,"_uf_show_specific_survey":0,"_uf_disable_surveys":false,"footnotes":"","jetpack_publicize_message":"","jetpack_publicize_feature_enabled":true,"jetpack_social_post_already_shared":true,"jetpack_social_options":{"image_generator_settings":{"template":"highway","default_image_id":0,"font":"","enabled":false},"version":2}},"categories":[81],"tags":[],"class_list":["post-36897","post","type-post","status-publish","format-standard","has-post-thumbnail","category-gundem"],"yoast_head":"<!-- This site is optimized with the Yoast SEO plugin v23.8 - https:\/\/yoast.com\/wordpress\/plugins\/seo\/ -->\n<title>Uluhan Oto Galeri sald\u0131r\u0131s\u0131nda motoru G\u00fcney&#039;den getirmekle itham edilen zanl\u0131 3 g\u00fcn tutuklu kalacak - NETBAKIS<\/title>\n<meta name=\"robots\" content=\"index, follow, max-snippet:-1, max-image-preview:large, max-video-preview:-1\" \/>\n<link rel=\"canonical\" href=\"https:\/\/netbakis.net\/tr\/36897\/\" \/>\n<meta property=\"og:locale\" content=\"tr_TR\" \/>\n<meta property=\"og:type\" content=\"article\" \/>\n<meta property=\"og:title\" content=\"Uluhan Oto Galeri sald\u0131r\u0131s\u0131nda motoru G\u00fcney&#039;den getirmekle itham edilen zanl\u0131 3 g\u00fcn tutuklu kalacak - NETBAKIS\" \/>\n<meta property=\"og:description\" content=\"Lefko\u015fa K\u00fc\u00e7\u00fck Kaymakl\u0131\u2019da 6 Ocak\u2019ta oto galeriye d\u00fczenlenen silahl\u0131 sald\u0131r\u0131yla ba\u011flant\u0131l\u0131 olmakla itham edilen Bora Ayd\u0131ner, mahkemeye \u00e7\u0131kar\u0131ld\u0131. Motorun G\u00fcney&#8217;den getirilmesinde rol oynad\u0131\u011f\u0131 iddia edilen zanl\u0131 mahkeme karar\u0131yla 3 g\u00fcn daha tutuklu kalacak. Lefko\u015fa\u2019da Uluhan Oto Galeri\u2019de meydana gelen \u201ckur\u015funlama\u201d olay\u0131 ile ilgili olarak bir ki\u015fi daha tutukland\u0131. Su\u00e7la ba\u011flant\u0131l\u0131 tutuklanan Bora Ayd\u0131ner mahkemeye \u00e7\u0131kar\u0131ld\u0131. [&hellip;]\" \/>\n<meta property=\"og:url\" content=\"https:\/\/netbakis.net\/tr\/36897\/\" \/>\n<meta property=\"og:site_name\" content=\"NETBAKIS\" \/>\n<meta property=\"article:published_time\" content=\"2026-01-30T12:26:55+00:00\" \/>\n<meta property=\"article:modified_time\" content=\"2026-01-30T12:26:57+00:00\" \/>\n<meta property=\"og:image\" content=\"https:\/\/netbakis.net\/wp-content\/uploads\/2026\/01\/v2normalhaberboyutuablonsuzkopyas-2026-01-30t140459785_1769774941.webp\" \/>\n\t<meta property=\"og:image:width\" content=\"971\" \/>\n\t<meta property=\"og:image:height\" content=\"551\" \/>\n\t<meta property=\"og:image:type\" content=\"image\/webp\" \/>\n<meta name=\"author\" content=\"netbakis.net\" \/>\n<meta name=\"twitter:card\" content=\"summary_large_image\" \/>\n<meta name=\"twitter:label1\" content=\"Yazan:\" \/>\n\t<meta name=\"twitter:data1\" content=\"netbakis.net\" \/>\n\t<meta name=\"twitter:label2\" content=\"Tahmini okuma s\u00fcresi\" \/>\n\t<meta name=\"twitter:data2\" content=\"2 dakika\" \/>\n<script type=\"application\/ld+json\" class=\"yoast-schema-graph\">{\"@context\":\"https:\/\/schema.org\",\"@graph\":[{\"@type\":\"WebPage\",\"@id\":\"https:\/\/netbakis.net\/36897\/\",\"url\":\"https:\/\/netbakis.net\/36897\/\",\"name\":\"Uluhan Oto Galeri sald\u0131r\u0131s\u0131nda motoru G\u00fcney'den getirmekle itham edilen zanl\u0131 3 g\u00fcn tutuklu kalacak - NETBAKIS\",\"isPartOf\":{\"@id\":\"https:\/\/netbakis.net\/#website\"},\"primaryImageOfPage\":{\"@id\":\"https:\/\/netbakis.net\/36897\/#primaryimage\"},\"image\":{\"@id\":\"https:\/\/netbakis.net\/36897\/#primaryimage\"},\"thumbnailUrl\":\"https:\/\/netbakis.net\/wp-content\/uploads\/2026\/01\/v2normalhaberboyutuablonsuzkopyas-2026-01-30t140459785_1769774941.webp\",\"datePublished\":\"2026-01-30T12:26:55+00:00\",\"dateModified\":\"2026-01-30T12:26:57+00:00\",\"author\":{\"@id\":\"https:\/\/netbakis.net\/#\/schema\/person\/5d9b5c3f48ca4a3c69967d619fc8c7f4\"},\"breadcrumb\":{\"@id\":\"https:\/\/netbakis.net\/36897\/#breadcrumb\"},\"inLanguage\":\"tr\",\"potentialAction\":[{\"@type\":\"ReadAction\",\"target\":[\"https:\/\/netbakis.net\/36897\/\"]}]},{\"@type\":\"ImageObject\",\"inLanguage\":\"tr\",\"@id\":\"https:\/\/netbakis.net\/36897\/#primaryimage\",\"url\":\"https:\/\/netbakis.net\/wp-content\/uploads\/2026\/01\/v2normalhaberboyutuablonsuzkopyas-2026-01-30t140459785_1769774941.webp\",\"contentUrl\":\"https:\/\/netbakis.net\/wp-content\/uploads\/2026\/01\/v2normalhaberboyutuablonsuzkopyas-2026-01-30t140459785_1769774941.webp\",\"width\":971,\"height\":551},{\"@type\":\"BreadcrumbList\",\"@id\":\"https:\/\/netbakis.net\/36897\/#breadcrumb\",\"itemListElement\":[{\"@type\":\"ListItem\",\"position\":1,\"name\":\"Home\",\"item\":\"https:\/\/netbakis.net\/\"},{\"@type\":\"ListItem\",\"position\":2,\"name\":\"Uluhan Oto Galeri sald\u0131r\u0131s\u0131nda motoru G\u00fcney&#8217;den getirmekle itham edilen zanl\u0131 3 g\u00fcn tutuklu kalacak\"}]},{\"@type\":\"WebSite\",\"@id\":\"https:\/\/netbakis.net\/#website\",\"url\":\"https:\/\/netbakis.net\/\",\"name\":\"NETBAKIS\",\"description\":\"SON DAKIKA\",\"potentialAction\":[{\"@type\":\"SearchAction\",\"target\":{\"@type\":\"EntryPoint\",\"urlTemplate\":\"https:\/\/netbakis.net\/?s={search_term_string}\"},\"query-input\":{\"@type\":\"PropertyValueSpecification\",\"valueRequired\":true,\"valueName\":\"search_term_string\"}}],\"inLanguage\":\"tr\"},{\"@type\":\"Person\",\"@id\":\"https:\/\/netbakis.net\/#\/schema\/person\/5d9b5c3f48ca4a3c69967d619fc8c7f4\",\"name\":\"netbakis.net\",\"image\":{\"@type\":\"ImageObject\",\"inLanguage\":\"tr\",\"@id\":\"https:\/\/netbakis.net\/#\/schema\/person\/image\/\",\"url\":\"https:\/\/secure.gravatar.com\/avatar\/4ddeae49d2d3e3568a8d5b0937642efdf0b72468dbe3f213bc1978faa47af0d1?s=96&d=wp_user_avatar&r=g\",\"contentUrl\":\"https:\/\/secure.gravatar.com\/avatar\/4ddeae49d2d3e3568a8d5b0937642efdf0b72468dbe3f213bc1978faa47af0d1?s=96&d=wp_user_avatar&r=g\",\"caption\":\"netbakis.net\"},\"sameAs\":[\"https:\/\/netbakis.net\"],\"url\":\"https:\/\/netbakis.net\/tr\/author\/netbakis-net\/\"}]}<\/script>\n<!-- \/ Yoast SEO plugin. -->","yoast_head_json":{"title":"Uluhan Oto Galeri sald\u0131r\u0131s\u0131nda motoru G\u00fcney'den getirmekle itham edilen zanl\u0131 3 g\u00fcn tutuklu kalacak - NETBAKIS","robots":{"index":"index","follow":"follow","max-snippet":"max-snippet:-1","max-image-preview":"max-image-preview:large","max-video-preview":"max-video-preview:-1"},"canonical":"https:\/\/netbakis.net\/tr\/36897\/","og_locale":"tr_TR","og_type":"article","og_title":"Uluhan Oto Galeri sald\u0131r\u0131s\u0131nda motoru G\u00fcney'den getirmekle itham edilen zanl\u0131 3 g\u00fcn tutuklu kalacak - NETBAKIS","og_description":"Lefko\u015fa K\u00fc\u00e7\u00fck Kaymakl\u0131\u2019da 6 Ocak\u2019ta oto galeriye d\u00fczenlenen silahl\u0131 sald\u0131r\u0131yla ba\u011flant\u0131l\u0131 olmakla itham edilen Bora Ayd\u0131ner, mahkemeye \u00e7\u0131kar\u0131ld\u0131. Motorun G\u00fcney&#8217;den getirilmesinde rol oynad\u0131\u011f\u0131 iddia edilen zanl\u0131 mahkeme karar\u0131yla 3 g\u00fcn daha tutuklu kalacak. Lefko\u015fa\u2019da Uluhan Oto Galeri\u2019de meydana gelen \u201ckur\u015funlama\u201d olay\u0131 ile ilgili olarak bir ki\u015fi daha tutukland\u0131. Su\u00e7la ba\u011flant\u0131l\u0131 tutuklanan Bora Ayd\u0131ner mahkemeye \u00e7\u0131kar\u0131ld\u0131. [&hellip;]","og_url":"https:\/\/netbakis.net\/tr\/36897\/","og_site_name":"NETBAKIS","article_published_time":"2026-01-30T12:26:55+00:00","article_modified_time":"2026-01-30T12:26:57+00:00","og_image":[{"width":971,"height":551,"url":"https:\/\/netbakis.net\/wp-content\/uploads\/2026\/01\/v2normalhaberboyutuablonsuzkopyas-2026-01-30t140459785_1769774941.webp","type":"image\/webp"}],"author":"netbakis.net","twitter_card":"summary_large_image","twitter_misc":{"Yazan:":"netbakis.net","Tahmini okuma s\u00fcresi":"2 dakika"},"schema":{"@context":"https:\/\/schema.org","@graph":[{"@type":"WebPage","@id":"https:\/\/netbakis.net\/36897\/","url":"https:\/\/netbakis.net\/36897\/","name":"Uluhan Oto Galeri sald\u0131r\u0131s\u0131nda motoru G\u00fcney'den getirmekle itham edilen zanl\u0131 3 g\u00fcn tutuklu kalacak - NETBAKIS","isPartOf":{"@id":"https:\/\/netbakis.net\/#website"},"primaryImageOfPage":{"@id":"https:\/\/netbakis.net\/36897\/#primaryimage"},"image":{"@id":"https:\/\/netbakis.net\/36897\/#primaryimage"},"thumbnailUrl":"https:\/\/netbakis.net\/wp-content\/uploads\/2026\/01\/v2normalhaberboyutuablonsuzkopyas-2026-01-30t140459785_1769774941.webp","datePublished":"2026-01-30T12:26:55+00:00","dateModified":"2026-01-30T12:26:57+00:00","author":{"@id":"https:\/\/netbakis.net\/#\/schema\/person\/5d9b5c3f48ca4a3c69967d619fc8c7f4"},"breadcrumb":{"@id":"https:\/\/netbakis.net\/36897\/#breadcrumb"},"inLanguage":"tr","potentialAction":[{"@type":"ReadAction","target":["https:\/\/netbakis.net\/36897\/"]}]},{"@type":"ImageObject","inLanguage":"tr","@id":"https:\/\/netbakis.net\/36897\/#primaryimage","url":"https:\/\/netbakis.net\/wp-content\/uploads\/2026\/01\/v2normalhaberboyutuablonsuzkopyas-2026-01-30t140459785_1769774941.webp","contentUrl":"https:\/\/netbakis.net\/wp-content\/uploads\/2026\/01\/v2normalhaberboyutuablonsuzkopyas-2026-01-30t140459785_1769774941.webp","width":971,"height":551},{"@type":"BreadcrumbList","@id":"https:\/\/netbakis.net\/36897\/#breadcrumb","itemListElement":[{"@type":"ListItem","position":1,"name":"Home","item":"https:\/\/netbakis.net\/"},{"@type":"ListItem","position":2,"name":"Uluhan Oto Galeri sald\u0131r\u0131s\u0131nda motoru G\u00fcney&#8217;den getirmekle itham edilen zanl\u0131 3 g\u00fcn tutuklu kalacak"}]},{"@type":"WebSite","@id":"https:\/\/netbakis.net\/#website","url":"https:\/\/netbakis.net\/","name":"NETBAKIS","description":"SON DAKIKA","potentialAction":[{"@type":"SearchAction","target":{"@type":"EntryPoint","urlTemplate":"https:\/\/netbakis.net\/?s={search_term_string}"},"query-input":{"@type":"PropertyValueSpecification","valueRequired":true,"valueName":"search_term_string"}}],"inLanguage":"tr"},{"@type":"Person","@id":"https:\/\/netbakis.net\/#\/schema\/person\/5d9b5c3f48ca4a3c69967d619fc8c7f4","name":"netbakis.net","image":{"@type":"ImageObject","inLanguage":"tr","@id":"https:\/\/netbakis.net\/#\/schema\/person\/image\/","url":"https:\/\/secure.gravatar.com\/avatar\/4ddeae49d2d3e3568a8d5b0937642efdf0b72468dbe3f213bc1978faa47af0d1?s=96&d=wp_user_avatar&r=g","contentUrl":"https:\/\/secure.gravatar.com\/avatar\/4ddeae49d2d3e3568a8d5b0937642efdf0b72468dbe3f213bc1978faa47af0d1?s=96&d=wp_user_avatar&r=g","caption":"netbakis.net"},"sameAs":["https:\/\/netbakis.net"],"url":"https:\/\/netbakis.net\/tr\/author\/netbakis-net\/"}]}},"jetpack_publicize_connections":[],"_links":{"self":[{"href":"https:\/\/netbakis.net\/tr\/wp-json\/wp\/v2\/posts\/36897","targetHints":{"allow":["GET"]}}],"collection":[{"href":"https:\/\/netbakis.net\/tr\/wp-json\/wp\/v2\/posts"}],"about":[{"href":"https:\/\/netbakis.net\/tr\/wp-json\/wp\/v2\/types\/post"}],"author":[{"embeddable":true,"href":"https:\/\/netbakis.net\/tr\/wp-json\/wp\/v2\/users\/1"}],"replies":[{"embeddable":true,"href":"https:\/\/netbakis.net\/tr\/wp-json\/wp\/v2\/comments?post=36897"}],"version-history":[{"count":1,"href":"https:\/\/netbakis.net\/tr\/wp-json\/wp\/v2\/posts\/36897\/revisions"}],"predecessor-version":[{"id":36899,"href":"https:\/\/netbakis.net\/tr\/wp-json\/wp\/v2\/posts\/36897\/revisions\/36899"}],"wp:featuredmedia":[{"embeddable":true,"href":"https:\/\/netbakis.net\/tr\/wp-json\/wp\/v2\/media\/36898"}],"wp:attachment":[{"href":"https:\/\/netbakis.net\/tr\/wp-json\/wp\/v2\/media?parent=36897"}],"wp:term":[{"taxonomy":"category","embeddable":true,"href":"https:\/\/netbakis.net\/tr\/wp-json\/wp\/v2\/categories?post=36897"},{"taxonomy":"post_tag","embeddable":true,"href":"https:\/\/netbakis.net\/tr\/wp-json\/wp\/v2\/tags?post=36897"}],"curies":[{"name":"wp","href":"https:\/\/api.w.org\/{rel}","templated":true}]}}