{"id":35234,"date":"2025-12-26T18:23:12","date_gmt":"2025-12-26T18:23:12","guid":{"rendered":"https:\/\/netbakis.net\/?p=35234"},"modified":"2025-12-26T18:23:13","modified_gmt":"2025-12-26T18:23:13","slug":"fikri-ataoglu-cevreyi-korumak-bir-tercih-degil-gelecek-nesillere-karsi-sorumlulugumuzdur","status":"publish","type":"post","link":"https:\/\/netbakis.net\/tr\/35234\/","title":{"rendered":"Fikri Atao\u011flu: \u00c7evreyi korumak bir tercih de\u011fil, gelecek nesillere kar\u015f\u0131 sorumlulu\u011fumuzdur"},"content":{"rendered":"<p class=\"wp-block-paragraph\">\u00c7evre Koruma Dairesi, plastik kirlili\u011fiyle m\u00fccadele kapsam\u0131nda al\u0131\u015fveri\u015f po\u015fetlerine yasak getirirken, Bakan Fikri Atao\u011flu Ma\u011fusa\u2019daki fark\u0131ndal\u0131k etkinli\u011finde uygulaman\u0131n \u00e7evre ve halk sa\u011fl\u0131\u011f\u0131 a\u00e7\u0131s\u0131ndan \u00f6nemine dikkat \u00e7ekti. Atao\u011flu, \u00e7evreyi koruman\u0131n gelecek nesillere kar\u015f\u0131 bir sorumluluk oldu\u011funu dile getirdi.<br><br>Ba\u015fbakan Yard\u0131mc\u0131l\u0131\u011f\u0131 Turizm K\u00fclt\u00fcr Gen\u00e7lik ve \u00c7evre Bakanl\u0131\u011f\u0131\u2019na ba\u011fl\u0131 \u00c7evre Koruma Dairesi, \u00e7evre ve halk sa\u011fl\u0131\u011f\u0131n\u0131 tehdit eden plastik kirlili\u011fiyle m\u00fccadele kapsam\u0131nda, 1 Ocak 2026 tarihinden itibaren 15\u201350 mikron aral\u0131\u011f\u0131ndaki al\u0131\u015fveri\u015f po\u015fetlerinin sat\u0131\u015f\u0131 veya \u00fccretsiz da\u011f\u0131t\u0131m\u0131n\u0131 tamamen yasakl\u0131yor.<\/p>\n\n\n\n<p class=\"wp-block-paragraph\">\u201cHer Daim Do\u011fa Dostlar\u0131\u201d grubu ise bu sabah \u00c7evre Koruma Dairesi personeli ile birlikte Ma\u011fusa Terminali i\u00e7erisinde yer alan Per\u015fembe Pazar\u0131\u2019nda bez \u00e7anta da\u011f\u0131t\u0131m\u0131 ger\u00e7ekle\u015ftirdi. Etkinlikte, plastik po\u015fetlerin \u00e7evreye verdi\u011fi zararlar ve yeni uygulama hakk\u0131nda vatanda\u015flara bilgilendirme yap\u0131ld\u0131.<\/p>\n\n\n\n<p class=\"wp-block-paragraph\">S\u00f6z konusu uygulamayla birlikte, \u00f6zellikle do\u011fada \u00e7\u00f6z\u00fcnmesi y\u00fczlerce y\u0131l s\u00fcren plastik po\u015fetlerin kullan\u0131m\u0131n\u0131n azalt\u0131lmas\u0131, mikroplastik kirlili\u011finin \u00f6n\u00fcne ge\u00e7ilmesi ve daha s\u00fcrd\u00fcr\u00fclebilir t\u00fcketim al\u0131\u015fkanl\u0131klar\u0131n\u0131n te\u015fvik edilmesi hedefleniyor.<\/p>\n\n\n\n<p class=\"wp-block-paragraph\">Fark\u0131ndal\u0131k yaratmak amac\u0131yla d\u00fczenlenen etkinli\u011fe Ba\u015fbakan Yard\u0131mc\u0131s\u0131 Turizm K\u00fclt\u00fcr Gen\u00e7lik ve \u00c7evre Bakan\u0131 Fikri Atao\u011flu da kat\u0131larak vatanda\u015flara konu hakk\u0131nda bilgiler verdi.<\/p>\n\n\n\n<p class=\"wp-block-paragraph\">Atao\u011flu, Per\u015fembe Pazar\u0131\u2019nda yapt\u0131\u011f\u0131 konu\u015fmada plastik kirlili\u011finin yaln\u0131zca \u00e7evresel de\u011fil, ayn\u0131 zamanda ciddi bir halk sa\u011fl\u0131\u011f\u0131 sorunu oldu\u011funa dikkat \u00e7ekti. \u00d6zellikle denizlerde ve toprakta biriken plastik at\u0131klar\u0131n zamanla mikroplastiklere d\u00f6n\u00fc\u015ferek g\u0131da zincirine kar\u0131\u015ft\u0131\u011f\u0131n\u0131 ve bunun insan sa\u011fl\u0131\u011f\u0131n\u0131 tehdit etti\u011fini vurgulad\u0131.<\/p>\n\n\n\n<p class=\"wp-block-paragraph\">Atao\u011flu konu\u015fmas\u0131nda, \u201c\u00c7evreyi korumak bir tercih de\u011fil, gelecek nesillere kar\u015f\u0131 sorumlulu\u011fumuzdur. Bug\u00fcn att\u0131\u011f\u0131m\u0131z her do\u011fru ad\u0131m, yar\u0131n \u00e7ocuklar\u0131m\u0131za b\u0131rakaca\u011f\u0131m\u0131z daha temiz ve ya\u015fanabilir bir \u00fclke anlam\u0131na gelmektedir\u201d ifadelerini kulland\u0131.<\/p>\n\n\n\n<p class=\"wp-block-paragraph\">Bez \u00e7anta kullan\u0131m\u0131n\u0131n yayg\u0131nla\u015fmas\u0131n\u0131n \u00f6nemli bir davran\u0131\u015f de\u011fi\u015fikli\u011fi oldu\u011funa i\u015faret eden Atao\u011flu, bu t\u00fcr fark\u0131ndal\u0131k \u00e7al\u0131\u015fmalar\u0131n\u0131n toplumun her kesimine ula\u015fmas\u0131n\u0131n b\u00fcy\u00fck \u00f6nem ta\u015f\u0131d\u0131\u011f\u0131n\u0131 belirtti. Atao\u011flu, sivil toplum \u00f6rg\u00fctleri ile kamu kurumlar\u0131n\u0131n i\u015f birli\u011finin \u00e7evre politikalar\u0131n\u0131n ba\u015far\u0131s\u0131ndaki rol\u00fcne de dikkat \u00e7ekti.<\/p>\n\n\n\n<p class=\"wp-block-paragraph\">\u00c7evre Koruma Dairesi\u2019nin denetim ve bilgilendirme \u00e7al\u0131\u015fmalar\u0131n\u0131n \u00f6n\u00fcm\u00fczdeki s\u00fcre\u00e7te artarak devam edece\u011fini kaydeden Atao\u011flu, yeni d\u00fczenlemeye uyum s\u00fcrecinde esnaf ve vatanda\u015flar\u0131n bilin\u00e7lendirilmesine y\u00f6nelik \u00e7al\u0131\u015fmalar\u0131n s\u00fcrd\u00fcr\u00fclece\u011fini s\u00f6zlerine ekledi.<\/p>","protected":false},"excerpt":{"rendered":"<p>\u00c7evre Koruma Dairesi, plastik kirlili\u011fiyle m\u00fccadele kapsam\u0131nda al\u0131\u015fveri\u015f po\u015fetlerine yasak getirirken, Bakan Fikri Atao\u011flu Ma\u011fusa\u2019daki fark\u0131ndal\u0131k etkinli\u011finde uygulaman\u0131n \u00e7evre ve halk sa\u011fl\u0131\u011f\u0131 a\u00e7\u0131s\u0131ndan \u00f6nemine dikkat \u00e7ekti. Atao\u011flu, \u00e7evreyi koruman\u0131n gelecek nesillere kar\u015f\u0131 bir sorumluluk oldu\u011funu dile getirdi. Ba\u015fbakan Yard\u0131mc\u0131l\u0131\u011f\u0131 Turizm K\u00fclt\u00fcr Gen\u00e7lik ve \u00c7evre Bakanl\u0131\u011f\u0131\u2019na ba\u011fl\u0131 \u00c7evre Koruma Dairesi, \u00e7evre ve halk sa\u011fl\u0131\u011f\u0131n\u0131 tehdit eden [&hellip;]<\/p>","protected":false},"author":1,"featured_media":35235,"comment_status":"open","ping_status":"open","sticky":false,"template":"","format":"standard","meta":{"om_disable_all_campaigns":false,"_monsterinsights_skip_tracking":false,"_monsterinsights_sitenote_active":false,"_monsterinsights_sitenote_note":"","_monsterinsights_sitenote_category":0,"_uf_show_specific_survey":0,"_uf_disable_surveys":false,"footnotes":"","jetpack_publicize_message":"","jetpack_publicize_feature_enabled":true,"jetpack_social_post_already_shared":true,"jetpack_social_options":{"image_generator_settings":{"template":"highway","default_image_id":0,"font":"","enabled":false},"version":2}},"categories":[81],"tags":[],"class_list":["post-35234","post","type-post","status-publish","format-standard","has-post-thumbnail","category-gundem"],"yoast_head":"<!-- This site is optimized with the Yoast SEO plugin v23.8 - https:\/\/yoast.com\/wordpress\/plugins\/seo\/ -->\n<title>Fikri Atao\u011flu: \u00c7evreyi korumak bir tercih de\u011fil, gelecek nesillere kar\u015f\u0131 sorumlulu\u011fumuzdur - NETBAKIS<\/title>\n<meta name=\"robots\" content=\"index, follow, max-snippet:-1, max-image-preview:large, max-video-preview:-1\" \/>\n<link rel=\"canonical\" href=\"https:\/\/netbakis.net\/tr\/35234\/\" \/>\n<meta property=\"og:locale\" content=\"tr_TR\" \/>\n<meta property=\"og:type\" content=\"article\" \/>\n<meta property=\"og:title\" content=\"Fikri Atao\u011flu: \u00c7evreyi korumak bir tercih de\u011fil, gelecek nesillere kar\u015f\u0131 sorumlulu\u011fumuzdur - NETBAKIS\" \/>\n<meta property=\"og:description\" content=\"\u00c7evre Koruma Dairesi, plastik kirlili\u011fiyle m\u00fccadele kapsam\u0131nda al\u0131\u015fveri\u015f po\u015fetlerine yasak getirirken, Bakan Fikri Atao\u011flu Ma\u011fusa\u2019daki fark\u0131ndal\u0131k etkinli\u011finde uygulaman\u0131n \u00e7evre ve halk sa\u011fl\u0131\u011f\u0131 a\u00e7\u0131s\u0131ndan \u00f6nemine dikkat \u00e7ekti. Atao\u011flu, \u00e7evreyi koruman\u0131n gelecek nesillere kar\u015f\u0131 bir sorumluluk oldu\u011funu dile getirdi. Ba\u015fbakan Yard\u0131mc\u0131l\u0131\u011f\u0131 Turizm K\u00fclt\u00fcr Gen\u00e7lik ve \u00c7evre Bakanl\u0131\u011f\u0131\u2019na ba\u011fl\u0131 \u00c7evre Koruma Dairesi, \u00e7evre ve halk sa\u011fl\u0131\u011f\u0131n\u0131 tehdit eden [&hellip;]\" \/>\n<meta property=\"og:url\" content=\"https:\/\/netbakis.net\/tr\/35234\/\" \/>\n<meta property=\"og:site_name\" content=\"NETBAKIS\" \/>\n<meta property=\"article:published_time\" content=\"2025-12-26T18:23:12+00:00\" \/>\n<meta property=\"article:modified_time\" content=\"2025-12-26T18:23:13+00:00\" \/>\n<meta property=\"og:image\" content=\"https:\/\/netbakis.net\/wp-content\/uploads\/2025\/12\/v2normalhaberboyutuablonsuzkopyas-2025-12-26t141201398_1766751251.webp\" \/>\n\t<meta property=\"og:image:width\" content=\"971\" \/>\n\t<meta property=\"og:image:height\" content=\"551\" \/>\n\t<meta property=\"og:image:type\" content=\"image\/webp\" \/>\n<meta name=\"author\" content=\"netbakis.net\" \/>\n<meta name=\"twitter:card\" content=\"summary_large_image\" \/>\n<meta name=\"twitter:label1\" content=\"Yazan:\" \/>\n\t<meta name=\"twitter:data1\" content=\"netbakis.net\" \/>\n\t<meta name=\"twitter:label2\" content=\"Tahmini okuma s\u00fcresi\" \/>\n\t<meta name=\"twitter:data2\" content=\"1 dakika\" \/>\n<script type=\"application\/ld+json\" class=\"yoast-schema-graph\">{\"@context\":\"https:\/\/schema.org\",\"@graph\":[{\"@type\":\"WebPage\",\"@id\":\"https:\/\/netbakis.net\/35234\/\",\"url\":\"https:\/\/netbakis.net\/35234\/\",\"name\":\"Fikri Atao\u011flu: \u00c7evreyi korumak bir tercih de\u011fil, gelecek nesillere kar\u015f\u0131 sorumlulu\u011fumuzdur - NETBAKIS\",\"isPartOf\":{\"@id\":\"https:\/\/netbakis.net\/#website\"},\"primaryImageOfPage\":{\"@id\":\"https:\/\/netbakis.net\/35234\/#primaryimage\"},\"image\":{\"@id\":\"https:\/\/netbakis.net\/35234\/#primaryimage\"},\"thumbnailUrl\":\"https:\/\/netbakis.net\/wp-content\/uploads\/2025\/12\/v2normalhaberboyutuablonsuzkopyas-2025-12-26t141201398_1766751251.webp\",\"datePublished\":\"2025-12-26T18:23:12+00:00\",\"dateModified\":\"2025-12-26T18:23:13+00:00\",\"author\":{\"@id\":\"https:\/\/netbakis.net\/#\/schema\/person\/5d9b5c3f48ca4a3c69967d619fc8c7f4\"},\"breadcrumb\":{\"@id\":\"https:\/\/netbakis.net\/35234\/#breadcrumb\"},\"inLanguage\":\"tr\",\"potentialAction\":[{\"@type\":\"ReadAction\",\"target\":[\"https:\/\/netbakis.net\/35234\/\"]}]},{\"@type\":\"ImageObject\",\"inLanguage\":\"tr\",\"@id\":\"https:\/\/netbakis.net\/35234\/#primaryimage\",\"url\":\"https:\/\/netbakis.net\/wp-content\/uploads\/2025\/12\/v2normalhaberboyutuablonsuzkopyas-2025-12-26t141201398_1766751251.webp\",\"contentUrl\":\"https:\/\/netbakis.net\/wp-content\/uploads\/2025\/12\/v2normalhaberboyutuablonsuzkopyas-2025-12-26t141201398_1766751251.webp\",\"width\":971,\"height\":551},{\"@type\":\"BreadcrumbList\",\"@id\":\"https:\/\/netbakis.net\/35234\/#breadcrumb\",\"itemListElement\":[{\"@type\":\"ListItem\",\"position\":1,\"name\":\"Home\",\"item\":\"https:\/\/netbakis.net\/\"},{\"@type\":\"ListItem\",\"position\":2,\"name\":\"Fikri Atao\u011flu: \u00c7evreyi korumak bir tercih de\u011fil, gelecek nesillere kar\u015f\u0131 sorumlulu\u011fumuzdur\"}]},{\"@type\":\"WebSite\",\"@id\":\"https:\/\/netbakis.net\/#website\",\"url\":\"https:\/\/netbakis.net\/\",\"name\":\"NETBAKIS\",\"description\":\"SON DAKIKA\",\"potentialAction\":[{\"@type\":\"SearchAction\",\"target\":{\"@type\":\"EntryPoint\",\"urlTemplate\":\"https:\/\/netbakis.net\/?s={search_term_string}\"},\"query-input\":{\"@type\":\"PropertyValueSpecification\",\"valueRequired\":true,\"valueName\":\"search_term_string\"}}],\"inLanguage\":\"tr\"},{\"@type\":\"Person\",\"@id\":\"https:\/\/netbakis.net\/#\/schema\/person\/5d9b5c3f48ca4a3c69967d619fc8c7f4\",\"name\":\"netbakis.net\",\"image\":{\"@type\":\"ImageObject\",\"inLanguage\":\"tr\",\"@id\":\"https:\/\/netbakis.net\/#\/schema\/person\/image\/\",\"url\":\"https:\/\/secure.gravatar.com\/avatar\/4ddeae49d2d3e3568a8d5b0937642efdf0b72468dbe3f213bc1978faa47af0d1?s=96&d=wp_user_avatar&r=g\",\"contentUrl\":\"https:\/\/secure.gravatar.com\/avatar\/4ddeae49d2d3e3568a8d5b0937642efdf0b72468dbe3f213bc1978faa47af0d1?s=96&d=wp_user_avatar&r=g\",\"caption\":\"netbakis.net\"},\"sameAs\":[\"https:\/\/netbakis.net\"],\"url\":\"https:\/\/netbakis.net\/tr\/author\/netbakis-net\/\"}]}<\/script>\n<!-- \/ Yoast SEO plugin. -->","yoast_head_json":{"title":"Fikri Atao\u011flu: \u00c7evreyi korumak bir tercih de\u011fil, gelecek nesillere kar\u015f\u0131 sorumlulu\u011fumuzdur - NETBAKIS","robots":{"index":"index","follow":"follow","max-snippet":"max-snippet:-1","max-image-preview":"max-image-preview:large","max-video-preview":"max-video-preview:-1"},"canonical":"https:\/\/netbakis.net\/tr\/35234\/","og_locale":"tr_TR","og_type":"article","og_title":"Fikri Atao\u011flu: \u00c7evreyi korumak bir tercih de\u011fil, gelecek nesillere kar\u015f\u0131 sorumlulu\u011fumuzdur - NETBAKIS","og_description":"\u00c7evre Koruma Dairesi, plastik kirlili\u011fiyle m\u00fccadele kapsam\u0131nda al\u0131\u015fveri\u015f po\u015fetlerine yasak getirirken, Bakan Fikri Atao\u011flu Ma\u011fusa\u2019daki fark\u0131ndal\u0131k etkinli\u011finde uygulaman\u0131n \u00e7evre ve halk sa\u011fl\u0131\u011f\u0131 a\u00e7\u0131s\u0131ndan \u00f6nemine dikkat \u00e7ekti. Atao\u011flu, \u00e7evreyi koruman\u0131n gelecek nesillere kar\u015f\u0131 bir sorumluluk oldu\u011funu dile getirdi. Ba\u015fbakan Yard\u0131mc\u0131l\u0131\u011f\u0131 Turizm K\u00fclt\u00fcr Gen\u00e7lik ve \u00c7evre Bakanl\u0131\u011f\u0131\u2019na ba\u011fl\u0131 \u00c7evre Koruma Dairesi, \u00e7evre ve halk sa\u011fl\u0131\u011f\u0131n\u0131 tehdit eden [&hellip;]","og_url":"https:\/\/netbakis.net\/tr\/35234\/","og_site_name":"NETBAKIS","article_published_time":"2025-12-26T18:23:12+00:00","article_modified_time":"2025-12-26T18:23:13+00:00","og_image":[{"width":971,"height":551,"url":"https:\/\/netbakis.net\/wp-content\/uploads\/2025\/12\/v2normalhaberboyutuablonsuzkopyas-2025-12-26t141201398_1766751251.webp","type":"image\/webp"}],"author":"netbakis.net","twitter_card":"summary_large_image","twitter_misc":{"Yazan:":"netbakis.net","Tahmini okuma s\u00fcresi":"1 dakika"},"schema":{"@context":"https:\/\/schema.org","@graph":[{"@type":"WebPage","@id":"https:\/\/netbakis.net\/35234\/","url":"https:\/\/netbakis.net\/35234\/","name":"Fikri Atao\u011flu: \u00c7evreyi korumak bir tercih de\u011fil, gelecek nesillere kar\u015f\u0131 sorumlulu\u011fumuzdur - NETBAKIS","isPartOf":{"@id":"https:\/\/netbakis.net\/#website"},"primaryImageOfPage":{"@id":"https:\/\/netbakis.net\/35234\/#primaryimage"},"image":{"@id":"https:\/\/netbakis.net\/35234\/#primaryimage"},"thumbnailUrl":"https:\/\/netbakis.net\/wp-content\/uploads\/2025\/12\/v2normalhaberboyutuablonsuzkopyas-2025-12-26t141201398_1766751251.webp","datePublished":"2025-12-26T18:23:12+00:00","dateModified":"2025-12-26T18:23:13+00:00","author":{"@id":"https:\/\/netbakis.net\/#\/schema\/person\/5d9b5c3f48ca4a3c69967d619fc8c7f4"},"breadcrumb":{"@id":"https:\/\/netbakis.net\/35234\/#breadcrumb"},"inLanguage":"tr","potentialAction":[{"@type":"ReadAction","target":["https:\/\/netbakis.net\/35234\/"]}]},{"@type":"ImageObject","inLanguage":"tr","@id":"https:\/\/netbakis.net\/35234\/#primaryimage","url":"https:\/\/netbakis.net\/wp-content\/uploads\/2025\/12\/v2normalhaberboyutuablonsuzkopyas-2025-12-26t141201398_1766751251.webp","contentUrl":"https:\/\/netbakis.net\/wp-content\/uploads\/2025\/12\/v2normalhaberboyutuablonsuzkopyas-2025-12-26t141201398_1766751251.webp","width":971,"height":551},{"@type":"BreadcrumbList","@id":"https:\/\/netbakis.net\/35234\/#breadcrumb","itemListElement":[{"@type":"ListItem","position":1,"name":"Home","item":"https:\/\/netbakis.net\/"},{"@type":"ListItem","position":2,"name":"Fikri Atao\u011flu: \u00c7evreyi korumak bir tercih de\u011fil, gelecek nesillere kar\u015f\u0131 sorumlulu\u011fumuzdur"}]},{"@type":"WebSite","@id":"https:\/\/netbakis.net\/#website","url":"https:\/\/netbakis.net\/","name":"NETBAKIS","description":"SON DAKIKA","potentialAction":[{"@type":"SearchAction","target":{"@type":"EntryPoint","urlTemplate":"https:\/\/netbakis.net\/?s={search_term_string}"},"query-input":{"@type":"PropertyValueSpecification","valueRequired":true,"valueName":"search_term_string"}}],"inLanguage":"tr"},{"@type":"Person","@id":"https:\/\/netbakis.net\/#\/schema\/person\/5d9b5c3f48ca4a3c69967d619fc8c7f4","name":"netbakis.net","image":{"@type":"ImageObject","inLanguage":"tr","@id":"https:\/\/netbakis.net\/#\/schema\/person\/image\/","url":"https:\/\/secure.gravatar.com\/avatar\/4ddeae49d2d3e3568a8d5b0937642efdf0b72468dbe3f213bc1978faa47af0d1?s=96&d=wp_user_avatar&r=g","contentUrl":"https:\/\/secure.gravatar.com\/avatar\/4ddeae49d2d3e3568a8d5b0937642efdf0b72468dbe3f213bc1978faa47af0d1?s=96&d=wp_user_avatar&r=g","caption":"netbakis.net"},"sameAs":["https:\/\/netbakis.net"],"url":"https:\/\/netbakis.net\/tr\/author\/netbakis-net\/"}]}},"jetpack_publicize_connections":[],"_links":{"self":[{"href":"https:\/\/netbakis.net\/tr\/wp-json\/wp\/v2\/posts\/35234","targetHints":{"allow":["GET"]}}],"collection":[{"href":"https:\/\/netbakis.net\/tr\/wp-json\/wp\/v2\/posts"}],"about":[{"href":"https:\/\/netbakis.net\/tr\/wp-json\/wp\/v2\/types\/post"}],"author":[{"embeddable":true,"href":"https:\/\/netbakis.net\/tr\/wp-json\/wp\/v2\/users\/1"}],"replies":[{"embeddable":true,"href":"https:\/\/netbakis.net\/tr\/wp-json\/wp\/v2\/comments?post=35234"}],"version-history":[{"count":1,"href":"https:\/\/netbakis.net\/tr\/wp-json\/wp\/v2\/posts\/35234\/revisions"}],"predecessor-version":[{"id":35236,"href":"https:\/\/netbakis.net\/tr\/wp-json\/wp\/v2\/posts\/35234\/revisions\/35236"}],"wp:featuredmedia":[{"embeddable":true,"href":"https:\/\/netbakis.net\/tr\/wp-json\/wp\/v2\/media\/35235"}],"wp:attachment":[{"href":"https:\/\/netbakis.net\/tr\/wp-json\/wp\/v2\/media?parent=35234"}],"wp:term":[{"taxonomy":"category","embeddable":true,"href":"https:\/\/netbakis.net\/tr\/wp-json\/wp\/v2\/categories?post=35234"},{"taxonomy":"post_tag","embeddable":true,"href":"https:\/\/netbakis.net\/tr\/wp-json\/wp\/v2\/tags?post=35234"}],"curies":[{"name":"wp","href":"https:\/\/api.w.org\/{rel}","templated":true}]}}