{"id":33069,"date":"2025-11-05T05:12:07","date_gmt":"2025-11-05T05:12:07","guid":{"rendered":"https:\/\/netbakis.net\/?p=33069"},"modified":"2025-11-05T05:12:08","modified_gmt":"2025-11-05T05:12:08","slug":"fransada-tiktoka-resit-olmayanlari-intihara-surukledigi-suphesiyle-on-sorusturma","status":"publish","type":"post","link":"https:\/\/netbakis.net\/tr\/33069\/","title":{"rendered":"Fransa&#8217;da TikTok&#8217;a &#8220;re\u015fit olmayanlar\u0131 intihara s\u00fcr\u00fckledi\u011fi&#8221; \u015f\u00fcphesiyle \u00f6n soru\u015fturma"},"content":{"rendered":"<p>Fransa\u2019da algoritmas\u0131n\u0131n re\u015fit olmayanlar\u0131 intihara s\u00fcr\u00fckledi\u011fi \u015f\u00fcphesiyle sosyal medya platformu TikTok\u2019a kar\u015f\u0131 \u00f6n soru\u015fturma a\u00e7\u0131ld\u0131.<br>Ulusal bas\u0131ndaki haberlere g\u00f6re, Paris Savc\u0131l\u0131\u011f\u0131, Parlamentodaki TikTok Soru\u015fturma Komisyonuna ba\u015fkanl\u0131k eden Sosyalist Parti (PS) milletvekili Arthur Delaporte&#8217;un uyar\u0131s\u0131 \u00fczerine harekete ge\u00e7ti.<\/p>\n\n\n\n<p>TikTok\u2019un, \u00e7ocuklar ve gen\u00e7ler \u00fczerindeki olas\u0131 olumsuz etkisine odaklanan Paris Savc\u0131l\u0131\u011f\u0131, &#8220;algoritmas\u0131n\u0131n re\u015fit olmayanlar\u0131 intihara s\u00fcr\u00fckledi\u011fi&#8221; \u015f\u00fcphesiyle sosyal medya platformu hakk\u0131nda \u00f6n soru\u015fturma a\u00e7t\u0131\u011f\u0131n\u0131 duyurdu.<\/p>\n\n\n\n<p>Milletvekili Delaporte, sosyal medya platformlar\u0131n\u0131n 15 ya\u015f alt\u0131 gen\u00e7lere yasaklanmas\u0131 gerekti\u011fini belirterek, TikTok&#8217;un gen\u00e7ler \u00fczerindeki psikolojik etkileri konusunda uyarm\u0131\u015ft\u0131.<\/p>","protected":false},"excerpt":{"rendered":"<p>Fransa\u2019da algoritmas\u0131n\u0131n re\u015fit olmayanlar\u0131 intihara s\u00fcr\u00fckledi\u011fi \u015f\u00fcphesiyle sosyal medya platformu TikTok\u2019a kar\u015f\u0131 \u00f6n soru\u015fturma a\u00e7\u0131ld\u0131.Ulusal bas\u0131ndaki haberlere g\u00f6re, Paris Savc\u0131l\u0131\u011f\u0131, Parlamentodaki TikTok Soru\u015fturma Komisyonuna ba\u015fkanl\u0131k eden Sosyalist Parti (PS) milletvekili Arthur Delaporte&#8217;un uyar\u0131s\u0131 \u00fczerine harekete ge\u00e7ti. TikTok\u2019un, \u00e7ocuklar ve gen\u00e7ler \u00fczerindeki olas\u0131 olumsuz etkisine odaklanan Paris Savc\u0131l\u0131\u011f\u0131, &#8220;algoritmas\u0131n\u0131n re\u015fit olmayanlar\u0131 intihara s\u00fcr\u00fckledi\u011fi&#8221; \u015f\u00fcphesiyle sosyal medya [&hellip;]<\/p>","protected":false},"author":1,"featured_media":12352,"comment_status":"open","ping_status":"open","sticky":false,"template":"","format":"standard","meta":{"om_disable_all_campaigns":false,"_monsterinsights_skip_tracking":false,"_monsterinsights_sitenote_active":false,"_monsterinsights_sitenote_note":"","_monsterinsights_sitenote_category":0,"_uf_show_specific_survey":0,"_uf_disable_surveys":false,"footnotes":"","jetpack_publicize_message":"","jetpack_publicize_feature_enabled":true,"jetpack_social_post_already_shared":false,"jetpack_social_options":{"image_generator_settings":{"template":"highway","default_image_id":0,"font":"","enabled":false},"version":2}},"categories":[85],"tags":[],"class_list":{"0":"post-33069","1":"post","2":"type-post","3":"status-publish","4":"format-standard","5":"has-post-thumbnail","7":"category-dunya"},"yoast_head":"<!-- This site is optimized with the Yoast SEO plugin v23.8 - https:\/\/yoast.com\/wordpress\/plugins\/seo\/ -->\n<title>Fransa&#039;da TikTok&#039;a &quot;re\u015fit olmayanlar\u0131 intihara s\u00fcr\u00fckledi\u011fi&quot; \u015f\u00fcphesiyle \u00f6n soru\u015fturma - NETBAKIS<\/title>\n<meta name=\"robots\" content=\"index, follow, max-snippet:-1, max-image-preview:large, max-video-preview:-1\" \/>\n<link rel=\"canonical\" href=\"https:\/\/netbakis.net\/tr\/33069\/\" \/>\n<meta property=\"og:locale\" content=\"tr_TR\" \/>\n<meta property=\"og:type\" content=\"article\" \/>\n<meta property=\"og:title\" content=\"Fransa&#039;da TikTok&#039;a &quot;re\u015fit olmayanlar\u0131 intihara s\u00fcr\u00fckledi\u011fi&quot; \u015f\u00fcphesiyle \u00f6n soru\u015fturma - NETBAKIS\" \/>\n<meta property=\"og:description\" content=\"Fransa\u2019da algoritmas\u0131n\u0131n re\u015fit olmayanlar\u0131 intihara s\u00fcr\u00fckledi\u011fi \u015f\u00fcphesiyle sosyal medya platformu TikTok\u2019a kar\u015f\u0131 \u00f6n soru\u015fturma a\u00e7\u0131ld\u0131.Ulusal bas\u0131ndaki haberlere g\u00f6re, Paris Savc\u0131l\u0131\u011f\u0131, Parlamentodaki TikTok Soru\u015fturma Komisyonuna ba\u015fkanl\u0131k eden Sosyalist Parti (PS) milletvekili Arthur Delaporte&#8217;un uyar\u0131s\u0131 \u00fczerine harekete ge\u00e7ti. TikTok\u2019un, \u00e7ocuklar ve gen\u00e7ler \u00fczerindeki olas\u0131 olumsuz etkisine odaklanan Paris Savc\u0131l\u0131\u011f\u0131, &#8220;algoritmas\u0131n\u0131n re\u015fit olmayanlar\u0131 intihara s\u00fcr\u00fckledi\u011fi&#8221; \u015f\u00fcphesiyle sosyal medya [&hellip;]\" \/>\n<meta property=\"og:url\" content=\"https:\/\/netbakis.net\/tr\/33069\/\" \/>\n<meta property=\"og:site_name\" content=\"NETBAKIS\" \/>\n<meta property=\"article:published_time\" content=\"2025-11-05T05:12:07+00:00\" \/>\n<meta property=\"article:modified_time\" content=\"2025-11-05T05:12:08+00:00\" \/>\n<meta property=\"og:image\" content=\"https:\/\/netbakis.net\/wp-content\/uploads\/2023\/02\/tiktok-news-627a589cc98ff-sej-760x400-1.webp\" \/>\n\t<meta property=\"og:image:width\" content=\"760\" \/>\n\t<meta property=\"og:image:height\" content=\"400\" \/>\n\t<meta property=\"og:image:type\" content=\"image\/webp\" \/>\n<meta name=\"author\" content=\"netbakis.net\" \/>\n<meta name=\"twitter:card\" content=\"summary_large_image\" \/>\n<meta name=\"twitter:label1\" content=\"Yazan:\" \/>\n\t<meta name=\"twitter:data1\" content=\"netbakis.net\" \/>\n\t<meta name=\"twitter:label2\" content=\"Tahmini okuma s\u00fcresi\" \/>\n\t<meta name=\"twitter:data2\" content=\"1 dakika\" \/>\n<script type=\"application\/ld+json\" class=\"yoast-schema-graph\">{\"@context\":\"https:\/\/schema.org\",\"@graph\":[{\"@type\":\"WebPage\",\"@id\":\"https:\/\/netbakis.net\/33069\/\",\"url\":\"https:\/\/netbakis.net\/33069\/\",\"name\":\"Fransa'da TikTok'a \\\"re\u015fit olmayanlar\u0131 intihara s\u00fcr\u00fckledi\u011fi\\\" \u015f\u00fcphesiyle \u00f6n soru\u015fturma - NETBAKIS\",\"isPartOf\":{\"@id\":\"https:\/\/netbakis.net\/#website\"},\"primaryImageOfPage\":{\"@id\":\"https:\/\/netbakis.net\/33069\/#primaryimage\"},\"image\":{\"@id\":\"https:\/\/netbakis.net\/33069\/#primaryimage\"},\"thumbnailUrl\":\"https:\/\/netbakis.net\/wp-content\/uploads\/2023\/02\/tiktok-news-627a589cc98ff-sej-760x400-1.webp\",\"datePublished\":\"2025-11-05T05:12:07+00:00\",\"dateModified\":\"2025-11-05T05:12:08+00:00\",\"author\":{\"@id\":\"https:\/\/netbakis.net\/#\/schema\/person\/5d9b5c3f48ca4a3c69967d619fc8c7f4\"},\"breadcrumb\":{\"@id\":\"https:\/\/netbakis.net\/33069\/#breadcrumb\"},\"inLanguage\":\"tr\",\"potentialAction\":[{\"@type\":\"ReadAction\",\"target\":[\"https:\/\/netbakis.net\/33069\/\"]}]},{\"@type\":\"ImageObject\",\"inLanguage\":\"tr\",\"@id\":\"https:\/\/netbakis.net\/33069\/#primaryimage\",\"url\":\"https:\/\/netbakis.net\/wp-content\/uploads\/2023\/02\/tiktok-news-627a589cc98ff-sej-760x400-1.webp\",\"contentUrl\":\"https:\/\/netbakis.net\/wp-content\/uploads\/2023\/02\/tiktok-news-627a589cc98ff-sej-760x400-1.webp\",\"width\":760,\"height\":400,\"caption\":\"TikTok\"},{\"@type\":\"BreadcrumbList\",\"@id\":\"https:\/\/netbakis.net\/33069\/#breadcrumb\",\"itemListElement\":[{\"@type\":\"ListItem\",\"position\":1,\"name\":\"Home\",\"item\":\"https:\/\/netbakis.net\/\"},{\"@type\":\"ListItem\",\"position\":2,\"name\":\"Fransa&#8217;da TikTok&#8217;a &#8220;re\u015fit olmayanlar\u0131 intihara s\u00fcr\u00fckledi\u011fi&#8221; \u015f\u00fcphesiyle \u00f6n soru\u015fturma\"}]},{\"@type\":\"WebSite\",\"@id\":\"https:\/\/netbakis.net\/#website\",\"url\":\"https:\/\/netbakis.net\/\",\"name\":\"NETBAKIS\",\"description\":\"SON DAKIKA\",\"potentialAction\":[{\"@type\":\"SearchAction\",\"target\":{\"@type\":\"EntryPoint\",\"urlTemplate\":\"https:\/\/netbakis.net\/?s={search_term_string}\"},\"query-input\":{\"@type\":\"PropertyValueSpecification\",\"valueRequired\":true,\"valueName\":\"search_term_string\"}}],\"inLanguage\":\"tr\"},{\"@type\":\"Person\",\"@id\":\"https:\/\/netbakis.net\/#\/schema\/person\/5d9b5c3f48ca4a3c69967d619fc8c7f4\",\"name\":\"netbakis.net\",\"image\":{\"@type\":\"ImageObject\",\"inLanguage\":\"tr\",\"@id\":\"https:\/\/netbakis.net\/#\/schema\/person\/image\/\",\"url\":\"https:\/\/secure.gravatar.com\/avatar\/4ddeae49d2d3e3568a8d5b0937642efdf0b72468dbe3f213bc1978faa47af0d1?s=96&d=wp_user_avatar&r=g\",\"contentUrl\":\"https:\/\/secure.gravatar.com\/avatar\/4ddeae49d2d3e3568a8d5b0937642efdf0b72468dbe3f213bc1978faa47af0d1?s=96&d=wp_user_avatar&r=g\",\"caption\":\"netbakis.net\"},\"sameAs\":[\"https:\/\/netbakis.net\"],\"url\":\"https:\/\/netbakis.net\/tr\/author\/netbakis-net\/\"}]}<\/script>\n<!-- \/ Yoast SEO plugin. -->","yoast_head_json":{"title":"Fransa'da TikTok'a \"re\u015fit olmayanlar\u0131 intihara s\u00fcr\u00fckledi\u011fi\" \u015f\u00fcphesiyle \u00f6n soru\u015fturma - NETBAKIS","robots":{"index":"index","follow":"follow","max-snippet":"max-snippet:-1","max-image-preview":"max-image-preview:large","max-video-preview":"max-video-preview:-1"},"canonical":"https:\/\/netbakis.net\/tr\/33069\/","og_locale":"tr_TR","og_type":"article","og_title":"Fransa'da TikTok'a \"re\u015fit olmayanlar\u0131 intihara s\u00fcr\u00fckledi\u011fi\" \u015f\u00fcphesiyle \u00f6n soru\u015fturma - NETBAKIS","og_description":"Fransa\u2019da algoritmas\u0131n\u0131n re\u015fit olmayanlar\u0131 intihara s\u00fcr\u00fckledi\u011fi \u015f\u00fcphesiyle sosyal medya platformu TikTok\u2019a kar\u015f\u0131 \u00f6n soru\u015fturma a\u00e7\u0131ld\u0131.Ulusal bas\u0131ndaki haberlere g\u00f6re, Paris Savc\u0131l\u0131\u011f\u0131, Parlamentodaki TikTok Soru\u015fturma Komisyonuna ba\u015fkanl\u0131k eden Sosyalist Parti (PS) milletvekili Arthur Delaporte&#8217;un uyar\u0131s\u0131 \u00fczerine harekete ge\u00e7ti. TikTok\u2019un, \u00e7ocuklar ve gen\u00e7ler \u00fczerindeki olas\u0131 olumsuz etkisine odaklanan Paris Savc\u0131l\u0131\u011f\u0131, &#8220;algoritmas\u0131n\u0131n re\u015fit olmayanlar\u0131 intihara s\u00fcr\u00fckledi\u011fi&#8221; \u015f\u00fcphesiyle sosyal medya [&hellip;]","og_url":"https:\/\/netbakis.net\/tr\/33069\/","og_site_name":"NETBAKIS","article_published_time":"2025-11-05T05:12:07+00:00","article_modified_time":"2025-11-05T05:12:08+00:00","og_image":[{"width":760,"height":400,"url":"https:\/\/netbakis.net\/wp-content\/uploads\/2023\/02\/tiktok-news-627a589cc98ff-sej-760x400-1.webp","type":"image\/webp"}],"author":"netbakis.net","twitter_card":"summary_large_image","twitter_misc":{"Yazan:":"netbakis.net","Tahmini okuma s\u00fcresi":"1 dakika"},"schema":{"@context":"https:\/\/schema.org","@graph":[{"@type":"WebPage","@id":"https:\/\/netbakis.net\/33069\/","url":"https:\/\/netbakis.net\/33069\/","name":"Fransa'da TikTok'a \"re\u015fit olmayanlar\u0131 intihara s\u00fcr\u00fckledi\u011fi\" \u015f\u00fcphesiyle \u00f6n soru\u015fturma - NETBAKIS","isPartOf":{"@id":"https:\/\/netbakis.net\/#website"},"primaryImageOfPage":{"@id":"https:\/\/netbakis.net\/33069\/#primaryimage"},"image":{"@id":"https:\/\/netbakis.net\/33069\/#primaryimage"},"thumbnailUrl":"https:\/\/netbakis.net\/wp-content\/uploads\/2023\/02\/tiktok-news-627a589cc98ff-sej-760x400-1.webp","datePublished":"2025-11-05T05:12:07+00:00","dateModified":"2025-11-05T05:12:08+00:00","author":{"@id":"https:\/\/netbakis.net\/#\/schema\/person\/5d9b5c3f48ca4a3c69967d619fc8c7f4"},"breadcrumb":{"@id":"https:\/\/netbakis.net\/33069\/#breadcrumb"},"inLanguage":"tr","potentialAction":[{"@type":"ReadAction","target":["https:\/\/netbakis.net\/33069\/"]}]},{"@type":"ImageObject","inLanguage":"tr","@id":"https:\/\/netbakis.net\/33069\/#primaryimage","url":"https:\/\/netbakis.net\/wp-content\/uploads\/2023\/02\/tiktok-news-627a589cc98ff-sej-760x400-1.webp","contentUrl":"https:\/\/netbakis.net\/wp-content\/uploads\/2023\/02\/tiktok-news-627a589cc98ff-sej-760x400-1.webp","width":760,"height":400,"caption":"TikTok"},{"@type":"BreadcrumbList","@id":"https:\/\/netbakis.net\/33069\/#breadcrumb","itemListElement":[{"@type":"ListItem","position":1,"name":"Home","item":"https:\/\/netbakis.net\/"},{"@type":"ListItem","position":2,"name":"Fransa&#8217;da TikTok&#8217;a &#8220;re\u015fit olmayanlar\u0131 intihara s\u00fcr\u00fckledi\u011fi&#8221; \u015f\u00fcphesiyle \u00f6n soru\u015fturma"}]},{"@type":"WebSite","@id":"https:\/\/netbakis.net\/#website","url":"https:\/\/netbakis.net\/","name":"NETBAKIS","description":"SON DAKIKA","potentialAction":[{"@type":"SearchAction","target":{"@type":"EntryPoint","urlTemplate":"https:\/\/netbakis.net\/?s={search_term_string}"},"query-input":{"@type":"PropertyValueSpecification","valueRequired":true,"valueName":"search_term_string"}}],"inLanguage":"tr"},{"@type":"Person","@id":"https:\/\/netbakis.net\/#\/schema\/person\/5d9b5c3f48ca4a3c69967d619fc8c7f4","name":"netbakis.net","image":{"@type":"ImageObject","inLanguage":"tr","@id":"https:\/\/netbakis.net\/#\/schema\/person\/image\/","url":"https:\/\/secure.gravatar.com\/avatar\/4ddeae49d2d3e3568a8d5b0937642efdf0b72468dbe3f213bc1978faa47af0d1?s=96&d=wp_user_avatar&r=g","contentUrl":"https:\/\/secure.gravatar.com\/avatar\/4ddeae49d2d3e3568a8d5b0937642efdf0b72468dbe3f213bc1978faa47af0d1?s=96&d=wp_user_avatar&r=g","caption":"netbakis.net"},"sameAs":["https:\/\/netbakis.net"],"url":"https:\/\/netbakis.net\/tr\/author\/netbakis-net\/"}]}},"jetpack_publicize_connections":[],"_links":{"self":[{"href":"https:\/\/netbakis.net\/tr\/wp-json\/wp\/v2\/posts\/33069","targetHints":{"allow":["GET"]}}],"collection":[{"href":"https:\/\/netbakis.net\/tr\/wp-json\/wp\/v2\/posts"}],"about":[{"href":"https:\/\/netbakis.net\/tr\/wp-json\/wp\/v2\/types\/post"}],"author":[{"embeddable":true,"href":"https:\/\/netbakis.net\/tr\/wp-json\/wp\/v2\/users\/1"}],"replies":[{"embeddable":true,"href":"https:\/\/netbakis.net\/tr\/wp-json\/wp\/v2\/comments?post=33069"}],"version-history":[{"count":1,"href":"https:\/\/netbakis.net\/tr\/wp-json\/wp\/v2\/posts\/33069\/revisions"}],"predecessor-version":[{"id":33070,"href":"https:\/\/netbakis.net\/tr\/wp-json\/wp\/v2\/posts\/33069\/revisions\/33070"}],"wp:featuredmedia":[{"embeddable":true,"href":"https:\/\/netbakis.net\/tr\/wp-json\/wp\/v2\/media\/12352"}],"wp:attachment":[{"href":"https:\/\/netbakis.net\/tr\/wp-json\/wp\/v2\/media?parent=33069"}],"wp:term":[{"taxonomy":"category","embeddable":true,"href":"https:\/\/netbakis.net\/tr\/wp-json\/wp\/v2\/categories?post=33069"},{"taxonomy":"post_tag","embeddable":true,"href":"https:\/\/netbakis.net\/tr\/wp-json\/wp\/v2\/tags?post=33069"}],"curies":[{"name":"wp","href":"https:\/\/api.w.org\/{rel}","templated":true}]}}