{"id":32461,"date":"2025-10-14T16:28:32","date_gmt":"2025-10-14T16:28:32","guid":{"rendered":"https:\/\/netbakis.net\/?p=32461"},"modified":"2025-10-14T16:28:32","modified_gmt":"2025-10-14T16:28:32","slug":"cevdet-yilmaz-yarim-asirdir-sonuc-vermeyen-federasyon-modeli-artik-tukenmistir","status":"publish","type":"post","link":"https:\/\/netbakis.net\/tr\/32461\/","title":{"rendered":"Cevdet Y\u0131lmaz: Yar\u0131m as\u0131rd\u0131r sonu\u00e7 vermeyen federasyon modeli art\u0131k t\u00fckenmi\u015ftir"},"content":{"rendered":"<p>T\u00fcrkiye Cumhuriyeti Cumhurba\u015fkan\u0131 Yard\u0131mc\u0131s\u0131 Cevdet Y\u0131lmaz, KKTC Cumhuriyet Meclisi\u2019nde \u201cK\u0131br\u0131s Sorununa \u0130ki Devletli \u00c7\u00f6z\u00fcm Konusunda Karar \u00d6nerisi\u201dnin oy \u00e7oklu\u011fuyla kabul edilmesini memnuniyetle kar\u015f\u0131lad\u0131klar\u0131n\u0131 belirterek, &#8220;Yar\u0131m as\u0131rd\u0131r sonu\u00e7 vermeyen federasyon modeli art\u0131k t\u00fckenmi\u015ftir&#8221; dedi.<br><br>T\u00fcrkiye Cumhuriyeti Cumhurba\u015fkan\u0131 Yard\u0131mc\u0131s\u0131 Cevdet Y\u0131lmaz, KKTC Cumhuriyet Meclisi\u2019nde \u201cK\u0131br\u0131s Sorununa \u0130ki Devletli \u00c7\u00f6z\u00fcm Konusunda Karar \u00d6nerisi\u201dnin oy \u00e7oklu\u011fuyla kabul edilmesine y\u00f6nelik sosyal medya hesab\u0131 \u00fczerinden bir a\u00e7\u0131klama yapt\u0131.<\/p>\n\n\n\n<p>Cevdet Y\u0131lmaz, \u201cK\u0131br\u0131s T\u00fcrk halk\u0131n\u0131n iradesini yans\u0131tan \u00f6nemli bir ad\u0131m bug\u00fcn KKTC Cumhuriyet Meclis\u2019inde at\u0131ld\u0131. K\u0131br\u0131s sorununa iki devletli \u00e7\u00f6z\u00fcm ilkesini esas alan karar \u00f6nerisinin oy \u00e7oklu\u011fuyla kabul edilmesini b\u00fcy\u00fck bir memnuniyetle kar\u015f\u0131l\u0131yoruz\u201d ifadelerini kulland\u0131.<\/p>\n\n\n\n<p><strong>\u201cFEDERASYON MODEL\u0130 ARTIK T\u00dcKENM\u0130\u015eT\u0130R\u201d<\/strong><\/p>\n\n\n\n<p>\u201cBu karar, K\u0131br\u0131s T\u00fcrk halk\u0131n\u0131n kendi egemenli\u011fini, kimli\u011fini ve gelece\u011fini koruma kararl\u0131l\u0131\u011f\u0131n\u0131n g\u00fc\u00e7l\u00fc bir tezah\u00fcr\u00fcd\u00fcr\u201d a\u00e7\u0131klamas\u0131n\u0131 yapan Y\u0131lmaz, \u015f\u00f6yle devam etti:<\/p>\n\n\n\n<p>\u201cYar\u0131m as\u0131rd\u0131r sonu\u00e7 vermeyen federasyon modeli art\u0131k t\u00fckenmi\u015ftir. Adada ger\u00e7ek\u00e7i, s\u00fcrd\u00fcr\u00fclebilir ve adil bir \u00e7\u00f6z\u00fcm ancak iki egemen, e\u015fit devlet temelinde m\u00fcmk\u00fcnd\u00fcr. Bu tarihi kararda iradesini iki devletli \u00e7\u00f6z\u00fcm y\u00f6n\u00fcnde ortaya koyan t\u00fcm milletvekillerimizi kutluyor; K\u0131br\u0131s T\u00fcrk halk\u0131n\u0131n gelece\u011fi, huzuru ve onuru ad\u0131na g\u00f6sterdikleri bu duru\u015f i\u00e7in te\u015fekk\u00fcr ediyoruz. T\u00fcrkiye olarak, K\u0131br\u0131s T\u00fcrk\u00fc\u2019n\u00fcn, kendi kararlar\u0131n\u0131 alma ve gelece\u011fini belirleme iradesine deste\u011fimiz s\u00fcrecektir.\u201d<\/p>\n\n\n\n<blockquote class=\"twitter-tweet\"><p lang=\"tr\" dir=\"ltr\">K\u0131br\u0131s T\u00fcrk halk\u0131n\u0131n iradesini yans\u0131tan \u00f6nemli bir ad\u0131m bug\u00fcn KKTC Cumhuriyet Meclis\u2019inde at\u0131ld\u0131.<br><br>K\u0131br\u0131s sorununa iki devletli \u00e7\u00f6z\u00fcm ilkesini esas alan karar \u00f6nerisinin oy \u00e7oklu\u011fuyla kabul edilmesini b\u00fcy\u00fck bir memnuniyetle kar\u015f\u0131l\u0131yoruz.<br><br>Bu karar, K\u0131br\u0131s T\u00fcrk halk\u0131n\u0131n kendi\u2026 <a href=\"https:\/\/t.co\/IgQxktD7mD\">pic.twitter.com\/IgQxktD7mD<\/a><\/p>&mdash; Cevdet Y\u0131lmaz (@_cevdetyilmaz) <a href=\"https:\/\/twitter.com\/_cevdetyilmaz\/status\/1978126787092594689?ref_src=twsrc%5Etfw\">October 14, 2025<\/a><\/blockquote> <script async src=\"https:\/\/platform.twitter.com\/widgets.js\" charset=\"utf-8\"><\/script>","protected":false},"excerpt":{"rendered":"<p>T\u00fcrkiye Cumhuriyeti Cumhurba\u015fkan\u0131 Yard\u0131mc\u0131s\u0131 Cevdet Y\u0131lmaz, KKTC Cumhuriyet Meclisi\u2019nde \u201cK\u0131br\u0131s Sorununa \u0130ki Devletli \u00c7\u00f6z\u00fcm Konusunda Karar \u00d6nerisi\u201dnin oy \u00e7oklu\u011fuyla kabul edilmesini memnuniyetle kar\u015f\u0131lad\u0131klar\u0131n\u0131 belirterek, &#8220;Yar\u0131m as\u0131rd\u0131r sonu\u00e7 vermeyen federasyon modeli art\u0131k t\u00fckenmi\u015ftir&#8221; dedi. T\u00fcrkiye Cumhuriyeti Cumhurba\u015fkan\u0131 Yard\u0131mc\u0131s\u0131 Cevdet Y\u0131lmaz, KKTC Cumhuriyet Meclisi\u2019nde \u201cK\u0131br\u0131s Sorununa \u0130ki Devletli \u00c7\u00f6z\u00fcm Konusunda Karar \u00d6nerisi\u201dnin oy \u00e7oklu\u011fuyla kabul edilmesine y\u00f6nelik [&hellip;]<\/p>","protected":false},"author":1,"featured_media":15518,"comment_status":"open","ping_status":"open","sticky":false,"template":"","format":"standard","meta":{"om_disable_all_campaigns":false,"_monsterinsights_skip_tracking":false,"_monsterinsights_sitenote_active":false,"_monsterinsights_sitenote_note":"","_monsterinsights_sitenote_category":0,"_uf_show_specific_survey":0,"_uf_disable_surveys":false,"footnotes":"","jetpack_publicize_message":"","jetpack_publicize_feature_enabled":true,"jetpack_social_post_already_shared":false,"jetpack_social_options":{"image_generator_settings":{"template":"highway","default_image_id":0,"font":"","enabled":false},"version":2}},"categories":[81],"tags":[],"class_list":{"0":"post-32461","1":"post","2":"type-post","3":"status-publish","4":"format-standard","5":"has-post-thumbnail","7":"category-gundem"},"yoast_head":"<!-- This site is optimized with the Yoast SEO plugin v23.8 - https:\/\/yoast.com\/wordpress\/plugins\/seo\/ -->\n<title>Cevdet Y\u0131lmaz: Yar\u0131m as\u0131rd\u0131r sonu\u00e7 vermeyen federasyon modeli art\u0131k t\u00fckenmi\u015ftir - NETBAKIS<\/title>\n<meta name=\"robots\" content=\"index, follow, max-snippet:-1, max-image-preview:large, max-video-preview:-1\" \/>\n<link rel=\"canonical\" href=\"https:\/\/netbakis.net\/tr\/32461\/\" \/>\n<meta property=\"og:locale\" content=\"tr_TR\" \/>\n<meta property=\"og:type\" content=\"article\" \/>\n<meta property=\"og:title\" content=\"Cevdet Y\u0131lmaz: Yar\u0131m as\u0131rd\u0131r sonu\u00e7 vermeyen federasyon modeli art\u0131k t\u00fckenmi\u015ftir - NETBAKIS\" \/>\n<meta property=\"og:description\" content=\"T\u00fcrkiye Cumhuriyeti Cumhurba\u015fkan\u0131 Yard\u0131mc\u0131s\u0131 Cevdet Y\u0131lmaz, KKTC Cumhuriyet Meclisi\u2019nde \u201cK\u0131br\u0131s Sorununa \u0130ki Devletli \u00c7\u00f6z\u00fcm Konusunda Karar \u00d6nerisi\u201dnin oy \u00e7oklu\u011fuyla kabul edilmesini memnuniyetle kar\u015f\u0131lad\u0131klar\u0131n\u0131 belirterek, &#8220;Yar\u0131m as\u0131rd\u0131r sonu\u00e7 vermeyen federasyon modeli art\u0131k t\u00fckenmi\u015ftir&#8221; dedi. T\u00fcrkiye Cumhuriyeti Cumhurba\u015fkan\u0131 Yard\u0131mc\u0131s\u0131 Cevdet Y\u0131lmaz, KKTC Cumhuriyet Meclisi\u2019nde \u201cK\u0131br\u0131s Sorununa \u0130ki Devletli \u00c7\u00f6z\u00fcm Konusunda Karar \u00d6nerisi\u201dnin oy \u00e7oklu\u011fuyla kabul edilmesine y\u00f6nelik [&hellip;]\" \/>\n<meta property=\"og:url\" content=\"https:\/\/netbakis.net\/tr\/32461\/\" \/>\n<meta property=\"og:site_name\" content=\"NETBAKIS\" \/>\n<meta property=\"article:published_time\" content=\"2025-10-14T16:28:32+00:00\" \/>\n<meta property=\"og:image\" content=\"https:\/\/netbakis.net\/wp-content\/uploads\/2023\/08\/33-90.webp\" \/>\n\t<meta property=\"og:image:width\" content=\"1280\" \/>\n\t<meta property=\"og:image:height\" content=\"720\" \/>\n\t<meta property=\"og:image:type\" content=\"image\/webp\" \/>\n<meta name=\"author\" content=\"netbakis.net\" \/>\n<meta name=\"twitter:card\" content=\"summary_large_image\" \/>\n<meta name=\"twitter:label1\" content=\"Yazan:\" \/>\n\t<meta name=\"twitter:data1\" content=\"netbakis.net\" \/>\n\t<meta name=\"twitter:label2\" content=\"Tahmini okuma s\u00fcresi\" \/>\n\t<meta name=\"twitter:data2\" content=\"2 dakika\" \/>\n<script type=\"application\/ld+json\" class=\"yoast-schema-graph\">{\"@context\":\"https:\/\/schema.org\",\"@graph\":[{\"@type\":\"WebPage\",\"@id\":\"https:\/\/netbakis.net\/32461\/\",\"url\":\"https:\/\/netbakis.net\/32461\/\",\"name\":\"Cevdet Y\u0131lmaz: Yar\u0131m as\u0131rd\u0131r sonu\u00e7 vermeyen federasyon modeli art\u0131k t\u00fckenmi\u015ftir - NETBAKIS\",\"isPartOf\":{\"@id\":\"https:\/\/netbakis.net\/#website\"},\"primaryImageOfPage\":{\"@id\":\"https:\/\/netbakis.net\/32461\/#primaryimage\"},\"image\":{\"@id\":\"https:\/\/netbakis.net\/32461\/#primaryimage\"},\"thumbnailUrl\":\"https:\/\/netbakis.net\/wp-content\/uploads\/2023\/08\/33-90.webp\",\"datePublished\":\"2025-10-14T16:28:32+00:00\",\"dateModified\":\"2025-10-14T16:28:32+00:00\",\"author\":{\"@id\":\"https:\/\/netbakis.net\/#\/schema\/person\/5d9b5c3f48ca4a3c69967d619fc8c7f4\"},\"breadcrumb\":{\"@id\":\"https:\/\/netbakis.net\/32461\/#breadcrumb\"},\"inLanguage\":\"tr\",\"potentialAction\":[{\"@type\":\"ReadAction\",\"target\":[\"https:\/\/netbakis.net\/32461\/\"]}]},{\"@type\":\"ImageObject\",\"inLanguage\":\"tr\",\"@id\":\"https:\/\/netbakis.net\/32461\/#primaryimage\",\"url\":\"https:\/\/netbakis.net\/wp-content\/uploads\/2023\/08\/33-90.webp\",\"contentUrl\":\"https:\/\/netbakis.net\/wp-content\/uploads\/2023\/08\/33-90.webp\",\"width\":1280,\"height\":720,\"caption\":\"T\u00fcrkiye Cumhurba\u015fkan\u0131 Yard\u0131mc\u0131s\u0131 Cevdet Y\u0131lmaz\"},{\"@type\":\"BreadcrumbList\",\"@id\":\"https:\/\/netbakis.net\/32461\/#breadcrumb\",\"itemListElement\":[{\"@type\":\"ListItem\",\"position\":1,\"name\":\"Home\",\"item\":\"https:\/\/netbakis.net\/\"},{\"@type\":\"ListItem\",\"position\":2,\"name\":\"Cevdet Y\u0131lmaz: Yar\u0131m as\u0131rd\u0131r sonu\u00e7 vermeyen federasyon modeli art\u0131k t\u00fckenmi\u015ftir\"}]},{\"@type\":\"WebSite\",\"@id\":\"https:\/\/netbakis.net\/#website\",\"url\":\"https:\/\/netbakis.net\/\",\"name\":\"NETBAKIS\",\"description\":\"SON DAKIKA\",\"potentialAction\":[{\"@type\":\"SearchAction\",\"target\":{\"@type\":\"EntryPoint\",\"urlTemplate\":\"https:\/\/netbakis.net\/?s={search_term_string}\"},\"query-input\":{\"@type\":\"PropertyValueSpecification\",\"valueRequired\":true,\"valueName\":\"search_term_string\"}}],\"inLanguage\":\"tr\"},{\"@type\":\"Person\",\"@id\":\"https:\/\/netbakis.net\/#\/schema\/person\/5d9b5c3f48ca4a3c69967d619fc8c7f4\",\"name\":\"netbakis.net\",\"image\":{\"@type\":\"ImageObject\",\"inLanguage\":\"tr\",\"@id\":\"https:\/\/netbakis.net\/#\/schema\/person\/image\/\",\"url\":\"https:\/\/secure.gravatar.com\/avatar\/4ddeae49d2d3e3568a8d5b0937642efdf0b72468dbe3f213bc1978faa47af0d1?s=96&d=wp_user_avatar&r=g\",\"contentUrl\":\"https:\/\/secure.gravatar.com\/avatar\/4ddeae49d2d3e3568a8d5b0937642efdf0b72468dbe3f213bc1978faa47af0d1?s=96&d=wp_user_avatar&r=g\",\"caption\":\"netbakis.net\"},\"sameAs\":[\"https:\/\/netbakis.net\"],\"url\":\"https:\/\/netbakis.net\/tr\/author\/netbakis-net\/\"}]}<\/script>\n<!-- \/ Yoast SEO plugin. -->","yoast_head_json":{"title":"Cevdet Y\u0131lmaz: Yar\u0131m as\u0131rd\u0131r sonu\u00e7 vermeyen federasyon modeli art\u0131k t\u00fckenmi\u015ftir - NETBAKIS","robots":{"index":"index","follow":"follow","max-snippet":"max-snippet:-1","max-image-preview":"max-image-preview:large","max-video-preview":"max-video-preview:-1"},"canonical":"https:\/\/netbakis.net\/tr\/32461\/","og_locale":"tr_TR","og_type":"article","og_title":"Cevdet Y\u0131lmaz: Yar\u0131m as\u0131rd\u0131r sonu\u00e7 vermeyen federasyon modeli art\u0131k t\u00fckenmi\u015ftir - NETBAKIS","og_description":"T\u00fcrkiye Cumhuriyeti Cumhurba\u015fkan\u0131 Yard\u0131mc\u0131s\u0131 Cevdet Y\u0131lmaz, KKTC Cumhuriyet Meclisi\u2019nde \u201cK\u0131br\u0131s Sorununa \u0130ki Devletli \u00c7\u00f6z\u00fcm Konusunda Karar \u00d6nerisi\u201dnin oy \u00e7oklu\u011fuyla kabul edilmesini memnuniyetle kar\u015f\u0131lad\u0131klar\u0131n\u0131 belirterek, &#8220;Yar\u0131m as\u0131rd\u0131r sonu\u00e7 vermeyen federasyon modeli art\u0131k t\u00fckenmi\u015ftir&#8221; dedi. T\u00fcrkiye Cumhuriyeti Cumhurba\u015fkan\u0131 Yard\u0131mc\u0131s\u0131 Cevdet Y\u0131lmaz, KKTC Cumhuriyet Meclisi\u2019nde \u201cK\u0131br\u0131s Sorununa \u0130ki Devletli \u00c7\u00f6z\u00fcm Konusunda Karar \u00d6nerisi\u201dnin oy \u00e7oklu\u011fuyla kabul edilmesine y\u00f6nelik [&hellip;]","og_url":"https:\/\/netbakis.net\/tr\/32461\/","og_site_name":"NETBAKIS","article_published_time":"2025-10-14T16:28:32+00:00","og_image":[{"width":1280,"height":720,"url":"https:\/\/netbakis.net\/wp-content\/uploads\/2023\/08\/33-90.webp","type":"image\/webp"}],"author":"netbakis.net","twitter_card":"summary_large_image","twitter_misc":{"Yazan:":"netbakis.net","Tahmini okuma s\u00fcresi":"2 dakika"},"schema":{"@context":"https:\/\/schema.org","@graph":[{"@type":"WebPage","@id":"https:\/\/netbakis.net\/32461\/","url":"https:\/\/netbakis.net\/32461\/","name":"Cevdet Y\u0131lmaz: Yar\u0131m as\u0131rd\u0131r sonu\u00e7 vermeyen federasyon modeli art\u0131k t\u00fckenmi\u015ftir - NETBAKIS","isPartOf":{"@id":"https:\/\/netbakis.net\/#website"},"primaryImageOfPage":{"@id":"https:\/\/netbakis.net\/32461\/#primaryimage"},"image":{"@id":"https:\/\/netbakis.net\/32461\/#primaryimage"},"thumbnailUrl":"https:\/\/netbakis.net\/wp-content\/uploads\/2023\/08\/33-90.webp","datePublished":"2025-10-14T16:28:32+00:00","dateModified":"2025-10-14T16:28:32+00:00","author":{"@id":"https:\/\/netbakis.net\/#\/schema\/person\/5d9b5c3f48ca4a3c69967d619fc8c7f4"},"breadcrumb":{"@id":"https:\/\/netbakis.net\/32461\/#breadcrumb"},"inLanguage":"tr","potentialAction":[{"@type":"ReadAction","target":["https:\/\/netbakis.net\/32461\/"]}]},{"@type":"ImageObject","inLanguage":"tr","@id":"https:\/\/netbakis.net\/32461\/#primaryimage","url":"https:\/\/netbakis.net\/wp-content\/uploads\/2023\/08\/33-90.webp","contentUrl":"https:\/\/netbakis.net\/wp-content\/uploads\/2023\/08\/33-90.webp","width":1280,"height":720,"caption":"T\u00fcrkiye Cumhurba\u015fkan\u0131 Yard\u0131mc\u0131s\u0131 Cevdet Y\u0131lmaz"},{"@type":"BreadcrumbList","@id":"https:\/\/netbakis.net\/32461\/#breadcrumb","itemListElement":[{"@type":"ListItem","position":1,"name":"Home","item":"https:\/\/netbakis.net\/"},{"@type":"ListItem","position":2,"name":"Cevdet Y\u0131lmaz: Yar\u0131m as\u0131rd\u0131r sonu\u00e7 vermeyen federasyon modeli art\u0131k t\u00fckenmi\u015ftir"}]},{"@type":"WebSite","@id":"https:\/\/netbakis.net\/#website","url":"https:\/\/netbakis.net\/","name":"NETBAKIS","description":"SON DAKIKA","potentialAction":[{"@type":"SearchAction","target":{"@type":"EntryPoint","urlTemplate":"https:\/\/netbakis.net\/?s={search_term_string}"},"query-input":{"@type":"PropertyValueSpecification","valueRequired":true,"valueName":"search_term_string"}}],"inLanguage":"tr"},{"@type":"Person","@id":"https:\/\/netbakis.net\/#\/schema\/person\/5d9b5c3f48ca4a3c69967d619fc8c7f4","name":"netbakis.net","image":{"@type":"ImageObject","inLanguage":"tr","@id":"https:\/\/netbakis.net\/#\/schema\/person\/image\/","url":"https:\/\/secure.gravatar.com\/avatar\/4ddeae49d2d3e3568a8d5b0937642efdf0b72468dbe3f213bc1978faa47af0d1?s=96&d=wp_user_avatar&r=g","contentUrl":"https:\/\/secure.gravatar.com\/avatar\/4ddeae49d2d3e3568a8d5b0937642efdf0b72468dbe3f213bc1978faa47af0d1?s=96&d=wp_user_avatar&r=g","caption":"netbakis.net"},"sameAs":["https:\/\/netbakis.net"],"url":"https:\/\/netbakis.net\/tr\/author\/netbakis-net\/"}]}},"jetpack_publicize_connections":[],"_links":{"self":[{"href":"https:\/\/netbakis.net\/tr\/wp-json\/wp\/v2\/posts\/32461","targetHints":{"allow":["GET"]}}],"collection":[{"href":"https:\/\/netbakis.net\/tr\/wp-json\/wp\/v2\/posts"}],"about":[{"href":"https:\/\/netbakis.net\/tr\/wp-json\/wp\/v2\/types\/post"}],"author":[{"embeddable":true,"href":"https:\/\/netbakis.net\/tr\/wp-json\/wp\/v2\/users\/1"}],"replies":[{"embeddable":true,"href":"https:\/\/netbakis.net\/tr\/wp-json\/wp\/v2\/comments?post=32461"}],"version-history":[{"count":1,"href":"https:\/\/netbakis.net\/tr\/wp-json\/wp\/v2\/posts\/32461\/revisions"}],"predecessor-version":[{"id":32462,"href":"https:\/\/netbakis.net\/tr\/wp-json\/wp\/v2\/posts\/32461\/revisions\/32462"}],"wp:featuredmedia":[{"embeddable":true,"href":"https:\/\/netbakis.net\/tr\/wp-json\/wp\/v2\/media\/15518"}],"wp:attachment":[{"href":"https:\/\/netbakis.net\/tr\/wp-json\/wp\/v2\/media?parent=32461"}],"wp:term":[{"taxonomy":"category","embeddable":true,"href":"https:\/\/netbakis.net\/tr\/wp-json\/wp\/v2\/categories?post=32461"},{"taxonomy":"post_tag","embeddable":true,"href":"https:\/\/netbakis.net\/tr\/wp-json\/wp\/v2\/tags?post=32461"}],"curies":[{"name":"wp","href":"https:\/\/api.w.org\/{rel}","templated":true}]}}