{"id":32447,"date":"2025-10-14T04:16:58","date_gmt":"2025-10-14T04:16:58","guid":{"rendered":"https:\/\/netbakis.net\/?p=32447"},"modified":"2025-10-14T04:16:59","modified_gmt":"2025-10-14T04:16:59","slug":"gazze-seridinde-hayatini-kaybeden-gazetecilerin-sayisi-ekim-2023ten-bu-yana-255e-cikti","status":"publish","type":"post","link":"https:\/\/netbakis.net\/tr\/32447\/","title":{"rendered":"Gazze \u015eeridi&#8217;nde hayat\u0131n\u0131 kaybeden gazetecilerin say\u0131s\u0131 Ekim 2023&#8217;ten bu yana 255&#8217;e \u00e7\u0131kt\u0131"},"content":{"rendered":"<p>Filistinli gazetecinin \u0130srail destekli \u00e7etelerce \u00f6ld\u00fcr\u00fclmesinin ard\u0131ndan Gazze&#8217;de hayat\u0131n\u0131 kaybeden gazetecilerin say\u0131s\u0131 255&#8217;e y\u00fckseldi.<br>Gazze&#8217;deki h\u00fck\u00fcmetin Medya Ofisinden yap\u0131lan a\u00e7\u0131klamada, Gazze&#8217;de \u00f6ld\u00fcr\u00fclen gazetecilere ili\u015fkin bilgi verildi.<\/p>\n\n\n\n<p>Filistinli gazeteci Salih el-Caferavi&#8217;nin d\u00fcn \u0130srail&#8217;in Gazze \u015eeridi&#8217;ni i\u015fgal etti\u011fi d\u00f6nemde silahland\u0131rd\u0131\u011f\u0131 \u00e7etelerce \u00f6ld\u00fcr\u00fcld\u00fc\u011f\u00fc hat\u0131rlat\u0131ld\u0131.<\/p>\n\n\n\n<p>Caferavi&#8217;nin hayat\u0131n\u0131 kaybetmesiyle \u0130srail&#8217;in Ekim 2023&#8217;ten bu yana soyk\u0131r\u0131m yapt\u0131\u011f\u0131 Gazze \u015eeridi&#8217;nde ya\u015fam\u0131n\u0131 yitiren gazetecilerin say\u0131s\u0131n\u0131n 255&#8217;e y\u00fckseldi\u011fi aktar\u0131ld\u0131.<\/p>\n\n\n\n<p>Filistinli gazetecilerin hedef al\u0131nmas\u0131, \u00f6ld\u00fcr\u00fclmesi ve suikaste u\u011framas\u0131 \u015fiddetle k\u0131nanan a\u00e7\u0131klamada, uluslararas\u0131 bas\u0131n kurulu\u015flar\u0131na Gazze&#8217;deki Filistinli gazetecilere y\u00f6nelik i\u015flenen sistematik su\u00e7lar\u0131 k\u0131nama \u00e7a\u011fr\u0131s\u0131 yap\u0131ld\u0131.<\/p>\n\n\n\n<p>Gazze&#8217;de i\u015flenen su\u00e7lardan \u0130srail&#8217;in ve silahland\u0131rd\u0131\u011f\u0131 \u00e7etelerin yan\u0131 s\u0131ra ABD y\u00f6netimi ve baz\u0131 Avrupa \u00fclkeleri sorumlu tutuldu.<\/p>\n\n\n\n<p>Uluslararas\u0131 toplum ve kurulu\u015flara seslenilen a\u00e7\u0131klamada, \u0130srail&#8217;in ve destekledi\u011fi \u00e7etelerin i\u015fledi\u011fi su\u00e7lar\u0131n\u0131 k\u0131nama ve sorumlular\u0131n uluslararas\u0131 mahkemelerde yarg\u0131lanmas\u0131 \u00e7a\u011fr\u0131s\u0131 yap\u0131ld\u0131.<\/p>\n\n\n\n<p>Gazze \u015eeridi&#8217;ndeki gazetecilerin ve medya \u00e7al\u0131\u015fanlar\u0131na koruma sa\u011flanmas\u0131, onlar\u0131n hedef almas\u0131n\u0131n durdurulmas\u0131 talep edildi.<\/p>\n\n\n\n<p>Sosyal medyada tan\u0131nan Filistinli gazeteci, d\u00fcn, \u0130srail&#8217;in destekledi\u011fi \u00e7eteler taraf\u0131ndan \u00f6ld\u00fcr\u00fclm\u00fc\u015ft\u00fc.<\/p>\n\n\n\n<p>ABD merkezli Instagram sosyal medya hesab\u0131ndaki 330 binden fazla takip\u00e7iye, \u0130srail&#8217;in Gazze&#8217;de i\u015fledi\u011fi soyk\u0131r\u0131m s\u0131ras\u0131nda Filistinlilerin ya\u015fad\u0131\u011f\u0131 s\u0131k\u0131nt\u0131lar\u0131 aktaran Caferavi, \u00f6zellikle Arap d\u00fcnyas\u0131nda tan\u0131n\u0131r hale gelmi\u015fti.<\/p>\n\n\n\n<p>\u0130srail ordusu ise Caferavi&#8217;nin payla\u015f\u0131mlar\u0131na ili\u015fkin kar\u015f\u0131 a\u00e7\u0131klamalar yaparak kendisini hedef g\u00f6stermi\u015fti.<\/p>","protected":false},"excerpt":{"rendered":"<p>Filistinli gazetecinin \u0130srail destekli \u00e7etelerce \u00f6ld\u00fcr\u00fclmesinin ard\u0131ndan Gazze&#8217;de hayat\u0131n\u0131 kaybeden gazetecilerin say\u0131s\u0131 255&#8217;e y\u00fckseldi.Gazze&#8217;deki h\u00fck\u00fcmetin Medya Ofisinden yap\u0131lan a\u00e7\u0131klamada, Gazze&#8217;de \u00f6ld\u00fcr\u00fclen gazetecilere ili\u015fkin bilgi verildi. Filistinli gazeteci Salih el-Caferavi&#8217;nin d\u00fcn \u0130srail&#8217;in Gazze \u015eeridi&#8217;ni i\u015fgal etti\u011fi d\u00f6nemde silahland\u0131rd\u0131\u011f\u0131 \u00e7etelerce \u00f6ld\u00fcr\u00fcld\u00fc\u011f\u00fc hat\u0131rlat\u0131ld\u0131. Caferavi&#8217;nin hayat\u0131n\u0131 kaybetmesiyle \u0130srail&#8217;in Ekim 2023&#8217;ten bu yana soyk\u0131r\u0131m yapt\u0131\u011f\u0131 Gazze \u015eeridi&#8217;nde ya\u015fam\u0131n\u0131 yitiren gazetecilerin [&hellip;]<\/p>","protected":false},"author":1,"featured_media":32448,"comment_status":"open","ping_status":"open","sticky":false,"template":"","format":"standard","meta":{"om_disable_all_campaigns":false,"_monsterinsights_skip_tracking":false,"_monsterinsights_sitenote_active":false,"_monsterinsights_sitenote_note":"","_monsterinsights_sitenote_category":0,"_uf_show_specific_survey":0,"_uf_disable_surveys":false,"footnotes":"","jetpack_publicize_message":"","jetpack_publicize_feature_enabled":true,"jetpack_social_post_already_shared":false,"jetpack_social_options":{"image_generator_settings":{"template":"highway","default_image_id":0,"font":"","enabled":false},"version":2}},"categories":[85],"tags":[],"class_list":{"0":"post-32447","1":"post","2":"type-post","3":"status-publish","4":"format-standard","5":"has-post-thumbnail","7":"category-dunya"},"yoast_head":"<!-- This site is optimized with the Yoast SEO plugin v23.8 - https:\/\/yoast.com\/wordpress\/plugins\/seo\/ -->\n<title>Gazze \u015eeridi&#039;nde hayat\u0131n\u0131 kaybeden gazetecilerin say\u0131s\u0131 Ekim 2023&#039;ten bu yana 255&#039;e \u00e7\u0131kt\u0131 - NETBAKIS<\/title>\n<meta name=\"robots\" content=\"index, follow, max-snippet:-1, max-image-preview:large, max-video-preview:-1\" \/>\n<link rel=\"canonical\" href=\"https:\/\/netbakis.net\/tr\/32447\/\" \/>\n<meta property=\"og:locale\" content=\"tr_TR\" \/>\n<meta property=\"og:type\" content=\"article\" \/>\n<meta property=\"og:title\" content=\"Gazze \u015eeridi&#039;nde hayat\u0131n\u0131 kaybeden gazetecilerin say\u0131s\u0131 Ekim 2023&#039;ten bu yana 255&#039;e \u00e7\u0131kt\u0131 - NETBAKIS\" \/>\n<meta property=\"og:description\" content=\"Filistinli gazetecinin \u0130srail destekli \u00e7etelerce \u00f6ld\u00fcr\u00fclmesinin ard\u0131ndan Gazze&#8217;de hayat\u0131n\u0131 kaybeden gazetecilerin say\u0131s\u0131 255&#8217;e y\u00fckseldi.Gazze&#8217;deki h\u00fck\u00fcmetin Medya Ofisinden yap\u0131lan a\u00e7\u0131klamada, Gazze&#8217;de \u00f6ld\u00fcr\u00fclen gazetecilere ili\u015fkin bilgi verildi. Filistinli gazeteci Salih el-Caferavi&#8217;nin d\u00fcn \u0130srail&#8217;in Gazze \u015eeridi&#8217;ni i\u015fgal etti\u011fi d\u00f6nemde silahland\u0131rd\u0131\u011f\u0131 \u00e7etelerce \u00f6ld\u00fcr\u00fcld\u00fc\u011f\u00fc hat\u0131rlat\u0131ld\u0131. Caferavi&#8217;nin hayat\u0131n\u0131 kaybetmesiyle \u0130srail&#8217;in Ekim 2023&#8217;ten bu yana soyk\u0131r\u0131m yapt\u0131\u011f\u0131 Gazze \u015eeridi&#8217;nde ya\u015fam\u0131n\u0131 yitiren gazetecilerin [&hellip;]\" \/>\n<meta property=\"og:url\" content=\"https:\/\/netbakis.net\/tr\/32447\/\" \/>\n<meta property=\"og:site_name\" content=\"NETBAKIS\" \/>\n<meta property=\"article:published_time\" content=\"2025-10-14T04:16:58+00:00\" \/>\n<meta property=\"article:modified_time\" content=\"2025-10-14T04:16:59+00:00\" \/>\n<meta property=\"og:image\" content=\"https:\/\/netbakis.net\/wp-content\/uploads\/2025\/10\/thumbs_b_c_d73da02f9bdb640f4ea83c4f537f1277.jpg\" \/>\n\t<meta property=\"og:image:width\" content=\"864\" \/>\n\t<meta property=\"og:image:height\" content=\"486\" \/>\n\t<meta property=\"og:image:type\" content=\"image\/jpeg\" \/>\n<meta name=\"author\" content=\"netbakis.net\" \/>\n<meta name=\"twitter:card\" content=\"summary_large_image\" \/>\n<meta name=\"twitter:label1\" content=\"Yazan:\" \/>\n\t<meta name=\"twitter:data1\" content=\"netbakis.net\" \/>\n\t<meta name=\"twitter:label2\" content=\"Tahmini okuma s\u00fcresi\" \/>\n\t<meta name=\"twitter:data2\" content=\"1 dakika\" \/>\n<script type=\"application\/ld+json\" class=\"yoast-schema-graph\">{\"@context\":\"https:\/\/schema.org\",\"@graph\":[{\"@type\":\"WebPage\",\"@id\":\"https:\/\/netbakis.net\/32447\/\",\"url\":\"https:\/\/netbakis.net\/32447\/\",\"name\":\"Gazze \u015eeridi'nde hayat\u0131n\u0131 kaybeden gazetecilerin say\u0131s\u0131 Ekim 2023'ten bu yana 255'e \u00e7\u0131kt\u0131 - NETBAKIS\",\"isPartOf\":{\"@id\":\"https:\/\/netbakis.net\/#website\"},\"primaryImageOfPage\":{\"@id\":\"https:\/\/netbakis.net\/32447\/#primaryimage\"},\"image\":{\"@id\":\"https:\/\/netbakis.net\/32447\/#primaryimage\"},\"thumbnailUrl\":\"https:\/\/netbakis.net\/wp-content\/uploads\/2025\/10\/thumbs_b_c_d73da02f9bdb640f4ea83c4f537f1277.jpg\",\"datePublished\":\"2025-10-14T04:16:58+00:00\",\"dateModified\":\"2025-10-14T04:16:59+00:00\",\"author\":{\"@id\":\"https:\/\/netbakis.net\/#\/schema\/person\/5d9b5c3f48ca4a3c69967d619fc8c7f4\"},\"breadcrumb\":{\"@id\":\"https:\/\/netbakis.net\/32447\/#breadcrumb\"},\"inLanguage\":\"tr\",\"potentialAction\":[{\"@type\":\"ReadAction\",\"target\":[\"https:\/\/netbakis.net\/32447\/\"]}]},{\"@type\":\"ImageObject\",\"inLanguage\":\"tr\",\"@id\":\"https:\/\/netbakis.net\/32447\/#primaryimage\",\"url\":\"https:\/\/netbakis.net\/wp-content\/uploads\/2025\/10\/thumbs_b_c_d73da02f9bdb640f4ea83c4f537f1277.jpg\",\"contentUrl\":\"https:\/\/netbakis.net\/wp-content\/uploads\/2025\/10\/thumbs_b_c_d73da02f9bdb640f4ea83c4f537f1277.jpg\",\"width\":864,\"height\":486},{\"@type\":\"BreadcrumbList\",\"@id\":\"https:\/\/netbakis.net\/32447\/#breadcrumb\",\"itemListElement\":[{\"@type\":\"ListItem\",\"position\":1,\"name\":\"Home\",\"item\":\"https:\/\/netbakis.net\/\"},{\"@type\":\"ListItem\",\"position\":2,\"name\":\"Gazze \u015eeridi&#8217;nde hayat\u0131n\u0131 kaybeden gazetecilerin say\u0131s\u0131 Ekim 2023&#8217;ten bu yana 255&#8217;e \u00e7\u0131kt\u0131\"}]},{\"@type\":\"WebSite\",\"@id\":\"https:\/\/netbakis.net\/#website\",\"url\":\"https:\/\/netbakis.net\/\",\"name\":\"NETBAKIS\",\"description\":\"SON DAKIKA\",\"potentialAction\":[{\"@type\":\"SearchAction\",\"target\":{\"@type\":\"EntryPoint\",\"urlTemplate\":\"https:\/\/netbakis.net\/?s={search_term_string}\"},\"query-input\":{\"@type\":\"PropertyValueSpecification\",\"valueRequired\":true,\"valueName\":\"search_term_string\"}}],\"inLanguage\":\"tr\"},{\"@type\":\"Person\",\"@id\":\"https:\/\/netbakis.net\/#\/schema\/person\/5d9b5c3f48ca4a3c69967d619fc8c7f4\",\"name\":\"netbakis.net\",\"image\":{\"@type\":\"ImageObject\",\"inLanguage\":\"tr\",\"@id\":\"https:\/\/netbakis.net\/#\/schema\/person\/image\/\",\"url\":\"https:\/\/secure.gravatar.com\/avatar\/4ddeae49d2d3e3568a8d5b0937642efdf0b72468dbe3f213bc1978faa47af0d1?s=96&d=wp_user_avatar&r=g\",\"contentUrl\":\"https:\/\/secure.gravatar.com\/avatar\/4ddeae49d2d3e3568a8d5b0937642efdf0b72468dbe3f213bc1978faa47af0d1?s=96&d=wp_user_avatar&r=g\",\"caption\":\"netbakis.net\"},\"sameAs\":[\"https:\/\/netbakis.net\"],\"url\":\"https:\/\/netbakis.net\/tr\/author\/netbakis-net\/\"}]}<\/script>\n<!-- \/ Yoast SEO plugin. -->","yoast_head_json":{"title":"Gazze \u015eeridi'nde hayat\u0131n\u0131 kaybeden gazetecilerin say\u0131s\u0131 Ekim 2023'ten bu yana 255'e \u00e7\u0131kt\u0131 - NETBAKIS","robots":{"index":"index","follow":"follow","max-snippet":"max-snippet:-1","max-image-preview":"max-image-preview:large","max-video-preview":"max-video-preview:-1"},"canonical":"https:\/\/netbakis.net\/tr\/32447\/","og_locale":"tr_TR","og_type":"article","og_title":"Gazze \u015eeridi'nde hayat\u0131n\u0131 kaybeden gazetecilerin say\u0131s\u0131 Ekim 2023'ten bu yana 255'e \u00e7\u0131kt\u0131 - NETBAKIS","og_description":"Filistinli gazetecinin \u0130srail destekli \u00e7etelerce \u00f6ld\u00fcr\u00fclmesinin ard\u0131ndan Gazze&#8217;de hayat\u0131n\u0131 kaybeden gazetecilerin say\u0131s\u0131 255&#8217;e y\u00fckseldi.Gazze&#8217;deki h\u00fck\u00fcmetin Medya Ofisinden yap\u0131lan a\u00e7\u0131klamada, Gazze&#8217;de \u00f6ld\u00fcr\u00fclen gazetecilere ili\u015fkin bilgi verildi. Filistinli gazeteci Salih el-Caferavi&#8217;nin d\u00fcn \u0130srail&#8217;in Gazze \u015eeridi&#8217;ni i\u015fgal etti\u011fi d\u00f6nemde silahland\u0131rd\u0131\u011f\u0131 \u00e7etelerce \u00f6ld\u00fcr\u00fcld\u00fc\u011f\u00fc hat\u0131rlat\u0131ld\u0131. Caferavi&#8217;nin hayat\u0131n\u0131 kaybetmesiyle \u0130srail&#8217;in Ekim 2023&#8217;ten bu yana soyk\u0131r\u0131m yapt\u0131\u011f\u0131 Gazze \u015eeridi&#8217;nde ya\u015fam\u0131n\u0131 yitiren gazetecilerin [&hellip;]","og_url":"https:\/\/netbakis.net\/tr\/32447\/","og_site_name":"NETBAKIS","article_published_time":"2025-10-14T04:16:58+00:00","article_modified_time":"2025-10-14T04:16:59+00:00","og_image":[{"width":864,"height":486,"url":"https:\/\/netbakis.net\/wp-content\/uploads\/2025\/10\/thumbs_b_c_d73da02f9bdb640f4ea83c4f537f1277.jpg","type":"image\/jpeg"}],"author":"netbakis.net","twitter_card":"summary_large_image","twitter_misc":{"Yazan:":"netbakis.net","Tahmini okuma s\u00fcresi":"1 dakika"},"schema":{"@context":"https:\/\/schema.org","@graph":[{"@type":"WebPage","@id":"https:\/\/netbakis.net\/32447\/","url":"https:\/\/netbakis.net\/32447\/","name":"Gazze \u015eeridi'nde hayat\u0131n\u0131 kaybeden gazetecilerin say\u0131s\u0131 Ekim 2023'ten bu yana 255'e \u00e7\u0131kt\u0131 - NETBAKIS","isPartOf":{"@id":"https:\/\/netbakis.net\/#website"},"primaryImageOfPage":{"@id":"https:\/\/netbakis.net\/32447\/#primaryimage"},"image":{"@id":"https:\/\/netbakis.net\/32447\/#primaryimage"},"thumbnailUrl":"https:\/\/netbakis.net\/wp-content\/uploads\/2025\/10\/thumbs_b_c_d73da02f9bdb640f4ea83c4f537f1277.jpg","datePublished":"2025-10-14T04:16:58+00:00","dateModified":"2025-10-14T04:16:59+00:00","author":{"@id":"https:\/\/netbakis.net\/#\/schema\/person\/5d9b5c3f48ca4a3c69967d619fc8c7f4"},"breadcrumb":{"@id":"https:\/\/netbakis.net\/32447\/#breadcrumb"},"inLanguage":"tr","potentialAction":[{"@type":"ReadAction","target":["https:\/\/netbakis.net\/32447\/"]}]},{"@type":"ImageObject","inLanguage":"tr","@id":"https:\/\/netbakis.net\/32447\/#primaryimage","url":"https:\/\/netbakis.net\/wp-content\/uploads\/2025\/10\/thumbs_b_c_d73da02f9bdb640f4ea83c4f537f1277.jpg","contentUrl":"https:\/\/netbakis.net\/wp-content\/uploads\/2025\/10\/thumbs_b_c_d73da02f9bdb640f4ea83c4f537f1277.jpg","width":864,"height":486},{"@type":"BreadcrumbList","@id":"https:\/\/netbakis.net\/32447\/#breadcrumb","itemListElement":[{"@type":"ListItem","position":1,"name":"Home","item":"https:\/\/netbakis.net\/"},{"@type":"ListItem","position":2,"name":"Gazze \u015eeridi&#8217;nde hayat\u0131n\u0131 kaybeden gazetecilerin say\u0131s\u0131 Ekim 2023&#8217;ten bu yana 255&#8217;e \u00e7\u0131kt\u0131"}]},{"@type":"WebSite","@id":"https:\/\/netbakis.net\/#website","url":"https:\/\/netbakis.net\/","name":"NETBAKIS","description":"SON DAKIKA","potentialAction":[{"@type":"SearchAction","target":{"@type":"EntryPoint","urlTemplate":"https:\/\/netbakis.net\/?s={search_term_string}"},"query-input":{"@type":"PropertyValueSpecification","valueRequired":true,"valueName":"search_term_string"}}],"inLanguage":"tr"},{"@type":"Person","@id":"https:\/\/netbakis.net\/#\/schema\/person\/5d9b5c3f48ca4a3c69967d619fc8c7f4","name":"netbakis.net","image":{"@type":"ImageObject","inLanguage":"tr","@id":"https:\/\/netbakis.net\/#\/schema\/person\/image\/","url":"https:\/\/secure.gravatar.com\/avatar\/4ddeae49d2d3e3568a8d5b0937642efdf0b72468dbe3f213bc1978faa47af0d1?s=96&d=wp_user_avatar&r=g","contentUrl":"https:\/\/secure.gravatar.com\/avatar\/4ddeae49d2d3e3568a8d5b0937642efdf0b72468dbe3f213bc1978faa47af0d1?s=96&d=wp_user_avatar&r=g","caption":"netbakis.net"},"sameAs":["https:\/\/netbakis.net"],"url":"https:\/\/netbakis.net\/tr\/author\/netbakis-net\/"}]}},"jetpack_publicize_connections":[],"_links":{"self":[{"href":"https:\/\/netbakis.net\/tr\/wp-json\/wp\/v2\/posts\/32447","targetHints":{"allow":["GET"]}}],"collection":[{"href":"https:\/\/netbakis.net\/tr\/wp-json\/wp\/v2\/posts"}],"about":[{"href":"https:\/\/netbakis.net\/tr\/wp-json\/wp\/v2\/types\/post"}],"author":[{"embeddable":true,"href":"https:\/\/netbakis.net\/tr\/wp-json\/wp\/v2\/users\/1"}],"replies":[{"embeddable":true,"href":"https:\/\/netbakis.net\/tr\/wp-json\/wp\/v2\/comments?post=32447"}],"version-history":[{"count":1,"href":"https:\/\/netbakis.net\/tr\/wp-json\/wp\/v2\/posts\/32447\/revisions"}],"predecessor-version":[{"id":32449,"href":"https:\/\/netbakis.net\/tr\/wp-json\/wp\/v2\/posts\/32447\/revisions\/32449"}],"wp:featuredmedia":[{"embeddable":true,"href":"https:\/\/netbakis.net\/tr\/wp-json\/wp\/v2\/media\/32448"}],"wp:attachment":[{"href":"https:\/\/netbakis.net\/tr\/wp-json\/wp\/v2\/media?parent=32447"}],"wp:term":[{"taxonomy":"category","embeddable":true,"href":"https:\/\/netbakis.net\/tr\/wp-json\/wp\/v2\/categories?post=32447"},{"taxonomy":"post_tag","embeddable":true,"href":"https:\/\/netbakis.net\/tr\/wp-json\/wp\/v2\/tags?post=32447"}],"curies":[{"name":"wp","href":"https:\/\/api.w.org\/{rel}","templated":true}]}}