{"id":30770,"date":"2025-08-16T16:17:43","date_gmt":"2025-08-16T16:17:43","guid":{"rendered":"https:\/\/netbakis.net\/?p=30770"},"modified":"2025-08-16T16:17:44","modified_gmt":"2025-08-16T16:17:44","slug":"ingiltere-milletvekili-khanin-istifasi-pakistan-dernegi-tarafindan-uzuntuyle-karsilandi","status":"publish","type":"post","link":"https:\/\/netbakis.net\/tr\/30770\/","title":{"rendered":"\u0130ngiltere Milletvekili Khan\u2019\u0131n istifas\u0131 Pakistan Derne\u011fi taraf\u0131ndan \u00fcz\u00fcnt\u00fcyle kar\u015f\u0131land\u0131"},"content":{"rendered":"<p class=\"wp-block-paragraph\">Pakistan Birlik ve K\u00fclt\u00fcr Derne\u011fi, \u0130ngiltere Milletvekili Afzal Khan\u2019\u0131n T\u00fcrkiye Ticaret \u00d6zel Temsilcili\u011fi g\u00f6revinden istifa etmesini de\u011ferlendirdi. Dernek, Khan\u2019\u0131n Kuzey K\u0131br\u0131s&#8217;a ziyaretinin dostane bir nitelik ta\u015f\u0131d\u0131\u011f\u0131n\u0131 ve g\u00f6revini \u00f6zveriyle s\u00fcrd\u00fcrmeye devam edece\u011fini belirtti.<br><br>Kuzey K\u0131br\u0131s T\u00fcrk Cumhuriyeti Pakistan Birlik ve K\u00fclt\u00fcr Derne\u011fi, \u0130ngiltere Milletvekili Afzal Khan\u2019\u0131n Kuzey K\u0131br\u0131s&#8217;a ziyareti sonras\u0131nda \u201cBirle\u015fik Krall\u0131k T\u00fcrkiye Ticaret \u00d6zel Temsilcili\u011fi\u201d g\u00f6revinden istifa etmesini \u00fcz\u00fcnt\u00fcyle kar\u015f\u0131lad\u0131\u011f\u0131n\u0131 a\u00e7\u0131klad\u0131.<\/p>\n\n\n\n<p class=\"wp-block-paragraph\">Dernek Ba\u015fkan\u0131 Nawaz Muhammad ile g\u00f6r\u00fc\u015fen Khan, Kuzey K\u0131br\u0131s ziyaretinin tamamen dostane bir nitelik ta\u015f\u0131d\u0131\u011f\u0131n\u0131, amac\u0131n\u0131n akrabalar\u0131n\u0131 ve uzun y\u0131llard\u0131r tan\u0131d\u0131\u011f\u0131 arkada\u015flar\u0131n\u0131 ziyaret etmek oldu\u011funu belirtti. Yine derne\u011fin aktard\u0131\u011f\u0131na g\u00f6re Khan, makam ve koltu\u011fun kendisi i\u00e7in \u00f6ncelikli olmad\u0131\u011f\u0131n\u0131 ifade ederek, \u201cBug\u00fcne kadar oldu\u011fu gibi, bundan sonra da g\u00f6rev ald\u0131\u011f\u0131m her alanda en iyi \u015fekilde \u00e7al\u0131\u015fmaya devam edece\u011fim\u201d dedi.<\/p>\n\n\n\n<p class=\"wp-block-paragraph\">Dernek, Afzal Khan\u2019\u0131n bu duru\u015funu takdirle kar\u015f\u0131lad\u0131\u011f\u0131n\u0131 ve ilerleyen d\u00f6nemde de \u00e7al\u0131\u015fmalar\u0131nda ayn\u0131 \u00f6zveriyle ba\u015far\u0131l\u0131 olaca\u011f\u0131na inan\u00e7 duydu\u011funu bildirdi.<\/p>","protected":false},"excerpt":{"rendered":"<p>Pakistan Birlik ve K\u00fclt\u00fcr Derne\u011fi, \u0130ngiltere Milletvekili Afzal Khan\u2019\u0131n T\u00fcrkiye Ticaret \u00d6zel Temsilcili\u011fi g\u00f6revinden istifa etmesini de\u011ferlendirdi. Dernek, Khan\u2019\u0131n Kuzey K\u0131br\u0131s&#8217;a ziyaretinin dostane bir nitelik ta\u015f\u0131d\u0131\u011f\u0131n\u0131 ve g\u00f6revini \u00f6zveriyle s\u00fcrd\u00fcrmeye devam edece\u011fini belirtti. Kuzey K\u0131br\u0131s T\u00fcrk Cumhuriyeti Pakistan Birlik ve K\u00fclt\u00fcr Derne\u011fi, \u0130ngiltere Milletvekili Afzal Khan\u2019\u0131n Kuzey K\u0131br\u0131s&#8217;a ziyareti sonras\u0131nda \u201cBirle\u015fik Krall\u0131k T\u00fcrkiye Ticaret \u00d6zel [&hellip;]<\/p>","protected":false},"author":1,"featured_media":30771,"comment_status":"open","ping_status":"open","sticky":false,"template":"","format":"standard","meta":{"om_disable_all_campaigns":false,"_monsterinsights_skip_tracking":false,"_monsterinsights_sitenote_active":false,"_monsterinsights_sitenote_note":"","_monsterinsights_sitenote_category":0,"_uf_show_specific_survey":0,"_uf_disable_surveys":false,"footnotes":"","jetpack_publicize_message":"","jetpack_publicize_feature_enabled":true,"jetpack_social_post_already_shared":false,"jetpack_social_options":{"image_generator_settings":{"template":"highway","default_image_id":0,"font":"","enabled":false},"version":2}},"categories":[81],"tags":[],"class_list":["post-30770","post","type-post","status-publish","format-standard","has-post-thumbnail","category-gundem"],"yoast_head":"<!-- This site is optimized with the Yoast SEO plugin v23.8 - https:\/\/yoast.com\/wordpress\/plugins\/seo\/ -->\n<title>\u0130ngiltere Milletvekili Khan\u2019\u0131n istifas\u0131 Pakistan Derne\u011fi taraf\u0131ndan \u00fcz\u00fcnt\u00fcyle kar\u015f\u0131land\u0131 - NETBAKIS<\/title>\n<meta name=\"robots\" content=\"index, follow, max-snippet:-1, max-image-preview:large, max-video-preview:-1\" \/>\n<link rel=\"canonical\" href=\"https:\/\/netbakis.net\/tr\/30770\/\" \/>\n<meta property=\"og:locale\" content=\"tr_TR\" \/>\n<meta property=\"og:type\" content=\"article\" \/>\n<meta property=\"og:title\" content=\"\u0130ngiltere Milletvekili Khan\u2019\u0131n istifas\u0131 Pakistan Derne\u011fi taraf\u0131ndan \u00fcz\u00fcnt\u00fcyle kar\u015f\u0131land\u0131 - NETBAKIS\" \/>\n<meta property=\"og:description\" content=\"Pakistan Birlik ve K\u00fclt\u00fcr Derne\u011fi, \u0130ngiltere Milletvekili Afzal Khan\u2019\u0131n T\u00fcrkiye Ticaret \u00d6zel Temsilcili\u011fi g\u00f6revinden istifa etmesini de\u011ferlendirdi. Dernek, Khan\u2019\u0131n Kuzey K\u0131br\u0131s&#8217;a ziyaretinin dostane bir nitelik ta\u015f\u0131d\u0131\u011f\u0131n\u0131 ve g\u00f6revini \u00f6zveriyle s\u00fcrd\u00fcrmeye devam edece\u011fini belirtti. Kuzey K\u0131br\u0131s T\u00fcrk Cumhuriyeti Pakistan Birlik ve K\u00fclt\u00fcr Derne\u011fi, \u0130ngiltere Milletvekili Afzal Khan\u2019\u0131n Kuzey K\u0131br\u0131s&#8217;a ziyareti sonras\u0131nda \u201cBirle\u015fik Krall\u0131k T\u00fcrkiye Ticaret \u00d6zel [&hellip;]\" \/>\n<meta property=\"og:url\" content=\"https:\/\/netbakis.net\/tr\/30770\/\" \/>\n<meta property=\"og:site_name\" content=\"NETBAKIS\" \/>\n<meta property=\"article:published_time\" content=\"2025-08-16T16:17:43+00:00\" \/>\n<meta property=\"article:modified_time\" content=\"2025-08-16T16:17:44+00:00\" \/>\n<meta property=\"og:image\" content=\"https:\/\/netbakis.net\/wp-content\/uploads\/2025\/08\/v2normalhaberboyutuablonsuzkopyaskopyas-2025-08-16t170422087_1755353090.webp\" \/>\n\t<meta property=\"og:image:width\" content=\"971\" \/>\n\t<meta property=\"og:image:height\" content=\"551\" \/>\n\t<meta property=\"og:image:type\" content=\"image\/webp\" \/>\n<meta name=\"author\" content=\"netbakis.net\" \/>\n<meta name=\"twitter:card\" content=\"summary_large_image\" \/>\n<meta name=\"twitter:label1\" content=\"Yazan:\" \/>\n\t<meta name=\"twitter:data1\" content=\"netbakis.net\" \/>\n\t<meta name=\"twitter:label2\" content=\"Tahmini okuma s\u00fcresi\" \/>\n\t<meta name=\"twitter:data2\" content=\"1 dakika\" \/>\n<script type=\"application\/ld+json\" class=\"yoast-schema-graph\">{\"@context\":\"https:\/\/schema.org\",\"@graph\":[{\"@type\":\"WebPage\",\"@id\":\"https:\/\/netbakis.net\/30770\/\",\"url\":\"https:\/\/netbakis.net\/30770\/\",\"name\":\"\u0130ngiltere Milletvekili Khan\u2019\u0131n istifas\u0131 Pakistan Derne\u011fi taraf\u0131ndan \u00fcz\u00fcnt\u00fcyle kar\u015f\u0131land\u0131 - NETBAKIS\",\"isPartOf\":{\"@id\":\"https:\/\/netbakis.net\/#website\"},\"primaryImageOfPage\":{\"@id\":\"https:\/\/netbakis.net\/30770\/#primaryimage\"},\"image\":{\"@id\":\"https:\/\/netbakis.net\/30770\/#primaryimage\"},\"thumbnailUrl\":\"https:\/\/netbakis.net\/wp-content\/uploads\/2025\/08\/v2normalhaberboyutuablonsuzkopyaskopyas-2025-08-16t170422087_1755353090.webp\",\"datePublished\":\"2025-08-16T16:17:43+00:00\",\"dateModified\":\"2025-08-16T16:17:44+00:00\",\"author\":{\"@id\":\"https:\/\/netbakis.net\/#\/schema\/person\/5d9b5c3f48ca4a3c69967d619fc8c7f4\"},\"breadcrumb\":{\"@id\":\"https:\/\/netbakis.net\/30770\/#breadcrumb\"},\"inLanguage\":\"tr\",\"potentialAction\":[{\"@type\":\"ReadAction\",\"target\":[\"https:\/\/netbakis.net\/30770\/\"]}]},{\"@type\":\"ImageObject\",\"inLanguage\":\"tr\",\"@id\":\"https:\/\/netbakis.net\/30770\/#primaryimage\",\"url\":\"https:\/\/netbakis.net\/wp-content\/uploads\/2025\/08\/v2normalhaberboyutuablonsuzkopyaskopyas-2025-08-16t170422087_1755353090.webp\",\"contentUrl\":\"https:\/\/netbakis.net\/wp-content\/uploads\/2025\/08\/v2normalhaberboyutuablonsuzkopyaskopyas-2025-08-16t170422087_1755353090.webp\",\"width\":971,\"height\":551},{\"@type\":\"BreadcrumbList\",\"@id\":\"https:\/\/netbakis.net\/30770\/#breadcrumb\",\"itemListElement\":[{\"@type\":\"ListItem\",\"position\":1,\"name\":\"Home\",\"item\":\"https:\/\/netbakis.net\/\"},{\"@type\":\"ListItem\",\"position\":2,\"name\":\"\u0130ngiltere Milletvekili Khan\u2019\u0131n istifas\u0131 Pakistan Derne\u011fi taraf\u0131ndan \u00fcz\u00fcnt\u00fcyle kar\u015f\u0131land\u0131\"}]},{\"@type\":\"WebSite\",\"@id\":\"https:\/\/netbakis.net\/#website\",\"url\":\"https:\/\/netbakis.net\/\",\"name\":\"NETBAKIS\",\"description\":\"SON DAKIKA\",\"potentialAction\":[{\"@type\":\"SearchAction\",\"target\":{\"@type\":\"EntryPoint\",\"urlTemplate\":\"https:\/\/netbakis.net\/?s={search_term_string}\"},\"query-input\":{\"@type\":\"PropertyValueSpecification\",\"valueRequired\":true,\"valueName\":\"search_term_string\"}}],\"inLanguage\":\"tr\"},{\"@type\":\"Person\",\"@id\":\"https:\/\/netbakis.net\/#\/schema\/person\/5d9b5c3f48ca4a3c69967d619fc8c7f4\",\"name\":\"netbakis.net\",\"image\":{\"@type\":\"ImageObject\",\"inLanguage\":\"tr\",\"@id\":\"https:\/\/netbakis.net\/#\/schema\/person\/image\/\",\"url\":\"https:\/\/secure.gravatar.com\/avatar\/4ddeae49d2d3e3568a8d5b0937642efdf0b72468dbe3f213bc1978faa47af0d1?s=96&d=wp_user_avatar&r=g\",\"contentUrl\":\"https:\/\/secure.gravatar.com\/avatar\/4ddeae49d2d3e3568a8d5b0937642efdf0b72468dbe3f213bc1978faa47af0d1?s=96&d=wp_user_avatar&r=g\",\"caption\":\"netbakis.net\"},\"sameAs\":[\"https:\/\/netbakis.net\"],\"url\":\"https:\/\/netbakis.net\/tr\/author\/netbakis-net\/\"}]}<\/script>\n<!-- \/ Yoast SEO plugin. -->","yoast_head_json":{"title":"\u0130ngiltere Milletvekili Khan\u2019\u0131n istifas\u0131 Pakistan Derne\u011fi taraf\u0131ndan \u00fcz\u00fcnt\u00fcyle kar\u015f\u0131land\u0131 - NETBAKIS","robots":{"index":"index","follow":"follow","max-snippet":"max-snippet:-1","max-image-preview":"max-image-preview:large","max-video-preview":"max-video-preview:-1"},"canonical":"https:\/\/netbakis.net\/tr\/30770\/","og_locale":"tr_TR","og_type":"article","og_title":"\u0130ngiltere Milletvekili Khan\u2019\u0131n istifas\u0131 Pakistan Derne\u011fi taraf\u0131ndan \u00fcz\u00fcnt\u00fcyle kar\u015f\u0131land\u0131 - NETBAKIS","og_description":"Pakistan Birlik ve K\u00fclt\u00fcr Derne\u011fi, \u0130ngiltere Milletvekili Afzal Khan\u2019\u0131n T\u00fcrkiye Ticaret \u00d6zel Temsilcili\u011fi g\u00f6revinden istifa etmesini de\u011ferlendirdi. Dernek, Khan\u2019\u0131n Kuzey K\u0131br\u0131s&#8217;a ziyaretinin dostane bir nitelik ta\u015f\u0131d\u0131\u011f\u0131n\u0131 ve g\u00f6revini \u00f6zveriyle s\u00fcrd\u00fcrmeye devam edece\u011fini belirtti. Kuzey K\u0131br\u0131s T\u00fcrk Cumhuriyeti Pakistan Birlik ve K\u00fclt\u00fcr Derne\u011fi, \u0130ngiltere Milletvekili Afzal Khan\u2019\u0131n Kuzey K\u0131br\u0131s&#8217;a ziyareti sonras\u0131nda \u201cBirle\u015fik Krall\u0131k T\u00fcrkiye Ticaret \u00d6zel [&hellip;]","og_url":"https:\/\/netbakis.net\/tr\/30770\/","og_site_name":"NETBAKIS","article_published_time":"2025-08-16T16:17:43+00:00","article_modified_time":"2025-08-16T16:17:44+00:00","og_image":[{"width":971,"height":551,"url":"https:\/\/netbakis.net\/wp-content\/uploads\/2025\/08\/v2normalhaberboyutuablonsuzkopyaskopyas-2025-08-16t170422087_1755353090.webp","type":"image\/webp"}],"author":"netbakis.net","twitter_card":"summary_large_image","twitter_misc":{"Yazan:":"netbakis.net","Tahmini okuma s\u00fcresi":"1 dakika"},"schema":{"@context":"https:\/\/schema.org","@graph":[{"@type":"WebPage","@id":"https:\/\/netbakis.net\/30770\/","url":"https:\/\/netbakis.net\/30770\/","name":"\u0130ngiltere Milletvekili Khan\u2019\u0131n istifas\u0131 Pakistan Derne\u011fi taraf\u0131ndan \u00fcz\u00fcnt\u00fcyle kar\u015f\u0131land\u0131 - NETBAKIS","isPartOf":{"@id":"https:\/\/netbakis.net\/#website"},"primaryImageOfPage":{"@id":"https:\/\/netbakis.net\/30770\/#primaryimage"},"image":{"@id":"https:\/\/netbakis.net\/30770\/#primaryimage"},"thumbnailUrl":"https:\/\/netbakis.net\/wp-content\/uploads\/2025\/08\/v2normalhaberboyutuablonsuzkopyaskopyas-2025-08-16t170422087_1755353090.webp","datePublished":"2025-08-16T16:17:43+00:00","dateModified":"2025-08-16T16:17:44+00:00","author":{"@id":"https:\/\/netbakis.net\/#\/schema\/person\/5d9b5c3f48ca4a3c69967d619fc8c7f4"},"breadcrumb":{"@id":"https:\/\/netbakis.net\/30770\/#breadcrumb"},"inLanguage":"tr","potentialAction":[{"@type":"ReadAction","target":["https:\/\/netbakis.net\/30770\/"]}]},{"@type":"ImageObject","inLanguage":"tr","@id":"https:\/\/netbakis.net\/30770\/#primaryimage","url":"https:\/\/netbakis.net\/wp-content\/uploads\/2025\/08\/v2normalhaberboyutuablonsuzkopyaskopyas-2025-08-16t170422087_1755353090.webp","contentUrl":"https:\/\/netbakis.net\/wp-content\/uploads\/2025\/08\/v2normalhaberboyutuablonsuzkopyaskopyas-2025-08-16t170422087_1755353090.webp","width":971,"height":551},{"@type":"BreadcrumbList","@id":"https:\/\/netbakis.net\/30770\/#breadcrumb","itemListElement":[{"@type":"ListItem","position":1,"name":"Home","item":"https:\/\/netbakis.net\/"},{"@type":"ListItem","position":2,"name":"\u0130ngiltere Milletvekili Khan\u2019\u0131n istifas\u0131 Pakistan Derne\u011fi taraf\u0131ndan \u00fcz\u00fcnt\u00fcyle kar\u015f\u0131land\u0131"}]},{"@type":"WebSite","@id":"https:\/\/netbakis.net\/#website","url":"https:\/\/netbakis.net\/","name":"NETBAKIS","description":"SON DAKIKA","potentialAction":[{"@type":"SearchAction","target":{"@type":"EntryPoint","urlTemplate":"https:\/\/netbakis.net\/?s={search_term_string}"},"query-input":{"@type":"PropertyValueSpecification","valueRequired":true,"valueName":"search_term_string"}}],"inLanguage":"tr"},{"@type":"Person","@id":"https:\/\/netbakis.net\/#\/schema\/person\/5d9b5c3f48ca4a3c69967d619fc8c7f4","name":"netbakis.net","image":{"@type":"ImageObject","inLanguage":"tr","@id":"https:\/\/netbakis.net\/#\/schema\/person\/image\/","url":"https:\/\/secure.gravatar.com\/avatar\/4ddeae49d2d3e3568a8d5b0937642efdf0b72468dbe3f213bc1978faa47af0d1?s=96&d=wp_user_avatar&r=g","contentUrl":"https:\/\/secure.gravatar.com\/avatar\/4ddeae49d2d3e3568a8d5b0937642efdf0b72468dbe3f213bc1978faa47af0d1?s=96&d=wp_user_avatar&r=g","caption":"netbakis.net"},"sameAs":["https:\/\/netbakis.net"],"url":"https:\/\/netbakis.net\/tr\/author\/netbakis-net\/"}]}},"jetpack_publicize_connections":[],"_links":{"self":[{"href":"https:\/\/netbakis.net\/tr\/wp-json\/wp\/v2\/posts\/30770","targetHints":{"allow":["GET"]}}],"collection":[{"href":"https:\/\/netbakis.net\/tr\/wp-json\/wp\/v2\/posts"}],"about":[{"href":"https:\/\/netbakis.net\/tr\/wp-json\/wp\/v2\/types\/post"}],"author":[{"embeddable":true,"href":"https:\/\/netbakis.net\/tr\/wp-json\/wp\/v2\/users\/1"}],"replies":[{"embeddable":true,"href":"https:\/\/netbakis.net\/tr\/wp-json\/wp\/v2\/comments?post=30770"}],"version-history":[{"count":1,"href":"https:\/\/netbakis.net\/tr\/wp-json\/wp\/v2\/posts\/30770\/revisions"}],"predecessor-version":[{"id":30772,"href":"https:\/\/netbakis.net\/tr\/wp-json\/wp\/v2\/posts\/30770\/revisions\/30772"}],"wp:featuredmedia":[{"embeddable":true,"href":"https:\/\/netbakis.net\/tr\/wp-json\/wp\/v2\/media\/30771"}],"wp:attachment":[{"href":"https:\/\/netbakis.net\/tr\/wp-json\/wp\/v2\/media?parent=30770"}],"wp:term":[{"taxonomy":"category","embeddable":true,"href":"https:\/\/netbakis.net\/tr\/wp-json\/wp\/v2\/categories?post=30770"},{"taxonomy":"post_tag","embeddable":true,"href":"https:\/\/netbakis.net\/tr\/wp-json\/wp\/v2\/tags?post=30770"}],"curies":[{"name":"wp","href":"https:\/\/api.w.org\/{rel}","templated":true}]}}