{"id":29850,"date":"2025-07-16T16:08:36","date_gmt":"2025-07-16T16:08:36","guid":{"rendered":"https:\/\/netbakis.net\/?p=29850"},"modified":"2025-07-16T16:08:36","modified_gmt":"2025-07-16T16:08:36","slug":"yarin-saganak-ve-gok-gurultulu-yagis-bekleniyor","status":"publish","type":"post","link":"https:\/\/netbakis.net\/tr\/29850\/","title":{"rendered":"Yar\u0131n sa\u011fanak ve g\u00f6k g\u00fcr\u00fclt\u00fcl\u00fc ya\u011f\u0131\u015f bekleniyor"},"content":{"rendered":"<p>Meteoroloji Dairesi\u2019ne g\u00f6re yar\u0131n, \u00fcst atmosferdeki serin ve nemli hava k\u00fctlesinin etkisiyle yer yer sa\u011fanak ve g\u00f6k g\u00fcr\u00fclt\u00fcl\u00fc ya\u011f\u0131\u015f g\u00f6r\u00fclecek. Hafta sonundan itibaren hava yeniden a\u00e7\u0131k ve s\u0131cak olacak; i\u00e7 kesimlerde s\u0131cakl\u0131k 39 dereceye kadar y\u00fckselecek.<br><br>\u00dclkede yar\u0131n yer yer sa\u011fanak ve g\u00f6k g\u00fcr\u00fclt\u00fcl\u00fc ya\u011f\u0131\u015f bekleniyor.<\/p>\n\n\n\n<p>Meteoroloji Dairesi&#8217;nin 17-23 Temmuz tarihlerini kapsayan haftal\u0131k hava tahmin raporuna g\u00f6re, b\u00f6lge, al\u00e7ak bas\u0131n\u00e7 sistemiyle s\u0131cak ve nispeten nemli, periyodun ilk g\u00fcn\u00fc ise \u00fcst atmosferdeki serin ve nemli hava k\u00fctlesinin etkisi alt\u0131nda kalacak. Yar\u0131n par\u00e7al\u0131 bulutlu \u00f6\u011fle saatleri yer yer sa\u011fanak veya g\u00f6k g\u00fcr\u00fclt\u00fcl\u00fc sa\u011fanak bekleniyor.<\/p>\n\n\n\n<p>Cuma g\u00fcn\u00fc par\u00e7al\u0131 ve az bulutlu havan\u0131n ard\u0131ndan, di\u011fer g\u00fcnler a\u00e7\u0131k ve az bulutlu olacak. En y\u00fcksek hava s\u0131cakl\u0131\u011f\u0131 i\u00e7 kesimlerde 36 \u2013 39 derece, sahillerde ise 31 \u2013 34 derece dolaylar\u0131nda seyredecek.<\/p>\n\n\n\n<p>R\u00fczg\u00e2r\u0131n genellikle g\u00fcney ve bat\u0131 y\u00f6nlerden periyodun ilk yar\u0131s\u0131nda orta kuvvette zaman zaman kuvvetli, ikinci yar\u0131s\u0131nda ise orta kuvvette esecek.<\/p>","protected":false},"excerpt":{"rendered":"<p>Meteoroloji Dairesi\u2019ne g\u00f6re yar\u0131n, \u00fcst atmosferdeki serin ve nemli hava k\u00fctlesinin etkisiyle yer yer sa\u011fanak ve g\u00f6k g\u00fcr\u00fclt\u00fcl\u00fc ya\u011f\u0131\u015f g\u00f6r\u00fclecek. Hafta sonundan itibaren hava yeniden a\u00e7\u0131k ve s\u0131cak olacak; i\u00e7 kesimlerde s\u0131cakl\u0131k 39 dereceye kadar y\u00fckselecek. \u00dclkede yar\u0131n yer yer sa\u011fanak ve g\u00f6k g\u00fcr\u00fclt\u00fcl\u00fc ya\u011f\u0131\u015f bekleniyor. Meteoroloji Dairesi&#8217;nin 17-23 Temmuz tarihlerini kapsayan haftal\u0131k hava tahmin [&hellip;]<\/p>","protected":false},"author":1,"featured_media":9222,"comment_status":"open","ping_status":"open","sticky":false,"template":"","format":"standard","meta":{"om_disable_all_campaigns":false,"_monsterinsights_skip_tracking":false,"_monsterinsights_sitenote_active":false,"_monsterinsights_sitenote_note":"","_monsterinsights_sitenote_category":0,"_uf_show_specific_survey":0,"_uf_disable_surveys":false,"footnotes":"","jetpack_publicize_message":"","jetpack_publicize_feature_enabled":true,"jetpack_social_post_already_shared":false,"jetpack_social_options":{"image_generator_settings":{"template":"highway","default_image_id":0,"font":"","enabled":false},"version":2}},"categories":[81],"tags":[],"class_list":{"0":"post-29850","1":"post","2":"type-post","3":"status-publish","4":"format-standard","5":"has-post-thumbnail","7":"category-gundem"},"yoast_head":"<!-- This site is optimized with the Yoast SEO plugin v23.8 - https:\/\/yoast.com\/wordpress\/plugins\/seo\/ -->\n<title>Yar\u0131n sa\u011fanak ve g\u00f6k g\u00fcr\u00fclt\u00fcl\u00fc ya\u011f\u0131\u015f bekleniyor - NETBAKIS<\/title>\n<meta name=\"robots\" content=\"index, follow, max-snippet:-1, max-image-preview:large, max-video-preview:-1\" \/>\n<link rel=\"canonical\" href=\"https:\/\/netbakis.net\/tr\/29850\/\" \/>\n<meta property=\"og:locale\" content=\"tr_TR\" \/>\n<meta property=\"og:type\" content=\"article\" \/>\n<meta property=\"og:title\" content=\"Yar\u0131n sa\u011fanak ve g\u00f6k g\u00fcr\u00fclt\u00fcl\u00fc ya\u011f\u0131\u015f bekleniyor - NETBAKIS\" \/>\n<meta property=\"og:description\" content=\"Meteoroloji Dairesi\u2019ne g\u00f6re yar\u0131n, \u00fcst atmosferdeki serin ve nemli hava k\u00fctlesinin etkisiyle yer yer sa\u011fanak ve g\u00f6k g\u00fcr\u00fclt\u00fcl\u00fc ya\u011f\u0131\u015f g\u00f6r\u00fclecek. Hafta sonundan itibaren hava yeniden a\u00e7\u0131k ve s\u0131cak olacak; i\u00e7 kesimlerde s\u0131cakl\u0131k 39 dereceye kadar y\u00fckselecek. \u00dclkede yar\u0131n yer yer sa\u011fanak ve g\u00f6k g\u00fcr\u00fclt\u00fcl\u00fc ya\u011f\u0131\u015f bekleniyor. Meteoroloji Dairesi&#8217;nin 17-23 Temmuz tarihlerini kapsayan haftal\u0131k hava tahmin [&hellip;]\" \/>\n<meta property=\"og:url\" content=\"https:\/\/netbakis.net\/tr\/29850\/\" \/>\n<meta property=\"og:site_name\" content=\"NETBAKIS\" \/>\n<meta property=\"article:published_time\" content=\"2025-07-16T16:08:36+00:00\" \/>\n<meta property=\"og:image\" content=\"https:\/\/netbakis.net\/wp-content\/uploads\/2022\/09\/yagis.jpg\" \/>\n\t<meta property=\"og:image:width\" content=\"880\" \/>\n\t<meta property=\"og:image:height\" content=\"495\" \/>\n\t<meta property=\"og:image:type\" content=\"image\/jpeg\" \/>\n<meta name=\"author\" content=\"netbakis.net\" \/>\n<meta name=\"twitter:card\" content=\"summary_large_image\" \/>\n<meta name=\"twitter:label1\" content=\"Yazan:\" \/>\n\t<meta name=\"twitter:data1\" content=\"netbakis.net\" \/>\n\t<meta name=\"twitter:label2\" content=\"Tahmini okuma s\u00fcresi\" \/>\n\t<meta name=\"twitter:data2\" content=\"1 dakika\" \/>\n<script type=\"application\/ld+json\" class=\"yoast-schema-graph\">{\"@context\":\"https:\/\/schema.org\",\"@graph\":[{\"@type\":\"WebPage\",\"@id\":\"https:\/\/netbakis.net\/29850\/\",\"url\":\"https:\/\/netbakis.net\/29850\/\",\"name\":\"Yar\u0131n sa\u011fanak ve g\u00f6k g\u00fcr\u00fclt\u00fcl\u00fc ya\u011f\u0131\u015f bekleniyor - NETBAKIS\",\"isPartOf\":{\"@id\":\"https:\/\/netbakis.net\/#website\"},\"primaryImageOfPage\":{\"@id\":\"https:\/\/netbakis.net\/29850\/#primaryimage\"},\"image\":{\"@id\":\"https:\/\/netbakis.net\/29850\/#primaryimage\"},\"thumbnailUrl\":\"https:\/\/netbakis.net\/wp-content\/uploads\/2022\/09\/yagis.jpg\",\"datePublished\":\"2025-07-16T16:08:36+00:00\",\"dateModified\":\"2025-07-16T16:08:36+00:00\",\"author\":{\"@id\":\"https:\/\/netbakis.net\/#\/schema\/person\/5d9b5c3f48ca4a3c69967d619fc8c7f4\"},\"breadcrumb\":{\"@id\":\"https:\/\/netbakis.net\/29850\/#breadcrumb\"},\"inLanguage\":\"tr\",\"potentialAction\":[{\"@type\":\"ReadAction\",\"target\":[\"https:\/\/netbakis.net\/29850\/\"]}]},{\"@type\":\"ImageObject\",\"inLanguage\":\"tr\",\"@id\":\"https:\/\/netbakis.net\/29850\/#primaryimage\",\"url\":\"https:\/\/netbakis.net\/wp-content\/uploads\/2022\/09\/yagis.jpg\",\"contentUrl\":\"https:\/\/netbakis.net\/wp-content\/uploads\/2022\/09\/yagis.jpg\",\"width\":880,\"height\":495,\"caption\":\"ya\u011f\u0131\u015f\"},{\"@type\":\"BreadcrumbList\",\"@id\":\"https:\/\/netbakis.net\/29850\/#breadcrumb\",\"itemListElement\":[{\"@type\":\"ListItem\",\"position\":1,\"name\":\"Home\",\"item\":\"https:\/\/netbakis.net\/\"},{\"@type\":\"ListItem\",\"position\":2,\"name\":\"Yar\u0131n sa\u011fanak ve g\u00f6k g\u00fcr\u00fclt\u00fcl\u00fc ya\u011f\u0131\u015f bekleniyor\"}]},{\"@type\":\"WebSite\",\"@id\":\"https:\/\/netbakis.net\/#website\",\"url\":\"https:\/\/netbakis.net\/\",\"name\":\"NETBAKIS\",\"description\":\"SON DAKIKA\",\"potentialAction\":[{\"@type\":\"SearchAction\",\"target\":{\"@type\":\"EntryPoint\",\"urlTemplate\":\"https:\/\/netbakis.net\/?s={search_term_string}\"},\"query-input\":{\"@type\":\"PropertyValueSpecification\",\"valueRequired\":true,\"valueName\":\"search_term_string\"}}],\"inLanguage\":\"tr\"},{\"@type\":\"Person\",\"@id\":\"https:\/\/netbakis.net\/#\/schema\/person\/5d9b5c3f48ca4a3c69967d619fc8c7f4\",\"name\":\"netbakis.net\",\"image\":{\"@type\":\"ImageObject\",\"inLanguage\":\"tr\",\"@id\":\"https:\/\/netbakis.net\/#\/schema\/person\/image\/\",\"url\":\"https:\/\/secure.gravatar.com\/avatar\/4ddeae49d2d3e3568a8d5b0937642efdf0b72468dbe3f213bc1978faa47af0d1?s=96&d=wp_user_avatar&r=g\",\"contentUrl\":\"https:\/\/secure.gravatar.com\/avatar\/4ddeae49d2d3e3568a8d5b0937642efdf0b72468dbe3f213bc1978faa47af0d1?s=96&d=wp_user_avatar&r=g\",\"caption\":\"netbakis.net\"},\"sameAs\":[\"https:\/\/netbakis.net\"],\"url\":\"https:\/\/netbakis.net\/tr\/author\/netbakis-net\/\"}]}<\/script>\n<!-- \/ Yoast SEO plugin. -->","yoast_head_json":{"title":"Yar\u0131n sa\u011fanak ve g\u00f6k g\u00fcr\u00fclt\u00fcl\u00fc ya\u011f\u0131\u015f bekleniyor - NETBAKIS","robots":{"index":"index","follow":"follow","max-snippet":"max-snippet:-1","max-image-preview":"max-image-preview:large","max-video-preview":"max-video-preview:-1"},"canonical":"https:\/\/netbakis.net\/tr\/29850\/","og_locale":"tr_TR","og_type":"article","og_title":"Yar\u0131n sa\u011fanak ve g\u00f6k g\u00fcr\u00fclt\u00fcl\u00fc ya\u011f\u0131\u015f bekleniyor - NETBAKIS","og_description":"Meteoroloji Dairesi\u2019ne g\u00f6re yar\u0131n, \u00fcst atmosferdeki serin ve nemli hava k\u00fctlesinin etkisiyle yer yer sa\u011fanak ve g\u00f6k g\u00fcr\u00fclt\u00fcl\u00fc ya\u011f\u0131\u015f g\u00f6r\u00fclecek. Hafta sonundan itibaren hava yeniden a\u00e7\u0131k ve s\u0131cak olacak; i\u00e7 kesimlerde s\u0131cakl\u0131k 39 dereceye kadar y\u00fckselecek. \u00dclkede yar\u0131n yer yer sa\u011fanak ve g\u00f6k g\u00fcr\u00fclt\u00fcl\u00fc ya\u011f\u0131\u015f bekleniyor. Meteoroloji Dairesi&#8217;nin 17-23 Temmuz tarihlerini kapsayan haftal\u0131k hava tahmin [&hellip;]","og_url":"https:\/\/netbakis.net\/tr\/29850\/","og_site_name":"NETBAKIS","article_published_time":"2025-07-16T16:08:36+00:00","og_image":[{"width":880,"height":495,"url":"https:\/\/netbakis.net\/wp-content\/uploads\/2022\/09\/yagis.jpg","type":"image\/jpeg"}],"author":"netbakis.net","twitter_card":"summary_large_image","twitter_misc":{"Yazan:":"netbakis.net","Tahmini okuma s\u00fcresi":"1 dakika"},"schema":{"@context":"https:\/\/schema.org","@graph":[{"@type":"WebPage","@id":"https:\/\/netbakis.net\/29850\/","url":"https:\/\/netbakis.net\/29850\/","name":"Yar\u0131n sa\u011fanak ve g\u00f6k g\u00fcr\u00fclt\u00fcl\u00fc ya\u011f\u0131\u015f bekleniyor - NETBAKIS","isPartOf":{"@id":"https:\/\/netbakis.net\/#website"},"primaryImageOfPage":{"@id":"https:\/\/netbakis.net\/29850\/#primaryimage"},"image":{"@id":"https:\/\/netbakis.net\/29850\/#primaryimage"},"thumbnailUrl":"https:\/\/netbakis.net\/wp-content\/uploads\/2022\/09\/yagis.jpg","datePublished":"2025-07-16T16:08:36+00:00","dateModified":"2025-07-16T16:08:36+00:00","author":{"@id":"https:\/\/netbakis.net\/#\/schema\/person\/5d9b5c3f48ca4a3c69967d619fc8c7f4"},"breadcrumb":{"@id":"https:\/\/netbakis.net\/29850\/#breadcrumb"},"inLanguage":"tr","potentialAction":[{"@type":"ReadAction","target":["https:\/\/netbakis.net\/29850\/"]}]},{"@type":"ImageObject","inLanguage":"tr","@id":"https:\/\/netbakis.net\/29850\/#primaryimage","url":"https:\/\/netbakis.net\/wp-content\/uploads\/2022\/09\/yagis.jpg","contentUrl":"https:\/\/netbakis.net\/wp-content\/uploads\/2022\/09\/yagis.jpg","width":880,"height":495,"caption":"ya\u011f\u0131\u015f"},{"@type":"BreadcrumbList","@id":"https:\/\/netbakis.net\/29850\/#breadcrumb","itemListElement":[{"@type":"ListItem","position":1,"name":"Home","item":"https:\/\/netbakis.net\/"},{"@type":"ListItem","position":2,"name":"Yar\u0131n sa\u011fanak ve g\u00f6k g\u00fcr\u00fclt\u00fcl\u00fc ya\u011f\u0131\u015f bekleniyor"}]},{"@type":"WebSite","@id":"https:\/\/netbakis.net\/#website","url":"https:\/\/netbakis.net\/","name":"NETBAKIS","description":"SON DAKIKA","potentialAction":[{"@type":"SearchAction","target":{"@type":"EntryPoint","urlTemplate":"https:\/\/netbakis.net\/?s={search_term_string}"},"query-input":{"@type":"PropertyValueSpecification","valueRequired":true,"valueName":"search_term_string"}}],"inLanguage":"tr"},{"@type":"Person","@id":"https:\/\/netbakis.net\/#\/schema\/person\/5d9b5c3f48ca4a3c69967d619fc8c7f4","name":"netbakis.net","image":{"@type":"ImageObject","inLanguage":"tr","@id":"https:\/\/netbakis.net\/#\/schema\/person\/image\/","url":"https:\/\/secure.gravatar.com\/avatar\/4ddeae49d2d3e3568a8d5b0937642efdf0b72468dbe3f213bc1978faa47af0d1?s=96&d=wp_user_avatar&r=g","contentUrl":"https:\/\/secure.gravatar.com\/avatar\/4ddeae49d2d3e3568a8d5b0937642efdf0b72468dbe3f213bc1978faa47af0d1?s=96&d=wp_user_avatar&r=g","caption":"netbakis.net"},"sameAs":["https:\/\/netbakis.net"],"url":"https:\/\/netbakis.net\/tr\/author\/netbakis-net\/"}]}},"jetpack_publicize_connections":[],"_links":{"self":[{"href":"https:\/\/netbakis.net\/tr\/wp-json\/wp\/v2\/posts\/29850","targetHints":{"allow":["GET"]}}],"collection":[{"href":"https:\/\/netbakis.net\/tr\/wp-json\/wp\/v2\/posts"}],"about":[{"href":"https:\/\/netbakis.net\/tr\/wp-json\/wp\/v2\/types\/post"}],"author":[{"embeddable":true,"href":"https:\/\/netbakis.net\/tr\/wp-json\/wp\/v2\/users\/1"}],"replies":[{"embeddable":true,"href":"https:\/\/netbakis.net\/tr\/wp-json\/wp\/v2\/comments?post=29850"}],"version-history":[{"count":1,"href":"https:\/\/netbakis.net\/tr\/wp-json\/wp\/v2\/posts\/29850\/revisions"}],"predecessor-version":[{"id":29851,"href":"https:\/\/netbakis.net\/tr\/wp-json\/wp\/v2\/posts\/29850\/revisions\/29851"}],"wp:featuredmedia":[{"embeddable":true,"href":"https:\/\/netbakis.net\/tr\/wp-json\/wp\/v2\/media\/9222"}],"wp:attachment":[{"href":"https:\/\/netbakis.net\/tr\/wp-json\/wp\/v2\/media?parent=29850"}],"wp:term":[{"taxonomy":"category","embeddable":true,"href":"https:\/\/netbakis.net\/tr\/wp-json\/wp\/v2\/categories?post=29850"},{"taxonomy":"post_tag","embeddable":true,"href":"https:\/\/netbakis.net\/tr\/wp-json\/wp\/v2\/tags?post=29850"}],"curies":[{"name":"wp","href":"https:\/\/api.w.org\/{rel}","templated":true}]}}