{"id":29754,"date":"2025-07-13T19:07:42","date_gmt":"2025-07-13T19:07:42","guid":{"rendered":"https:\/\/netbakis.net\/?p=29754"},"modified":"2025-07-13T19:07:44","modified_gmt":"2025-07-13T19:07:44","slug":"basbakan-ustel-terorsuz-turkiye-projesini-selamliyoruz","status":"publish","type":"post","link":"https:\/\/netbakis.net\/tr\/29754\/","title":{"rendered":"Ba\u015fbakan \u00dcstel: Ter\u00f6rs\u00fcz T\u00fcrkiye projesini selaml\u0131yoruz!"},"content":{"rendered":"<p>\u201cTer\u00f6rs\u00fcz T\u00fcrkiye\u201d ba\u015fl\u0131\u011f\u0131 alt\u0131nda ya\u015fanan geli\u015fmelerin T\u00fcrkiye\u2019nin hayr\u0131na oldu\u011funu ifade eden Ba\u015fbakan \u00dcnal \u00dcstel, T\u00fcrkiye\u2019nin hayr\u0131na olanlar\u0131n KKTC\u2019nin de hayr\u0131na oldu\u011funu vurgulad\u0131. \u00dcstel, ter\u00f6rle m\u00fccadelede T\u00fcrkiye\u2019nin geldi\u011fi a\u015famay\u0131 en i\u00e7ten ba\u015far\u0131 dilekleriyle selamlad\u0131.<br><br>Ba\u015fbakan \u00dcnal \u00dcstel, T\u00fcrkiye\u2019nin \u201cTer\u00f6rs\u00fcz T\u00fcrkiye\u201d yolunda emin ad\u0131mlarla ve kararl\u0131l\u0131kla ilerledi\u011fini, K\u0131br\u0131s T\u00fcrk halk\u0131 olarak bu s\u00fcreci heyecan, takdir ve mutlulukla takip ettiklerini belirtti.<\/p>\n\n\n\n<p>Mustafa Kemal Atat\u00fcrk \u00f6nderli\u011finde Kurtulu\u015f Sava\u015f\u0131 sonras\u0131 kurulan T\u00fcrkiye Cumhuriyeti\u2019nin hi\u00e7bir zaman rahat b\u0131rak\u0131lmad\u0131\u011f\u0131n\u0131 vurgulayan \u00dcstel, ta\u015feron ter\u00f6r \u00f6rg\u00fctleri arac\u0131l\u0131\u011f\u0131yla g\u00fc\u00e7l\u00fc T\u00fcrkiye\u2019nin yoluna ta\u015f koyulmak istendi\u011fini s\u00f6yledi. Kurulu\u015funu 102 y\u0131l \u00f6nce ger\u00e7ekle\u015ftiren T\u00fcrkiye Cumhuriyeti\u2019nin, aradan ge\u00e7en bir asra ra\u011fmen varolu\u015f m\u00fccadelesini s\u00fcrd\u00fcrmek zorunda kald\u0131\u011f\u0131n\u0131 ifade etti.<\/p>\n\n\n\n<p>&#8220;TER\u00d6R, HER NEREDE OLURSA OLSUN \u0130NSANLIK \u0130\u00c7\u0130N B\u00dcY\u00dcK B\u0130R TEHD\u0130TT\u0130R&#8221;<\/p>\n\n\n\n<p>PKK ter\u00f6r \u00f6rg\u00fct\u00fcn\u00fcn yar\u0131m asr\u0131 a\u015fk\u0131n s\u00fcredir T\u00fcrkiye\u2019de vatanda\u015flar aras\u0131ndaki birlik ve beraberli\u011fe maddi ve manevi b\u00fcy\u00fck zarar verdi\u011fini kaydeden \u00dcstel, T\u00fcrkiye Cumhurba\u015fkan\u0131 Recep Tayyip Erdo\u011fan liderli\u011findeki Cumhur \u0130ttifak\u0131\u2019n\u0131n uyum i\u00e7inde s\u00fcrd\u00fcrd\u00fc\u011f\u00fc \u201cTer\u00f6rs\u00fcz T\u00fcrkiye\u201d projesinin ba\u015far\u0131l\u0131 ilerleyi\u015fini K\u0131br\u0131s T\u00fcrk halk\u0131 ad\u0131na takdirle izlediklerini dile getirdi.<\/p>\n\n\n\n<p>Ter\u00f6r\u00fcn her nerede olursa olsun insanl\u0131k i\u00e7in b\u00fcy\u00fck bir tehdit oldu\u011funu s\u00f6yleyen \u00dcstel, ter\u00f6rle m\u00fccadelenin kolay olmad\u0131\u011f\u0131n\u0131, ancak zoru ba\u015fararak ter\u00f6r\u00fc yenmenin ve yok etmenin zorunlu oldu\u011funu vurgulad\u0131.<\/p>\n\n\n\n<p>T\u00fcrkiye\u2019de 1984\u2019te ilk ter\u00f6r eylemini ger\u00e7ekle\u015ftiren PKK\u2019ya kar\u015f\u0131 T\u00fcrk Silahl\u0131 Kuvvetlerinin g\u00fc\u00e7 kullan\u0131m\u0131yla ba\u015far\u0131l\u0131 m\u00fccadele edildi\u011fini belirten \u00dcstel, ge\u00e7mi\u015fte bar\u0131\u015f\u00e7\u0131l yollar\u0131n da denendi\u011fini ancak bug\u00fcn gelinen a\u015famaya ancak bu \u015fekilde ula\u015f\u0131labildi\u011fini kaydetti.<\/p>\n\n\n\n<p>PKK\u2019n\u0131n anla\u015fman\u0131n \u00fc\u00e7\u00fcnc\u00fc a\u015famas\u0131 olan silah b\u0131rakmaya uymas\u0131 ve bunu sembolik olarak silahlar\u0131 yakarak ba\u015flatmas\u0131n\u0131 dikkatle takip ettiklerini belirten \u00dcstel, Cumhurba\u015fkan\u0131 Erdo\u011fan\u2019\u0131n alt\u0131n\u0131 \u00e7izdi\u011fi gibi T\u00fcrkiye Cumhuriyeti devletinin bu noktaya pazarl\u0131ks\u0131z, al-ver yapmadan ve T\u00fcrk halk\u0131n\u0131n gururunu incitmeden geldi\u011fini s\u00f6yledi. B\u00f6yle bir anla\u015fman\u0131n ancak g\u00fc\u00e7l\u00fc devlet yap\u0131s\u0131yla m\u00fcmk\u00fcn olabilece\u011fini vurgulad\u0131.<\/p>\n\n\n\n<p>&#8220;KIBRIS RUM Y\u00d6NET\u0130M\u0130N\u0130N PKK&#8217;LI TER\u00d6R\u0130STLERE KUCAK A\u00c7TI\u011eINI UNUTMADIK, TER\u00d6R\u0130STE YARDIM EDEN TER\u00d6R\u0130ST\u0130N SU\u00c7 ORTA\u011eIDIR&#8221;<\/p>\n\n\n\n<p>T\u00fcrkiye\u2019nin bu ba\u015far\u0131 yolunda ilerlerken d\u00fcnyaya da \u00f6rnek olu\u015fturdu\u011funu ve \u201cT\u00fcrkiye \u015fimdi ter\u00f6r\u00fc bitiriyor\u201d ifadelerini kullanan \u00dcstel, K\u0131br\u0131s Rum Y\u00f6netimi\u2019nin PKK\u2019l\u0131 ter\u00f6ristlere kucak a\u00e7\u0131p e\u011fitim imkan\u0131 sundu\u011funu unutmadan, \u201cTer\u00f6riste yard\u0131m eden ter\u00f6ristin su\u00e7 orta\u011f\u0131d\u0131r\u201d dediklerini ve bu konuda yan\u0131lmad\u0131klar\u0131n\u0131 s\u00f6yledi.<\/p>\n\n\n\n<p>\u0130zolasyonlarla yaln\u0131z b\u0131rak\u0131lmak istenen K\u0131br\u0131s T\u00fcrk halk\u0131 ve KKTC\u2019nin dimdik yoluna devam etmesinde g\u00fc\u00e7l\u00fc T\u00fcrkiye\u2019nin etkisinin a\u00e7\u0131k oldu\u011funu belirten \u00dcstel, bundan rahats\u0131z olanlar\u0131n ya T\u00fcrkiye\u2019ye do\u011frudan zarar vermeyi denedi\u011fini ya da zarar verecek olanlara yard\u0131m etti\u011fini kaydetti. Rum Y\u00f6netimi\u2019nin yapt\u0131\u011f\u0131 \u015feyin de bunun bir \u00f6rne\u011fi oldu\u011funu s\u00f6yledi.<\/p>\n\n\n\n<p>&#8220;T\u00dcRK\u0130YE\u2019N\u0130N HAYRINA OLANLAR, KKTC\u2019N\u0130N DE HAYRINADIR&#8221;<\/p>\n\n\n\n<p>\u201cTer\u00f6rs\u00fcz T\u00fcrkiye\u201d ba\u015fl\u0131\u011f\u0131 alt\u0131nda ya\u015fanan geli\u015fmelerin T\u00fcrkiye\u2019nin hayr\u0131na oldu\u011funu ifade eden \u00dcstel, T\u00fcrkiye\u2019nin hayr\u0131na olanlar\u0131n KKTC\u2019nin de hayr\u0131na oldu\u011funu vurgulad\u0131.<\/p>\n\n\n\n<p>Son olarak, ter\u00f6rle m\u00fccadelede T\u00fcrkiye\u2019nin geldi\u011fi a\u015famay\u0131 en i\u00e7ten ba\u015far\u0131 dilekleriyle bir kez daha selamlayan \u00dcnal \u00dcstel, a\u00e7\u0131klamas\u0131n\u0131 tamamlad\u0131.<\/p>","protected":false},"excerpt":{"rendered":"<p>\u201cTer\u00f6rs\u00fcz T\u00fcrkiye\u201d ba\u015fl\u0131\u011f\u0131 alt\u0131nda ya\u015fanan geli\u015fmelerin T\u00fcrkiye\u2019nin hayr\u0131na oldu\u011funu ifade eden Ba\u015fbakan \u00dcnal \u00dcstel, T\u00fcrkiye\u2019nin hayr\u0131na olanlar\u0131n KKTC\u2019nin de hayr\u0131na oldu\u011funu vurgulad\u0131. \u00dcstel, ter\u00f6rle m\u00fccadelede T\u00fcrkiye\u2019nin geldi\u011fi a\u015famay\u0131 en i\u00e7ten ba\u015far\u0131 dilekleriyle selamlad\u0131. Ba\u015fbakan \u00dcnal \u00dcstel, T\u00fcrkiye\u2019nin \u201cTer\u00f6rs\u00fcz T\u00fcrkiye\u201d yolunda emin ad\u0131mlarla ve kararl\u0131l\u0131kla ilerledi\u011fini, K\u0131br\u0131s T\u00fcrk halk\u0131 olarak bu s\u00fcreci heyecan, takdir ve mutlulukla [&hellip;]<\/p>","protected":false},"author":1,"featured_media":28019,"comment_status":"open","ping_status":"open","sticky":false,"template":"","format":"standard","meta":{"om_disable_all_campaigns":false,"_monsterinsights_skip_tracking":false,"_monsterinsights_sitenote_active":false,"_monsterinsights_sitenote_note":"","_monsterinsights_sitenote_category":0,"_uf_show_specific_survey":0,"_uf_disable_surveys":false,"footnotes":"","jetpack_publicize_message":"","jetpack_publicize_feature_enabled":true,"jetpack_social_post_already_shared":false,"jetpack_social_options":{"image_generator_settings":{"template":"highway","default_image_id":0,"font":"","enabled":false},"version":2}},"categories":[81],"tags":[],"class_list":{"0":"post-29754","1":"post","2":"type-post","3":"status-publish","4":"format-standard","5":"has-post-thumbnail","7":"category-gundem"},"yoast_head":"<!-- This site is optimized with the Yoast SEO plugin v23.8 - https:\/\/yoast.com\/wordpress\/plugins\/seo\/ -->\n<title>Ba\u015fbakan \u00dcstel: Ter\u00f6rs\u00fcz T\u00fcrkiye projesini selaml\u0131yoruz! - NETBAKIS<\/title>\n<meta name=\"robots\" content=\"index, follow, max-snippet:-1, max-image-preview:large, max-video-preview:-1\" \/>\n<link rel=\"canonical\" href=\"https:\/\/netbakis.net\/tr\/29754\/\" \/>\n<meta property=\"og:locale\" content=\"tr_TR\" \/>\n<meta property=\"og:type\" content=\"article\" \/>\n<meta property=\"og:title\" content=\"Ba\u015fbakan \u00dcstel: Ter\u00f6rs\u00fcz T\u00fcrkiye projesini selaml\u0131yoruz! - NETBAKIS\" \/>\n<meta property=\"og:description\" content=\"\u201cTer\u00f6rs\u00fcz T\u00fcrkiye\u201d ba\u015fl\u0131\u011f\u0131 alt\u0131nda ya\u015fanan geli\u015fmelerin T\u00fcrkiye\u2019nin hayr\u0131na oldu\u011funu ifade eden Ba\u015fbakan \u00dcnal \u00dcstel, T\u00fcrkiye\u2019nin hayr\u0131na olanlar\u0131n KKTC\u2019nin de hayr\u0131na oldu\u011funu vurgulad\u0131. \u00dcstel, ter\u00f6rle m\u00fccadelede T\u00fcrkiye\u2019nin geldi\u011fi a\u015famay\u0131 en i\u00e7ten ba\u015far\u0131 dilekleriyle selamlad\u0131. Ba\u015fbakan \u00dcnal \u00dcstel, T\u00fcrkiye\u2019nin \u201cTer\u00f6rs\u00fcz T\u00fcrkiye\u201d yolunda emin ad\u0131mlarla ve kararl\u0131l\u0131kla ilerledi\u011fini, K\u0131br\u0131s T\u00fcrk halk\u0131 olarak bu s\u00fcreci heyecan, takdir ve mutlulukla [&hellip;]\" \/>\n<meta property=\"og:url\" content=\"https:\/\/netbakis.net\/tr\/29754\/\" \/>\n<meta property=\"og:site_name\" content=\"NETBAKIS\" \/>\n<meta property=\"article:published_time\" content=\"2025-07-13T19:07:42+00:00\" \/>\n<meta property=\"article:modified_time\" content=\"2025-07-13T19:07:44+00:00\" \/>\n<meta property=\"og:image\" content=\"https:\/\/netbakis.net\/wp-content\/uploads\/2025\/05\/v2adsztasarm5_1748433771.webp\" \/>\n\t<meta property=\"og:image:width\" content=\"971\" \/>\n\t<meta property=\"og:image:height\" content=\"551\" \/>\n\t<meta property=\"og:image:type\" content=\"image\/webp\" \/>\n<meta name=\"author\" content=\"netbakis.net\" \/>\n<meta name=\"twitter:card\" content=\"summary_large_image\" \/>\n<meta name=\"twitter:label1\" content=\"Yazan:\" \/>\n\t<meta name=\"twitter:data1\" content=\"netbakis.net\" \/>\n\t<meta name=\"twitter:label2\" content=\"Tahmini okuma s\u00fcresi\" \/>\n\t<meta name=\"twitter:data2\" content=\"2 dakika\" \/>\n<script type=\"application\/ld+json\" class=\"yoast-schema-graph\">{\"@context\":\"https:\/\/schema.org\",\"@graph\":[{\"@type\":\"WebPage\",\"@id\":\"https:\/\/netbakis.net\/29754\/\",\"url\":\"https:\/\/netbakis.net\/29754\/\",\"name\":\"Ba\u015fbakan \u00dcstel: Ter\u00f6rs\u00fcz T\u00fcrkiye projesini selaml\u0131yoruz! - NETBAKIS\",\"isPartOf\":{\"@id\":\"https:\/\/netbakis.net\/#website\"},\"primaryImageOfPage\":{\"@id\":\"https:\/\/netbakis.net\/29754\/#primaryimage\"},\"image\":{\"@id\":\"https:\/\/netbakis.net\/29754\/#primaryimage\"},\"thumbnailUrl\":\"https:\/\/netbakis.net\/wp-content\/uploads\/2025\/05\/v2adsztasarm5_1748433771.webp\",\"datePublished\":\"2025-07-13T19:07:42+00:00\",\"dateModified\":\"2025-07-13T19:07:44+00:00\",\"author\":{\"@id\":\"https:\/\/netbakis.net\/#\/schema\/person\/5d9b5c3f48ca4a3c69967d619fc8c7f4\"},\"breadcrumb\":{\"@id\":\"https:\/\/netbakis.net\/29754\/#breadcrumb\"},\"inLanguage\":\"tr\",\"potentialAction\":[{\"@type\":\"ReadAction\",\"target\":[\"https:\/\/netbakis.net\/29754\/\"]}]},{\"@type\":\"ImageObject\",\"inLanguage\":\"tr\",\"@id\":\"https:\/\/netbakis.net\/29754\/#primaryimage\",\"url\":\"https:\/\/netbakis.net\/wp-content\/uploads\/2025\/05\/v2adsztasarm5_1748433771.webp\",\"contentUrl\":\"https:\/\/netbakis.net\/wp-content\/uploads\/2025\/05\/v2adsztasarm5_1748433771.webp\",\"width\":971,\"height\":551},{\"@type\":\"BreadcrumbList\",\"@id\":\"https:\/\/netbakis.net\/29754\/#breadcrumb\",\"itemListElement\":[{\"@type\":\"ListItem\",\"position\":1,\"name\":\"Home\",\"item\":\"https:\/\/netbakis.net\/\"},{\"@type\":\"ListItem\",\"position\":2,\"name\":\"Ba\u015fbakan \u00dcstel: Ter\u00f6rs\u00fcz T\u00fcrkiye projesini selaml\u0131yoruz!\"}]},{\"@type\":\"WebSite\",\"@id\":\"https:\/\/netbakis.net\/#website\",\"url\":\"https:\/\/netbakis.net\/\",\"name\":\"NETBAKIS\",\"description\":\"SON DAKIKA\",\"potentialAction\":[{\"@type\":\"SearchAction\",\"target\":{\"@type\":\"EntryPoint\",\"urlTemplate\":\"https:\/\/netbakis.net\/?s={search_term_string}\"},\"query-input\":{\"@type\":\"PropertyValueSpecification\",\"valueRequired\":true,\"valueName\":\"search_term_string\"}}],\"inLanguage\":\"tr\"},{\"@type\":\"Person\",\"@id\":\"https:\/\/netbakis.net\/#\/schema\/person\/5d9b5c3f48ca4a3c69967d619fc8c7f4\",\"name\":\"netbakis.net\",\"image\":{\"@type\":\"ImageObject\",\"inLanguage\":\"tr\",\"@id\":\"https:\/\/netbakis.net\/#\/schema\/person\/image\/\",\"url\":\"https:\/\/secure.gravatar.com\/avatar\/4ddeae49d2d3e3568a8d5b0937642efdf0b72468dbe3f213bc1978faa47af0d1?s=96&d=wp_user_avatar&r=g\",\"contentUrl\":\"https:\/\/secure.gravatar.com\/avatar\/4ddeae49d2d3e3568a8d5b0937642efdf0b72468dbe3f213bc1978faa47af0d1?s=96&d=wp_user_avatar&r=g\",\"caption\":\"netbakis.net\"},\"sameAs\":[\"https:\/\/netbakis.net\"],\"url\":\"https:\/\/netbakis.net\/tr\/author\/netbakis-net\/\"}]}<\/script>\n<!-- \/ Yoast SEO plugin. -->","yoast_head_json":{"title":"Ba\u015fbakan \u00dcstel: Ter\u00f6rs\u00fcz T\u00fcrkiye projesini selaml\u0131yoruz! - NETBAKIS","robots":{"index":"index","follow":"follow","max-snippet":"max-snippet:-1","max-image-preview":"max-image-preview:large","max-video-preview":"max-video-preview:-1"},"canonical":"https:\/\/netbakis.net\/tr\/29754\/","og_locale":"tr_TR","og_type":"article","og_title":"Ba\u015fbakan \u00dcstel: Ter\u00f6rs\u00fcz T\u00fcrkiye projesini selaml\u0131yoruz! - NETBAKIS","og_description":"\u201cTer\u00f6rs\u00fcz T\u00fcrkiye\u201d ba\u015fl\u0131\u011f\u0131 alt\u0131nda ya\u015fanan geli\u015fmelerin T\u00fcrkiye\u2019nin hayr\u0131na oldu\u011funu ifade eden Ba\u015fbakan \u00dcnal \u00dcstel, T\u00fcrkiye\u2019nin hayr\u0131na olanlar\u0131n KKTC\u2019nin de hayr\u0131na oldu\u011funu vurgulad\u0131. \u00dcstel, ter\u00f6rle m\u00fccadelede T\u00fcrkiye\u2019nin geldi\u011fi a\u015famay\u0131 en i\u00e7ten ba\u015far\u0131 dilekleriyle selamlad\u0131. Ba\u015fbakan \u00dcnal \u00dcstel, T\u00fcrkiye\u2019nin \u201cTer\u00f6rs\u00fcz T\u00fcrkiye\u201d yolunda emin ad\u0131mlarla ve kararl\u0131l\u0131kla ilerledi\u011fini, K\u0131br\u0131s T\u00fcrk halk\u0131 olarak bu s\u00fcreci heyecan, takdir ve mutlulukla [&hellip;]","og_url":"https:\/\/netbakis.net\/tr\/29754\/","og_site_name":"NETBAKIS","article_published_time":"2025-07-13T19:07:42+00:00","article_modified_time":"2025-07-13T19:07:44+00:00","og_image":[{"width":971,"height":551,"url":"https:\/\/netbakis.net\/wp-content\/uploads\/2025\/05\/v2adsztasarm5_1748433771.webp","type":"image\/webp"}],"author":"netbakis.net","twitter_card":"summary_large_image","twitter_misc":{"Yazan:":"netbakis.net","Tahmini okuma s\u00fcresi":"2 dakika"},"schema":{"@context":"https:\/\/schema.org","@graph":[{"@type":"WebPage","@id":"https:\/\/netbakis.net\/29754\/","url":"https:\/\/netbakis.net\/29754\/","name":"Ba\u015fbakan \u00dcstel: Ter\u00f6rs\u00fcz T\u00fcrkiye projesini selaml\u0131yoruz! - NETBAKIS","isPartOf":{"@id":"https:\/\/netbakis.net\/#website"},"primaryImageOfPage":{"@id":"https:\/\/netbakis.net\/29754\/#primaryimage"},"image":{"@id":"https:\/\/netbakis.net\/29754\/#primaryimage"},"thumbnailUrl":"https:\/\/netbakis.net\/wp-content\/uploads\/2025\/05\/v2adsztasarm5_1748433771.webp","datePublished":"2025-07-13T19:07:42+00:00","dateModified":"2025-07-13T19:07:44+00:00","author":{"@id":"https:\/\/netbakis.net\/#\/schema\/person\/5d9b5c3f48ca4a3c69967d619fc8c7f4"},"breadcrumb":{"@id":"https:\/\/netbakis.net\/29754\/#breadcrumb"},"inLanguage":"tr","potentialAction":[{"@type":"ReadAction","target":["https:\/\/netbakis.net\/29754\/"]}]},{"@type":"ImageObject","inLanguage":"tr","@id":"https:\/\/netbakis.net\/29754\/#primaryimage","url":"https:\/\/netbakis.net\/wp-content\/uploads\/2025\/05\/v2adsztasarm5_1748433771.webp","contentUrl":"https:\/\/netbakis.net\/wp-content\/uploads\/2025\/05\/v2adsztasarm5_1748433771.webp","width":971,"height":551},{"@type":"BreadcrumbList","@id":"https:\/\/netbakis.net\/29754\/#breadcrumb","itemListElement":[{"@type":"ListItem","position":1,"name":"Home","item":"https:\/\/netbakis.net\/"},{"@type":"ListItem","position":2,"name":"Ba\u015fbakan \u00dcstel: Ter\u00f6rs\u00fcz T\u00fcrkiye projesini selaml\u0131yoruz!"}]},{"@type":"WebSite","@id":"https:\/\/netbakis.net\/#website","url":"https:\/\/netbakis.net\/","name":"NETBAKIS","description":"SON DAKIKA","potentialAction":[{"@type":"SearchAction","target":{"@type":"EntryPoint","urlTemplate":"https:\/\/netbakis.net\/?s={search_term_string}"},"query-input":{"@type":"PropertyValueSpecification","valueRequired":true,"valueName":"search_term_string"}}],"inLanguage":"tr"},{"@type":"Person","@id":"https:\/\/netbakis.net\/#\/schema\/person\/5d9b5c3f48ca4a3c69967d619fc8c7f4","name":"netbakis.net","image":{"@type":"ImageObject","inLanguage":"tr","@id":"https:\/\/netbakis.net\/#\/schema\/person\/image\/","url":"https:\/\/secure.gravatar.com\/avatar\/4ddeae49d2d3e3568a8d5b0937642efdf0b72468dbe3f213bc1978faa47af0d1?s=96&d=wp_user_avatar&r=g","contentUrl":"https:\/\/secure.gravatar.com\/avatar\/4ddeae49d2d3e3568a8d5b0937642efdf0b72468dbe3f213bc1978faa47af0d1?s=96&d=wp_user_avatar&r=g","caption":"netbakis.net"},"sameAs":["https:\/\/netbakis.net"],"url":"https:\/\/netbakis.net\/tr\/author\/netbakis-net\/"}]}},"jetpack_publicize_connections":[],"_links":{"self":[{"href":"https:\/\/netbakis.net\/tr\/wp-json\/wp\/v2\/posts\/29754","targetHints":{"allow":["GET"]}}],"collection":[{"href":"https:\/\/netbakis.net\/tr\/wp-json\/wp\/v2\/posts"}],"about":[{"href":"https:\/\/netbakis.net\/tr\/wp-json\/wp\/v2\/types\/post"}],"author":[{"embeddable":true,"href":"https:\/\/netbakis.net\/tr\/wp-json\/wp\/v2\/users\/1"}],"replies":[{"embeddable":true,"href":"https:\/\/netbakis.net\/tr\/wp-json\/wp\/v2\/comments?post=29754"}],"version-history":[{"count":1,"href":"https:\/\/netbakis.net\/tr\/wp-json\/wp\/v2\/posts\/29754\/revisions"}],"predecessor-version":[{"id":29755,"href":"https:\/\/netbakis.net\/tr\/wp-json\/wp\/v2\/posts\/29754\/revisions\/29755"}],"wp:featuredmedia":[{"embeddable":true,"href":"https:\/\/netbakis.net\/tr\/wp-json\/wp\/v2\/media\/28019"}],"wp:attachment":[{"href":"https:\/\/netbakis.net\/tr\/wp-json\/wp\/v2\/media?parent=29754"}],"wp:term":[{"taxonomy":"category","embeddable":true,"href":"https:\/\/netbakis.net\/tr\/wp-json\/wp\/v2\/categories?post=29754"},{"taxonomy":"post_tag","embeddable":true,"href":"https:\/\/netbakis.net\/tr\/wp-json\/wp\/v2\/tags?post=29754"}],"curies":[{"name":"wp","href":"https:\/\/api.w.org\/{rel}","templated":true}]}}