{"id":29572,"date":"2025-07-07T15:39:17","date_gmt":"2025-07-07T15:39:17","guid":{"rendered":"https:\/\/netbakis.net\/?p=29572"},"modified":"2025-07-07T15:39:17","modified_gmt":"2025-07-07T15:39:17","slug":"ada-kibris-projesi-kapsaminda-ulasimda-ilk-adim-ajetin-turkiye-kktc-seferleri-6-bin-tlyi-asmayacak","status":"publish","type":"post","link":"https:\/\/netbakis.net\/tr\/29572\/","title":{"rendered":"Ada K\u0131br\u0131s Projesi kapsam\u0131nda ula\u015f\u0131mda ilk ad\u0131m: AJet\u2019in T\u00fcrkiye-KKTC seferleri 6 bin TL\u2019yi a\u015fmayacak"},"content":{"rendered":"<p>THY ve A Jet&#8217;le &#8220;Ada K\u0131br\u0131s&#8221; Projesi kapsam\u0131nda bilet \u00fccretlerinin d\u00fc\u015f\u00fcr\u00fclmesi i\u00e7in i\u015f birli\u011fi protokol\u00fc imzaland\u0131. Protokol kapsam\u0131nda AJet\u2019in T\u00fcrkiye-KKTC seferleri 6 bin TL\u2019yi a\u015fmayacak fiyatlarla ger\u00e7ekle\u015ftirilecek ve T\u00fcrkiye\u2019nin b\u00fcy\u00fck \u015fehirlerine d\u00fczenli shuttle u\u00e7u\u015flar olacak.<br><br>KKTC, T\u00fcrk Hava Yollar\u0131 (THY) ve A Jet aras\u0131nda &#8220;Ada K\u0131br\u0131s&#8221; projesi kapsam\u0131nda bilet \u00fccretlerinin d\u00fc\u015f\u00fcr\u00fclmesi ve yeni u\u00e7u\u015f d\u00fczenlemelerini i\u00e7eren i\u015f birli\u011fi protokol\u00fc imzaland\u0131.<\/p>\n\n\n\n<p>Protokol uyar\u0131nca, AJet\u2019in T\u00fcrkiye-KKTC seferleri 6 bin TL\u2019yi a\u015fmayacak fiyatlarla ger\u00e7ekle\u015ftirilecek ve T\u00fcrkiye\u2019nin b\u00fcy\u00fck \u015fehirlerine d\u00fczenli shuttle u\u00e7u\u015flar\u0131 yap\u0131lacak.<\/p>\n\n\n\n<p>Proje kapsam\u0131nda ayr\u0131ca 26 Temmuz\u2019da Londra\u2019da yap\u0131lacak lansman\u0131n ard\u0131ndan Londra (Stansted)\u2013Ercan aras\u0131nda gidi\u015f-d\u00f6n\u00fc\u015f bilet fiyat\u0131 250 euro olacak.<\/p>\n\n\n\n<p>Cumhurba\u015fkanl\u0131\u011f\u0131 Beyaz Salon\u2019da d\u00fczenlenen t\u00f6renle imzalanan protokole Cumhurba\u015fkan\u0131 Ersin Tatar\u2019\u0131n huzurunda Ba\u015fbakan \u00dcnal \u00dcstel ile THY Y\u00f6netim Kurulu ve \u0130cra Komitesi Ba\u015fkan\u0131 Ahmet Bolat imza koydu.<\/p>\n\n\n\n<p>T\u00f6rene Cumhurba\u015fkan\u0131 Ersin Tatar, Cumhuriyet Meclisi Ba\u015fkan\u0131 Ziya \u00d6zt\u00fcrkler, Ba\u015fbakan \u00dcnal \u00dcstel, bakanlar, THY Y\u00f6netim Kurulu ve \u0130cra Komitesi Ba\u015fkan\u0131 Ahmet Bolat, THY ve AJet yetkilileri, turizm ve ticaret sekt\u00f6r\u00fc temsilcileri ile \u00e7ok say\u0131da bas\u0131n mensubu kat\u0131ld\u0131.<\/p>\n\n\n\n<p>TATAR: PROJE KKTC \u0130\u00c7\u0130N \u00d6NEML\u0130 B\u0130R ADIM<\/p>\n\n\n\n<p>Cumhurba\u015fkan\u0131 Ersin Tatar, t\u00f6rende yapt\u0131\u011f\u0131 konu\u015fmada, projenin KKTC i\u00e7in \u00f6nemli bir ad\u0131m oldu\u011funu belirterek Ba\u015fbakan \u00dcnal \u00dcstel\u2019e, h\u00fck\u00fcmete, T\u00fcrk Hava Yollar\u0131\u2019na ve AJet\u2019e te\u015fekk\u00fcr etti.<\/p>\n\n\n\n<p>KKTC\u2019nin havac\u0131l\u0131k ve turizm ge\u00e7mi\u015fine de\u011finen Tatar, K\u0131br\u0131s T\u00fcrk Hava Yollar\u0131\u2019n\u0131n kurulmas\u0131ndan Asil Nadir d\u00f6nemindeki giri\u015fimlere kadar ya\u015fanan deneyimlerin \u00fclkenin havac\u0131l\u0131k tecr\u00fcbesini zenginle\u015ftirdi\u011fini s\u00f6yledi.<\/p>\n\n\n\n<ul class=\"wp-block-list\">\n<li>\u201cBug\u00fcn, turizmde rekabet g\u00fcc\u00fcn\u00fc art\u0131racak yat\u0131r\u0131mlar a\u00e7\u0131s\u0131ndan tarihi bir g\u00fcn\u201d<\/li>\n<\/ul>\n\n\n\n<p>Bug\u00fcn\u00fcn, turizmde rekabet g\u00fcc\u00fcn\u00fc art\u0131racak yat\u0131r\u0131mlar a\u00e7\u0131s\u0131ndan tarihi bir g\u00fcn oldu\u011funu vurgulayan Tatar, KKTC\u2019nin son y\u0131llarda yap\u0131lan yat\u0131r\u0131mlar ve projelerle cazibesini art\u0131rd\u0131\u011f\u0131n\u0131 ifade etti.<\/p>\n\n\n\n<p>\u201c\u00d6NG\u00d6R\u00dcLEN YOLCU VE U\u00c7U\u015e SAYILARI \u00d6NEML\u0130 B\u0130R B\u00dcY\u00dcMEYE \u0130\u015eARET ED\u0130YOR\u201d<\/p>\n\n\n\n<p>Ercan Havaliman\u0131\u2019ndaki yeni terminal yat\u0131r\u0131m\u0131 sayesinde u\u00e7u\u015f ve yolcu trafi\u011finde ciddi art\u0131\u015flar ya\u015fand\u0131\u011f\u0131n\u0131 belirten Tatar, 2025 y\u0131l\u0131 i\u00e7in \u00f6ng\u00f6r\u00fclen yolcu ve u\u00e7u\u015f say\u0131lar\u0131n\u0131n \u00f6nemli bir b\u00fcy\u00fcmeye i\u015faret etti\u011fini s\u00f6yledi.<\/p>\n\n\n\n<p>Tatar, \u0130stanbul Havaliman\u0131\u2019n\u0131n k\u00fcresel \u00f6l\u00e7ekte bir merkez haline geldi\u011fini ve KKTC\u2019nin bu ba\u011flant\u0131lardan yararland\u0131\u011f\u0131n\u0131 dile getirerek, uluslararas\u0131 alanda KKTC\u2019nin g\u00f6r\u00fcn\u00fcrl\u00fc\u011f\u00fcn\u00fc art\u0131racak bu t\u00fcr projelerin \u00f6nemine dikkat \u00e7ekti.<\/p>\n\n\n\n<p>\u0130ngiltere\u2019den do\u011frudan u\u00e7u\u015flara y\u00f6nelik uzun s\u00fcredir verilen m\u00fccadeleye dikkat \u00e7eken Tatar, bu y\u00f6nde diplomatik temaslar\u0131n s\u00fcrd\u00fc\u011f\u00fcn\u00fc ve direkt u\u00e7u\u015f ile ticaretin insan haklar\u0131 a\u00e7\u0131s\u0131ndan bir zorunluluk oldu\u011funu vurgulad\u0131.<\/p>\n\n\n\n<p>\u201cD\u0130REKT U\u00c7U\u015e, D\u0130REKT T\u0130CARET VE D\u0130REKT TEMAS KKTC\u2019N\u0130N RESM\u0130 POL\u0130T\u0130KASIDIR\u201d<\/p>\n\n\n\n<p>\u201cDirekt u\u00e7u\u015f, direkt ticaret ve direkt temas\u201d hedeflerinin KKTC\u2019nin resmi politikas\u0131 oldu\u011funu belirten Tatar, kar\u015f\u0131 taraf\u0131n federal bir yap\u0131 dayatmaya \u00e7al\u0131\u015ft\u0131\u011f\u0131n\u0131 ve bunun KKTC\u2019nin g\u00fcvenli\u011fini tehlikeye ataca\u011f\u0131n\u0131 s\u00f6yledi.<\/p>\n\n\n\n<p>Ada K\u0131br\u0131s projesinin bu ba\u011flamda KKTC\u2019ye moral ve heyecan verdi\u011fini ifade eden Tatar, T\u00fcrkiye Cumhuriyeti\u2019nin deste\u011fine te\u015fekk\u00fcr ederek projenin hay\u0131rl\u0131 olmas\u0131n\u0131 diledi ve eme\u011fi ge\u00e7en herkese te\u015fekk\u00fcr etti.<\/p>\n\n\n\n<p>\u00dcSTEL: UZUN S\u00dcRED\u0130R HAYAL\u0130 KURULAN B\u0130R PROJEY\u0130 GER\u00c7E\u011eE D\u00d6N\u00dc\u015eT\u00dcRMEKTEN MEMNUN\u0130YET DUYUYORUZ<\/p>\n\n\n\n<p>Ba\u015fbakan \u00dcnal \u00dcstel ise konu\u015fmas\u0131nda uzun s\u00fcredir hayali kurulan bir projeyi ger\u00e7e\u011fe d\u00f6n\u00fc\u015ft\u00fcrmekten duydu\u011fu memnuniyeti dile getirdi. \u00dcstel, \u201cBug\u00fcn \u00f6nemli bir ad\u0131m at\u0131yoruz. K\u0131br\u0131s T\u00fcrk\u00fc ge\u00e7mi\u015fte b\u00fcy\u00fck bask\u0131 ve ambargolar alt\u0131nda varolu\u015f m\u00fccadelesi verdi. 1974 Mutlu Bar\u0131\u015f Harek\u00e2t\u0131\u2019yla \u00f6zg\u00fcrl\u00fc\u011f\u00fcne kavu\u015ftu ve o g\u00fcnden bu yana Anavatan T\u00fcrkiye\u2019nin deste\u011fiyle yoluna devam etti\u201d dedi.<\/p>\n\n\n\n<p>\u201cM\u00dcCADELEY\u0130 BIRAKMADIK\u201d<\/p>\n\n\n\n<p>Rum taraf\u0131n\u0131n uzun y\u0131llard\u0131r KKTC\u2019nin turizmini, e\u011fitimini ve ekonomisini bask\u0131 alt\u0131nda tutmak i\u00e7in her t\u00fcrl\u00fc engeli \u00e7\u0131kard\u0131\u011f\u0131n\u0131 belirten \u00dcstel, buna ra\u011fmen i\u015f insanlar\u0131n\u0131n, turizmcilerin, sanayicilerin ve halk\u0131n m\u00fccadeleyi b\u0131rakmad\u0131\u011f\u0131n\u0131 s\u00f6yledi.<\/p>\n\n\n\n<p>D\u00fcnya kamuoyunun K\u0131br\u0131s T\u00fcrk\u00fc\u2019n\u00fcn u\u011frad\u0131\u011f\u0131 bask\u0131 ve haks\u0131zl\u0131klara sessiz kald\u0131\u011f\u0131n\u0131 ifade eden \u00dcstel, \u201cBug\u00fcn de benzer \u015fekilde uluslararas\u0131 kurulu\u015flar Gazze\u2019de ya\u015fananlara kar\u015f\u0131 sessiz. Biz bunlar\u0131n hepsini ya\u015fad\u0131k. H\u00e2l\u00e2 ambargolarla, sporda gen\u00e7lerimizin ve turizmde insan\u0131m\u0131z\u0131n ma\u011fdur ediliyor\u201d dedi.<\/p>\n\n\n\n<p>\u0130ngiltere pazar\u0131n\u0131n KKTC i\u00e7in \u00f6nemli oldu\u011funa i\u015faret eden \u00dcstel, Avrupa\u2019dan KKTC\u2019ye gelen yolcular\u0131n \u0130stanbul, Ankara veya \u0130zmir\u2019de aktarma yapmak zorunda kalmas\u0131n\u0131n maliyet ve zaman a\u00e7\u0131s\u0131ndan dezavantaj yaratt\u0131\u011f\u0131n\u0131 s\u00f6yledi.<\/p>\n\n\n\n<p>\u201cKIBRISLI T\u00dcRKLER\u0130 VATANLARINA DAHA KOLAY ULA\u015eTIRACA\u011eIZ\u201d<\/p>\n\n\n\n<p>\u00dcstel, 26 Temmuz\u2019da Londra\u2019da yap\u0131lacak lansmanla birlikte Londra (Stansted)\u2013Ercan hatt\u0131nda g\u00fcnde \u00fc\u00e7 AJet seferi d\u00fczenlenece\u011fini ve bilet fiyat\u0131n\u0131n 250 euro olaca\u011f\u0131n\u0131 a\u00e7\u0131klayarak, b\u00f6ylece K\u0131br\u0131sl\u0131 T\u00fcrklerin vatanlar\u0131na daha kolay ula\u015faca\u011f\u0131n\u0131 ve \u0130ngiliz turistlerin yeniden KKTC\u2019yi tercih etmesinin sa\u011flanaca\u011f\u0131n\u0131 vurgulad\u0131.<\/p>\n\n\n\n<p>\u0130STANBUL\u2013ERCAN HATTINDA 6 B\u0130N TL \u00dcST SINIRI<\/p>\n\n\n\n<p>\u0130stanbul\u2013Ercan hatt\u0131nda da AJet markas\u0131yla ger\u00e7ekle\u015ftirilecek seferlerin 6 bin TL\u2019yi a\u015fmayan fiyatlarla yap\u0131laca\u011f\u0131n\u0131 belirten \u00dcstel, \u201cMaksimum \u00fcst s\u0131n\u0131r 6 bin TL olacak. U\u00e7aklar Ada K\u0131br\u0131s logosuyla hizmet vermeye ba\u015flayacak\u201d dedi.<\/p>\n\n\n\n<p>Bu fiyat politikas\u0131n\u0131n turizmin geli\u015fmesine katk\u0131 sa\u011flayaca\u011f\u0131n\u0131 belirten \u00dcstel, sat\u0131\u015flar\u0131n mevcut ofislerden s\u00fcrd\u00fcr\u00fclece\u011fini ifade etti.<\/p>\n\n\n\n<p>Di\u011fer hava yollar\u0131n\u0131n kendi fiyat ve sefer planlamalar\u0131n\u0131 yapaca\u011f\u0131n\u0131 da belirten \u00dcstel, 26 Temmuz\u2019daki Londra lansman\u0131n\u0131n ard\u0131ndan \u0130ngiltere-KKTC seferlerinin ba\u015flayaca\u011f\u0131n\u0131 ve bu projenin \u00fclke ekonomisini ve turizm gelirlerini b\u00fcy\u00fctmek i\u00e7in \u00f6nemli bir ad\u0131m olaca\u011f\u0131n\u0131 vurgulad\u0131.<\/p>\n\n\n\n<p>\u00dcSTEL\u2019DEN PROJEYE KATKI KOYANLARA TE\u015eEKK\u00dcR<\/p>\n\n\n\n<p>\u00dcstel, konu\u015fmas\u0131n\u0131n sonunda projeye katk\u0131 koyan T\u00fcrkiye Cumhurba\u015fkan\u0131 Recep Tayyip Erdo\u011fan\u2019a, Cumhurba\u015fkan\u0131 Yard\u0131mc\u0131s\u0131 Cevdet Y\u0131lmaz\u2019a, TC K\u00fclt\u00fcr ve Turizm Bakan\u0131 Mehmet Ersoy\u2019a, THY Y\u00f6netim Kurulu Ba\u015fkan\u0131 Ahmet Bolat\u2019a, Bay\u0131nd\u0131rl\u0131k ve Ula\u015ft\u0131rma Bakan\u0131 Erhan Ar\u0131kl\u0131\u2019ya, Ba\u015fbakan Yard\u0131mc\u0131s\u0131, Turizm, K\u00fclt\u00fcr, Gen\u00e7lik ve \u00c7evre Bakan\u0131 Fikri Atao\u011flu\u2019na ve eme\u011fi ge\u00e7en t\u00fcm i\u015f insanlar\u0131na te\u015fekk\u00fcr ederek projenin \u00fclkeye hay\u0131rl\u0131 olmas\u0131n\u0131 temenni etti.<\/p>\n\n\n\n<p>T\u00f6ren, protokole imzalar\u0131n at\u0131lmas\u0131 ve aile foto\u011fraf\u0131 \u00e7ekimiyle sona erdi.<\/p>","protected":false},"excerpt":{"rendered":"<p>THY ve A Jet&#8217;le &#8220;Ada K\u0131br\u0131s&#8221; Projesi kapsam\u0131nda bilet \u00fccretlerinin d\u00fc\u015f\u00fcr\u00fclmesi i\u00e7in i\u015f birli\u011fi protokol\u00fc imzaland\u0131. Protokol kapsam\u0131nda AJet\u2019in T\u00fcrkiye-KKTC seferleri 6 bin TL\u2019yi a\u015fmayacak fiyatlarla ger\u00e7ekle\u015ftirilecek ve T\u00fcrkiye\u2019nin b\u00fcy\u00fck \u015fehirlerine d\u00fczenli shuttle u\u00e7u\u015flar olacak. KKTC, T\u00fcrk Hava Yollar\u0131 (THY) ve A Jet aras\u0131nda &#8220;Ada K\u0131br\u0131s&#8221; projesi kapsam\u0131nda bilet \u00fccretlerinin d\u00fc\u015f\u00fcr\u00fclmesi ve yeni u\u00e7u\u015f d\u00fczenlemelerini [&hellip;]<\/p>","protected":false},"author":1,"featured_media":29573,"comment_status":"open","ping_status":"open","sticky":false,"template":"","format":"standard","meta":{"om_disable_all_campaigns":false,"_monsterinsights_skip_tracking":false,"_monsterinsights_sitenote_active":false,"_monsterinsights_sitenote_note":"","_monsterinsights_sitenote_category":0,"_uf_show_specific_survey":0,"_uf_disable_surveys":false,"footnotes":"","jetpack_publicize_message":"","jetpack_publicize_feature_enabled":true,"jetpack_social_post_already_shared":false,"jetpack_social_options":{"image_generator_settings":{"template":"highway","default_image_id":0,"font":"","enabled":false},"version":2}},"categories":[81],"tags":[],"class_list":{"0":"post-29572","1":"post","2":"type-post","3":"status-publish","4":"format-standard","5":"has-post-thumbnail","7":"category-gundem"},"yoast_head":"<!-- This site is optimized with the Yoast SEO plugin v23.8 - https:\/\/yoast.com\/wordpress\/plugins\/seo\/ -->\n<title>Ada K\u0131br\u0131s Projesi kapsam\u0131nda ula\u015f\u0131mda ilk ad\u0131m: AJet\u2019in T\u00fcrkiye-KKTC seferleri 6 bin TL\u2019yi a\u015fmayacak - NETBAKIS<\/title>\n<meta name=\"robots\" content=\"index, follow, max-snippet:-1, max-image-preview:large, max-video-preview:-1\" \/>\n<link rel=\"canonical\" href=\"https:\/\/netbakis.net\/tr\/29572\/\" \/>\n<meta property=\"og:locale\" content=\"tr_TR\" \/>\n<meta property=\"og:type\" content=\"article\" \/>\n<meta property=\"og:title\" content=\"Ada K\u0131br\u0131s Projesi kapsam\u0131nda ula\u015f\u0131mda ilk ad\u0131m: AJet\u2019in T\u00fcrkiye-KKTC seferleri 6 bin TL\u2019yi a\u015fmayacak - NETBAKIS\" \/>\n<meta property=\"og:description\" content=\"THY ve A Jet&#8217;le &#8220;Ada K\u0131br\u0131s&#8221; Projesi kapsam\u0131nda bilet \u00fccretlerinin d\u00fc\u015f\u00fcr\u00fclmesi i\u00e7in i\u015f birli\u011fi protokol\u00fc imzaland\u0131. Protokol kapsam\u0131nda AJet\u2019in T\u00fcrkiye-KKTC seferleri 6 bin TL\u2019yi a\u015fmayacak fiyatlarla ger\u00e7ekle\u015ftirilecek ve T\u00fcrkiye\u2019nin b\u00fcy\u00fck \u015fehirlerine d\u00fczenli shuttle u\u00e7u\u015flar olacak. KKTC, T\u00fcrk Hava Yollar\u0131 (THY) ve A Jet aras\u0131nda &#8220;Ada K\u0131br\u0131s&#8221; projesi kapsam\u0131nda bilet \u00fccretlerinin d\u00fc\u015f\u00fcr\u00fclmesi ve yeni u\u00e7u\u015f d\u00fczenlemelerini [&hellip;]\" \/>\n<meta property=\"og:url\" content=\"https:\/\/netbakis.net\/tr\/29572\/\" \/>\n<meta property=\"og:site_name\" content=\"NETBAKIS\" \/>\n<meta property=\"article:published_time\" content=\"2025-07-07T15:39:17+00:00\" \/>\n<meta property=\"og:image\" content=\"https:\/\/netbakis.net\/wp-content\/uploads\/2025\/07\/v2yeniproje40_1751890307.webp\" \/>\n\t<meta property=\"og:image:width\" content=\"971\" \/>\n\t<meta property=\"og:image:height\" content=\"551\" \/>\n\t<meta property=\"og:image:type\" content=\"image\/webp\" \/>\n<meta name=\"author\" content=\"netbakis.net\" \/>\n<meta name=\"twitter:card\" content=\"summary_large_image\" \/>\n<meta name=\"twitter:label1\" content=\"Yazan:\" \/>\n\t<meta name=\"twitter:data1\" content=\"netbakis.net\" \/>\n\t<meta name=\"twitter:label2\" content=\"Tahmini okuma s\u00fcresi\" \/>\n\t<meta name=\"twitter:data2\" content=\"1 dakika\" \/>\n<script type=\"application\/ld+json\" class=\"yoast-schema-graph\">{\"@context\":\"https:\/\/schema.org\",\"@graph\":[{\"@type\":\"WebPage\",\"@id\":\"https:\/\/netbakis.net\/29572\/\",\"url\":\"https:\/\/netbakis.net\/29572\/\",\"name\":\"Ada K\u0131br\u0131s Projesi kapsam\u0131nda ula\u015f\u0131mda ilk ad\u0131m: AJet\u2019in T\u00fcrkiye-KKTC seferleri 6 bin TL\u2019yi a\u015fmayacak - NETBAKIS\",\"isPartOf\":{\"@id\":\"https:\/\/netbakis.net\/#website\"},\"primaryImageOfPage\":{\"@id\":\"https:\/\/netbakis.net\/29572\/#primaryimage\"},\"image\":{\"@id\":\"https:\/\/netbakis.net\/29572\/#primaryimage\"},\"thumbnailUrl\":\"https:\/\/netbakis.net\/wp-content\/uploads\/2025\/07\/v2yeniproje40_1751890307.webp\",\"datePublished\":\"2025-07-07T15:39:17+00:00\",\"dateModified\":\"2025-07-07T15:39:17+00:00\",\"author\":{\"@id\":\"https:\/\/netbakis.net\/#\/schema\/person\/5d9b5c3f48ca4a3c69967d619fc8c7f4\"},\"breadcrumb\":{\"@id\":\"https:\/\/netbakis.net\/29572\/#breadcrumb\"},\"inLanguage\":\"tr\",\"potentialAction\":[{\"@type\":\"ReadAction\",\"target\":[\"https:\/\/netbakis.net\/29572\/\"]}]},{\"@type\":\"ImageObject\",\"inLanguage\":\"tr\",\"@id\":\"https:\/\/netbakis.net\/29572\/#primaryimage\",\"url\":\"https:\/\/netbakis.net\/wp-content\/uploads\/2025\/07\/v2yeniproje40_1751890307.webp\",\"contentUrl\":\"https:\/\/netbakis.net\/wp-content\/uploads\/2025\/07\/v2yeniproje40_1751890307.webp\",\"width\":971,\"height\":551},{\"@type\":\"BreadcrumbList\",\"@id\":\"https:\/\/netbakis.net\/29572\/#breadcrumb\",\"itemListElement\":[{\"@type\":\"ListItem\",\"position\":1,\"name\":\"Home\",\"item\":\"https:\/\/netbakis.net\/\"},{\"@type\":\"ListItem\",\"position\":2,\"name\":\"Ada K\u0131br\u0131s Projesi kapsam\u0131nda ula\u015f\u0131mda ilk ad\u0131m: AJet\u2019in T\u00fcrkiye-KKTC seferleri 6 bin TL\u2019yi a\u015fmayacak\"}]},{\"@type\":\"WebSite\",\"@id\":\"https:\/\/netbakis.net\/#website\",\"url\":\"https:\/\/netbakis.net\/\",\"name\":\"NETBAKIS\",\"description\":\"SON DAKIKA\",\"potentialAction\":[{\"@type\":\"SearchAction\",\"target\":{\"@type\":\"EntryPoint\",\"urlTemplate\":\"https:\/\/netbakis.net\/?s={search_term_string}\"},\"query-input\":{\"@type\":\"PropertyValueSpecification\",\"valueRequired\":true,\"valueName\":\"search_term_string\"}}],\"inLanguage\":\"tr\"},{\"@type\":\"Person\",\"@id\":\"https:\/\/netbakis.net\/#\/schema\/person\/5d9b5c3f48ca4a3c69967d619fc8c7f4\",\"name\":\"netbakis.net\",\"image\":{\"@type\":\"ImageObject\",\"inLanguage\":\"tr\",\"@id\":\"https:\/\/netbakis.net\/#\/schema\/person\/image\/\",\"url\":\"https:\/\/secure.gravatar.com\/avatar\/4ddeae49d2d3e3568a8d5b0937642efdf0b72468dbe3f213bc1978faa47af0d1?s=96&d=wp_user_avatar&r=g\",\"contentUrl\":\"https:\/\/secure.gravatar.com\/avatar\/4ddeae49d2d3e3568a8d5b0937642efdf0b72468dbe3f213bc1978faa47af0d1?s=96&d=wp_user_avatar&r=g\",\"caption\":\"netbakis.net\"},\"sameAs\":[\"https:\/\/netbakis.net\"],\"url\":\"https:\/\/netbakis.net\/tr\/author\/netbakis-net\/\"}]}<\/script>\n<!-- \/ Yoast SEO plugin. -->","yoast_head_json":{"title":"Ada K\u0131br\u0131s Projesi kapsam\u0131nda ula\u015f\u0131mda ilk ad\u0131m: AJet\u2019in T\u00fcrkiye-KKTC seferleri 6 bin TL\u2019yi a\u015fmayacak - NETBAKIS","robots":{"index":"index","follow":"follow","max-snippet":"max-snippet:-1","max-image-preview":"max-image-preview:large","max-video-preview":"max-video-preview:-1"},"canonical":"https:\/\/netbakis.net\/tr\/29572\/","og_locale":"tr_TR","og_type":"article","og_title":"Ada K\u0131br\u0131s Projesi kapsam\u0131nda ula\u015f\u0131mda ilk ad\u0131m: AJet\u2019in T\u00fcrkiye-KKTC seferleri 6 bin TL\u2019yi a\u015fmayacak - NETBAKIS","og_description":"THY ve A Jet&#8217;le &#8220;Ada K\u0131br\u0131s&#8221; Projesi kapsam\u0131nda bilet \u00fccretlerinin d\u00fc\u015f\u00fcr\u00fclmesi i\u00e7in i\u015f birli\u011fi protokol\u00fc imzaland\u0131. Protokol kapsam\u0131nda AJet\u2019in T\u00fcrkiye-KKTC seferleri 6 bin TL\u2019yi a\u015fmayacak fiyatlarla ger\u00e7ekle\u015ftirilecek ve T\u00fcrkiye\u2019nin b\u00fcy\u00fck \u015fehirlerine d\u00fczenli shuttle u\u00e7u\u015flar olacak. KKTC, T\u00fcrk Hava Yollar\u0131 (THY) ve A Jet aras\u0131nda &#8220;Ada K\u0131br\u0131s&#8221; projesi kapsam\u0131nda bilet \u00fccretlerinin d\u00fc\u015f\u00fcr\u00fclmesi ve yeni u\u00e7u\u015f d\u00fczenlemelerini [&hellip;]","og_url":"https:\/\/netbakis.net\/tr\/29572\/","og_site_name":"NETBAKIS","article_published_time":"2025-07-07T15:39:17+00:00","og_image":[{"width":971,"height":551,"url":"https:\/\/netbakis.net\/wp-content\/uploads\/2025\/07\/v2yeniproje40_1751890307.webp","type":"image\/webp"}],"author":"netbakis.net","twitter_card":"summary_large_image","twitter_misc":{"Yazan:":"netbakis.net","Tahmini okuma s\u00fcresi":"1 dakika"},"schema":{"@context":"https:\/\/schema.org","@graph":[{"@type":"WebPage","@id":"https:\/\/netbakis.net\/29572\/","url":"https:\/\/netbakis.net\/29572\/","name":"Ada K\u0131br\u0131s Projesi kapsam\u0131nda ula\u015f\u0131mda ilk ad\u0131m: AJet\u2019in T\u00fcrkiye-KKTC seferleri 6 bin TL\u2019yi a\u015fmayacak - NETBAKIS","isPartOf":{"@id":"https:\/\/netbakis.net\/#website"},"primaryImageOfPage":{"@id":"https:\/\/netbakis.net\/29572\/#primaryimage"},"image":{"@id":"https:\/\/netbakis.net\/29572\/#primaryimage"},"thumbnailUrl":"https:\/\/netbakis.net\/wp-content\/uploads\/2025\/07\/v2yeniproje40_1751890307.webp","datePublished":"2025-07-07T15:39:17+00:00","dateModified":"2025-07-07T15:39:17+00:00","author":{"@id":"https:\/\/netbakis.net\/#\/schema\/person\/5d9b5c3f48ca4a3c69967d619fc8c7f4"},"breadcrumb":{"@id":"https:\/\/netbakis.net\/29572\/#breadcrumb"},"inLanguage":"tr","potentialAction":[{"@type":"ReadAction","target":["https:\/\/netbakis.net\/29572\/"]}]},{"@type":"ImageObject","inLanguage":"tr","@id":"https:\/\/netbakis.net\/29572\/#primaryimage","url":"https:\/\/netbakis.net\/wp-content\/uploads\/2025\/07\/v2yeniproje40_1751890307.webp","contentUrl":"https:\/\/netbakis.net\/wp-content\/uploads\/2025\/07\/v2yeniproje40_1751890307.webp","width":971,"height":551},{"@type":"BreadcrumbList","@id":"https:\/\/netbakis.net\/29572\/#breadcrumb","itemListElement":[{"@type":"ListItem","position":1,"name":"Home","item":"https:\/\/netbakis.net\/"},{"@type":"ListItem","position":2,"name":"Ada K\u0131br\u0131s Projesi kapsam\u0131nda ula\u015f\u0131mda ilk ad\u0131m: AJet\u2019in T\u00fcrkiye-KKTC seferleri 6 bin TL\u2019yi a\u015fmayacak"}]},{"@type":"WebSite","@id":"https:\/\/netbakis.net\/#website","url":"https:\/\/netbakis.net\/","name":"NETBAKIS","description":"SON DAKIKA","potentialAction":[{"@type":"SearchAction","target":{"@type":"EntryPoint","urlTemplate":"https:\/\/netbakis.net\/?s={search_term_string}"},"query-input":{"@type":"PropertyValueSpecification","valueRequired":true,"valueName":"search_term_string"}}],"inLanguage":"tr"},{"@type":"Person","@id":"https:\/\/netbakis.net\/#\/schema\/person\/5d9b5c3f48ca4a3c69967d619fc8c7f4","name":"netbakis.net","image":{"@type":"ImageObject","inLanguage":"tr","@id":"https:\/\/netbakis.net\/#\/schema\/person\/image\/","url":"https:\/\/secure.gravatar.com\/avatar\/4ddeae49d2d3e3568a8d5b0937642efdf0b72468dbe3f213bc1978faa47af0d1?s=96&d=wp_user_avatar&r=g","contentUrl":"https:\/\/secure.gravatar.com\/avatar\/4ddeae49d2d3e3568a8d5b0937642efdf0b72468dbe3f213bc1978faa47af0d1?s=96&d=wp_user_avatar&r=g","caption":"netbakis.net"},"sameAs":["https:\/\/netbakis.net"],"url":"https:\/\/netbakis.net\/tr\/author\/netbakis-net\/"}]}},"jetpack_publicize_connections":[],"_links":{"self":[{"href":"https:\/\/netbakis.net\/tr\/wp-json\/wp\/v2\/posts\/29572","targetHints":{"allow":["GET"]}}],"collection":[{"href":"https:\/\/netbakis.net\/tr\/wp-json\/wp\/v2\/posts"}],"about":[{"href":"https:\/\/netbakis.net\/tr\/wp-json\/wp\/v2\/types\/post"}],"author":[{"embeddable":true,"href":"https:\/\/netbakis.net\/tr\/wp-json\/wp\/v2\/users\/1"}],"replies":[{"embeddable":true,"href":"https:\/\/netbakis.net\/tr\/wp-json\/wp\/v2\/comments?post=29572"}],"version-history":[{"count":1,"href":"https:\/\/netbakis.net\/tr\/wp-json\/wp\/v2\/posts\/29572\/revisions"}],"predecessor-version":[{"id":29574,"href":"https:\/\/netbakis.net\/tr\/wp-json\/wp\/v2\/posts\/29572\/revisions\/29574"}],"wp:featuredmedia":[{"embeddable":true,"href":"https:\/\/netbakis.net\/tr\/wp-json\/wp\/v2\/media\/29573"}],"wp:attachment":[{"href":"https:\/\/netbakis.net\/tr\/wp-json\/wp\/v2\/media?parent=29572"}],"wp:term":[{"taxonomy":"category","embeddable":true,"href":"https:\/\/netbakis.net\/tr\/wp-json\/wp\/v2\/categories?post=29572"},{"taxonomy":"post_tag","embeddable":true,"href":"https:\/\/netbakis.net\/tr\/wp-json\/wp\/v2\/tags?post=29572"}],"curies":[{"name":"wp","href":"https:\/\/api.w.org\/{rel}","templated":true}]}}