{"id":28053,"date":"2025-05-29T10:45:06","date_gmt":"2025-05-29T10:45:06","guid":{"rendered":"https:\/\/netbakis.net\/?p=28053"},"modified":"2025-05-29T10:45:07","modified_gmt":"2025-05-29T10:45:07","slug":"fernando-muslera-ayriligi-gozyaslariyla-acikladi-yarin-son-macima-cikacagim","status":"publish","type":"post","link":"https:\/\/netbakis.net\/tr\/28053\/","title":{"rendered":"Fernando Muslera ayr\u0131l\u0131\u011f\u0131 g\u00f6zya\u015flar\u0131yla a\u00e7\u0131klad\u0131: Yar\u0131n son ma\u00e7\u0131ma \u00e7\u0131kaca\u011f\u0131m"},"content":{"rendered":"<p>Galatasaray\u2019\u0131n y\u0131ld\u0131z kalecisi Fernando Muslera, Ba\u015fkan Dursun \u00d6zbek ile birlikte d\u00fczenledi\u011fi bas\u0131n toplant\u0131s\u0131nda, yar\u0131n oynanacak Ba\u015fak\u015fehir ma\u00e7\u0131n\u0131n sar\u0131-k\u0131rm\u0131z\u0131l\u0131 formayla son ma\u00e7\u0131 olaca\u011f\u0131n\u0131 a\u00e7\u0131klad\u0131. Ba\u015fkan Dursun \u00d6zbek ise Muslera\u2019n\u0131n Galatasaray\u2019da g\u00f6rev almaya devam edece\u011fini duyurdu.<br><br>Galatasaray\u2019\u0131n efsane kalecisi Fernando Muslera, kul\u00fcp ba\u015fkan\u0131 Dursun \u00d6zbek ile birlikte d\u00fczenledi\u011fi bas\u0131n toplant\u0131s\u0131nda sar\u0131-k\u0131rm\u0131z\u0131l\u0131 camiaya veda etti. Muslera, yar\u0131n oynanacak Ba\u015fak\u015fehir ma\u00e7\u0131n\u0131n Galatasaray formas\u0131yla son kar\u015f\u0131la\u015fmas\u0131 olaca\u011f\u0131n\u0131 a\u00e7\u0131klad\u0131.<\/p>\n\n\n\n<p><strong>FERNANDO MUSLERA: YARIN SON MA\u00c7INA \u00c7IKACA\u011eIM<\/strong><\/p>\n\n\n\n<p>Muslera, \u201cY\u00fczde y\u00fcz s\u00f6yleyebilirim ki yar\u0131n Galatasaray\u2019daki son ma\u00e7\u0131ma \u00e7\u0131kaca\u011f\u0131m. Bu formayla ge\u00e7irdi\u011fim 14 y\u0131l benim i\u00e7in b\u00fcy\u00fck bir gurur. Bana bu yolu a\u00e7an Daniel Fonseca\u2019ya, Fatih Terim\u2019e ve Taffarel\u2019e te\u015fekk\u00fcr ediyorum. Galatasaray\u2019a gelmek hayat\u0131m\u0131n en do\u011fru karar\u0131yd\u0131. Bu \u00fclkeye yaln\u0131z geldim ama art\u0131k ailemle birlikte ayr\u0131l\u0131yorum\u201d dedi.<\/p>\n\n\n\n<p>Tecr\u00fcbeli kaleci, sar\u0131-k\u0131rm\u0131z\u0131l\u0131 kul\u00fcpte ge\u00e7irdi\u011fi y\u0131llarda \u00e7ok \u00f6nemli teknik direkt\u00f6rler ve futbolcularla \u00e7al\u0131\u015ft\u0131\u011f\u0131n\u0131 belirterek, \u201cBa\u015fkan\u0131m\u0131z Dursun \u00d6zbek kalmam i\u00e7in \u00e7ok iyi tekliflere ra\u011fmen beni b\u0131rakmad\u0131. Kendisi benim i\u00e7in bir a\u011fabey gibidir. Okan Buruk ise sadece Galatasaray i\u00e7in de\u011fil, T\u00fcrkiye i\u00e7in de \u00e7ok k\u0131ymetli bir teknik direkt\u00f6r. Bunu da kan\u0131tlad\u0131\u201d ifadelerini kulland\u0131.<\/p>\n\n\n\n<p><strong>&#8220;HEYKEL\u0130M\u0130N D\u0130K\u0130LMES\u0130 ABARTI OLUR&#8221;<\/strong><\/p>\n\n\n\n<p>Muslera, futbol kariyerine devam edece\u011fini ancak bunu memleketine daha yak\u0131n bir yerde s\u00fcrd\u00fcrece\u011fini s\u00f6yledi. T\u00fcrkiye\u2019yi ikinci evi olarak g\u00f6rd\u00fc\u011f\u00fcn\u00fc vurgulayan Uruguayl\u0131 kaleci, Galatasaray\u2019la sportif anlamda ba\u011f\u0131n\u0131n kopmayaca\u011f\u0131n\u0131 belirtti.<\/p>\n\n\n\n<p>Galatasaray formas\u0131yla Avrupa kupas\u0131 kazanamaman\u0131n i\u00e7inde bir ukde olarak kald\u0131\u011f\u0131n\u0131 dile getiren Muslera, \u201cHeykelimin dikilmesi gerekti\u011fini d\u00fc\u015f\u00fcnm\u00fcyorum. 2000 y\u0131l\u0131ndaki efsane tak\u0131m bunu \u00e7ok daha fazla hak ediyor. Ben ne kadar kupa kazanm\u0131\u015f olsam da, onlar\u0131n gerisindeyim,\u201d diye konu\u015ftu.<\/p>\n\n\n\n<p><strong>DURSUN \u00d6ZBEK: BUNDAN SONRA GALATASARAY \u0130\u00c7\u0130N \u00c7ALI\u015eACAK<\/strong><\/p>\n\n\n\n<p>Bas\u0131n toplant\u0131s\u0131nda s\u00f6z alan Galatasaray Ba\u015fkan\u0131 Dursun \u00d6zbek ise Muslera\u2019n\u0131n sar\u0131-k\u0131rm\u0131z\u0131l\u0131 kul\u00fcpteki yeni g\u00f6revini a\u00e7\u0131klad\u0131. \u00d6zbek, \u201cMuslera ile bir protokol imzalad\u0131k. Bundan sonra Galatasaray\u2019\u0131n uluslararas\u0131 alandaki tan\u0131t\u0131m\u0131 ve sportif ili\u015fkileri i\u00e7in \u00e7al\u0131\u015facak. Sahada onu \u00e7ok arayaca\u011f\u0131z ama kul\u00fcb\u00fcm\u00fcze katk\u0131s\u0131 s\u00fcrecek. Detaylar\u0131 \u00f6n\u00fcm\u00fczdeki g\u00fcnlerde payla\u015faca\u011f\u0131z\u201d dedi.<\/p>","protected":false},"excerpt":{"rendered":"<p>Galatasaray\u2019\u0131n y\u0131ld\u0131z kalecisi Fernando Muslera, Ba\u015fkan Dursun \u00d6zbek ile birlikte d\u00fczenledi\u011fi bas\u0131n toplant\u0131s\u0131nda, yar\u0131n oynanacak Ba\u015fak\u015fehir ma\u00e7\u0131n\u0131n sar\u0131-k\u0131rm\u0131z\u0131l\u0131 formayla son ma\u00e7\u0131 olaca\u011f\u0131n\u0131 a\u00e7\u0131klad\u0131. Ba\u015fkan Dursun \u00d6zbek ise Muslera\u2019n\u0131n Galatasaray\u2019da g\u00f6rev almaya devam edece\u011fini duyurdu. Galatasaray\u2019\u0131n efsane kalecisi Fernando Muslera, kul\u00fcp ba\u015fkan\u0131 Dursun \u00d6zbek ile birlikte d\u00fczenledi\u011fi bas\u0131n toplant\u0131s\u0131nda sar\u0131-k\u0131rm\u0131z\u0131l\u0131 camiaya veda etti. Muslera, yar\u0131n oynanacak [&hellip;]<\/p>","protected":false},"author":1,"featured_media":28054,"comment_status":"open","ping_status":"open","sticky":false,"template":"","format":"standard","meta":{"om_disable_all_campaigns":false,"_monsterinsights_skip_tracking":false,"_monsterinsights_sitenote_active":false,"_monsterinsights_sitenote_note":"","_monsterinsights_sitenote_category":0,"_uf_show_specific_survey":0,"_uf_disable_surveys":false,"footnotes":"","jetpack_publicize_message":"","jetpack_publicize_feature_enabled":true,"jetpack_social_post_already_shared":false,"jetpack_social_options":{"image_generator_settings":{"template":"highway","default_image_id":0,"font":"","enabled":false},"version":2}},"categories":[94],"tags":[],"class_list":{"0":"post-28053","1":"post","2":"type-post","3":"status-publish","4":"format-standard","5":"has-post-thumbnail","7":"category-spor"},"yoast_head":"<!-- This site is optimized with the Yoast SEO plugin v23.8 - https:\/\/yoast.com\/wordpress\/plugins\/seo\/ -->\n<title>Fernando Muslera ayr\u0131l\u0131\u011f\u0131 g\u00f6zya\u015flar\u0131yla a\u00e7\u0131klad\u0131: Yar\u0131n son ma\u00e7\u0131ma \u00e7\u0131kaca\u011f\u0131m - NETBAKIS<\/title>\n<meta name=\"robots\" content=\"index, follow, max-snippet:-1, max-image-preview:large, max-video-preview:-1\" \/>\n<link rel=\"canonical\" href=\"https:\/\/netbakis.net\/tr\/28053\/\" \/>\n<meta property=\"og:locale\" content=\"tr_TR\" \/>\n<meta property=\"og:type\" content=\"article\" \/>\n<meta property=\"og:title\" content=\"Fernando Muslera ayr\u0131l\u0131\u011f\u0131 g\u00f6zya\u015flar\u0131yla a\u00e7\u0131klad\u0131: Yar\u0131n son ma\u00e7\u0131ma \u00e7\u0131kaca\u011f\u0131m - NETBAKIS\" \/>\n<meta property=\"og:description\" content=\"Galatasaray\u2019\u0131n y\u0131ld\u0131z kalecisi Fernando Muslera, Ba\u015fkan Dursun \u00d6zbek ile birlikte d\u00fczenledi\u011fi bas\u0131n toplant\u0131s\u0131nda, yar\u0131n oynanacak Ba\u015fak\u015fehir ma\u00e7\u0131n\u0131n sar\u0131-k\u0131rm\u0131z\u0131l\u0131 formayla son ma\u00e7\u0131 olaca\u011f\u0131n\u0131 a\u00e7\u0131klad\u0131. Ba\u015fkan Dursun \u00d6zbek ise Muslera\u2019n\u0131n Galatasaray\u2019da g\u00f6rev almaya devam edece\u011fini duyurdu. Galatasaray\u2019\u0131n efsane kalecisi Fernando Muslera, kul\u00fcp ba\u015fkan\u0131 Dursun \u00d6zbek ile birlikte d\u00fczenledi\u011fi bas\u0131n toplant\u0131s\u0131nda sar\u0131-k\u0131rm\u0131z\u0131l\u0131 camiaya veda etti. Muslera, yar\u0131n oynanacak [&hellip;]\" \/>\n<meta property=\"og:url\" content=\"https:\/\/netbakis.net\/tr\/28053\/\" \/>\n<meta property=\"og:site_name\" content=\"NETBAKIS\" \/>\n<meta property=\"article:published_time\" content=\"2025-05-29T10:45:06+00:00\" \/>\n<meta property=\"article:modified_time\" content=\"2025-05-29T10:45:07+00:00\" \/>\n<meta property=\"og:image\" content=\"https:\/\/netbakis.net\/wp-content\/uploads\/2025\/05\/v2muslera_1707118313.webp\" \/>\n\t<meta property=\"og:image:width\" content=\"971\" \/>\n\t<meta property=\"og:image:height\" content=\"551\" \/>\n\t<meta property=\"og:image:type\" content=\"image\/webp\" \/>\n<meta name=\"author\" content=\"netbakis.net\" \/>\n<meta name=\"twitter:card\" content=\"summary_large_image\" \/>\n<meta name=\"twitter:label1\" content=\"Yazan:\" \/>\n\t<meta name=\"twitter:data1\" content=\"netbakis.net\" \/>\n\t<meta name=\"twitter:label2\" content=\"Tahmini okuma s\u00fcresi\" \/>\n\t<meta name=\"twitter:data2\" content=\"1 dakika\" \/>\n<script type=\"application\/ld+json\" class=\"yoast-schema-graph\">{\"@context\":\"https:\/\/schema.org\",\"@graph\":[{\"@type\":\"WebPage\",\"@id\":\"https:\/\/netbakis.net\/28053\/\",\"url\":\"https:\/\/netbakis.net\/28053\/\",\"name\":\"Fernando Muslera ayr\u0131l\u0131\u011f\u0131 g\u00f6zya\u015flar\u0131yla a\u00e7\u0131klad\u0131: Yar\u0131n son ma\u00e7\u0131ma \u00e7\u0131kaca\u011f\u0131m - NETBAKIS\",\"isPartOf\":{\"@id\":\"https:\/\/netbakis.net\/#website\"},\"primaryImageOfPage\":{\"@id\":\"https:\/\/netbakis.net\/28053\/#primaryimage\"},\"image\":{\"@id\":\"https:\/\/netbakis.net\/28053\/#primaryimage\"},\"thumbnailUrl\":\"https:\/\/netbakis.net\/wp-content\/uploads\/2025\/05\/v2muslera_1707118313.webp\",\"datePublished\":\"2025-05-29T10:45:06+00:00\",\"dateModified\":\"2025-05-29T10:45:07+00:00\",\"author\":{\"@id\":\"https:\/\/netbakis.net\/#\/schema\/person\/5d9b5c3f48ca4a3c69967d619fc8c7f4\"},\"breadcrumb\":{\"@id\":\"https:\/\/netbakis.net\/28053\/#breadcrumb\"},\"inLanguage\":\"tr\",\"potentialAction\":[{\"@type\":\"ReadAction\",\"target\":[\"https:\/\/netbakis.net\/28053\/\"]}]},{\"@type\":\"ImageObject\",\"inLanguage\":\"tr\",\"@id\":\"https:\/\/netbakis.net\/28053\/#primaryimage\",\"url\":\"https:\/\/netbakis.net\/wp-content\/uploads\/2025\/05\/v2muslera_1707118313.webp\",\"contentUrl\":\"https:\/\/netbakis.net\/wp-content\/uploads\/2025\/05\/v2muslera_1707118313.webp\",\"width\":971,\"height\":551},{\"@type\":\"BreadcrumbList\",\"@id\":\"https:\/\/netbakis.net\/28053\/#breadcrumb\",\"itemListElement\":[{\"@type\":\"ListItem\",\"position\":1,\"name\":\"Home\",\"item\":\"https:\/\/netbakis.net\/\"},{\"@type\":\"ListItem\",\"position\":2,\"name\":\"Fernando Muslera ayr\u0131l\u0131\u011f\u0131 g\u00f6zya\u015flar\u0131yla a\u00e7\u0131klad\u0131: Yar\u0131n son ma\u00e7\u0131ma \u00e7\u0131kaca\u011f\u0131m\"}]},{\"@type\":\"WebSite\",\"@id\":\"https:\/\/netbakis.net\/#website\",\"url\":\"https:\/\/netbakis.net\/\",\"name\":\"NETBAKIS\",\"description\":\"SON DAKIKA\",\"potentialAction\":[{\"@type\":\"SearchAction\",\"target\":{\"@type\":\"EntryPoint\",\"urlTemplate\":\"https:\/\/netbakis.net\/?s={search_term_string}\"},\"query-input\":{\"@type\":\"PropertyValueSpecification\",\"valueRequired\":true,\"valueName\":\"search_term_string\"}}],\"inLanguage\":\"tr\"},{\"@type\":\"Person\",\"@id\":\"https:\/\/netbakis.net\/#\/schema\/person\/5d9b5c3f48ca4a3c69967d619fc8c7f4\",\"name\":\"netbakis.net\",\"image\":{\"@type\":\"ImageObject\",\"inLanguage\":\"tr\",\"@id\":\"https:\/\/netbakis.net\/#\/schema\/person\/image\/\",\"url\":\"https:\/\/secure.gravatar.com\/avatar\/4ddeae49d2d3e3568a8d5b0937642efdf0b72468dbe3f213bc1978faa47af0d1?s=96&d=wp_user_avatar&r=g\",\"contentUrl\":\"https:\/\/secure.gravatar.com\/avatar\/4ddeae49d2d3e3568a8d5b0937642efdf0b72468dbe3f213bc1978faa47af0d1?s=96&d=wp_user_avatar&r=g\",\"caption\":\"netbakis.net\"},\"sameAs\":[\"https:\/\/netbakis.net\"],\"url\":\"https:\/\/netbakis.net\/tr\/author\/netbakis-net\/\"}]}<\/script>\n<!-- \/ Yoast SEO plugin. -->","yoast_head_json":{"title":"Fernando Muslera ayr\u0131l\u0131\u011f\u0131 g\u00f6zya\u015flar\u0131yla a\u00e7\u0131klad\u0131: Yar\u0131n son ma\u00e7\u0131ma \u00e7\u0131kaca\u011f\u0131m - NETBAKIS","robots":{"index":"index","follow":"follow","max-snippet":"max-snippet:-1","max-image-preview":"max-image-preview:large","max-video-preview":"max-video-preview:-1"},"canonical":"https:\/\/netbakis.net\/tr\/28053\/","og_locale":"tr_TR","og_type":"article","og_title":"Fernando Muslera ayr\u0131l\u0131\u011f\u0131 g\u00f6zya\u015flar\u0131yla a\u00e7\u0131klad\u0131: Yar\u0131n son ma\u00e7\u0131ma \u00e7\u0131kaca\u011f\u0131m - NETBAKIS","og_description":"Galatasaray\u2019\u0131n y\u0131ld\u0131z kalecisi Fernando Muslera, Ba\u015fkan Dursun \u00d6zbek ile birlikte d\u00fczenledi\u011fi bas\u0131n toplant\u0131s\u0131nda, yar\u0131n oynanacak Ba\u015fak\u015fehir ma\u00e7\u0131n\u0131n sar\u0131-k\u0131rm\u0131z\u0131l\u0131 formayla son ma\u00e7\u0131 olaca\u011f\u0131n\u0131 a\u00e7\u0131klad\u0131. Ba\u015fkan Dursun \u00d6zbek ise Muslera\u2019n\u0131n Galatasaray\u2019da g\u00f6rev almaya devam edece\u011fini duyurdu. Galatasaray\u2019\u0131n efsane kalecisi Fernando Muslera, kul\u00fcp ba\u015fkan\u0131 Dursun \u00d6zbek ile birlikte d\u00fczenledi\u011fi bas\u0131n toplant\u0131s\u0131nda sar\u0131-k\u0131rm\u0131z\u0131l\u0131 camiaya veda etti. Muslera, yar\u0131n oynanacak [&hellip;]","og_url":"https:\/\/netbakis.net\/tr\/28053\/","og_site_name":"NETBAKIS","article_published_time":"2025-05-29T10:45:06+00:00","article_modified_time":"2025-05-29T10:45:07+00:00","og_image":[{"width":971,"height":551,"url":"https:\/\/netbakis.net\/wp-content\/uploads\/2025\/05\/v2muslera_1707118313.webp","type":"image\/webp"}],"author":"netbakis.net","twitter_card":"summary_large_image","twitter_misc":{"Yazan:":"netbakis.net","Tahmini okuma s\u00fcresi":"1 dakika"},"schema":{"@context":"https:\/\/schema.org","@graph":[{"@type":"WebPage","@id":"https:\/\/netbakis.net\/28053\/","url":"https:\/\/netbakis.net\/28053\/","name":"Fernando Muslera ayr\u0131l\u0131\u011f\u0131 g\u00f6zya\u015flar\u0131yla a\u00e7\u0131klad\u0131: Yar\u0131n son ma\u00e7\u0131ma \u00e7\u0131kaca\u011f\u0131m - NETBAKIS","isPartOf":{"@id":"https:\/\/netbakis.net\/#website"},"primaryImageOfPage":{"@id":"https:\/\/netbakis.net\/28053\/#primaryimage"},"image":{"@id":"https:\/\/netbakis.net\/28053\/#primaryimage"},"thumbnailUrl":"https:\/\/netbakis.net\/wp-content\/uploads\/2025\/05\/v2muslera_1707118313.webp","datePublished":"2025-05-29T10:45:06+00:00","dateModified":"2025-05-29T10:45:07+00:00","author":{"@id":"https:\/\/netbakis.net\/#\/schema\/person\/5d9b5c3f48ca4a3c69967d619fc8c7f4"},"breadcrumb":{"@id":"https:\/\/netbakis.net\/28053\/#breadcrumb"},"inLanguage":"tr","potentialAction":[{"@type":"ReadAction","target":["https:\/\/netbakis.net\/28053\/"]}]},{"@type":"ImageObject","inLanguage":"tr","@id":"https:\/\/netbakis.net\/28053\/#primaryimage","url":"https:\/\/netbakis.net\/wp-content\/uploads\/2025\/05\/v2muslera_1707118313.webp","contentUrl":"https:\/\/netbakis.net\/wp-content\/uploads\/2025\/05\/v2muslera_1707118313.webp","width":971,"height":551},{"@type":"BreadcrumbList","@id":"https:\/\/netbakis.net\/28053\/#breadcrumb","itemListElement":[{"@type":"ListItem","position":1,"name":"Home","item":"https:\/\/netbakis.net\/"},{"@type":"ListItem","position":2,"name":"Fernando Muslera ayr\u0131l\u0131\u011f\u0131 g\u00f6zya\u015flar\u0131yla a\u00e7\u0131klad\u0131: Yar\u0131n son ma\u00e7\u0131ma \u00e7\u0131kaca\u011f\u0131m"}]},{"@type":"WebSite","@id":"https:\/\/netbakis.net\/#website","url":"https:\/\/netbakis.net\/","name":"NETBAKIS","description":"SON DAKIKA","potentialAction":[{"@type":"SearchAction","target":{"@type":"EntryPoint","urlTemplate":"https:\/\/netbakis.net\/?s={search_term_string}"},"query-input":{"@type":"PropertyValueSpecification","valueRequired":true,"valueName":"search_term_string"}}],"inLanguage":"tr"},{"@type":"Person","@id":"https:\/\/netbakis.net\/#\/schema\/person\/5d9b5c3f48ca4a3c69967d619fc8c7f4","name":"netbakis.net","image":{"@type":"ImageObject","inLanguage":"tr","@id":"https:\/\/netbakis.net\/#\/schema\/person\/image\/","url":"https:\/\/secure.gravatar.com\/avatar\/4ddeae49d2d3e3568a8d5b0937642efdf0b72468dbe3f213bc1978faa47af0d1?s=96&d=wp_user_avatar&r=g","contentUrl":"https:\/\/secure.gravatar.com\/avatar\/4ddeae49d2d3e3568a8d5b0937642efdf0b72468dbe3f213bc1978faa47af0d1?s=96&d=wp_user_avatar&r=g","caption":"netbakis.net"},"sameAs":["https:\/\/netbakis.net"],"url":"https:\/\/netbakis.net\/tr\/author\/netbakis-net\/"}]}},"jetpack_publicize_connections":[],"_links":{"self":[{"href":"https:\/\/netbakis.net\/tr\/wp-json\/wp\/v2\/posts\/28053","targetHints":{"allow":["GET"]}}],"collection":[{"href":"https:\/\/netbakis.net\/tr\/wp-json\/wp\/v2\/posts"}],"about":[{"href":"https:\/\/netbakis.net\/tr\/wp-json\/wp\/v2\/types\/post"}],"author":[{"embeddable":true,"href":"https:\/\/netbakis.net\/tr\/wp-json\/wp\/v2\/users\/1"}],"replies":[{"embeddable":true,"href":"https:\/\/netbakis.net\/tr\/wp-json\/wp\/v2\/comments?post=28053"}],"version-history":[{"count":1,"href":"https:\/\/netbakis.net\/tr\/wp-json\/wp\/v2\/posts\/28053\/revisions"}],"predecessor-version":[{"id":28055,"href":"https:\/\/netbakis.net\/tr\/wp-json\/wp\/v2\/posts\/28053\/revisions\/28055"}],"wp:featuredmedia":[{"embeddable":true,"href":"https:\/\/netbakis.net\/tr\/wp-json\/wp\/v2\/media\/28054"}],"wp:attachment":[{"href":"https:\/\/netbakis.net\/tr\/wp-json\/wp\/v2\/media?parent=28053"}],"wp:term":[{"taxonomy":"category","embeddable":true,"href":"https:\/\/netbakis.net\/tr\/wp-json\/wp\/v2\/categories?post=28053"},{"taxonomy":"post_tag","embeddable":true,"href":"https:\/\/netbakis.net\/tr\/wp-json\/wp\/v2\/tags?post=28053"}],"curies":[{"name":"wp","href":"https:\/\/api.w.org\/{rel}","templated":true}]}}